{"id":39311,"date":"2024-02-24T17:49:33","date_gmt":"2024-02-24T20:49:33","guid":{"rendered":"https:\/\/noticiasribeiraopreto.com.br\/index.php\/2024\/02\/24\/comercial-perde-na-estreia-de-ademir-fesan\/"},"modified":"2024-02-24T17:49:33","modified_gmt":"2024-02-24T20:49:33","slug":"comercial-perde-na-estreia-de-ademir-fesan","status":"publish","type":"post","link":"https:\/\/noticiasribeiraopreto.com.br\/index.php\/2024\/02\/24\/comercial-perde-na-estreia-de-ademir-fesan\/","title":{"rendered":"Comercial perde na estreia de Ademir Fesan"},"content":{"rendered":"<div class='code-block code-block-1' style='margin: 8px 0 8px auto; text-align: right; display: block; clear: both;'>\n<p><a href=\"https:\/\/wa.link\/vpicfd\"><img data-recalc-dims=\"1\" class=\"wp-image-4922\" style=\"aspect-ratio: 2.0253164556962027; width: 561px; height: auto;\" src=\"https:\/\/i0.wp.com\/ismaelcolosi.com.br\/wp-content\/uploads\/2023\/11\/grupo-de-empregos-whatsapp-e-facebook-ismael-colosi-vagas.jpg?ssl=1\" alt=\"\" \/><\/a><\/p>\n<!-- \/wp:image -->\n<\/div>\n<p> <br \/>\n<\/p>\n<div id=\"post-374888\">\n<header class=\"entry-header penci-entry-header penci-title-center\">\n<p> <span class=\"entry-meta-item penci-posted-on\"><i class=\"fa fa-clock-o\"\/><time class=\"entry-date published updated\" datetime=\"2024-02-24T17:13:44-03:00\">24 de fevereiro de 2024 | 17:13<\/time><\/span><\/p>\n<p> <span class=\"penci-social-buttons penci-social-share-footer\"><a href=\"#\" class=\"penci-post-like penci_post-meta_item  single-like-button penci-social-item like\" data-post_id=\"374888\" title=\"Like\" data-like=\"Like\" data-unlike=\"Unlike\"><i class=\"fa fa-thumbs-o-up\"\/><span class=\"penci-share-number\">0<\/span><\/a><i class=\"fa fa-facebook\"\/><a class=\"penci-social-item twitter\" target=\"_blank\" rel=\"noopener\" title=\"\" href=\"https:\/\/twitter.com\/intent\/tweet?text=Comercial%20perde%20na%20estreia%20de%20Ademir%20Fesan%20-%20https:\/\/www.tribunaribeirao.com.br\/site\/comercial-perde-na-estreia-de-ademir-fesan\/\"><i class=\"fa fa-twitter\"\/><\/a><i class=\"fa fa-whatsapp\"\/><\/span><\/header>\n<div class=\"penci-entry-content entry-content\">\n<p>N\u00e3o foi a estreia do t\u00e9cnico Ademir Fesan que mudou a hist\u00f3ria de resultados negativos do Comercial FC no Campeonato Paulista da S\u00e9rie A2. O Le\u00e3o do Norte voltou a perder na competi\u00e7\u00e3o, desta vez, neste s\u00e1bado (24), no est\u00e1dio Ulrico Mursa, em Santos, para a Portuguesa Santista, por 1 a 0.<\/p>\n<p>Agora s\u00e3o 11 jogos com cinco empates e seis derrotas na A2. O Bafo \u00e9 o lanterna da competi\u00e7\u00e3o com 5 pontos e luta contra o rebaixamento. O \u00fanico gol da partida foi marcado na segunda etapa por Lucas Grossi, aos 20 minutos.<\/p>\n<p>O pr\u00f3ximo jogo do Comercial ser\u00e1 em casa, no domingo, dia 3, \u00e0s 11h10 contra o XV de Piracicaba.<\/p>\n<\/div>\n<footer class=\"penci-entry-footer\"\/><\/div>\n<p><script async src=\"\/\/platform.twitter.com\/widgets.js\" charset=\"utf-8\"><\/script><br \/>\n<br \/><br \/>\n<br \/><a href=\"https:\/\/www.tribunaribeirao.com.br\/site\/comercial-perde-na-estreia-de-ademir-fesan\/\">Source link <\/a><\/p>\n<!-- CONTENT END 1 -->\n","protected":false},"excerpt":{"rendered":"<p>24 de fevereiro de 2024 | 17:13 0 N\u00e3o foi a estreia do t\u00e9cnico Ademir Fesan que mudou a hist\u00f3ria de resultados negativos do Comercial&#8230;<\/p>\n","protected":false},"author":1,"featured_media":39312,"comment_status":"open","ping_status":"open","sticky":false,"template":"","format":"standard","meta":{"advanced_seo_description":"","jetpack_seo_html_title":"","jetpack_seo_noindex":false,"jetpack_post_was_ever_published":false,"_jetpack_newsletter_access":"","_jetpack_dont_email_post_to_subs":false,"_jetpack_newsletter_tier_id":0,"_jetpack_memberships_contains_paywalled_content":false,"_jetpack_memberships_contains_paid_content":false,"footnotes":"","jetpack_publicize_message":"","jetpack_publicize_feature_enabled":true,"jetpack_social_post_already_shared":true,"jetpack_social_options":{"image_generator_settings":{"template":"highway","default_image_id":0,"font":"","enabled":false},"version":2}},"categories":[11],"tags":[4431,705,1785,4432,312],"class_list":["post-39311","post","type-post","status-publish","format-standard","has-post-thumbnail","hentry","category-noticias-de-ribeirao-preto-sp-e-regiao-ismael-colosi","tag-ademir","tag-comercial","tag-estreia","tag-fesan","tag-perde"],"jetpack_publicize_connections":[],"jetpack_featured_media_url":"https:\/\/i0.wp.com\/noticiasribeiraopreto.com.br\/wp-content\/uploads\/2024\/02\/81dea2c9-9e74-419e-9375-b5d823301732.jpg?fit=640%2C426&ssl=1","jetpack-related-posts":[{"id":38953,"url":"https:\/\/noticiasribeiraopreto.com.br\/index.php\/2024\/02\/22\/comercial-anuncia-ademir-fesan-como-novo-treinador\/","url_meta":{"origin":39311,"position":0},"title":"Comercial anuncia Ademir Fesan como novo treinador","author":"noticiasribeiraopreto.com.br","date":"22 de February de 2024","format":false,"excerpt":"22 de fevereiro de 2024 | 13:13 0O Comercial FC anunciou, nesta quinta-feira, dia 22, o nome de Ademir Fesan como novo comandante da equipe. O treinador de 46 anos chega com contrato at\u00e9 o fim da S\u00e9rie A2.Ao longo da carreira, Fesan dirigiu Cascavel (PR), Paran\u00e1 (PR), Primavera (SP),\u2026","rel":"","context":"In &quot;Not\u00edcias de Ribeir\u00e3o Preto-SP e Regi\u00e3o&quot;","block_context":{"text":"Not\u00edcias de Ribeir\u00e3o Preto-SP e Regi\u00e3o","link":"https:\/\/noticiasribeiraopreto.com.br\/index.php\/category\/noticias-de-ribeirao-preto-sp-e-regiao-ismael-colosi\/"},"img":{"alt_text":"","src":"https:\/\/i0.wp.com\/noticiasribeiraopreto.com.br\/wp-content\/uploads\/2024\/02\/bafo-scaled.jpg?fit=967%2C645&ssl=1&resize=350%2C200","width":350,"height":200,"srcset":"https:\/\/i0.wp.com\/noticiasribeiraopreto.com.br\/wp-content\/uploads\/2024\/02\/bafo-scaled.jpg?fit=967%2C645&ssl=1&resize=350%2C200 1x, https:\/\/i0.wp.com\/noticiasribeiraopreto.com.br\/wp-content\/uploads\/2024\/02\/bafo-scaled.jpg?fit=967%2C645&ssl=1&resize=525%2C300 1.5x, https:\/\/i0.wp.com\/noticiasribeiraopreto.com.br\/wp-content\/uploads\/2024\/02\/bafo-scaled.jpg?fit=967%2C645&ssl=1&resize=700%2C400 2x"},"classes":[]},{"id":39694,"url":"https:\/\/noticiasribeiraopreto.com.br\/index.php\/2024\/02\/27\/apesar-de-estreia-com-derrota-fesan-mostra-confianca-no-comercial\/","url_meta":{"origin":39311,"position":1},"title":"Apesar de estreia com derrota, Fesan mostra confian\u00e7a no Comercial","author":"noticiasribeiraopreto.com.br","date":"27 de February de 2024","format":false,"excerpt":"27 de fevereiro de 2024 | 17:3027 de fevereiro de 2024 | 10:18 0Tentando sobreviver na S\u00e9rie A2, o Comercial n\u00e3o conseguiu vencer na estreia do t\u00e9cnico Ademir Fesan. Diante da Portuguesa Santista, o Le\u00e3o do Norte caiu com o placar de 1 a 0 no final de semana.\u00a0\u00a0Ap\u00f3s o\u2026","rel":"","context":"In &quot;Not\u00edcias de Ribeir\u00e3o Preto-SP e Regi\u00e3o&quot;","block_context":{"text":"Not\u00edcias de Ribeir\u00e3o Preto-SP e Regi\u00e3o","link":"https:\/\/noticiasribeiraopreto.com.br\/index.php\/category\/noticias-de-ribeirao-preto-sp-e-regiao-ismael-colosi\/"},"img":{"alt_text":"","src":"https:\/\/i0.wp.com\/noticiasribeiraopreto.com.br\/wp-content\/uploads\/2024\/02\/Comercial-15.jpeg?fit=640%2C424&ssl=1&resize=350%2C200","width":350,"height":200,"srcset":"https:\/\/i0.wp.com\/noticiasribeiraopreto.com.br\/wp-content\/uploads\/2024\/02\/Comercial-15.jpeg?fit=640%2C424&ssl=1&resize=350%2C200 1x, https:\/\/i0.wp.com\/noticiasribeiraopreto.com.br\/wp-content\/uploads\/2024\/02\/Comercial-15.jpeg?fit=640%2C424&ssl=1&resize=525%2C300 1.5x"},"classes":[]},{"id":40158,"url":"https:\/\/noticiasribeiraopreto.com.br\/index.php\/2024\/03\/01\/comercial-pode-ter-retornos-para-encarar-o-xv-no-domingo\/","url_meta":{"origin":39311,"position":2},"title":"Comercial pode ter retornos para encarar o XV no domingo\u00a0\u00a0","author":"noticiasribeiraopreto.com.br","date":"1 de March de 2024","format":false,"excerpt":"1 de mar\u00e7o de 2024 | 12:001 de mar\u00e7o de 2024 | 9:27 0O Comercial pode ter boas noticias para a partida contra o XV de Piracicaba, que acontece no pr\u00f3ximo domingo. Cinco jogadores devem ficar a disposi\u00e7\u00e3o do t\u00e9cnico Ademir Fesan no final de semana.\u00a0\u00a0Alan Lopes cumpriu suspens\u00e3o na\u2026","rel":"","context":"In &quot;Not\u00edcias de Ribeir\u00e3o Preto-SP e Regi\u00e3o&quot;","block_context":{"text":"Not\u00edcias de Ribeir\u00e3o Preto-SP e Regi\u00e3o","link":"https:\/\/noticiasribeiraopreto.com.br\/index.php\/category\/noticias-de-ribeirao-preto-sp-e-regiao-ismael-colosi\/"},"img":{"alt_text":"","src":"https:\/\/i0.wp.com\/noticiasribeiraopreto.com.br\/wp-content\/uploads\/2024\/03\/bafo-scaled.jpg?fit=968%2C645&ssl=1&resize=350%2C200","width":350,"height":200,"srcset":"https:\/\/i0.wp.com\/noticiasribeiraopreto.com.br\/wp-content\/uploads\/2024\/03\/bafo-scaled.jpg?fit=968%2C645&ssl=1&resize=350%2C200 1x, https:\/\/i0.wp.com\/noticiasribeiraopreto.com.br\/wp-content\/uploads\/2024\/03\/bafo-scaled.jpg?fit=968%2C645&ssl=1&resize=525%2C300 1.5x, https:\/\/i0.wp.com\/noticiasribeiraopreto.com.br\/wp-content\/uploads\/2024\/03\/bafo-scaled.jpg?fit=968%2C645&ssl=1&resize=700%2C400 2x"},"classes":[]},{"id":72807,"url":"https:\/\/noticiasribeiraopreto.com.br\/index.php\/2025\/06\/21\/jornal-da-franca-em-casa-francana-busca-reacao-contra-a-lider-inter-de-limeira-na-copa-paulista\/","url_meta":{"origin":39311,"position":3},"title":"Jornal da Franca &#8211; Em casa, Francana busca rea\u00e7\u00e3o contra a l\u00edder Inter de Limeira na Copa Paulista","author":"noticiasribeiraopreto.com.br","date":"21 de June de 2025","format":false,"excerpt":"compartilhar no whatsapp compartilhar no telegram compartilhar no facebook compartilhar no linkedin Ap\u00f3s derrota na estreia, equipe de Franca tenta se recuperar diante da torcida neste s\u00e1bado A Francana volta a campo neste s\u00e1bado, \u00e0s 16h, no est\u00e1dio Jos\u00e9 Lancha Filho, em Franca, com a miss\u00e3o de se recuperar na\u2026","rel":"","context":"In &quot;Not\u00edcias de Franca-SP&quot;","block_context":{"text":"Not\u00edcias de Franca-SP","link":"https:\/\/noticiasribeiraopreto.com.br\/index.php\/category\/noticias-de-ribeirao-preto-sp-e-regiao-ismael-colosi\/noticias-franca-sp\/"},"img":{"alt_text":"","src":"https:\/\/i0.wp.com\/noticiasribeiraopreto.com.br\/wp-content\/uploads\/2025\/06\/pLENARIO-8.jpg?fit=487%2C405&ssl=1&resize=350%2C200","width":350,"height":200},"classes":[]},{"id":39249,"url":"https:\/\/noticiasribeiraopreto.com.br\/index.php\/2024\/02\/24\/com-novo-treinador-comercial-vista-a-portuguesa-santista\/","url_meta":{"origin":39311,"position":4},"title":"Com novo treinador, Comercial vista a Portuguesa Santista\u00a0\u00a0","author":"noticiasribeiraopreto.com.br","date":"24 de February de 2024","format":false,"excerpt":"O Comercial vive um calv\u00e1rio em 2024. Al\u00e9m dos problemas extracampo, o Le\u00e3o do Norte tem se manter na S\u00e9rie A2 do Campeonato Paulista. O Bafo tem mais oportunidade de tentar sua primeira vit\u00f3ria na competi\u00e7\u00e3o neste s\u00e1bado, diante da Portuguesa Santista. O confronto acontece as 15h, no est\u00e1dio Ulrico\u2026","rel":"","context":"In &quot;Not\u00edcias de Ribeir\u00e3o Preto-SP e Regi\u00e3o&quot;","block_context":{"text":"Not\u00edcias de Ribeir\u00e3o Preto-SP e Regi\u00e3o","link":"https:\/\/noticiasribeiraopreto.com.br\/index.php\/category\/noticias-de-ribeirao-preto-sp-e-regiao-ismael-colosi\/"},"img":{"alt_text":"","src":"https:\/\/i0.wp.com\/noticiasribeiraopreto.com.br\/wp-content\/uploads\/2024\/02\/Comercial-14-scaled.jpeg?fit=967%2C645&ssl=1&resize=350%2C200","width":350,"height":200,"srcset":"https:\/\/i0.wp.com\/noticiasribeiraopreto.com.br\/wp-content\/uploads\/2024\/02\/Comercial-14-scaled.jpeg?fit=967%2C645&ssl=1&resize=350%2C200 1x, https:\/\/i0.wp.com\/noticiasribeiraopreto.com.br\/wp-content\/uploads\/2024\/02\/Comercial-14-scaled.jpeg?fit=967%2C645&ssl=1&resize=525%2C300 1.5x, https:\/\/i0.wp.com\/noticiasribeiraopreto.com.br\/wp-content\/uploads\/2024\/02\/Comercial-14-scaled.jpeg?fit=967%2C645&ssl=1&resize=700%2C400 2x"},"classes":[]},{"id":42713,"url":"https:\/\/noticiasribeiraopreto.com.br\/index.php\/2024\/03\/16\/comercial-fecha-participacao-na-serie-a2-diante-do-monte-azul\/","url_meta":{"origin":39311,"position":5},"title":"Comercial fecha participa\u00e7\u00e3o na S\u00e9rie A2 diante do Monte Azul\u00a0\u00a0","author":"noticiasribeiraopreto.com.br","date":"16 de March de 2024","format":false,"excerpt":"16 de mar\u00e7o de 2024 | 11:3016 de mar\u00e7o de 2024 | 10:53 0O Comercial fecha sua participa\u00e7\u00e3o na S\u00e9rie A2 neste s\u00e1bado. O Le\u00e3o do Norte encara o Monte Azul, \u00e0s 15h10, no est\u00e1dio Palma Travassos, em Ribeir\u00e3o Preto. Ambos os times j\u00e1 est\u00e3o rebaixados.\u00a0\u00a0Para a partida o t\u00e9cnico\u2026","rel":"","context":"In &quot;Not\u00edcias de Ribeir\u00e3o Preto-SP e Regi\u00e3o&quot;","block_context":{"text":"Not\u00edcias de Ribeir\u00e3o Preto-SP e Regi\u00e3o","link":"https:\/\/noticiasribeiraopreto.com.br\/index.php\/category\/noticias-de-ribeirao-preto-sp-e-regiao-ismael-colosi\/"},"img":{"alt_text":"","src":"https:\/\/i0.wp.com\/noticiasribeiraopreto.com.br\/wp-content\/uploads\/2024\/03\/Comercial-12-scaled.jpg?fit=967%2C645&ssl=1&resize=350%2C200","width":350,"height":200,"srcset":"https:\/\/i0.wp.com\/noticiasribeiraopreto.com.br\/wp-content\/uploads\/2024\/03\/Comercial-12-scaled.jpg?fit=967%2C645&ssl=1&resize=350%2C200 1x, https:\/\/i0.wp.com\/noticiasribeiraopreto.com.br\/wp-content\/uploads\/2024\/03\/Comercial-12-scaled.jpg?fit=967%2C645&ssl=1&resize=525%2C300 1.5x, https:\/\/i0.wp.com\/noticiasribeiraopreto.com.br\/wp-content\/uploads\/2024\/03\/Comercial-12-scaled.jpg?fit=967%2C645&ssl=1&resize=700%2C400 2x"},"classes":[]}],"jetpack_sharing_enabled":true,"jetpack_shortlink":"https:\/\/wp.me\/peQAOb-ae3","_links":{"self":[{"href":"https:\/\/noticiasribeiraopreto.com.br\/index.php\/wp-json\/wp\/v2\/posts\/39311","targetHints":{"allow":["GET"]}}],"collection":[{"href":"https:\/\/noticiasribeiraopreto.com.br\/index.php\/wp-json\/wp\/v2\/posts"}],"about":[{"href":"https:\/\/noticiasribeiraopreto.com.br\/index.php\/wp-json\/wp\/v2\/types\/post"}],"author":[{"embeddable":true,"href":"https:\/\/noticiasribeiraopreto.com.br\/index.php\/wp-json\/wp\/v2\/users\/1"}],"replies":[{"embeddable":true,"href":"https:\/\/noticiasribeiraopreto.com.br\/index.php\/wp-json\/wp\/v2\/comments?post=39311"}],"version-history":[{"count":0,"href":"https:\/\/noticiasribeiraopreto.com.br\/index.php\/wp-json\/wp\/v2\/posts\/39311\/revisions"}],"wp:featuredmedia":[{"embeddable":true,"href":"https:\/\/noticiasribeiraopreto.com.br\/index.php\/wp-json\/wp\/v2\/media\/39312"}],"wp:attachment":[{"href":"https:\/\/noticiasribeiraopreto.com.br\/index.php\/wp-json\/wp\/v2\/media?parent=39311"}],"wp:term":[{"taxonomy":"category","embeddable":true,"href":"https:\/\/noticiasribeiraopreto.com.br\/index.php\/wp-json\/wp\/v2\/categories?post=39311"},{"taxonomy":"post_tag","embeddable":true,"href":"https:\/\/noticiasribeiraopreto.com.br\/index.php\/wp-json\/wp\/v2\/tags?post=39311"}],"curies":[{"name":"wp","href":"https:\/\/api.w.org\/{rel}","templated":true}]}}