{"id":39339,"date":"2024-02-25T09:10:08","date_gmt":"2024-02-25T12:10:08","guid":{"rendered":"https:\/\/noticiasribeiraopreto.com.br\/index.php\/2024\/02\/25\/acabamentos-de-luxo\/"},"modified":"2024-02-25T09:10:08","modified_gmt":"2024-02-25T12:10:08","slug":"acabamentos-de-luxo","status":"publish","type":"post","link":"https:\/\/noticiasribeiraopreto.com.br\/index.php\/2024\/02\/25\/acabamentos-de-luxo\/","title":{"rendered":"Acabamentos de Luxo &#8211; Jornal Tribuna Ribeir\u00e3o"},"content":{"rendered":"<div class='code-block code-block-1' style='margin: 8px 0 8px auto; text-align: right; display: block; clear: both;'>\n<p><a href=\"https:\/\/wa.link\/vpicfd\"><img data-recalc-dims=\"1\" class=\"wp-image-4922\" style=\"aspect-ratio: 2.0253164556962027; width: 561px; height: auto;\" src=\"https:\/\/i0.wp.com\/ismaelcolosi.com.br\/wp-content\/uploads\/2023\/11\/grupo-de-empregos-whatsapp-e-facebook-ismael-colosi-vagas.jpg?ssl=1\" alt=\"\" \/><\/a><\/p>\n<!-- \/wp:image -->\n<\/div>\n<p> <br \/>\n<\/p>\n<div id=\"post-374693\">\n<header class=\"entry-header penci-entry-header penci-title-center\">\n<p> <span class=\"entry-meta-item penci-posted-on\"><i class=\"fa fa-clock-o\"\/><time class=\"entry-date published\" datetime=\"2024-02-25T09:03:21-03:00\">25 de fevereiro de 2024 | 9:03<\/time><time class=\"updated\" datetime=\"2024-02-23T08:55:22-03:00\">23 de fevereiro de 2024 | 8:55<\/time><\/span><\/p>\n<p> <span class=\"penci-social-buttons penci-social-share-footer\"><a href=\"#\" class=\"penci-post-like penci_post-meta_item  single-like-button penci-social-item like\" data-post_id=\"374693\" title=\"Like\" data-like=\"Like\" data-unlike=\"Unlike\"><i class=\"fa fa-thumbs-o-up\"\/><span class=\"penci-share-number\">0<\/span><\/a><i class=\"fa fa-facebook\"\/><a class=\"penci-social-item twitter\" target=\"_blank\" rel=\"noopener\" title=\"\" href=\"https:\/\/twitter.com\/intent\/tweet?text=Acabamentos%20de%20Luxo%20-%20https:\/\/www.tribunaribeirao.com.br\/site\/acabamentos-de-luxo\/\"><i class=\"fa fa-twitter\"\/><\/a><i class=\"fa fa-whatsapp\"\/><\/span><\/header>\n<div class=\"penci-entry-content entry-content\">\n<p>A Evolve Acabamentos realizou uma happy hour para comemorar a inaugura\u00e7\u00e3o da sua unidade em Ribeir\u00e3o Preto, localizada na Rua Itacolomi, 705, no bairro Alto da Boa Vista.<\/p>\n<p>Os s\u00f3cios Carolina e Jo\u00e3o Venceslau, receberam o diretor da ANG, Francis Arnoldo, e o arquiteto italiano, Claudio Inserra, que apresentaram diversos cases e novidades que realizaram com marcas renomadas como Swarovski, Ferrari e Michael Kors, por exemplo.<\/p>\n<p>O buf\u00ea Mauro Homam deu um show de atendimento e enogastronomia.<\/p>\n<\/div>\n<footer class=\"penci-entry-footer\"\/><\/div>\n<p><script async src=\"\/\/platform.twitter.com\/widgets.js\" charset=\"utf-8\"><\/script><br \/>\n<br \/><br \/>\n<br \/><a href=\"https:\/\/www.tribunaribeirao.com.br\/site\/acabamentos-de-luxo\/\">Source link <\/a><\/p>\n<!-- CONTENT END 1 -->\n","protected":false},"excerpt":{"rendered":"<p>25 de fevereiro de 2024 | 9:0323 de fevereiro de 2024 | 8:55 0 A Evolve Acabamentos realizou uma happy hour para comemorar a inaugura\u00e7\u00e3o&#8230;<\/p>\n","protected":false},"author":1,"featured_media":39340,"comment_status":"open","ping_status":"open","sticky":false,"template":"","format":"standard","meta":{"advanced_seo_description":"","jetpack_seo_html_title":"","jetpack_seo_noindex":false,"jetpack_post_was_ever_published":false,"_jetpack_newsletter_access":"","_jetpack_dont_email_post_to_subs":false,"_jetpack_newsletter_tier_id":0,"_jetpack_memberships_contains_paywalled_content":false,"_jetpack_memberships_contains_paid_content":false,"footnotes":"","jetpack_publicize_message":"","jetpack_publicize_feature_enabled":true,"jetpack_social_post_already_shared":true,"jetpack_social_options":{"image_generator_settings":{"template":"highway","default_image_id":0,"font":"","enabled":false},"version":2}},"categories":[11],"tags":[4494,785,455,26,786],"class_list":["post-39339","post","type-post","status-publish","format-standard","has-post-thumbnail","hentry","category-noticias-de-ribeirao-preto-sp-e-regiao-ismael-colosi","tag-acabamentos","tag-jornal","tag-luxo","tag-ribeirao","tag-tribuna"],"jetpack_publicize_connections":[],"jetpack_featured_media_url":"https:\/\/i0.wp.com\/noticiasribeiraopreto.com.br\/wp-content\/uploads\/2024\/02\/403-Joao-Venceslau_e_Carolina-Venceslau_Francis-Arnoldo_e_Claudio-Inserra-scaled.jpg?fit=966%2C645&ssl=1","jetpack-related-posts":[{"id":27437,"url":"https:\/\/noticiasribeiraopreto.com.br\/index.php\/2024\/01\/12\/desfile-nacional-de-fantasias-de-luxo\/","url_meta":{"origin":39339,"position":0},"title":"Desfile Nacional de Fantasias de Luxo","author":"noticiasribeiraopreto.com.br","date":"12 de January de 2024","format":false,"excerpt":"12 de janeiro de 2024 | 9:032 de janeiro de 2024 | 15:16 0O multim\u00eddia S\u00e9rgio Rocha comandou com maestria no Sal\u00e3o Nobre da Recreativa, mais uma edi\u00e7\u00e3o do Desfile Nacional de Fantasias de Luxo, relembrando os melhores desfiles do Hotel Gl\u00f3ria, no Rio de Janeiro.Uma festa cinematogr\u00e1fica. Com anima\u00e7\u00e3o\u2026","rel":"","context":"In &quot;Not\u00edcias de Ribeir\u00e3o Preto-SP e Regi\u00e3o&quot;","block_context":{"text":"Not\u00edcias de Ribeir\u00e3o Preto-SP e Regi\u00e3o","link":"https:\/\/noticiasribeiraopreto.com.br\/index.php\/category\/noticias-de-ribeirao-preto-sp-e-regiao-ismael-colosi\/"},"img":{"alt_text":"","src":"https:\/\/i0.wp.com\/noticiasribeiraopreto.com.br\/wp-content\/uploads\/2024\/01\/59-scaled.jpg?fit=430%2C645&ssl=1&resize=350%2C200","width":350,"height":200},"classes":[]},{"id":39946,"url":"https:\/\/noticiasribeiraopreto.com.br\/index.php\/2024\/02\/29\/doutora\/","url_meta":{"origin":39339,"position":1},"title":"Doutora &#8211; Jornal Tribuna Ribeir\u00e3o","author":"noticiasribeiraopreto.com.br","date":"29 de February de 2024","format":false,"excerpt":"29 de fevereiro de 2024 | 9:0328 de fevereiro de 2024 | 15:58 0Para comemorar a formatura de Vict\u00f3ria na Medicina da USP de Ribeir\u00e3o Preto, os pais Jos\u00e9 Roberto e Silvana Issa Chodraui, receberam em \u2018petit comite\u2019, em um jantar \u00e1rabe regado aos melhores r\u00f3tulos.\u00a0\u00a0\u00a0\u00a0\u00a0\u00a0 Source link","rel":"","context":"In &quot;Not\u00edcias de Ribeir\u00e3o Preto-SP e Regi\u00e3o&quot;","block_context":{"text":"Not\u00edcias de Ribeir\u00e3o Preto-SP e Regi\u00e3o","link":"https:\/\/noticiasribeiraopreto.com.br\/index.php\/category\/noticias-de-ribeirao-preto-sp-e-regiao-ismael-colosi\/"},"img":{"alt_text":"","src":"https:\/\/i0.wp.com\/noticiasribeiraopreto.com.br\/wp-content\/uploads\/2024\/02\/29-6-scaled.jpg?fit=1000%2C563&ssl=1&resize=350%2C200","width":350,"height":200,"srcset":"https:\/\/i0.wp.com\/noticiasribeiraopreto.com.br\/wp-content\/uploads\/2024\/02\/29-6-scaled.jpg?fit=1000%2C563&ssl=1&resize=350%2C200 1x, https:\/\/i0.wp.com\/noticiasribeiraopreto.com.br\/wp-content\/uploads\/2024\/02\/29-6-scaled.jpg?fit=1000%2C563&ssl=1&resize=525%2C300 1.5x, https:\/\/i0.wp.com\/noticiasribeiraopreto.com.br\/wp-content\/uploads\/2024\/02\/29-6-scaled.jpg?fit=1000%2C563&ssl=1&resize=700%2C400 2x"},"classes":[]},{"id":36657,"url":"https:\/\/noticiasribeiraopreto.com.br\/index.php\/2024\/02\/11\/guirlanda-de-rosas\/","url_meta":{"origin":39339,"position":2},"title":"Guirlanda de Rosas &#8211; Jornal Tribuna Ribeir\u00e3o","author":"noticiasribeiraopreto.com.br","date":"11 de February de 2024","format":false,"excerpt":"11 de fevereiro de 2024 | 9:039 de fevereiro de 2024 | 14:55 0A empres\u00e1ria francana Maria Tereza Ludovice mais uma vez exercitou a arte de bem receber em torno do chiqu\u00e9rrimo anivers\u00e1rio da cunhada Ana Lucia Ludovice Matias.Com o tema rosas, a festa repleta de detalhes estava toda decorada\u2026","rel":"","context":"In &quot;Not\u00edcias de Ribeir\u00e3o Preto-SP e Regi\u00e3o&quot;","block_context":{"text":"Not\u00edcias de Ribeir\u00e3o Preto-SP e Regi\u00e3o","link":"https:\/\/noticiasribeiraopreto.com.br\/index.php\/category\/noticias-de-ribeirao-preto-sp-e-regiao-ismael-colosi\/"},"img":{"alt_text":"","src":"https:\/\/i0.wp.com\/noticiasribeiraopreto.com.br\/wp-content\/uploads\/2024\/02\/11-9-scaled.jpg?fit=860%2C645&ssl=1&resize=350%2C200","width":350,"height":200,"srcset":"https:\/\/i0.wp.com\/noticiasribeiraopreto.com.br\/wp-content\/uploads\/2024\/02\/11-9-scaled.jpg?fit=860%2C645&ssl=1&resize=350%2C200 1x, https:\/\/i0.wp.com\/noticiasribeiraopreto.com.br\/wp-content\/uploads\/2024\/02\/11-9-scaled.jpg?fit=860%2C645&ssl=1&resize=525%2C300 1.5x, https:\/\/i0.wp.com\/noticiasribeiraopreto.com.br\/wp-content\/uploads\/2024\/02\/11-9-scaled.jpg?fit=860%2C645&ssl=1&resize=700%2C400 2x"},"classes":[]},{"id":40052,"url":"https:\/\/noticiasribeiraopreto.com.br\/index.php\/2024\/02\/29\/aniversariante\/","url_meta":{"origin":39339,"position":3},"title":"Aniversariante &#8211; Jornal Tribuna Ribeir\u00e3o","author":"noticiasribeiraopreto.com.br","date":"29 de February de 2024","format":false,"excerpt":"29 de fevereiro de 2024 | 17:47 0Geraldo Mota Gon\u00e7alves, nasceu em 29.02.1932, \u00e9 pescador profissional desde 1974, s\u00f3cio junto com sua fam\u00edlia da Mar\u00e9 Alta escola n\u00e1utica. A empresa foi aberta por ele e a esposa em 1987. Tamb\u00e9m \u00e9 diretor da col\u00f4nia de pesca z1, a qual representa\u2026","rel":"","context":"In &quot;Not\u00edcias de Ribeir\u00e3o Preto-SP e Regi\u00e3o&quot;","block_context":{"text":"Not\u00edcias de Ribeir\u00e3o Preto-SP e Regi\u00e3o","link":"https:\/\/noticiasribeiraopreto.com.br\/index.php\/category\/noticias-de-ribeirao-preto-sp-e-regiao-ismael-colosi\/"},"img":{"alt_text":"","src":"https:\/\/i0.wp.com\/noticiasribeiraopreto.com.br\/wp-content\/uploads\/2024\/02\/37831e88-ff38-4615-bb1d-254d2ec369b0-1-scaled.jpg?fit=362%2C645&ssl=1&resize=350%2C200","width":350,"height":200},"classes":[]},{"id":74413,"url":"https:\/\/noticiasribeiraopreto.com.br\/index.php\/2025\/07\/22\/trio-que-movimentou-meio-bilhao-de-reais-e-condenado\/","url_meta":{"origin":39339,"position":4},"title":"Trio que movimentou meio bilh\u00e3o de reais \u00e9 condenado","author":"noticiasribeiraopreto.com.br","date":"22 de July de 2025","format":false,"excerpt":"Os dois homens e a mulher lavavam dinheiro para o crime organizado e investiam em im\u00f3veis e bens de luxo 22 de julho de 2025 12:383 Compartilhar0 Por: Adalberto Luque Os tr\u00eas presos na Opera\u00e7\u00e3o Bingo, realizado pela Pol\u00edcia Civil, foram condenados pela Justi\u00e7a. As penas v\u00e3o de 10 a\u2026","rel":"","context":"In &quot;Not\u00edcias de Ribeir\u00e3o Preto-SP e Regi\u00e3o&quot;","block_context":{"text":"Not\u00edcias de Ribeir\u00e3o Preto-SP e Regi\u00e3o","link":"https:\/\/noticiasribeiraopreto.com.br\/index.php\/category\/noticias-de-ribeirao-preto-sp-e-regiao-ismael-colosi\/"},"img":{"alt_text":"","src":"https:\/\/i0.wp.com\/noticiasribeiraopreto.com.br\/wp-content\/uploads\/2025\/07\/00-20-out-2022-operacao-sertaozinho-01-foto-divulgacao-scaled.jpg?fit=1200%2C675&ssl=1&resize=350%2C200","width":350,"height":200,"srcset":"https:\/\/i0.wp.com\/noticiasribeiraopreto.com.br\/wp-content\/uploads\/2025\/07\/00-20-out-2022-operacao-sertaozinho-01-foto-divulgacao-scaled.jpg?fit=1200%2C675&ssl=1&resize=350%2C200 1x, https:\/\/i0.wp.com\/noticiasribeiraopreto.com.br\/wp-content\/uploads\/2025\/07\/00-20-out-2022-operacao-sertaozinho-01-foto-divulgacao-scaled.jpg?fit=1200%2C675&ssl=1&resize=525%2C300 1.5x, https:\/\/i0.wp.com\/noticiasribeiraopreto.com.br\/wp-content\/uploads\/2025\/07\/00-20-out-2022-operacao-sertaozinho-01-foto-divulgacao-scaled.jpg?fit=1200%2C675&ssl=1&resize=700%2C400 2x, https:\/\/i0.wp.com\/noticiasribeiraopreto.com.br\/wp-content\/uploads\/2025\/07\/00-20-out-2022-operacao-sertaozinho-01-foto-divulgacao-scaled.jpg?fit=1200%2C675&ssl=1&resize=1050%2C600 3x"},"classes":[]},{"id":37432,"url":"https:\/\/noticiasribeiraopreto.com.br\/index.php\/2024\/02\/16\/baile-do-copa\/","url_meta":{"origin":39339,"position":5},"title":"Baile do Copa &#8211; Jornal Tribuna Ribeir\u00e3o","author":"noticiasribeiraopreto.com.br","date":"16 de February de 2024","format":false,"excerpt":"16 de fevereiro de 2024 | 9:0314 de fevereiro de 2024 | 10:59 0O Copacabana Palace, A Belmond Hotel, apresentou mais uma edi\u00e7\u00e3o de seu tradicional baile de carnaval, o aclamado \u2018Baile do Copa\u2019, uma experi\u00eancia inigual\u00e1vel no hotel mais ic\u00f4nico do Rio de Janeiro. O \u2018Copa\u2019, como \u00e9 carinhosamente\u2026","rel":"","context":"In &quot;Not\u00edcias de Ribeir\u00e3o Preto-SP e Regi\u00e3o&quot;","block_context":{"text":"Not\u00edcias de Ribeir\u00e3o Preto-SP e Regi\u00e3o","link":"https:\/\/noticiasribeiraopreto.com.br\/index.php\/category\/noticias-de-ribeirao-preto-sp-e-regiao-ismael-colosi\/"},"img":{"alt_text":"","src":"https:\/\/i0.wp.com\/noticiasribeiraopreto.com.br\/wp-content\/uploads\/2024\/02\/Narcisa-Tamborindeguy_Credito-Castro-Filmes-scaled.jpg?fit=667%2C1000&ssl=1&resize=350%2C200","width":350,"height":200,"srcset":"https:\/\/i0.wp.com\/noticiasribeiraopreto.com.br\/wp-content\/uploads\/2024\/02\/Narcisa-Tamborindeguy_Credito-Castro-Filmes-scaled.jpg?fit=667%2C1000&ssl=1&resize=350%2C200 1x, https:\/\/i0.wp.com\/noticiasribeiraopreto.com.br\/wp-content\/uploads\/2024\/02\/Narcisa-Tamborindeguy_Credito-Castro-Filmes-scaled.jpg?fit=667%2C1000&ssl=1&resize=525%2C300 1.5x"},"classes":[]}],"jetpack_sharing_enabled":true,"jetpack_shortlink":"https:\/\/wp.me\/peQAOb-aev","_links":{"self":[{"href":"https:\/\/noticiasribeiraopreto.com.br\/index.php\/wp-json\/wp\/v2\/posts\/39339","targetHints":{"allow":["GET"]}}],"collection":[{"href":"https:\/\/noticiasribeiraopreto.com.br\/index.php\/wp-json\/wp\/v2\/posts"}],"about":[{"href":"https:\/\/noticiasribeiraopreto.com.br\/index.php\/wp-json\/wp\/v2\/types\/post"}],"author":[{"embeddable":true,"href":"https:\/\/noticiasribeiraopreto.com.br\/index.php\/wp-json\/wp\/v2\/users\/1"}],"replies":[{"embeddable":true,"href":"https:\/\/noticiasribeiraopreto.com.br\/index.php\/wp-json\/wp\/v2\/comments?post=39339"}],"version-history":[{"count":0,"href":"https:\/\/noticiasribeiraopreto.com.br\/index.php\/wp-json\/wp\/v2\/posts\/39339\/revisions"}],"wp:featuredmedia":[{"embeddable":true,"href":"https:\/\/noticiasribeiraopreto.com.br\/index.php\/wp-json\/wp\/v2\/media\/39340"}],"wp:attachment":[{"href":"https:\/\/noticiasribeiraopreto.com.br\/index.php\/wp-json\/wp\/v2\/media?parent=39339"}],"wp:term":[{"taxonomy":"category","embeddable":true,"href":"https:\/\/noticiasribeiraopreto.com.br\/index.php\/wp-json\/wp\/v2\/categories?post=39339"},{"taxonomy":"post_tag","embeddable":true,"href":"https:\/\/noticiasribeiraopreto.com.br\/index.php\/wp-json\/wp\/v2\/tags?post=39339"}],"curies":[{"name":"wp","href":"https:\/\/api.w.org\/{rel}","templated":true}]}}