{"id":39341,"date":"2024-02-25T09:35:06","date_gmt":"2024-02-25T12:35:06","guid":{"rendered":"https:\/\/noticiasribeiraopreto.com.br\/index.php\/2024\/02\/25\/rp-tem-mais-de-13-mil-ipva-protestados\/"},"modified":"2024-02-25T09:35:06","modified_gmt":"2024-02-25T12:35:06","slug":"rp-tem-mais-de-13-mil-ipva-protestados","status":"publish","type":"post","link":"https:\/\/noticiasribeiraopreto.com.br\/index.php\/2024\/02\/25\/rp-tem-mais-de-13-mil-ipva-protestados\/","title":{"rendered":"RP tem mais de 13 mil IPVA protestados"},"content":{"rendered":"<div class='code-block code-block-1' style='margin: 8px 0 8px auto; text-align: right; display: block; clear: both;'>\n<p><a href=\"https:\/\/wa.link\/vpicfd\"><img data-recalc-dims=\"1\" class=\"wp-image-4922\" style=\"aspect-ratio: 2.0253164556962027; width: 561px; height: auto;\" src=\"https:\/\/i0.wp.com\/ismaelcolosi.com.br\/wp-content\/uploads\/2023\/11\/grupo-de-empregos-whatsapp-e-facebook-ismael-colosi-vagas.jpg?ssl=1\" alt=\"\" \/><\/a><\/p>\n<!-- \/wp:image -->\n<\/div>\n<p> <br \/>\n<\/p>\n<div>\n<p><span data-contrast=\"auto\">Desde 2012, quando a Procuradoria Geral do Estado de S\u00e3o Paulo (PGE) come\u00e7ou a enviar os nomes dos devedores do Imposto sobre Propriedade de Ve\u00edculos Automotores (IPVA) aos cart\u00f3rios, mais de 101,8 mil d\u00edvidas foram protestadas em Ribeir\u00e3o Preto, totalizando mais de R$ 120,9 milh\u00f5es n\u00e3o pagos aos cofres p\u00fablicos.<\/span><span data-ccp-props=\"{}\">\u00a0<\/span><\/p>\n<p><span data-contrast=\"auto\">Do total de d\u00e9bitos protestados, 66,92% j\u00e1 foram quitados perante a Fazenda do Estado de S\u00e3o Paulo, mas continuam protestadas em cart\u00f3rio. Somente no ano passado, foram levados a protesto 13,7 mil t\u00edtulos de d\u00edvidas de IPVA n\u00e3o pagas em Ribeir\u00e3o Preto, o que corresponde a uma queda de 17% em compara\u00e7\u00e3o aos 16,5 mil tributos protestados em 2022.\u00a0<\/span><span data-ccp-props=\"{}\">\u00a0<\/span><\/p>\n<p><span data-contrast=\"auto\">O valor das d\u00edvidas tamb\u00e9m caiu, registrando uma queda de 8,82%.\u00a0<\/span><span data-ccp-props=\"{}\">\u00a0<\/span><\/p>\n<p><span data-contrast=\"auto\">Em 2023, deixaram de entrar R$ 15,7 milh\u00f5es aos cofres p\u00fablicos contra R$ 17,2 milh\u00f5es em 2022. Ribeir\u00e3o Preto tem 570,6 mil ve\u00edculos que, este ano, dever\u00e3o gerar o repasse de R$ 281,7 milh\u00f5es para a prefeitura contra os R$ 252 milh\u00f5es de 2023. Um aumento de 11,79%. O valor corresponde aos 50% que o munic\u00edpio recebe do IPVA. O restante fica com governo do estado.<\/span><span data-ccp-props=\"{}\">\u00a0<\/span><\/p>\n<p><span data-contrast=\"auto\">\u201cA falta de pagamento do IPVA pode resultar na inclus\u00e3o do d\u00e9bito na d\u00edvida ativa do Estado, acarretando medidas legais, como protesto e at\u00e9 mesmo a\u00e7\u00e3o judicial para a recupera\u00e7\u00e3o dos valores devidos\u201d, explica Jos\u00e9 Carlos Alves, presidente do Instituto de Estudos de Protesto de T\u00edtulos do Brasil \u2013 Se\u00e7\u00e3o S\u00e3o Paulo (IEPTB\/SP). J\u00e1 para o Estado, o protesto acaba sendo uma \u00f3tima ferramenta, pois permite a recupera\u00e7\u00e3o destes valores de maneira r\u00e1pida e sem custos, al\u00e9m de n\u00e3o demandar o Poder Judici\u00e1rio.<\/span><span data-ccp-props=\"{}\">\u00a0<\/span><\/p>\n<p><b><span data-contrast=\"auto\">Como cancelar o protesto<\/span><\/b><span data-ccp-props=\"{}\">\u00a0<\/span><\/p>\n<p><span data-contrast=\"auto\">Para cancelar o protesto, basta o usu\u00e1rio efetuar o pagamento das taxas cartor\u00e1rias pelo site www.protestosp.com.br. Para saber como fazer esse pagamento basta fazer uma pesquisa no site no campo \u201cConsulte Gr\u00e1tis\u201d e seguir as instru\u00e7\u00f5es.<\/span><span data-ccp-props=\"{}\">\u00a0<\/span><\/p>\n<p><span data-contrast=\"auto\">No site dos Cart\u00f3rios de Protesto do Estado de S\u00e3o Paulo (www.protestosp.com.br) tamb\u00e9m \u00e9 poss\u00edvel que o contribuinte efetue o pagamento do IPVA protestado. O usu\u00e1rio faz a consulta gratuita de protesto inserindo o CPF ou CNPJ. No resultado da pesquisa constar\u00e1 o t\u00edtulo protestado, permitindo que o usu\u00e1rio fa\u00e7a o pagamento da d\u00edvida e das taxas cartor\u00e1rias usando como forma de pagamento o Pix ou o boleto banc\u00e1rio. Com o pagamento feito, o nome do devedor ser\u00e1 retirado do cart\u00f3rio em at\u00e9 cinco dias \u00fateis.\u00a0<\/span><span data-ccp-props=\"{}\">\u00a0<\/span><\/p>\n<p><span data-contrast=\"auto\">Os paulistas ainda disp\u00f5em do servi\u00e7o \u201cavise-me\u201d que possibilita que os contribuintes possam ser notificados de forma autom\u00e1tica e gratuita via SMS e\/ou e-mail caso alguma d\u00edvida seja apresentada de forma eletr\u00f4nica em seu CPF ou no CNPJ da empresa em qualquer um dos 410 Cart\u00f3rios de Protesto do Estado de S\u00e3o Paulo. Para ter acesso ao servi\u00e7o, basta se cadastrar no site <\/span><a href=\"http:\/\/www.protestosp.com.br\/\"><span data-contrast=\"none\">www.protestosp.com.br<\/span><\/a><span data-contrast=\"auto\">.<\/span><span data-ccp-props=\"{}\">\u00a0<\/span><\/p>\n<p><b><span data-contrast=\"auto\">Consequ\u00eancia no atraso do pagamento<\/span><\/b><b><span data-contrast=\"auto\">\u200b\u200b\u200b<\/span><\/b><b><span data-contrast=\"auto\">\u00a0<\/span><\/b><span data-ccp-props=\"{}\">\u00a0<\/span><\/p>\n<p><span data-contrast=\"auto\">O contribuinte que deixar de recolher o IPVA fica sujeito a multa de 0,33% por dia de atraso e juros de mora com base na taxa Selic. Passados 60 dias, o percentual da multa fixa-se em 20% do valor do imposto.\u00a0\u00a0<\/span><span data-ccp-props=\"{}\">\u00a0<\/span><\/p>\n<p><span data-contrast=\"auto\">Permanecendo a inadimpl\u00eancia do IPVA, o d\u00e9bito ser\u00e1 inscrito na D\u00edvida Ativa, al\u00e9m da inclus\u00e3o do nome do propriet\u00e1rio no Cadin Estadual, impedindo-o de aproveitar eventual cr\u00e9dito que possua por solicitar a Nota Fiscal Paulista. A partir do momento em que o d\u00e9bito de IPVA estiver inscrito, a Procuradoria Geral do Estado poder\u00e1 vir a cobr\u00e1-lo mediante protesto.\u00a0\u00a0<\/span><span data-ccp-props=\"{}\">\u00a0<\/span><\/p>\n<p><span data-contrast=\"auto\">A inadimpl\u00eancia do IPVA impede o novo licenciamento do ve\u00edculo. Ap\u00f3s a data limite fixada pelo Detran para o licenciamento, o ve\u00edculo poder\u00e1 vir a ser apreendido, com multa aplicada pela autoridade de tr\u00e2nsito e sete pontos na Carteira Nacional de Habilita\u00e7\u00e3o (CNH).\u00a0\u00a0<\/span><span data-ccp-props=\"{}\">\u00a0<\/span><\/p>\n<p><span data-ccp-props=\"{}\">\u00a0<\/span><\/p>\n<\/div>\n<p><br \/>\n<br \/><a href=\"https:\/\/www.tribunaribeirao.com.br\/site\/rp-tem-mais-de-13-mil-ipva-protestados\/\">Source link <\/a><\/p>\n<!-- CONTENT END 1 -->\n","protected":false},"excerpt":{"rendered":"<p>Desde 2012, quando a Procuradoria Geral do Estado de S\u00e3o Paulo (PGE) come\u00e7ou a enviar os nomes dos devedores do Imposto sobre Propriedade de Ve\u00edculos&#8230;<\/p>\n","protected":false},"author":1,"featured_media":39342,"comment_status":"open","ping_status":"open","sticky":false,"template":"","format":"standard","meta":{"advanced_seo_description":"","jetpack_seo_html_title":"","jetpack_seo_noindex":false,"jetpack_post_was_ever_published":false,"_jetpack_newsletter_access":"","_jetpack_dont_email_post_to_subs":false,"_jetpack_newsletter_tier_id":0,"_jetpack_memberships_contains_paywalled_content":false,"_jetpack_memberships_contains_paid_content":false,"footnotes":"","jetpack_publicize_message":"","jetpack_publicize_feature_enabled":true,"jetpack_social_post_already_shared":true,"jetpack_social_options":{"image_generator_settings":{"template":"highway","default_image_id":0,"font":"","enabled":false},"version":2}},"categories":[11],"tags":[2773,276,402,4495,162],"class_list":["post-39341","post","type-post","status-publish","format-standard","has-post-thumbnail","hentry","category-noticias-de-ribeirao-preto-sp-e-regiao-ismael-colosi","tag-ipva","tag-mais","tag-mil","tag-protestados","tag-tem"],"jetpack_publicize_connections":[],"jetpack_featured_media_url":"https:\/\/i0.wp.com\/noticiasribeiraopreto.com.br\/wp-content\/uploads\/2024\/02\/dividas-ipva-risk-3-scaled.jpg?fit=967%2C645&ssl=1","jetpack-related-posts":[{"id":27629,"url":"https:\/\/noticiasribeiraopreto.com.br\/index.php\/2024\/01\/12\/dividas-de-ipva-em-ribeirao-preto-ultrapassam-r-15-milhoes-entenda\/","url_meta":{"origin":39341,"position":0},"title":"D\u00edvidas de IPVA em Ribeir\u00e3o Preto ultrapassam R$ 15 milh\u00f5es; Entenda","author":"noticiasribeiraopreto.com.br","date":"12 de January de 2024","format":false,"excerpt":"As d\u00edvidas acumuladas por propriet\u00e1rios de ve\u00edculos que n\u00e3o pagaram o IPVA (Imposto sobre a propriedade de ve\u00edculos automotores) de 2023, em Ribeir\u00e3o Preto, ultrapassam os R$ 15 milh\u00f5es, de acordo com os dados do Instituto de Estudos de Protesto de T\u00edtulos do Brasil \u2013 Se\u00e7\u00e3o S\u00e3o Paulo (IEPTB\/SP). O\u2026","rel":"","context":"In &quot;Not\u00edcias de Ribeir\u00e3o Preto-SP e Regi\u00e3o&quot;","block_context":{"text":"Not\u00edcias de Ribeir\u00e3o Preto-SP e Regi\u00e3o","link":"https:\/\/noticiasribeiraopreto.com.br\/index.php\/category\/noticias-de-ribeirao-preto-sp-e-regiao-ismael-colosi\/"},"img":{"alt_text":"","src":"https:\/\/i0.wp.com\/noticiasribeiraopreto.com.br\/wp-content\/uploads\/2024\/01\/frota_rp.jpg?fit=1200%2C671&ssl=1&resize=350%2C200","width":350,"height":200,"srcset":"https:\/\/i0.wp.com\/noticiasribeiraopreto.com.br\/wp-content\/uploads\/2024\/01\/frota_rp.jpg?fit=1200%2C671&ssl=1&resize=350%2C200 1x, https:\/\/i0.wp.com\/noticiasribeiraopreto.com.br\/wp-content\/uploads\/2024\/01\/frota_rp.jpg?fit=1200%2C671&ssl=1&resize=525%2C300 1.5x, https:\/\/i0.wp.com\/noticiasribeiraopreto.com.br\/wp-content\/uploads\/2024\/01\/frota_rp.jpg?fit=1200%2C671&ssl=1&resize=700%2C400 2x, https:\/\/i0.wp.com\/noticiasribeiraopreto.com.br\/wp-content\/uploads\/2024\/01\/frota_rp.jpg?fit=1200%2C671&ssl=1&resize=1050%2C600 3x"},"classes":[]},{"id":62733,"url":"https:\/\/noticiasribeiraopreto.com.br\/index.php\/2025\/01\/22\/ipva-2025-protesto-de-dividas-em-cartorios-de-ribeirao-preto-superam-r-1542-milhoes-2\/","url_meta":{"origin":39341,"position":1},"title":"IPVA 2025: Protesto de d\u00edvidas em cart\u00f3rios de Ribeir\u00e3o Preto superam R$ 154,2 milh\u00f5es","author":"noticiasribeiraopreto.com.br","date":"22 de January de 2025","format":false,"excerpt":"O Imposto sobre a Propriedade de Ve\u00edculos Automotores (IPVA) \u00e9 um dos primeiros tributos do ano e j\u00e1 come\u00e7ou a vencer esta semana no Estado de S\u00e3o Paulo. Em Ribeir\u00e3o Preto, mais de R$ 154,2 milh\u00f5es em d\u00edvidas de IPVA foram protestadas em cart\u00f3rios. Desde que a Procuradoria Geral do\u2026","rel":"","context":"In &quot;Not\u00edcias de Ribeir\u00e3o Preto-SP e Regi\u00e3o&quot;","block_context":{"text":"Not\u00edcias de Ribeir\u00e3o Preto-SP e Regi\u00e3o","link":"https:\/\/noticiasribeiraopreto.com.br\/index.php\/category\/noticias-de-ribeirao-preto-sp-e-regiao-ismael-colosi\/"},"img":{"alt_text":"","src":"https:\/\/i0.wp.com\/noticiasribeiraopreto.com.br\/wp-content\/uploads\/2025\/01\/1737594336_transito_ribeirao_1024x576_15122019171112.jpg?fit=1024%2C576&ssl=1&resize=350%2C200","width":350,"height":200,"srcset":"https:\/\/i0.wp.com\/noticiasribeiraopreto.com.br\/wp-content\/uploads\/2025\/01\/1737594336_transito_ribeirao_1024x576_15122019171112.jpg?fit=1024%2C576&ssl=1&resize=350%2C200 1x, https:\/\/i0.wp.com\/noticiasribeiraopreto.com.br\/wp-content\/uploads\/2025\/01\/1737594336_transito_ribeirao_1024x576_15122019171112.jpg?fit=1024%2C576&ssl=1&resize=525%2C300 1.5x, https:\/\/i0.wp.com\/noticiasribeiraopreto.com.br\/wp-content\/uploads\/2025\/01\/1737594336_transito_ribeirao_1024x576_15122019171112.jpg?fit=1024%2C576&ssl=1&resize=700%2C400 2x"},"classes":[]},{"id":62729,"url":"https:\/\/noticiasribeiraopreto.com.br\/index.php\/2025\/01\/22\/ipva-2025-protesto-de-dividas-em-cartorios-de-ribeirao-preto-superam-r-1542-milhoes\/","url_meta":{"origin":39341,"position":2},"title":"IPVA 2025: Protesto de d\u00edvidas em cart\u00f3rios de Ribeir\u00e3o Preto superam R$ 154,2 milh\u00f5es","author":"noticiasribeiraopreto.com.br","date":"22 de January de 2025","format":false,"excerpt":"O Imposto sobre a Propriedade de Ve\u00edculos Automotores (IPVA) \u00e9 um dos primeiros tributos do ano e j\u00e1 come\u00e7ou a vencer esta semana no Estado de S\u00e3o Paulo. Em Ribeir\u00e3o Preto, mais de R$ 154,2 milh\u00f5es em d\u00edvidas de IPVA foram protestadas em cart\u00f3rios. Desde que a Procuradoria Geral do\u2026","rel":"","context":"In &quot;Not\u00edcias de Ribeir\u00e3o Preto-SP e Regi\u00e3o&quot;","block_context":{"text":"Not\u00edcias de Ribeir\u00e3o Preto-SP e Regi\u00e3o","link":"https:\/\/noticiasribeiraopreto.com.br\/index.php\/category\/noticias-de-ribeirao-preto-sp-e-regiao-ismael-colosi\/"},"img":{"alt_text":"","src":"https:\/\/i0.wp.com\/noticiasribeiraopreto.com.br\/wp-content\/uploads\/2025\/01\/transito_ribeirao_1024x576_15122019171112.jpg?fit=1024%2C576&ssl=1&resize=350%2C200","width":350,"height":200,"srcset":"https:\/\/i0.wp.com\/noticiasribeiraopreto.com.br\/wp-content\/uploads\/2025\/01\/transito_ribeirao_1024x576_15122019171112.jpg?fit=1024%2C576&ssl=1&resize=350%2C200 1x, https:\/\/i0.wp.com\/noticiasribeiraopreto.com.br\/wp-content\/uploads\/2025\/01\/transito_ribeirao_1024x576_15122019171112.jpg?fit=1024%2C576&ssl=1&resize=525%2C300 1.5x, https:\/\/i0.wp.com\/noticiasribeiraopreto.com.br\/wp-content\/uploads\/2025\/01\/transito_ribeirao_1024x576_15122019171112.jpg?fit=1024%2C576&ssl=1&resize=700%2C400 2x"},"classes":[]},{"id":58369,"url":"https:\/\/noticiasribeiraopreto.com.br\/index.php\/2024\/09\/25\/saiba-como-renegociar-o-ipva-com-ate-50-de-desconto\/","url_meta":{"origin":39341,"position":3},"title":"Saiba como renegociar o IPVA com at\u00e9 50% de desconto","author":"noticiasribeiraopreto.com.br","date":"25 de September de 2024","format":false,"excerpt":"O Governo de S\u00e3o Paulo lan\u00e7ou, na ter\u00e7a-feira (24), uma nova etapa do Acordo Paulista, programa para incentivar o pagamento de d\u00edvidas. Nesta fase, contribuintes que est\u00e3o com o Imposto sobre Propriedade de Ve\u00edculo Automotor (IPVA) em atraso e inscritos na d\u00edvida ativa podem participar. O objetivo \u00e9 simplificar a\u2026","rel":"","context":"In &quot;Not\u00edcias de Ribeir\u00e3o Preto-SP e Regi\u00e3o&quot;","block_context":{"text":"Not\u00edcias de Ribeir\u00e3o Preto-SP e Regi\u00e3o","link":"https:\/\/noticiasribeiraopreto.com.br\/index.php\/category\/noticias-de-ribeirao-preto-sp-e-regiao-ismael-colosi\/"},"img":{"alt_text":"","src":"https:\/\/i0.wp.com\/noticiasribeiraopreto.com.br\/wp-content\/uploads\/2024\/09\/54009600653_a4c0c4124e_k-1536x1024-1_2024-09-25_20-32-35_jpg_2024-09-25_20-32-35.webp.webp?fit=1200%2C800&ssl=1&resize=350%2C200","width":350,"height":200,"srcset":"https:\/\/i0.wp.com\/noticiasribeiraopreto.com.br\/wp-content\/uploads\/2024\/09\/54009600653_a4c0c4124e_k-1536x1024-1_2024-09-25_20-32-35_jpg_2024-09-25_20-32-35.webp.webp?fit=1200%2C800&ssl=1&resize=350%2C200 1x, https:\/\/i0.wp.com\/noticiasribeiraopreto.com.br\/wp-content\/uploads\/2024\/09\/54009600653_a4c0c4124e_k-1536x1024-1_2024-09-25_20-32-35_jpg_2024-09-25_20-32-35.webp.webp?fit=1200%2C800&ssl=1&resize=525%2C300 1.5x, https:\/\/i0.wp.com\/noticiasribeiraopreto.com.br\/wp-content\/uploads\/2024\/09\/54009600653_a4c0c4124e_k-1536x1024-1_2024-09-25_20-32-35_jpg_2024-09-25_20-32-35.webp.webp?fit=1200%2C800&ssl=1&resize=700%2C400 2x, https:\/\/i0.wp.com\/noticiasribeiraopreto.com.br\/wp-content\/uploads\/2024\/09\/54009600653_a4c0c4124e_k-1536x1024-1_2024-09-25_20-32-35_jpg_2024-09-25_20-32-35.webp.webp?fit=1200%2C800&ssl=1&resize=1050%2C600 3x"},"classes":[]},{"id":60802,"url":"https:\/\/noticiasribeiraopreto.com.br\/index.php\/2024\/11\/26\/ribeirao-preto-recebe-mutirao-de-renegociacao-de-dividas-do-ipva-nesta-terca\/","url_meta":{"origin":39341,"position":4},"title":"Ribeir\u00e3o Preto recebe mutir\u00e3o de renegocia\u00e7\u00e3o de d\u00edvidas do IPVA nesta ter\u00e7a","author":"noticiasribeiraopreto.com.br","date":"26 de November de 2024","format":false,"excerpt":"Ribeir\u00e3o Preto recebe, nesta ter\u00e7a-feira (26), o programa Acordo Paulista para a renegocia\u00e7\u00e3o de d\u00edvidas com mais de dois anos de atraso, principalmente do IPVA (Imposto sobre a Propriedade de Ve\u00edculos Automotores). A a\u00e7\u00e3o ser\u00e1 realizada no Poupatempo, das 13h \u00e0s 17h, na avenida Presidente Kennedy, 1.500, no bairro Ribeir\u00e2nia.\u2026","rel":"","context":"In &quot;Not\u00edcias de Ribeir\u00e3o Preto-SP e Regi\u00e3o&quot;","block_context":{"text":"Not\u00edcias de Ribeir\u00e3o Preto-SP e Regi\u00e3o","link":"https:\/\/noticiasribeiraopreto.com.br\/index.php\/category\/noticias-de-ribeirao-preto-sp-e-regiao-ismael-colosi\/"},"img":{"alt_text":"","src":"https:\/\/i0.wp.com\/noticiasribeiraopreto.com.br\/wp-content\/uploads\/2024\/11\/ipva_podera_1200x675_14122021113202.jpg?fit=1200%2C675&ssl=1&resize=350%2C200","width":350,"height":200,"srcset":"https:\/\/i0.wp.com\/noticiasribeiraopreto.com.br\/wp-content\/uploads\/2024\/11\/ipva_podera_1200x675_14122021113202.jpg?fit=1200%2C675&ssl=1&resize=350%2C200 1x, https:\/\/i0.wp.com\/noticiasribeiraopreto.com.br\/wp-content\/uploads\/2024\/11\/ipva_podera_1200x675_14122021113202.jpg?fit=1200%2C675&ssl=1&resize=525%2C300 1.5x, https:\/\/i0.wp.com\/noticiasribeiraopreto.com.br\/wp-content\/uploads\/2024\/11\/ipva_podera_1200x675_14122021113202.jpg?fit=1200%2C675&ssl=1&resize=700%2C400 2x, https:\/\/i0.wp.com\/noticiasribeiraopreto.com.br\/wp-content\/uploads\/2024\/11\/ipva_podera_1200x675_14122021113202.jpg?fit=1200%2C675&ssl=1&resize=1050%2C600 3x"},"classes":[]},{"id":60703,"url":"https:\/\/noticiasribeiraopreto.com.br\/index.php\/2024\/11\/22\/mutirao-no-poupatempo-de-ribeirao-renegocia-dividas-do-ipva-veja-quando\/","url_meta":{"origin":39341,"position":5},"title":"Mutir\u00e3o no Poupatempo de Ribeir\u00e3o renegocia d\u00edvidas do IPVA; Veja quando","author":"noticiasribeiraopreto.com.br","date":"22 de November de 2024","format":false,"excerpt":"O Governo de S\u00e3o Paulo promove um mutir\u00e3o presencial do programa Acordo Paulista para a renegocia\u00e7\u00e3o de d\u00edvidas com mais de dois anos de atraso, principalmente do IPVA (Imposto sobre a Propriedade de Ve\u00edculos Automotores). A a\u00e7\u00e3o, por meio da Procuradoria Geral do Estado de S\u00e3o Paulo (PGE\/SP), ser\u00e1 realizada\u2026","rel":"","context":"In &quot;Not\u00edcias de Ribeir\u00e3o Preto-SP e Regi\u00e3o&quot;","block_context":{"text":"Not\u00edcias de Ribeir\u00e3o Preto-SP e Regi\u00e3o","link":"https:\/\/noticiasribeiraopreto.com.br\/index.php\/category\/noticias-de-ribeirao-preto-sp-e-regiao-ismael-colosi\/"},"img":{"alt_text":"","src":"https:\/\/i0.wp.com\/noticiasribeiraopreto.com.br\/wp-content\/uploads\/2024\/11\/poupatempo_ribeirao_1024x576_03092020171438.jpg?fit=1024%2C576&ssl=1&resize=350%2C200","width":350,"height":200,"srcset":"https:\/\/i0.wp.com\/noticiasribeiraopreto.com.br\/wp-content\/uploads\/2024\/11\/poupatempo_ribeirao_1024x576_03092020171438.jpg?fit=1024%2C576&ssl=1&resize=350%2C200 1x, https:\/\/i0.wp.com\/noticiasribeiraopreto.com.br\/wp-content\/uploads\/2024\/11\/poupatempo_ribeirao_1024x576_03092020171438.jpg?fit=1024%2C576&ssl=1&resize=525%2C300 1.5x, https:\/\/i0.wp.com\/noticiasribeiraopreto.com.br\/wp-content\/uploads\/2024\/11\/poupatempo_ribeirao_1024x576_03092020171438.jpg?fit=1024%2C576&ssl=1&resize=700%2C400 2x"},"classes":[]}],"jetpack_sharing_enabled":true,"jetpack_shortlink":"https:\/\/wp.me\/peQAOb-aex","_links":{"self":[{"href":"https:\/\/noticiasribeiraopreto.com.br\/index.php\/wp-json\/wp\/v2\/posts\/39341","targetHints":{"allow":["GET"]}}],"collection":[{"href":"https:\/\/noticiasribeiraopreto.com.br\/index.php\/wp-json\/wp\/v2\/posts"}],"about":[{"href":"https:\/\/noticiasribeiraopreto.com.br\/index.php\/wp-json\/wp\/v2\/types\/post"}],"author":[{"embeddable":true,"href":"https:\/\/noticiasribeiraopreto.com.br\/index.php\/wp-json\/wp\/v2\/users\/1"}],"replies":[{"embeddable":true,"href":"https:\/\/noticiasribeiraopreto.com.br\/index.php\/wp-json\/wp\/v2\/comments?post=39341"}],"version-history":[{"count":0,"href":"https:\/\/noticiasribeiraopreto.com.br\/index.php\/wp-json\/wp\/v2\/posts\/39341\/revisions"}],"wp:featuredmedia":[{"embeddable":true,"href":"https:\/\/noticiasribeiraopreto.com.br\/index.php\/wp-json\/wp\/v2\/media\/39342"}],"wp:attachment":[{"href":"https:\/\/noticiasribeiraopreto.com.br\/index.php\/wp-json\/wp\/v2\/media?parent=39341"}],"wp:term":[{"taxonomy":"category","embeddable":true,"href":"https:\/\/noticiasribeiraopreto.com.br\/index.php\/wp-json\/wp\/v2\/categories?post=39341"},{"taxonomy":"post_tag","embeddable":true,"href":"https:\/\/noticiasribeiraopreto.com.br\/index.php\/wp-json\/wp\/v2\/tags?post=39341"}],"curies":[{"name":"wp","href":"https:\/\/api.w.org\/{rel}","templated":true}]}}