{"id":39357,"date":"2024-02-25T12:11:07","date_gmt":"2024-02-25T15:11:07","guid":{"rendered":"https:\/\/noticiasribeiraopreto.com.br\/index.php\/2024\/02\/25\/botafogo-recebe-a-lusa-para-espantar-chances-de-rebaixamento\/"},"modified":"2024-02-25T12:11:07","modified_gmt":"2024-02-25T15:11:07","slug":"botafogo-recebe-a-lusa-para-espantar-chances-de-rebaixamento","status":"publish","type":"post","link":"https:\/\/noticiasribeiraopreto.com.br\/index.php\/2024\/02\/25\/botafogo-recebe-a-lusa-para-espantar-chances-de-rebaixamento\/","title":{"rendered":"Botafogo recebe a Lusa para espantar chances de rebaixamento\u00a0\u00a0"},"content":{"rendered":"<div class='code-block code-block-1' style='margin: 8px 0 8px auto; text-align: right; display: block; clear: both;'>\n<p><a href=\"https:\/\/wa.link\/vpicfd\"><img data-recalc-dims=\"1\" class=\"wp-image-4922\" style=\"aspect-ratio: 2.0253164556962027; width: 561px; height: auto;\" src=\"https:\/\/i0.wp.com\/ismaelcolosi.com.br\/wp-content\/uploads\/2023\/11\/grupo-de-empregos-whatsapp-e-facebook-ismael-colosi-vagas.jpg?ssl=1\" alt=\"\" \/><\/a><\/p>\n<!-- \/wp:image -->\n<\/div>\n<p> <br \/>\n<\/p>\n<div>\n<p><span data-contrast=\"auto\">O Botafogo come\u00e7ou a temporada com a promessa de mais investimento e a forma\u00e7\u00e3o de um time que teria condi\u00e7\u00f5es de brigar pelo acesso para a S\u00e9rie A do Campeonato Brasileiro.\u00a0<\/span><span data-ccp-props=\"{&quot;201341983&quot;:0,&quot;335559739&quot;:0,&quot;335559740&quot;:240}\">\u00a0<\/span><\/p>\n<p><span data-contrast=\"auto\">A folha salarial foi aumentada, chegando na casa dos R$ 2 milh\u00f5es por m\u00eas, bons jogadores chegaram, mas no primeiro teste do ano, no Paulist\u00e3o, o Botafogo n\u00e3o foi bem e joga neste domingo para confirmar sua perman\u00eancia na elite do futebol paulista.\u00a0<\/span><span data-ccp-props=\"{&quot;201341983&quot;:0,&quot;335559739&quot;:0,&quot;335559740&quot;:240}\">\u00a0<\/span><\/p>\n<p><span data-contrast=\"auto\">O duelo \u00e9 contra a Portuguesa, \u00e0s 18h, no est\u00e1dio Santa Cruz. A partida \u00e9 um confronto direto para escapar do rebaixamento. Neste momento a Portuguesa tem sete pontos e o Botafogo oito. Ainda est\u00e3o na parte de baixo da tabela o Ituano, com seis, o Guarani, com cinco, e o Santo Andr\u00e9, com quatro pontos.\u00a0<\/span><span data-ccp-props=\"{&quot;201341983&quot;:0,&quot;335559739&quot;:0,&quot;335559740&quot;:240}\">\u00a0<\/span><\/p>\n<p><span data-contrast=\"auto\">Uma vit\u00f3ria simples praticamente tira o Botafogo da briga na parte de baixo. As chances de classifica\u00e7\u00e3o do Tricolor s\u00e3o bem remotas e as duas vagas do grupo v\u00e3o ficar entre S\u00e3o Paulo, S\u00e3o Bernardo e Novorizontino. Em caso de derrota, o Botafogo passa a correr chances reais de cair na competi\u00e7\u00e3o.\u00a0<\/span><span data-ccp-props=\"{&quot;201341983&quot;:0,&quot;335559739&quot;:0,&quot;335559740&quot;:240}\">\u00a0<\/span><\/p>\n<p><span data-contrast=\"auto\">Para a partida desde domingo, o treinador Paulo Gomes tem alguns problemas para resolver. Ele ainda n\u00e3o conta com o atacante Leandro Pereira, que est\u00e1 em fase final de recupera\u00e7\u00e3o de uma les\u00e3o muscular.\u00a0<\/span><span data-ccp-props=\"{&quot;201341983&quot;:0,&quot;335559739&quot;:0,&quot;335559740&quot;:240}\">\u00a0<\/span><\/p>\n<p><span data-contrast=\"auto\">A tend\u00eancia \u00e9 de que o centroavante retorne diante do Guarani, na pr\u00f3xima sexta-feira.\u00a0<\/span><span data-ccp-props=\"{&quot;201341983&quot;:0,&quot;335559739&quot;:0,&quot;335559740&quot;:240}\">\u00a0<\/span><\/p>\n<p><span data-contrast=\"auto\">O goleiro Jo\u00e3o Carlos e o volante Matheus Barbosa tamb\u00e9m s\u00e3o d\u00favidas. Jo\u00e3o tem um problema no ombro e n\u00e3o deve estar dispon\u00edvel para a partida. Fracaro deve ter nova oportunidade. J\u00e1 Barbosa vinha sendo preservado nas \u00faltimas rodadas e pode reaparecer no time.\u00a0<\/span><span data-ccp-props=\"{&quot;201341983&quot;:0,&quot;335559739&quot;:0,&quot;335559740&quot;:240}\">\u00a0<\/span><\/p>\n<p><span data-contrast=\"auto\">Outro que ficou de fora por problemas f\u00edsicos foi o zagueiro F\u00e1bio Sanches. Ele vem sofrendo com dores a algumas semanas e n\u00e3o jogou contra o Nova Ven\u00e9cia. Ele, no entanto, tem chances de retornar contra a Lusa.\u00a0<\/span><span data-ccp-props=\"{&quot;201341983&quot;:0,&quot;335559739&quot;:0,&quot;335559740&quot;:240}\">\u00a0<\/span><\/p>\n<p><span data-contrast=\"auto\">Na viagem para o Esp\u00edrito Santo, o lateral Thassio tamb\u00e9m n\u00e3o viajou, mas por op\u00e7\u00e3o do treinador. \u00c9 prov\u00e1vel que ele esteja entre os relacionados.\u00a0<\/span><span data-ccp-props=\"{&quot;201341983&quot;:0,&quot;335559739&quot;:0,&quot;335559740&quot;:240}\">\u00a0<\/span><\/p>\n<p><span data-contrast=\"auto\">A tend\u00eancia \u00e9 que o time seja parecido com o que venceu no Esp\u00edrito Santo. Uma sa\u00edda esperada \u00e9 a de Patrick Brey. O jogador vem atuando improvisado na linha ofensiva, mas n\u00e3o foi bem. Tiago Alves pode ganhar mais uma oportunidade no setor ofensivo.\u00a0<\/span><span data-ccp-props=\"{&quot;201341983&quot;:0,&quot;335559739&quot;:0,&quot;335559740&quot;:240}\">\u00a0<\/span><\/p>\n<p><span data-contrast=\"auto\">O Botafogo pode come\u00e7ar a partida com a seguinte escala\u00e7\u00e3o: Michael Fracaro; Matheus Costa, F\u00e1bio Sanches (Lucas Dias) e Bernardo Schappo; Negueba, Fillipe Soutto, Leandro Maciel e Jean Victor; Douglas Baggio, Alex Sandro e Tiago Alves.\u00a0<\/span><span data-ccp-props=\"{&quot;201341983&quot;:0,&quot;335559739&quot;:0,&quot;335559740&quot;:240}\">\u00a0<\/span><\/p>\n<p><b><span data-contrast=\"auto\">Portuguesa\u00a0<\/span><\/b><span data-ccp-props=\"{&quot;201341983&quot;:0,&quot;335559739&quot;:0,&quot;335559740&quot;:240}\">\u00a0<\/span><\/p>\n<p><span data-contrast=\"auto\">O advers\u00e1rio da vez \u00e9 a Portuguesa, que tamb\u00e9m faz um campeonato ruim. O time da capital tem sete pontos e vem de vit\u00f3ria na \u00faltima rodada.\u00a0<\/span><span data-ccp-props=\"{&quot;201341983&quot;:0,&quot;335559739&quot;:0,&quot;335559740&quot;:240}\">\u00a0<\/span><\/p>\n<p><span data-contrast=\"auto\">Em nove jogos, a Lusa ganhou duas, empatou uma e sofreu cinco derrotas. S\u00e3o seis gols marcados e 11 gols sofridos ao longo da campanha.\u00a0<\/span><span data-ccp-props=\"{&quot;201341983&quot;:0,&quot;335559739&quot;:0,&quot;335559740&quot;:240}\">\u00a0<\/span><\/p>\n<p><span data-contrast=\"auto\">A campanha irregular da equipe fez com que o t\u00e9cnico fosse trocado ao longo da competi\u00e7\u00e3o. Dado Cavalcanti foi demitido e Pintado chegou para o seu lugar.\u00a0<\/span><span data-ccp-props=\"{&quot;201341983&quot;:0,&quot;335559739&quot;:0,&quot;335559740&quot;:240}\">\u00a0<\/span><\/p>\n<p><b><span data-contrast=\"auto\">Hist\u00f3rico do confronto\u00a0<\/span><\/b><span data-ccp-props=\"{&quot;201341983&quot;:0,&quot;335559739&quot;:0,&quot;335559740&quot;:240}\">\u00a0<\/span><\/p>\n<p><span data-contrast=\"auto\">A hist\u00f3ria registra 90 encontros entre Botafogo e Portuguesa. A Lusa leva ligeira vantagem. S\u00e3o 39 vit\u00f3rias, contra 33 do Pantera e outros 18 empates.\u00a0<\/span><span data-ccp-props=\"{&quot;201341983&quot;:0,&quot;335559739&quot;:0,&quot;335559740&quot;:240}\">\u00a0<\/span><\/p>\n<p><span data-contrast=\"auto\">No hist\u00f3rico recente o Botafogo leva grande vantagem. Nos \u00faltimos seis encontros, o Pantera venceu cinco e perdeu apenas uma. Em 2023 o Tricolor venceu no Canind\u00e9 com o placar de 2 a 0. Os gols foram de Victor Ramos, contra, e Salatiel.\u00a0<\/span><span data-ccp-props=\"{&quot;201341983&quot;:0,&quot;335559739&quot;:0,&quot;335559740&quot;:240}\">\u00a0<\/span><\/p>\n<p><span data-contrast=\"auto\">Escala\u00e7\u00e3o Botafogo: Michael Fracaro; Matheus Costa, F\u00e1bio Sanches (Lucas Dias) e Bernardo Schappo; Negueba, Fillipe Soutto, Leandro Maciel e Jean Victor; Douglas Baggio, Alex Sandro e Tiago Alves. T\u00e9cnico: Paulo Gomes.\u00a0<\/span><span data-ccp-props=\"{&quot;201341983&quot;:0,&quot;335559739&quot;:0,&quot;335559740&quot;:240}\">\u00a0<\/span><\/p>\n<p><span data-contrast=\"auto\">Escala\u00e7\u00e3o Portuguesa: Thomazella, Douglas Borel, Quintana, Patrick e Eduardo Diniz; Tau\u00e3, Dudu (Marco Ant\u00f4nio), Ricardinho e Giovanni Augusto; Felipe Marques e Henrique Dourado. T\u00e9cnico: Pintado.\u00a0<\/span><span data-ccp-props=\"{&quot;201341983&quot;:0,&quot;335559739&quot;:0,&quot;335559740&quot;:240}\">\u00a0<\/span><\/p>\n<p><span data-contrast=\"auto\">Data: 25\/02<\/span><span data-ccp-props=\"{&quot;201341983&quot;:0,&quot;335559739&quot;:0,&quot;335559740&quot;:240}\">\u00a0<\/span><\/p>\n<p><span data-contrast=\"auto\">Hor\u00e1rio: 18h<\/span><span data-ccp-props=\"{&quot;201341983&quot;:0,&quot;335559739&quot;:0,&quot;335559740&quot;:240}\">\u00a0<\/span><\/p>\n<p><span data-contrast=\"auto\">Local: Est\u00e1dio Santa Cruz\/Arena Nicnet\u00a0<\/span><span data-ccp-props=\"{&quot;201341983&quot;:0,&quot;335559739&quot;:0,&quot;335559740&quot;:240}\">\u00a0<\/span><\/p>\n<p><span data-contrast=\"auto\">\u00a0<\/span><span data-ccp-props=\"{&quot;201341983&quot;:0,&quot;335559739&quot;:0,&quot;335559740&quot;:240}\">\u00a0<\/span><\/p>\n<p><span data-ccp-props=\"{&quot;201341983&quot;:0,&quot;335559739&quot;:0,&quot;335559740&quot;:240}\">\u00a0<\/span><\/p>\n<p><span data-ccp-props=\"{&quot;201341983&quot;:0,&quot;335559739&quot;:0,&quot;335559740&quot;:240}\">\u00a0<\/span><\/p>\n<p><span data-ccp-props=\"{&quot;201341983&quot;:0,&quot;335559739&quot;:0,&quot;335559740&quot;:240}\">\u00a0<\/span><\/p>\n<p><span data-ccp-props=\"{&quot;201341983&quot;:0,&quot;335559739&quot;:0,&quot;335559740&quot;:240}\">\u00a0<\/span><\/p>\n<\/div>\n<p><br \/>\n<br \/><a href=\"https:\/\/www.tribunaribeirao.com.br\/site\/botafogo-recebe-a-lusa-para-espantar-chances-de-rebaixamento\/\">Source link <\/a><\/p>\n<!-- CONTENT END 1 -->\n","protected":false},"excerpt":{"rendered":"<p>O Botafogo come\u00e7ou a temporada com a promessa de mais investimento e a forma\u00e7\u00e3o de um time que teria condi\u00e7\u00f5es de brigar pelo acesso para&#8230;<\/p>\n","protected":false},"author":1,"featured_media":39358,"comment_status":"open","ping_status":"open","sticky":false,"template":"","format":"standard","meta":{"advanced_seo_description":"","jetpack_seo_html_title":"","jetpack_seo_noindex":false,"jetpack_post_was_ever_published":false,"_jetpack_newsletter_access":"","_jetpack_dont_email_post_to_subs":false,"_jetpack_newsletter_tier_id":0,"_jetpack_memberships_contains_paywalled_content":false,"_jetpack_memberships_contains_paid_content":false,"footnotes":"","jetpack_publicize_message":"","jetpack_publicize_feature_enabled":true,"jetpack_social_post_already_shared":true,"jetpack_social_options":{"image_generator_settings":{"template":"highway","default_image_id":0,"font":"","enabled":false},"version":2}},"categories":[11],"tags":[52,1305,4502,4501,71,1351,407],"class_list":["post-39357","post","type-post","status-publish","format-standard","has-post-thumbnail","hentry","category-noticias-de-ribeirao-preto-sp-e-regiao-ismael-colosi","tag-botafogo","tag-chances","tag-espantar","tag-lusa","tag-para","tag-rebaixamento","tag-recebe"],"jetpack_publicize_connections":[],"jetpack_featured_media_url":"https:\/\/i0.wp.com\/noticiasribeiraopreto.com.br\/wp-content\/uploads\/2024\/02\/Botafogo-domingo-1-scaled.jpg?fit=967%2C645&ssl=1","jetpack-related-posts":[{"id":39385,"url":"https:\/\/noticiasribeiraopreto.com.br\/index.php\/2024\/02\/25\/botafogo-vence-a-lusa-e-alivia-pressao-de-rebaixamento\/","url_meta":{"origin":39357,"position":0},"title":"Botafogo vence a Lusa e alivia press\u00e3o de rebaixamento","author":"noticiasribeiraopreto.com.br","date":"25 de February de 2024","format":false,"excerpt":"25 de fevereiro de 2024 | 20:1425 de fevereiro de 2024 | 20:19 0O Botafogo venceu a Portuguesa por 2 a 1 na noite deste domingo no est\u00e1dio Santa Cruz, em Ribeir\u00e3o Preto. O Pantera n\u00e3o vencia h\u00e1 cinco rodadas no Paulist\u00e3o. Douglas Baggio, no primeiro tempo, e Patrick Brey,\u2026","rel":"","context":"In &quot;Not\u00edcias de Ribeir\u00e3o Preto-SP e Regi\u00e3o&quot;","block_context":{"text":"Not\u00edcias de Ribeir\u00e3o Preto-SP e Regi\u00e3o","link":"https:\/\/noticiasribeiraopreto.com.br\/index.php\/category\/noticias-de-ribeirao-preto-sp-e-regiao-ismael-colosi\/"},"img":{"alt_text":"","src":"https:\/\/i0.wp.com\/noticiasribeiraopreto.com.br\/wp-content\/uploads\/2024\/02\/botalusa2-scaled.jpg?fit=968%2C645&ssl=1&resize=350%2C200","width":350,"height":200,"srcset":"https:\/\/i0.wp.com\/noticiasribeiraopreto.com.br\/wp-content\/uploads\/2024\/02\/botalusa2-scaled.jpg?fit=968%2C645&ssl=1&resize=350%2C200 1x, https:\/\/i0.wp.com\/noticiasribeiraopreto.com.br\/wp-content\/uploads\/2024\/02\/botalusa2-scaled.jpg?fit=968%2C645&ssl=1&resize=525%2C300 1.5x, https:\/\/i0.wp.com\/noticiasribeiraopreto.com.br\/wp-content\/uploads\/2024\/02\/botalusa2-scaled.jpg?fit=968%2C645&ssl=1&resize=700%2C400 2x"},"classes":[]},{"id":59779,"url":"https:\/\/noticiasribeiraopreto.com.br\/index.php\/2024\/10\/30\/botafogo-vence-amazonas-fora-de-casa-e-sai-da-zona-de-rebaixamento-na-serie-b\/","url_meta":{"origin":39357,"position":1},"title":"Botafogo vence Amazonas fora de casa e sai da zona de rebaixamento na S\u00e9rie B","author":"noticiasribeiraopreto.com.br","date":"30 de October de 2024","format":false,"excerpt":"O Botafogo venceu o Amazonas por 1 a 0 e saiu da zona de rebaixamento do Campeonato Brasileiro da S\u00e9rie B. A partida foi realizada na noite desta ter\u00e7a-feira (29), na Arena da Amaz\u00f4nia, em Manaus. O Botafogo abriu o placar aos 11 minutos do segundo tempo com o capit\u00e3o\u2026","rel":"","context":"In &quot;Not\u00edcias de Ribeir\u00e3o Preto-SP e Regi\u00e3o&quot;","block_context":{"text":"Not\u00edcias de Ribeir\u00e3o Preto-SP e Regi\u00e3o","link":"https:\/\/noticiasribeiraopreto.com.br\/index.php\/category\/noticias-de-ribeirao-preto-sp-e-regiao-ismael-colosi\/"},"img":{"alt_text":"","src":"https:\/\/i0.wp.com\/noticiasribeiraopreto.com.br\/wp-content\/uploads\/2024\/10\/botafogo-amazonas_2024-10-30_02-14-01_jpeg_2024-10-30_02-14-02.webp.webp?fit=1200%2C800&ssl=1&resize=350%2C200","width":350,"height":200,"srcset":"https:\/\/i0.wp.com\/noticiasribeiraopreto.com.br\/wp-content\/uploads\/2024\/10\/botafogo-amazonas_2024-10-30_02-14-01_jpeg_2024-10-30_02-14-02.webp.webp?fit=1200%2C800&ssl=1&resize=350%2C200 1x, https:\/\/i0.wp.com\/noticiasribeiraopreto.com.br\/wp-content\/uploads\/2024\/10\/botafogo-amazonas_2024-10-30_02-14-01_jpeg_2024-10-30_02-14-02.webp.webp?fit=1200%2C800&ssl=1&resize=525%2C300 1.5x, https:\/\/i0.wp.com\/noticiasribeiraopreto.com.br\/wp-content\/uploads\/2024\/10\/botafogo-amazonas_2024-10-30_02-14-01_jpeg_2024-10-30_02-14-02.webp.webp?fit=1200%2C800&ssl=1&resize=700%2C400 2x, https:\/\/i0.wp.com\/noticiasribeiraopreto.com.br\/wp-content\/uploads\/2024\/10\/botafogo-amazonas_2024-10-30_02-14-01_jpeg_2024-10-30_02-14-02.webp.webp?fit=1200%2C800&ssl=1&resize=1050%2C600 3x"},"classes":[]},{"id":68766,"url":"https:\/\/noticiasribeiraopreto.com.br\/index.php\/2025\/04\/28\/botafogo-perde-para-o-goias-e-entra-na-zona-de-rebaixamento-da-serie-b\/","url_meta":{"origin":39357,"position":2},"title":"Botafogo perde para o Goi\u00e1s e entra na zona de rebaixamento da S\u00e9rie B","author":"noticiasribeiraopreto.com.br","date":"28 de April de 2025","format":false,"excerpt":"O Botafogo foi derrotado pelo Goi\u00e1s por 1 a 0 no Est\u00e1dio Santa Cruz, em Ribeir\u00e3o Preto, nesta segunda-feira (28). O time da casa, que entrou em campo com desfalques como Alexandre Jesus e Matheus R\u00e9gis, buscava a primeira vit\u00f3ria na S\u00e9rie B, mas acabou superado pelo Verd\u00e3o e entrou\u2026","rel":"","context":"In &quot;Not\u00edcias de Ribeir\u00e3o Preto-SP e Regi\u00e3o&quot;","block_context":{"text":"Not\u00edcias de Ribeir\u00e3o Preto-SP e Regi\u00e3o","link":"https:\/\/noticiasribeiraopreto.com.br\/index.php\/category\/noticias-de-ribeirao-preto-sp-e-regiao-ismael-colosi\/"},"img":{"alt_text":"","src":"https:\/\/i0.wp.com\/noticiasribeiraopreto.com.br\/wp-content\/uploads\/2025\/04\/Copia-de-Copia-de-Copia-de-TAMANHO-EXATO-PARA-FOTOS-NO-SISTEMA-NOVO-25_2025-04-29_00-28-50.webp.webp?fit=1200%2C675&ssl=1&resize=350%2C200","width":350,"height":200,"srcset":"https:\/\/i0.wp.com\/noticiasribeiraopreto.com.br\/wp-content\/uploads\/2025\/04\/Copia-de-Copia-de-Copia-de-TAMANHO-EXATO-PARA-FOTOS-NO-SISTEMA-NOVO-25_2025-04-29_00-28-50.webp.webp?fit=1200%2C675&ssl=1&resize=350%2C200 1x, https:\/\/i0.wp.com\/noticiasribeiraopreto.com.br\/wp-content\/uploads\/2025\/04\/Copia-de-Copia-de-Copia-de-TAMANHO-EXATO-PARA-FOTOS-NO-SISTEMA-NOVO-25_2025-04-29_00-28-50.webp.webp?fit=1200%2C675&ssl=1&resize=525%2C300 1.5x, https:\/\/i0.wp.com\/noticiasribeiraopreto.com.br\/wp-content\/uploads\/2025\/04\/Copia-de-Copia-de-Copia-de-TAMANHO-EXATO-PARA-FOTOS-NO-SISTEMA-NOVO-25_2025-04-29_00-28-50.webp.webp?fit=1200%2C675&ssl=1&resize=700%2C400 2x, https:\/\/i0.wp.com\/noticiasribeiraopreto.com.br\/wp-content\/uploads\/2025\/04\/Copia-de-Copia-de-Copia-de-TAMANHO-EXATO-PARA-FOTOS-NO-SISTEMA-NOVO-25_2025-04-29_00-28-50.webp.webp?fit=1200%2C675&ssl=1&resize=1050%2C600 3x"},"classes":[]},{"id":75532,"url":"https:\/\/noticiasribeiraopreto.com.br\/index.php\/2025\/08\/10\/botafogo-perde-para-o-atletico-go-e-segue-na-briga-contra-o-rebaixamento-da-serie-b\/","url_meta":{"origin":39357,"position":3},"title":"Botafogo perde para o Atl\u00e9tico-GO e segue na briga contra o rebaixamento da S\u00e9rie B","author":"noticiasribeiraopreto.com.br","date":"10 de August de 2025","format":false,"excerpt":"O Botafogo foi derrotado por 2 a 0 pelo Atl\u00e9tico-GO na noite deste domingo (10), pela S\u00e9rie B do Campeonato Brasileiro, em jogo realizado no est\u00e1dio Ant\u00f4nio Accioly. Com o resultado, o Pantera permanece na zona de rebaixamento, somando 21 pontos na tabela. Os dois gols da partida foram marcados\u2026","rel":"","context":"In &quot;Not\u00edcias de Ribeir\u00e3o Preto-SP e Regi\u00e3o&quot;","block_context":{"text":"Not\u00edcias de Ribeir\u00e3o Preto-SP e Regi\u00e3o","link":"https:\/\/noticiasribeiraopreto.com.br\/index.php\/category\/noticias-de-ribeirao-preto-sp-e-regiao-ismael-colosi\/"},"img":{"alt_text":"","src":"https:\/\/i0.wp.com\/noticiasribeiraopreto.com.br\/wp-content\/uploads\/2025\/08\/Copia-de-Copia-de-Copia-de-TAMANHO-EXATO-PARA-FOTOS-NO-SISTEMA-NOVO_2025-08-10_23-53-18.webp.webp?fit=1200%2C675&ssl=1&resize=350%2C200","width":350,"height":200,"srcset":"https:\/\/i0.wp.com\/noticiasribeiraopreto.com.br\/wp-content\/uploads\/2025\/08\/Copia-de-Copia-de-Copia-de-TAMANHO-EXATO-PARA-FOTOS-NO-SISTEMA-NOVO_2025-08-10_23-53-18.webp.webp?fit=1200%2C675&ssl=1&resize=350%2C200 1x, https:\/\/i0.wp.com\/noticiasribeiraopreto.com.br\/wp-content\/uploads\/2025\/08\/Copia-de-Copia-de-Copia-de-TAMANHO-EXATO-PARA-FOTOS-NO-SISTEMA-NOVO_2025-08-10_23-53-18.webp.webp?fit=1200%2C675&ssl=1&resize=525%2C300 1.5x, https:\/\/i0.wp.com\/noticiasribeiraopreto.com.br\/wp-content\/uploads\/2025\/08\/Copia-de-Copia-de-Copia-de-TAMANHO-EXATO-PARA-FOTOS-NO-SISTEMA-NOVO_2025-08-10_23-53-18.webp.webp?fit=1200%2C675&ssl=1&resize=700%2C400 2x, https:\/\/i0.wp.com\/noticiasribeiraopreto.com.br\/wp-content\/uploads\/2025\/08\/Copia-de-Copia-de-Copia-de-TAMANHO-EXATO-PARA-FOTOS-NO-SISTEMA-NOVO_2025-08-10_23-53-18.webp.webp?fit=1200%2C675&ssl=1&resize=1050%2C600 3x"},"classes":[]},{"id":78849,"url":"https:\/\/noticiasribeiraopreto.com.br\/index.php\/2025\/10\/19\/botafogo-empata-com-o-cuiaba-e-segue-na-luta-contra-o-rebaixamento\/","url_meta":{"origin":39357,"position":4},"title":"Botafogo empata com o Cuiab\u00e1 e segue na luta contra o rebaixamento","author":"noticiasribeiraopreto.com.br","date":"19 de October de 2025","format":false,"excerpt":"O Botafogo empatou com Cuiab\u00e1 em 2 a 2 na noite deste domingo (19), pela 33\u00aa rodada da S\u00e9rie B. Com o resultado, o Pantera permanece na 18\u00aa coloca\u00e7\u00e3o, a tr\u00eas pontos da Ferrovi\u00e1ria \u2014 primeira equipe fora da zona de rebaixamento. A equipe visitante abriu o placar aos 20\u2026","rel":"","context":"In &quot;Not\u00edcias de Ribeir\u00e3o Preto-SP e Regi\u00e3o&quot;","block_context":{"text":"Not\u00edcias de Ribeir\u00e3o Preto-SP e Regi\u00e3o","link":"https:\/\/noticiasribeiraopreto.com.br\/index.php\/category\/noticias-de-ribeirao-preto-sp-e-regiao-ismael-colosi\/"},"img":{"alt_text":"","src":"https:\/\/i0.wp.com\/noticiasribeiraopreto.com.br\/wp-content\/uploads\/2025\/10\/0f4ed8eb-6f27-4105-8425-d43d3133b0ed_2025-10-19_23-24-22.webp.webp?fit=1200%2C800&ssl=1&resize=350%2C200","width":350,"height":200,"srcset":"https:\/\/i0.wp.com\/noticiasribeiraopreto.com.br\/wp-content\/uploads\/2025\/10\/0f4ed8eb-6f27-4105-8425-d43d3133b0ed_2025-10-19_23-24-22.webp.webp?fit=1200%2C800&ssl=1&resize=350%2C200 1x, https:\/\/i0.wp.com\/noticiasribeiraopreto.com.br\/wp-content\/uploads\/2025\/10\/0f4ed8eb-6f27-4105-8425-d43d3133b0ed_2025-10-19_23-24-22.webp.webp?fit=1200%2C800&ssl=1&resize=525%2C300 1.5x, https:\/\/i0.wp.com\/noticiasribeiraopreto.com.br\/wp-content\/uploads\/2025\/10\/0f4ed8eb-6f27-4105-8425-d43d3133b0ed_2025-10-19_23-24-22.webp.webp?fit=1200%2C800&ssl=1&resize=700%2C400 2x, https:\/\/i0.wp.com\/noticiasribeiraopreto.com.br\/wp-content\/uploads\/2025\/10\/0f4ed8eb-6f27-4105-8425-d43d3133b0ed_2025-10-19_23-24-22.webp.webp?fit=1200%2C800&ssl=1&resize=1050%2C600 3x"},"classes":[]},{"id":59449,"url":"https:\/\/noticiasribeiraopreto.com.br\/index.php\/2024\/10\/24\/botafogo-sp-entra-na-zona-de-rebaixamento-apos-derrota-para-o-ituano-com-um-jogador-a-menos\/","url_meta":{"origin":39357,"position":5},"title":"Botafogo-SP Entra na Zona de Rebaixamento Ap\u00f3s Derrota para o Ituano com Um Jogador a Menos","author":"noticiasribeiraopreto.com.br","date":"24 de October de 2024","format":false,"excerpt":"O Botafogo-SP vive um momento cr\u00edtico na S\u00e9rie B do Campeonato Brasileiro ap\u00f3s a derrota por 2 a 1 para o Ituano, fora de casa. A partida, realizada no Est\u00e1dio Novelli J\u00fanior, em Itu, foi marcada pela expuls\u00e3o de T\u00e1rik, do Botafogo-SP, logo no in\u00edcio do segundo tempo, o que\u2026","rel":"","context":"In &quot;Not\u00edcias de Ribeir\u00e3o Preto-SP e Regi\u00e3o&quot;","block_context":{"text":"Not\u00edcias de Ribeir\u00e3o Preto-SP e Regi\u00e3o","link":"https:\/\/noticiasribeiraopreto.com.br\/index.php\/category\/noticias-de-ribeirao-preto-sp-e-regiao-ismael-colosi\/"},"img":{"alt_text":"","src":"https:\/\/i0.wp.com\/noticiasribeiraopreto.com.br\/wp-content\/uploads\/2024\/10\/Imagem-do-WhatsApp-de-2024-10-23-as-21.02.55_957e907c_2024-10-24_00-35-02_jpg_2024-10-24_00-35-02-1536x1023-1.webp.webp?fit=1200%2C799&ssl=1&resize=350%2C200","width":350,"height":200,"srcset":"https:\/\/i0.wp.com\/noticiasribeiraopreto.com.br\/wp-content\/uploads\/2024\/10\/Imagem-do-WhatsApp-de-2024-10-23-as-21.02.55_957e907c_2024-10-24_00-35-02_jpg_2024-10-24_00-35-02-1536x1023-1.webp.webp?fit=1200%2C799&ssl=1&resize=350%2C200 1x, https:\/\/i0.wp.com\/noticiasribeiraopreto.com.br\/wp-content\/uploads\/2024\/10\/Imagem-do-WhatsApp-de-2024-10-23-as-21.02.55_957e907c_2024-10-24_00-35-02_jpg_2024-10-24_00-35-02-1536x1023-1.webp.webp?fit=1200%2C799&ssl=1&resize=525%2C300 1.5x, https:\/\/i0.wp.com\/noticiasribeiraopreto.com.br\/wp-content\/uploads\/2024\/10\/Imagem-do-WhatsApp-de-2024-10-23-as-21.02.55_957e907c_2024-10-24_00-35-02_jpg_2024-10-24_00-35-02-1536x1023-1.webp.webp?fit=1200%2C799&ssl=1&resize=700%2C400 2x, https:\/\/i0.wp.com\/noticiasribeiraopreto.com.br\/wp-content\/uploads\/2024\/10\/Imagem-do-WhatsApp-de-2024-10-23-as-21.02.55_957e907c_2024-10-24_00-35-02_jpg_2024-10-24_00-35-02-1536x1023-1.webp.webp?fit=1200%2C799&ssl=1&resize=1050%2C600 3x"},"classes":[]}],"jetpack_sharing_enabled":true,"jetpack_shortlink":"https:\/\/wp.me\/peQAOb-aeN","_links":{"self":[{"href":"https:\/\/noticiasribeiraopreto.com.br\/index.php\/wp-json\/wp\/v2\/posts\/39357","targetHints":{"allow":["GET"]}}],"collection":[{"href":"https:\/\/noticiasribeiraopreto.com.br\/index.php\/wp-json\/wp\/v2\/posts"}],"about":[{"href":"https:\/\/noticiasribeiraopreto.com.br\/index.php\/wp-json\/wp\/v2\/types\/post"}],"author":[{"embeddable":true,"href":"https:\/\/noticiasribeiraopreto.com.br\/index.php\/wp-json\/wp\/v2\/users\/1"}],"replies":[{"embeddable":true,"href":"https:\/\/noticiasribeiraopreto.com.br\/index.php\/wp-json\/wp\/v2\/comments?post=39357"}],"version-history":[{"count":0,"href":"https:\/\/noticiasribeiraopreto.com.br\/index.php\/wp-json\/wp\/v2\/posts\/39357\/revisions"}],"wp:featuredmedia":[{"embeddable":true,"href":"https:\/\/noticiasribeiraopreto.com.br\/index.php\/wp-json\/wp\/v2\/media\/39358"}],"wp:attachment":[{"href":"https:\/\/noticiasribeiraopreto.com.br\/index.php\/wp-json\/wp\/v2\/media?parent=39357"}],"wp:term":[{"taxonomy":"category","embeddable":true,"href":"https:\/\/noticiasribeiraopreto.com.br\/index.php\/wp-json\/wp\/v2\/categories?post=39357"},{"taxonomy":"post_tag","embeddable":true,"href":"https:\/\/noticiasribeiraopreto.com.br\/index.php\/wp-json\/wp\/v2\/tags?post=39357"}],"curies":[{"name":"wp","href":"https:\/\/api.w.org\/{rel}","templated":true}]}}