{"id":39365,"date":"2024-02-25T14:16:48","date_gmt":"2024-02-25T17:16:48","guid":{"rendered":"https:\/\/noticiasribeiraopreto.com.br\/index.php\/2024\/02\/25\/governo-paulista-vai-fazer-13-leiloes-este-ano\/"},"modified":"2024-02-25T14:16:48","modified_gmt":"2024-02-25T17:16:48","slug":"governo-paulista-vai-fazer-13-leiloes-este-ano","status":"publish","type":"post","link":"https:\/\/noticiasribeiraopreto.com.br\/index.php\/2024\/02\/25\/governo-paulista-vai-fazer-13-leiloes-este-ano\/","title":{"rendered":"Governo paulista vai fazer 13 leil\u00f5es este ano"},"content":{"rendered":"<div class='code-block code-block-1' style='margin: 8px 0 8px auto; text-align: right; display: block; clear: both;'>\n<p><a href=\"https:\/\/wa.link\/vpicfd\"><img data-recalc-dims=\"1\" class=\"wp-image-4922\" style=\"aspect-ratio: 2.0253164556962027; width: 561px; height: auto;\" src=\"https:\/\/i0.wp.com\/ismaelcolosi.com.br\/wp-content\/uploads\/2023\/11\/grupo-de-empregos-whatsapp-e-facebook-ismael-colosi-vagas.jpg?ssl=1\" alt=\"\" \/><\/a><\/p>\n<!-- \/wp:image -->\n<\/div>\n<p> <br \/>\n<\/p>\n<div>\n<p><span data-contrast=\"auto\">A partir do dia 29 de fevereiro o Governo do Estado de S\u00e3o Paulo inicia uma s\u00e9rie de leil\u00f5es que at\u00e9 o final do ano devem atingir 13 certames. O Trem Intercidades Eixo Norte, que ligar\u00e1 S\u00e3o Paulo a Campinas, ser\u00e1 o primeiro projeto a ser leiloado pelo Estado este ano.<\/span><span data-ccp-props=\"{&quot;201341983&quot;:0,&quot;335559739&quot;:0,&quot;335559740&quot;:240}\">\u00a0<\/span><\/p>\n<p><span data-contrast=\"auto\">O projeto ser\u00e1 implementado por meio de Parceria P\u00fablico-Privada (PPP), com investimento previsto de R$ 13,5 bilh\u00f5es. O empreendimento ir\u00e1 beneficiar cerca de 15 milh\u00f5es de pessoas em 11 munic\u00edpios, gerando mais de 10,5 mil empregos, entre diretos, indiretos e induzidos.<\/span><span data-ccp-props=\"{&quot;201341983&quot;:0,&quot;335559739&quot;:0,&quot;335559740&quot;:240}\">\u00a0<\/span><\/p>\n<p><span data-contrast=\"auto\">O projeto incluir\u00e1 um servi\u00e7o expresso, com tr\u00eas esta\u00e7\u00f5es, entre a capital e o munic\u00edpio campineiro. Ele tamb\u00e9m contempla a implanta\u00e7\u00e3o do Trem Inter metropolitano, entre Campinas e Jundia\u00ed, e a concess\u00e3o da Linha 7-Rubi da Companhia Paulista de Trens Metropolitanos (CPTM).<\/span><span data-ccp-props=\"{&quot;201341983&quot;:0,&quot;335559739&quot;:0,&quot;335559740&quot;:240}\">\u00a0<\/span><\/p>\n<p><span data-contrast=\"auto\">O novo sistema vai melhorar e ampliar a mobilidade entre as regi\u00f5es metropolitanas de S\u00e3o Paulo, Jundia\u00ed e Campinas e ter\u00e1 101 km de trajeto, com servi\u00e7o expresso entre a esta\u00e7\u00e3o Barra Funda, na capital, e Campinas, e uma parada em Jundia\u00ed. J\u00e1 o sistema Inter metropolitano ter\u00e1 esta\u00e7\u00f5es em Jundia\u00ed, Louveira, Vinhedo, Valinhos e Campinas. O trem ser\u00e1 o mais r\u00e1pido do Brasil, alcan\u00e7ando at\u00e9 140 km\/h.<\/span><span data-ccp-props=\"{&quot;201341983&quot;:0,&quot;335559739&quot;:0,&quot;335559740&quot;:240}\">\u00a0<\/span><\/p>\n<p><span data-contrast=\"auto\">Para se ter uma ideia, ele ser\u00e1 quase quatro vezes mais r\u00e1pido que o trem que liga as cidades de Curitiba a Morretes, no Paran\u00e1. O trem percorre esse trajeto a uma velocidade m\u00e9dia de 25 km\/h em cerca de quatro horas.<\/span><span data-ccp-props=\"{&quot;201341983&quot;:0,&quot;335559739&quot;:0,&quot;335559740&quot;:240}\">\u00a0<\/span><\/p>\n<p><span data-contrast=\"auto\">O modelo de trem intercidades j\u00e1 \u00e9 conhecido mundialmente. O trajeto entre Londres e Birmingham, na Inglaterra, por exemplo, tem cerca de 163 quil\u00f4metros. O circuito Lisboa-Porto \u00e9 outro trajeto europeu conhecido. Ainda assim, o TIC S\u00e3o Paulo Campinas ser\u00e1 mais r\u00e1pido. O trem entre essas duas famosas cidades portuguesas percorre o trajeto a uma velocidade m\u00e9dia de 72 km\/h.<\/span><span data-ccp-props=\"{&quot;201341983&quot;:0,&quot;335559739&quot;:0,&quot;335559740&quot;:240}\">\u00a0<\/span><\/p>\n<p><b><span data-contrast=\"auto\">Pr\u00f3ximos leil\u00f5es<\/span><\/b><span data-ccp-props=\"{&quot;201341983&quot;:0,&quot;335559739&quot;:0,&quot;335559740&quot;:240}\">\u00a0<\/span><\/p>\n<p><span data-contrast=\"auto\">Al\u00e9m do Trem Intercidades, o Governo de S\u00e3o Paulo tem outros 12 projetos para leil\u00e3o em 2024. Na \u00e1rea de rodovias, o lote do Litoral Paulista vai a leil\u00e3o no dia 16 de abril. O Estado tamb\u00e9m far\u00e1 a licita\u00e7\u00e3o do t\u00fanel imerso Santos-Guaruj\u00e1, que ter\u00e1 a parceria do governo federal, e dos lotes rodovi\u00e1rios Nova Raposo, Rota Sorocabana e Lote Paranapanema.<\/span><span data-ccp-props=\"{&quot;201341983&quot;:0,&quot;335559739&quot;:0,&quot;335559740&quot;:240}\">\u00a0<\/span><\/p>\n<p><span data-contrast=\"auto\">A lista inclui ainda as desestatiza\u00e7\u00f5es da Empresa Metropolitana de \u00c1guas e Energia (Emae). No eixo social, o Governo de S\u00e3o Paulo vai propor uma PPP para constru\u00e7\u00e3o, manuten\u00e7\u00e3o dos pr\u00e9dios e opera\u00e7\u00e3o de servi\u00e7os n\u00e3o pedag\u00f3gicos de 33 novas escolas.<\/span><span data-ccp-props=\"{&quot;201341983&quot;:0,&quot;335559739&quot;:0,&quot;335559740&quot;:240}\">\u00a0<\/span><\/p>\n<p><span data-contrast=\"auto\">A concess\u00e3o de servi\u00e7os lot\u00e9ricos estaduais \u00e9 outro projeto previsto, como nova fonte de recursos para financiamento de pol\u00edticas p\u00fablicas. O Estado tamb\u00e9m vai leiloar a concess\u00e3o da constru\u00e7\u00e3o de moradias na regi\u00e3o central da capital \u2013 o projeto prev\u00ea mais de 5,5 mil moradias nos tr\u00eas primeiros anos.<\/span><span data-ccp-props=\"{&quot;201341983&quot;:0,&quot;335559739&quot;:0,&quot;335559740&quot;:240}\">\u00a0<\/span><\/p>\n<p><b><span data-contrast=\"auto\">Governo ouviu popula\u00e7\u00e3o sobre trem tur\u00edstico em Ribeir\u00e3o Preto<\/span><\/b><span data-ccp-props=\"{&quot;201341983&quot;:0,&quot;335559739&quot;:0,&quot;335559740&quot;:240}\">\u00a0<\/span><\/p>\n<p><span data-contrast=\"auto\">A Secretaria de Turismo e Viagens de S\u00e3o Paulo realizou, no final do ano passado, audi\u00eancia p\u00fablica virtual para ouvir a popula\u00e7\u00e3o sobre a cria\u00e7\u00e3o de dez trens tur\u00edsticos na malha ferrovi\u00e1ria de S\u00e3o Paulo, em trechos como Cruzeiro-Passa Quatro (MG) e Boituva \u2013 Laranjal Paulista, al\u00e9m de Ribeir\u00e3o Preto-Tamba\u00fa.\u00a0<\/span><span data-ccp-props=\"{&quot;201341983&quot;:0,&quot;335559739&quot;:0,&quot;335559740&quot;:240}\">\u00a0<\/span><\/p>\n<p><span data-contrast=\"auto\">O objetivo da consulta foi mapear as oportunidades de desenvolvimento do setor e enfrentar os principais desafios dos empreendedores com a miss\u00e3o de tra\u00e7ar as diretrizes para a produ\u00e7\u00e3o de uma pol\u00edtica de estado de fomento ao turismo ferrovi\u00e1rio.<\/span><span data-ccp-props=\"{&quot;201341983&quot;:0,&quot;335559739&quot;:0,&quot;335559740&quot;:240}\">\u00a0<\/span><\/p>\n<p><span data-contrast=\"auto\">A constru\u00e7\u00e3o do Plano Estadual de Turismo Ferrovi\u00e1rio \u00e9 um esfor\u00e7o de tr\u00eas secretarias de Estado: Turismo de S\u00e3o Paulo, Transportes Metropolitanos e Cultura, Economia e Ind\u00fastria Criativas, al\u00e9m de autoridades municipais e organiza\u00e7\u00f5es ligadas ao setor.<\/span><span data-ccp-props=\"{&quot;201341983&quot;:0,&quot;335559739&quot;:0,&quot;335559740&quot;:240}\">\u00a0<\/span><\/p>\n<p><span data-contrast=\"auto\">Um dos objetivos da pol\u00edtica p\u00fablica \u00e9 estimular a retomada de um modal de grande apelo para o turismo, acrescentando pelo menos 10 trens tur\u00edsticos \u00e0 malha ferrovi\u00e1ria de SP, em trechos como Cruzeiro-Passa-Quatro (MG), Boituva-Laranjal Paulista, Tamba\u00fa-Ribeir\u00e3o Preto, entre outros.\u00a0 O levantamento ainda est\u00e1 sendo finalizado e inclui um mapeamento das ferrovias e dos destinos tur\u00edsticos de potencial, metas de curto, m\u00e9dio e longo prazos.<\/span><span data-ccp-props=\"{&quot;201341983&quot;:0,&quot;335559739&quot;:0,&quot;335559740&quot;:240}\">\u00a0<\/span><\/p>\n<p><b><span data-contrast=\"auto\">C\u00e2mara discute Ve\u00edculos Sobre Trilhos<\/span><\/b><span data-ccp-props=\"{&quot;201341983&quot;:0,&quot;335559739&quot;:0,&quot;335559740&quot;:240}\">\u00a0<\/span><\/p>\n<figure id=\"attachment_374882\" aria-describedby=\"caption-attachment-374882\" style=\"width: 300px\" class=\"wp-caption alignleft\"><noscript><img data-recalc-dims=\"1\" loading=\"lazy\" decoding=\"async\" class=\"size-medium wp-image-374882\" src=\"https:\/\/i0.wp.com\/www.tribunaribeirao.com.br\/site\/wp-content\/uploads\/2024\/02\/1-foto-2-box-cee-trem-sobetrilhos-crditoThaisacoroado-300x200.jpg?resize=300%2C200&#038;ssl=1\" alt=\"\" width=\"300\" height=\"200\" srcset=\"https:\/\/www.tribunaribeirao.com.br\/site\/wp-content\/uploads\/2024\/02\/1-foto-2-box-cee-trem-sobetrilhos-crditoThaisacoroado-300x200.jpg 300w, https:\/\/www.tribunaribeirao.com.br\/site\/wp-content\/uploads\/2024\/02\/1-foto-2-box-cee-trem-sobetrilhos-crditoThaisacoroado-1024x683.jpg 1024w, https:\/\/www.tribunaribeirao.com.br\/site\/wp-content\/uploads\/2024\/02\/1-foto-2-box-cee-trem-sobetrilhos-crditoThaisacoroado-768x512.jpg 768w, https:\/\/www.tribunaribeirao.com.br\/site\/wp-content\/uploads\/2024\/02\/1-foto-2-box-cee-trem-sobetrilhos-crditoThaisacoroado-1536x1024.jpg 1536w, https:\/\/www.tribunaribeirao.com.br\/site\/wp-content\/uploads\/2024\/02\/1-foto-2-box-cee-trem-sobetrilhos-crditoThaisacoroado-480x320.jpg 480w, https:\/\/www.tribunaribeirao.com.br\/site\/wp-content\/uploads\/2024\/02\/1-foto-2-box-cee-trem-sobetrilhos-crditoThaisacoroado-280x186.jpg 280w, https:\/\/www.tribunaribeirao.com.br\/site\/wp-content\/uploads\/2024\/02\/1-foto-2-box-cee-trem-sobetrilhos-crditoThaisacoroado-1920x1280.jpg 1920w, https:\/\/www.tribunaribeirao.com.br\/site\/wp-content\/uploads\/2024\/02\/1-foto-2-box-cee-trem-sobetrilhos-crditoThaisacoroado-960x640.jpg 960w, https:\/\/www.tribunaribeirao.com.br\/site\/wp-content\/uploads\/2024\/02\/1-foto-2-box-cee-trem-sobetrilhos-crditoThaisacoroado-600x400.jpg 600w, https:\/\/www.tribunaribeirao.com.br\/site\/wp-content\/uploads\/2024\/02\/1-foto-2-box-cee-trem-sobetrilhos-crditoThaisacoroado-585x390.jpg 585w, https:\/\/www.tribunaribeirao.com.br\/site\/wp-content\/uploads\/2024\/02\/1-foto-2-box-cee-trem-sobetrilhos-crditoThaisacoroado-scaled.jpg 967w\" sizes=\"auto, (max-width: 300px) 100vw, 300px\"\/><\/noscript><figcaption id=\"caption-attachment-374882\" class=\"wp-caption-text\">Comiss\u00e3o Especial de Estudos (CEE) da C\u00e2mara Municipal analisa a viabilidade da implementa\u00e7\u00e3o de Ve\u00edculos Leves Sobre Trilhos na cidade\u00a0(Thaisa Coroado\u00a0)<\/figcaption><\/figure>\n<p><span data-contrast=\"auto\">A Comiss\u00e3o Especial de Estudos (CEE) da C\u00e2mara Municipal de Ribeir\u00e3o Preto, que analisa a viabilidade da implementa\u00e7\u00e3o de Ve\u00edculos Leves Sobre Trilhos (VLT) na cidade se reuniu na ter\u00e7a-feira (20), na Sala de Comiss\u00f5es da C\u00e2mara Municipal.<\/span><span data-ccp-props=\"{&quot;201341983&quot;:0,&quot;335559739&quot;:0,&quot;335559740&quot;:240}\">\u00a0<\/span><\/p>\n<p><span data-contrast=\"auto\">Conduzida pelo vereador Alessandro Maraca (MDB), que preside a comiss\u00e3o, a reuni\u00e3o contou com as presen\u00e7as dos vereadores membros da CEE, Renato Zucoloto (PP) e Brando Veiga (Republicanos). O vereador Andr\u00e9 Rodini (Novo) tamb\u00e9m acompanhou a reuni\u00e3o como convidado.<\/span><span data-ccp-props=\"{&quot;201341983&quot;:0,&quot;335559739&quot;:0,&quot;335559740&quot;:240}\">\u00a0<\/span><\/p>\n<p><span data-contrast=\"auto\">A comiss\u00e3o ouviu t\u00e9cnicos da RP Mobi que responderam \u00e0s quest\u00f5es dos vereadores sobre o que falta para que Ribeir\u00e3o Preto possa implementar, num futuro pr\u00f3ximo, o sistema de VLT. De acordo com os t\u00e9cnicos, esse tipo de sistema \u00e9 um projeto que deve ser pensado de m\u00e9dio a longo prazo devido \u00e0s suas complexidades, mas que com o planejamento correto seria perfeitamente poss\u00edvel sua implementa\u00e7\u00e3o.<\/span><span data-ccp-props=\"{&quot;201341983&quot;:0,&quot;335559739&quot;:0,&quot;335559740&quot;:240}\">\u00a0<\/span><\/p>\n<p><b><span data-contrast=\"auto\">Trens tur\u00edsticos existentes atualmente no Estado<\/span><\/b><span data-ccp-props=\"{&quot;201341983&quot;:0,&quot;335559739&quot;:0,&quot;335559740&quot;:240}\">\u00a0<\/span><\/p>\n<p><b><span data-contrast=\"auto\">Expresso Tur\u00edstico CPTM<\/span><\/b><span data-ccp-props=\"{&quot;201341983&quot;:0,&quot;335559739&quot;:0,&quot;335559740&quot;:240}\">\u00a0<\/span><\/p>\n<p><span data-contrast=\"auto\">Promove passeios que saem da Esta\u00e7\u00e3o da Luz, no centro de S\u00e3o Paulo, para Jundia\u00ed, Paranapiacaba ou Mogi das Cruzes. Os passeios s\u00e3o feitos em uma locomotiva a diesel, modelo Alco RS-3 de 1952 com dura\u00e7\u00e3o de 1h30 de viagem.<\/span><span data-ccp-props=\"{&quot;201341983&quot;:0,&quot;335559739&quot;:0,&quot;335559740&quot;:240}\">\u00a0<\/span><\/p>\n<p><span data-ccp-props=\"{&quot;201341983&quot;:0,&quot;335559739&quot;:0,&quot;335559740&quot;:240}\">\u00a0<\/span><\/p>\n<p><b><span data-contrast=\"auto\">Maria Fuma\u00e7a de Campinas<\/span><\/b><span data-ccp-props=\"{&quot;201341983&quot;:0,&quot;335559739&quot;:0,&quot;335559740&quot;:240}\">\u00a0<\/span><\/p>\n<p><span data-contrast=\"auto\">A bordo de uma locomotiva de 1958, o visitante viaja pelos antigos trilhos da Companhia Mogiana de Estradas de Ferro com destino a Jaguari\u00fana. S\u00e3o seis esta\u00e7\u00f5es durante o trajeto e, ao chegar ao final, o trem faz uma pausa de 30 a 40 minutos \u2013 a viagem tem dura\u00e7\u00e3o total de 3h30.<\/span><span data-ccp-props=\"{&quot;201341983&quot;:0,&quot;335559739&quot;:0,&quot;335559740&quot;:240}\">\u00a0<\/span><\/p>\n<p><span data-ccp-props=\"{&quot;201341983&quot;:0,&quot;335559739&quot;:0,&quot;335559740&quot;:240}\">\u00a0<\/span><\/p>\n<p><b><span data-contrast=\"auto\">Trem Republicano<\/span><\/b><span data-ccp-props=\"{&quot;201341983&quot;:0,&quot;335559739&quot;:0,&quot;335559740&quot;:240}\">\u00a0<\/span><\/p>\n<p><span data-contrast=\"auto\">Trem Republicano parte das esta\u00e7\u00f5es de Itu e Salto. A ferrovia, com apenas sete quil\u00f4metros de extens\u00e3o, foi determinante para a escolha de Itu como o local da primeira Conven\u00e7\u00e3o Republicana do pa\u00eds.<\/span><span data-ccp-props=\"{&quot;201341983&quot;:0,&quot;335559739&quot;:0,&quot;335559740&quot;:240}\">\u00a0<\/span><\/p>\n<p><span data-ccp-props=\"{&quot;201341983&quot;:0,&quot;335559739&quot;:0,&quot;335559740&quot;:240}\">\u00a0<\/span><\/p>\n<p><b><span data-contrast=\"auto\">Trem de Guararema<\/span><\/b><span data-ccp-props=\"{&quot;201341983&quot;:0,&quot;335559739&quot;:0,&quot;335559740&quot;:240}\">\u00a0<\/span><\/p>\n<p><span data-contrast=\"auto\">O Trem de Guararema \u00e9 operado pela Regional Sul de Minas da ABPF na cidade de Guararema. O trem parte da esta\u00e7\u00e3o central de Guararema, km 426 do Ramal de S\u00e3o Paulo da antiga Estrada de Ferro Central do Brasil, e segue em dire\u00e7\u00e3o \u00e0 esta\u00e7\u00e3o Lu\u00eds Carlos, localizada no km 433 da ferrovia, na vila de mesmo nome, totalizando 14 km de passeio (ida e volta).<\/span><span data-ccp-props=\"{&quot;201341983&quot;:0,&quot;335559739&quot;:0,&quot;335559740&quot;:240}\">\u00a0<\/span><\/p>\n<p><span data-ccp-props=\"{&quot;201341983&quot;:0,&quot;335559739&quot;:0,&quot;335559740&quot;:240}\">\u00a0<\/span><\/p>\n<\/div>\n<p><br \/>\n<br \/><a href=\"https:\/\/www.tribunaribeirao.com.br\/site\/governo-paulista-vai-fazer-13-leiloes-este-ano\/\">Source link <\/a><\/p>\n<!-- CONTENT END 1 -->\n","protected":false},"excerpt":{"rendered":"<p>A partir do dia 29 de fevereiro o Governo do Estado de S\u00e3o Paulo inicia uma s\u00e9rie de leil\u00f5es que at\u00e9 o final do ano&#8230;<\/p>\n","protected":false},"author":1,"featured_media":39366,"comment_status":"open","ping_status":"open","sticky":false,"template":"","format":"standard","meta":{"advanced_seo_description":"","jetpack_seo_html_title":"","jetpack_seo_noindex":false,"jetpack_post_was_ever_published":false,"_jetpack_newsletter_access":"","_jetpack_dont_email_post_to_subs":false,"_jetpack_newsletter_tier_id":0,"_jetpack_memberships_contains_paywalled_content":false,"_jetpack_memberships_contains_paid_content":false,"footnotes":"","jetpack_publicize_message":"","jetpack_publicize_feature_enabled":true,"jetpack_social_post_already_shared":true,"jetpack_social_options":{"image_generator_settings":{"template":"highway","default_image_id":0,"font":"","enabled":false},"version":2}},"categories":[11],"tags":[681,220,284,1271,2178,762,529],"class_list":["post-39365","post","type-post","status-publish","format-standard","has-post-thumbnail","hentry","category-noticias-de-ribeirao-preto-sp-e-regiao-ismael-colosi","tag-ano","tag-este","tag-fazer","tag-governo","tag-leiloes","tag-paulista","tag-vai"],"jetpack_publicize_connections":[],"jetpack_featured_media_url":"https:\/\/i0.wp.com\/noticiasribeiraopreto.com.br\/wp-content\/uploads\/2024\/02\/1-LEILOES-trem-intercidades-creditoreproducao.jpg?fit=696%2C392&ssl=1","jetpack-related-posts":[{"id":35182,"url":"https:\/\/noticiasribeiraopreto.com.br\/index.php\/2024\/02\/05\/tarcisio-vai-a-europa-mostrar-sabesp-sbsp3-e-outros-itens-do-cardapio-de-leiloes-de-privatizacao-e-concessao-aos-investidores\/","url_meta":{"origin":39365,"position":0},"title":"Tarc\u00edsio vai \u00e0 Europa mostrar Sabesp (SBSP3) e outros itens do card\u00e1pio de leil\u00f5es de privatiza\u00e7\u00e3o e concess\u00e3o aos investidores","author":"noticiasribeiraopreto.com.br","date":"5 de February de 2024","format":false,"excerpt":"O governador de S\u00e3o Paulo, Tarcisio de Freitas (Republicanos-SP), vai passar a semana viajando pela Europa para mostrar a potenciais investidores a carteira de leil\u00f5es de privatiza\u00e7\u00e3o e concess\u00e3o previstos para os pr\u00f3ximos anos. A j\u00f3ia da coroa do Estado \u00e9, sem d\u00favidas, a Sabesp (SBSP3). A empresa de \u00e1guas\u2026","rel":"","context":"In &quot;Dinheiro e Investimento&quot;","block_context":{"text":"Dinheiro e Investimento","link":"https:\/\/noticiasribeiraopreto.com.br\/index.php\/category\/dinheiro-e-investimento-como-fazer-como-ganhar\/"},"img":{"alt_text":"","src":"https:\/\/i0.wp.com\/noticiasribeiraopreto.com.br\/wp-content\/uploads\/2024\/02\/2-715x402.jpg?fit=715%2C402&ssl=1&resize=350%2C200","width":350,"height":200,"srcset":"https:\/\/i0.wp.com\/noticiasribeiraopreto.com.br\/wp-content\/uploads\/2024\/02\/2-715x402.jpg?fit=715%2C402&ssl=1&resize=350%2C200 1x, https:\/\/i0.wp.com\/noticiasribeiraopreto.com.br\/wp-content\/uploads\/2024\/02\/2-715x402.jpg?fit=715%2C402&ssl=1&resize=525%2C300 1.5x, https:\/\/i0.wp.com\/noticiasribeiraopreto.com.br\/wp-content\/uploads\/2024\/02\/2-715x402.jpg?fit=715%2C402&ssl=1&resize=700%2C400 2x"},"classes":[]},{"id":40124,"url":"https:\/\/noticiasribeiraopreto.com.br\/index.php\/2024\/03\/01\/trem-sp-campinas-vai-operar-em-2031\/","url_meta":{"origin":39365,"position":1},"title":"Trem SP-Campinas vai operar em 2031","author":"noticiasribeiraopreto.com.br","date":"1 de March de 2024","format":false,"excerpt":"1 de mar\u00e7o de 2024 | 10:001 de mar\u00e7o de 2024 | 8:36 0O governador Tarc\u00edsio de Freitas (Republicanos) voltou \u00e0 sede da B3 nesta quinta-feira, 29 de fevereiro, para bater o martelo no leil\u00e3o internacional de concess\u00e3o do Trem Intercidades (TIC) Eixo Norte, que vai ligar a cidade de\u2026","rel":"","context":"In &quot;Not\u00edcias de Ribeir\u00e3o Preto-SP e Regi\u00e3o&quot;","block_context":{"text":"Not\u00edcias de Ribeir\u00e3o Preto-SP e Regi\u00e3o","link":"https:\/\/noticiasribeiraopreto.com.br\/index.php\/category\/noticias-de-ribeirao-preto-sp-e-regiao-ismael-colosi\/"},"img":{"alt_text":"","src":"https:\/\/i0.wp.com\/noticiasribeiraopreto.com.br\/wp-content\/uploads\/2024\/03\/TremRP-TIC-Governo-de-Sao-Paulo-scaled.jpg?fit=1000%2C555&ssl=1&resize=350%2C200","width":350,"height":200,"srcset":"https:\/\/i0.wp.com\/noticiasribeiraopreto.com.br\/wp-content\/uploads\/2024\/03\/TremRP-TIC-Governo-de-Sao-Paulo-scaled.jpg?fit=1000%2C555&ssl=1&resize=350%2C200 1x, https:\/\/i0.wp.com\/noticiasribeiraopreto.com.br\/wp-content\/uploads\/2024\/03\/TremRP-TIC-Governo-de-Sao-Paulo-scaled.jpg?fit=1000%2C555&ssl=1&resize=525%2C300 1.5x, https:\/\/i0.wp.com\/noticiasribeiraopreto.com.br\/wp-content\/uploads\/2024\/03\/TremRP-TIC-Governo-de-Sao-Paulo-scaled.jpg?fit=1000%2C555&ssl=1&resize=700%2C400 2x"},"classes":[]},{"id":22316,"url":"https:\/\/noticiasribeiraopreto.com.br\/index.php\/2023\/12\/29\/tarcisio-pega-emprestimo-de-r-23-bilhoes-com-o-bid-para-programa-de-melhoria-das-rodovias-de-sao-paulo\/","url_meta":{"origin":39365,"position":2},"title":"Tarc\u00edsio pega empr\u00e9stimo de R$ 2,3 bilh\u00f5es com o BID para programa de melhoria das rodovias de S\u00e3o Paulo","author":"noticiasribeiraopreto.com.br","date":"29 de December de 2023","format":false,"excerpt":"O governo de Tarc\u00edsio de Freitas (Republicanos) assinou um financiamento de US$ 480,1 milh\u00f5es (R$ 2,3 bilh\u00f5es em valores atuais) com o Banco Interamericano de Desenvolvimento (BID) para o Programa de Investimento Rodovi\u00e1rio do Estado de S\u00e3o Paulo (PIRSP). O governo ter\u00e1 24 anos e seis meses para pagar o\u2026","rel":"","context":"In &quot;Dinheiro e Investimento&quot;","block_context":{"text":"Dinheiro e Investimento","link":"https:\/\/noticiasribeiraopreto.com.br\/index.php\/category\/dinheiro-e-investimento-como-fazer-como-ganhar\/"},"img":{"alt_text":"","src":"https:\/\/i0.wp.com\/noticiasribeiraopreto.com.br\/wp-content\/uploads\/2023\/12\/tarcisio-628x353.jpg?fit=628%2C353&ssl=1&resize=350%2C200","width":350,"height":200,"srcset":"https:\/\/i0.wp.com\/noticiasribeiraopreto.com.br\/wp-content\/uploads\/2023\/12\/tarcisio-628x353.jpg?fit=628%2C353&ssl=1&resize=350%2C200 1x, https:\/\/i0.wp.com\/noticiasribeiraopreto.com.br\/wp-content\/uploads\/2023\/12\/tarcisio-628x353.jpg?fit=628%2C353&ssl=1&resize=525%2C300 1.5x"},"classes":[]},{"id":74784,"url":"https:\/\/noticiasribeiraopreto.com.br\/index.php\/2025\/07\/29\/o-que-se-sabe-sobre-projeto-de-ligacao-por-trem-entre-ribeirao-preto-e-franca\/","url_meta":{"origin":39365,"position":3},"title":"O que se sabe sobre projeto de liga\u00e7\u00e3o por trem entre Ribeir\u00e3o Preto e Franca","author":"noticiasribeiraopreto.com.br","date":"29 de July de 2025","format":false,"excerpt":"A CPTM (Companhia Paulista de Trens Metropolitanos) informou que o concluiu o relat\u00f3rio t\u00e9cnico do Plano de A\u00e7\u00e3o S\u00e3o Paulo nos Trilhos: trechos Sorocaba-Mar\u00edlia e Ribeir\u00e3o Preto-Franca. De acordo com a empresa de capital misto, vinculada ao Governo de S\u00e3o Paulo, \u201co material foi elaborado para que os trechos sejam\u2026","rel":"","context":"In &quot;Not\u00edcias de Ribeir\u00e3o Preto-SP e Regi\u00e3o&quot;","block_context":{"text":"Not\u00edcias de Ribeir\u00e3o Preto-SP e Regi\u00e3o","link":"https:\/\/noticiasribeiraopreto.com.br\/index.php\/category\/noticias-de-ribeirao-preto-sp-e-regiao-ismael-colosi\/"},"img":{"alt_text":"","src":"https:\/\/i0.wp.com\/noticiasribeiraopreto.com.br\/wp-content\/uploads\/2025\/07\/trem-ribeirao-preto-franca_2025-07-29_13-59-11.webp.webp?fit=1200%2C799&ssl=1&resize=350%2C200","width":350,"height":200,"srcset":"https:\/\/i0.wp.com\/noticiasribeiraopreto.com.br\/wp-content\/uploads\/2025\/07\/trem-ribeirao-preto-franca_2025-07-29_13-59-11.webp.webp?fit=1200%2C799&ssl=1&resize=350%2C200 1x, https:\/\/i0.wp.com\/noticiasribeiraopreto.com.br\/wp-content\/uploads\/2025\/07\/trem-ribeirao-preto-franca_2025-07-29_13-59-11.webp.webp?fit=1200%2C799&ssl=1&resize=525%2C300 1.5x, https:\/\/i0.wp.com\/noticiasribeiraopreto.com.br\/wp-content\/uploads\/2025\/07\/trem-ribeirao-preto-franca_2025-07-29_13-59-11.webp.webp?fit=1200%2C799&ssl=1&resize=700%2C400 2x, https:\/\/i0.wp.com\/noticiasribeiraopreto.com.br\/wp-content\/uploads\/2025\/07\/trem-ribeirao-preto-franca_2025-07-29_13-59-11.webp.webp?fit=1200%2C799&ssl=1&resize=1050%2C600 3x"},"classes":[]},{"id":51726,"url":"https:\/\/noticiasribeiraopreto.com.br\/index.php\/2024\/05\/29\/governo-de-sp-estuda-inclusao-de-ribeirao-preto-em-malha-ferroviaria-entenda\/","url_meta":{"origin":39365,"position":4},"title":"Governo de SP estuda inclus\u00e3o de Ribeir\u00e3o Preto em malha ferrovi\u00e1ria; Entenda","author":"noticiasribeiraopreto.com.br","date":"29 de May de 2024","format":false,"excerpt":"O governador Tarc\u00edsio de Freitas (Republicanos) anunciou, nesta quarta-feira (29), o programa SP Nos Trilhos, que pode criar uma liga\u00e7\u00e3o de trem entre Sorocaba, Campinas e Ribeir\u00e3o Preto. Em agosto de 2023, o secret\u00e1rio estadual de Parcerias e Investimentos de S\u00e3o Paulo, Rafael Benini, j\u00e1 havia comentado sobre essa possibilidade.\u2026","rel":"","context":"In &quot;Not\u00edcias de Ribeir\u00e3o Preto-SP e Regi\u00e3o&quot;","block_context":{"text":"Not\u00edcias de Ribeir\u00e3o Preto-SP e Regi\u00e3o","link":"https:\/\/noticiasribeiraopreto.com.br\/index.php\/category\/noticias-de-ribeirao-preto-sp-e-regiao-ismael-colosi\/"},"img":{"alt_text":"","src":"https:\/\/i0.wp.com\/noticiasribeiraopreto.com.br\/wp-content\/uploads\/2024\/05\/railway-station-against-beautiful-sky-sunset-industrial-landscape-with-railroad-colorful-cloudy-blue-sky_2024-05-29_18-53-58_jpg_2024-05-29_18-54-00-scaled-e1717009278928.webp.webp?fit=1200%2C770&ssl=1&resize=350%2C200","width":350,"height":200,"srcset":"https:\/\/i0.wp.com\/noticiasribeiraopreto.com.br\/wp-content\/uploads\/2024\/05\/railway-station-against-beautiful-sky-sunset-industrial-landscape-with-railroad-colorful-cloudy-blue-sky_2024-05-29_18-53-58_jpg_2024-05-29_18-54-00-scaled-e1717009278928.webp.webp?fit=1200%2C770&ssl=1&resize=350%2C200 1x, https:\/\/i0.wp.com\/noticiasribeiraopreto.com.br\/wp-content\/uploads\/2024\/05\/railway-station-against-beautiful-sky-sunset-industrial-landscape-with-railroad-colorful-cloudy-blue-sky_2024-05-29_18-53-58_jpg_2024-05-29_18-54-00-scaled-e1717009278928.webp.webp?fit=1200%2C770&ssl=1&resize=525%2C300 1.5x, https:\/\/i0.wp.com\/noticiasribeiraopreto.com.br\/wp-content\/uploads\/2024\/05\/railway-station-against-beautiful-sky-sunset-industrial-landscape-with-railroad-colorful-cloudy-blue-sky_2024-05-29_18-53-58_jpg_2024-05-29_18-54-00-scaled-e1717009278928.webp.webp?fit=1200%2C770&ssl=1&resize=700%2C400 2x, https:\/\/i0.wp.com\/noticiasribeiraopreto.com.br\/wp-content\/uploads\/2024\/05\/railway-station-against-beautiful-sky-sunset-industrial-landscape-with-railroad-colorful-cloudy-blue-sky_2024-05-29_18-53-58_jpg_2024-05-29_18-54-00-scaled-e1717009278928.webp.webp?fit=1200%2C770&ssl=1&resize=1050%2C600 3x"},"classes":[]},{"id":59693,"url":"https:\/\/noticiasribeiraopreto.com.br\/index.php\/2024\/10\/28\/o-que-se-sabe-sobre-possibilidade-do-trem-intercidades-em-ribeirao-preto\/","url_meta":{"origin":39365,"position":5},"title":"O que se sabe sobre possibilidade do Trem Intercidades em Ribeir\u00e3o Preto","author":"noticiasribeiraopreto.com.br","date":"28 de October de 2024","format":false,"excerpt":"Na semana passada, o governador de S\u00e3o Paulo, Tarc\u00edsio de Freitas (REP), voltou a falar sobre a possibilidade de estender o TIC (Trem Intercidades) at\u00e9 Ribeir\u00e3o Preto. No \u00faltimo m\u00eas de maio, o governo paulista j\u00e1 havia lan\u00e7ado o programa SP Nos Trilhos, que re\u00fane propostas de inova\u00e7\u00e3o em mobilidade.\u2026","rel":"","context":"In &quot;Not\u00edcias de Ribeir\u00e3o Preto-SP e Regi\u00e3o&quot;","block_context":{"text":"Not\u00edcias de Ribeir\u00e3o Preto-SP e Regi\u00e3o","link":"https:\/\/noticiasribeiraopreto.com.br\/index.php\/category\/noticias-de-ribeirao-preto-sp-e-regiao-ismael-colosi\/"},"img":{"alt_text":"","src":"https:\/\/i0.wp.com\/noticiasribeiraopreto.com.br\/wp-content\/uploads\/2024\/10\/trem_2024-10-28_20-37-59_jpg_2024-10-28_20-37-59.webp.webp?fit=979%2C534&ssl=1&resize=350%2C200","width":350,"height":200,"srcset":"https:\/\/i0.wp.com\/noticiasribeiraopreto.com.br\/wp-content\/uploads\/2024\/10\/trem_2024-10-28_20-37-59_jpg_2024-10-28_20-37-59.webp.webp?fit=979%2C534&ssl=1&resize=350%2C200 1x, https:\/\/i0.wp.com\/noticiasribeiraopreto.com.br\/wp-content\/uploads\/2024\/10\/trem_2024-10-28_20-37-59_jpg_2024-10-28_20-37-59.webp.webp?fit=979%2C534&ssl=1&resize=525%2C300 1.5x, https:\/\/i0.wp.com\/noticiasribeiraopreto.com.br\/wp-content\/uploads\/2024\/10\/trem_2024-10-28_20-37-59_jpg_2024-10-28_20-37-59.webp.webp?fit=979%2C534&ssl=1&resize=700%2C400 2x"},"classes":[]}],"jetpack_sharing_enabled":true,"jetpack_shortlink":"https:\/\/wp.me\/peQAOb-aeV","_links":{"self":[{"href":"https:\/\/noticiasribeiraopreto.com.br\/index.php\/wp-json\/wp\/v2\/posts\/39365","targetHints":{"allow":["GET"]}}],"collection":[{"href":"https:\/\/noticiasribeiraopreto.com.br\/index.php\/wp-json\/wp\/v2\/posts"}],"about":[{"href":"https:\/\/noticiasribeiraopreto.com.br\/index.php\/wp-json\/wp\/v2\/types\/post"}],"author":[{"embeddable":true,"href":"https:\/\/noticiasribeiraopreto.com.br\/index.php\/wp-json\/wp\/v2\/users\/1"}],"replies":[{"embeddable":true,"href":"https:\/\/noticiasribeiraopreto.com.br\/index.php\/wp-json\/wp\/v2\/comments?post=39365"}],"version-history":[{"count":0,"href":"https:\/\/noticiasribeiraopreto.com.br\/index.php\/wp-json\/wp\/v2\/posts\/39365\/revisions"}],"wp:featuredmedia":[{"embeddable":true,"href":"https:\/\/noticiasribeiraopreto.com.br\/index.php\/wp-json\/wp\/v2\/media\/39366"}],"wp:attachment":[{"href":"https:\/\/noticiasribeiraopreto.com.br\/index.php\/wp-json\/wp\/v2\/media?parent=39365"}],"wp:term":[{"taxonomy":"category","embeddable":true,"href":"https:\/\/noticiasribeiraopreto.com.br\/index.php\/wp-json\/wp\/v2\/categories?post=39365"},{"taxonomy":"post_tag","embeddable":true,"href":"https:\/\/noticiasribeiraopreto.com.br\/index.php\/wp-json\/wp\/v2\/tags?post=39365"}],"curies":[{"name":"wp","href":"https:\/\/api.w.org\/{rel}","templated":true}]}}