{"id":39384,"date":"2024-02-25T19:59:59","date_gmt":"2024-02-25T22:59:59","guid":{"rendered":"https:\/\/noticiasribeiraopreto.com.br\/index.php\/2024\/02\/25\/confira-mais-de-526-vagas-disponiveis\/"},"modified":"2024-02-25T19:59:59","modified_gmt":"2024-02-25T22:59:59","slug":"confira-mais-de-526-vagas-disponiveis","status":"publish","type":"post","link":"https:\/\/noticiasribeiraopreto.com.br\/index.php\/2024\/02\/25\/confira-mais-de-526-vagas-disponiveis\/","title":{"rendered":"Confira mais de 526 vagas dispon\u00edveis."},"content":{"rendered":"<div id=\"mainVacancyFilter\" class=\"box box-640 esquerda\">\n<h2>Confira mais de 526 vagas dispon\u00edveis.<\/h2>\n<hr>\n<ul class=\"lista size-185\">\n<li class=\"text-bold\">Vagas por cidade<\/li>\n<li><a href=\"https:\/\/eventosrh.selecty.com.br\/search\/\">Todas(519)<\/a><\/li>\n<li title=\"Mat\u00e3o\"><a href=\"https:\/\/eventosrh.selecty.com.br\/search\/?filter=city%3AMat%C3%A3o\">Mat\u00e3o(204)<\/a><\/li>\n<li title=\"Araras\"><a href=\"https:\/\/eventosrh.selecty.com.br\/search\/?filter=city%3AAraras\">Araras(200)<\/a><\/li>\n<li title=\"Ribeir\u00e3o Preto\"><a href=\"https:\/\/eventosrh.selecty.com.br\/search\/?filter=city%3ARibeir%C3%A3o+Preto\">Ribeir\u00e3o Preto(65)<\/a><\/li>\n<li title=\"Monte Alto\"><a href=\"https:\/\/eventosrh.selecty.com.br\/search\/?filter=city%3AMonte+Alto\">Monte Alto(22)<\/a><\/li>\n<li title=\"Santos\"><a href=\"https:\/\/eventosrh.selecty.com.br\/search\/?filter=city%3ASantos\">Santos(9)<\/a><\/li>\n<li title=\"Sumar\u00e9\"><a href=\"https:\/\/eventosrh.selecty.com.br\/search\/?filter=city%3ASumar%C3%A9\">Sumar\u00e9(7)<\/a><\/li>\n<\/ul>\n<ul class=\"lista size-185\">\n<li class=\"text-bold\">Vagas por \u00e1rea<\/li>\n<li><a href=\"https:\/\/eventosrh.selecty.com.br\/search\/\">Todas(527)<\/a><\/li>\n<li title=\"Produ\u00e7\u00e3o\/Fabrica\u00e7\u00e3o\"><a href=\"https:\/\/eventosrh.selecty.com.br\/search\/?filter=area%3AProdu%C3%A7%C3%A3o%2FFabrica%C3%A7%C3%A3o\">Produ\u00e7\u00e3o\/Fabrica\u00e7\u00e3o(233)<\/a><\/li>\n<li title=\"Industrial, Produ\u00e7\u00e3o\/Fabrica\u00e7\u00e3o\"><a href=\"https:\/\/eventosrh.selecty.com.br\/search\/?filter=area%3AIndustrial%2C+Produ%C3%A7%C3%A3o%2FFabrica%C3%A7%C3%A3o\">Industrial, Produ\u00e7\u00e3o&#8230;(212)<\/a><\/li>\n<li title=\"Administra\u00e7\u00e3o Comercial\/Vendas\"><a href=\"https:\/\/eventosrh.selecty.com.br\/search\/?filter=area%3AAdministra%C3%A7%C3%A3o+Comercial%2FVendas\">Administra\u00e7\u00e3o Comercial&#8230;(11)<\/a><\/li>\n<li title=\"Industrial,Produ\u00e7\u00e3o\/Fabrica\u00e7\u00e3o\"><a href=\"https:\/\/eventosrh.selecty.com.br\/search\/?filter=area%3AIndustrial%2CProdu%C3%A7%C3%A3o%2FFabrica%C3%A7%C3%A3o\">Industrial,Produ\u00e7\u00e3o&#8230;(10)<\/a><\/li>\n<li title=\"Administra\u00e7\u00e3o de Empresas\"><a href=\"https:\/\/eventosrh.selecty.com.br\/search\/?filter=area%3AAdministra%C3%A7%C3%A3o+de+Empresas\">Administra\u00e7\u00e3o de&#8230;(9)<\/a><\/li>\n<li title=\"Log\u00edstica\"><a href=\"https:\/\/eventosrh.selecty.com.br\/search\/?filter=area%3ALog%C3%ADstica\">Log\u00edstica(7)<\/a><\/li>\n<\/ul>\n<ul class=\"lista size-185 last\">\n<li class=\"text-bold\">Vagas por cargo<\/li>\n<li><a href=\"https:\/\/eventosrh.selecty.com.br\/search\/\">Todas(527)<\/a><\/li>\n<li title=\"Ajudante de Produ\u00e7\u00e3o - Tempor\u00e1rio\"><a href=\"https:\/\/eventosrh.selecty.com.br\/search\/?filter=occupation%3AAjudante+de+Produ%C3%A7%C3%A3o+-+Tempor%C3%A1rio\">Ajudante de Produ\u00e7\u00e3o -&#8230;(401)<\/a><\/li>\n<li title=\"Ajudante Geral de Produ\u00e7\u00e3o\"><a href=\"https:\/\/eventosrh.selecty.com.br\/search\/?filter=occupation%3AAjudante+Geral+de+Produ%C3%A7%C3%A3o\">Ajudante Geral de&#8230;(20)<\/a><\/li>\n<li title=\"Auxiliar de Produ\u00e7\u00e3o (tempor\u00e1rio)\"><a href=\"https:\/\/eventosrh.selecty.com.br\/search\/?filter=occupation%3AAuxiliar+de+Produ%C3%A7%C3%A3o+%28tempor%C3%A1rio%29\">Auxiliar de Produ\u00e7\u00e3o&#8230;(16)<\/a><\/li>\n<li title=\"Operador de Produ\u00e7\u00e3o - Tempor\u00e1rio em Santos\"><a href=\"https:\/\/eventosrh.selecty.com.br\/search\/?filter=occupation%3AOperador+de+Produ%C3%A7%C3%A3o+-+Tempor%C3%A1rio+em+Santos\">Operador de Produ\u00e7\u00e3o -&#8230;(9)<\/a><\/li>\n<li title=\"Auxiliar de Produ\u00e7\u00e3o\"><a href=\"https:\/\/eventosrh.selecty.com.br\/search\/?filter=occupation%3AAuxiliar+de+Produ%C3%A7%C3%A3o\">Auxiliar de Produ\u00e7\u00e3o(6)<\/a><\/li>\n<li title=\"Consultor Institucional (PJ)\"><a href=\"https:\/\/eventosrh.selecty.com.br\/search\/?filter=occupation%3AConsultor+Institucional+%28PJ%29\">Consultor Institucional&#8230;(6)<\/a><\/li>\n<\/ul>\n<\/div>\n<div class=\"vacancy-simple-list box box-640 esquerda\">\n<h2>Vagas recentes<\/h2>\n<hr>\n<ul>\n<li>\n<div class=\"box\"><span class=\"marker\"><\/span><a href=\"https:\/\/eventosrh.selecty.com.br\/vaga\/1862\/vaga-para-mecanico-de-manutencao-temporario-em-sumare-sp\"><span>Vaga para <strong>Mec\u00e2nico de Manuten\u00e7\u00e3o (tempor\u00e1rio)<\/strong> em Sumar\u00e9 &#8211; SP<\/span><\/a><\/div>\n<\/li>\n<li>\n<div class=\"box\"><span class=\"marker\"><\/span><a href=\"https:\/\/eventosrh.selecty.com.br\/vaga\/1858\/vaga-para-auxiliar-administrativo-em-jardinopolis-sp-brasil\"><span>1 vaga para <strong>Auxiliar Administrativo<\/strong> em Jardin\u00f3polis &#8211; SP &#8211; Brasil<\/span><small title=\"23\/02\/2024 15:23:17\">h\u00e1 2 dias<\/small><\/a><\/div>\n<\/li>\n<li>\n<div class=\"box\"><span class=\"marker\"><\/span><a href=\"https:\/\/eventosrh.selecty.com.br\/vaga\/1861\/vaga-para-assistente-administrativo\"><span>Vaga para <strong>Assistente Administrativo<\/strong><\/span><\/a><\/div>\n<\/li>\n<li>\n<div class=\"box\"><span class=\"marker\"><\/span><a href=\"https:\/\/eventosrh.selecty.com.br\/vaga\/1860\/vaga-para-operador-de-caixa-em-ribeirao-preto-sp\"><span>1 vaga para <strong>Operador de Caixa<\/strong> em Ribeir\u00e3o Preto &#8211; SP<\/span><small title=\"22\/02\/2024 15:28:36\">h\u00e1 3 dias<\/small><\/a><\/div>\n<\/li>\n<li>\n<div class=\"box\"><span class=\"marker\"><\/span><a href=\"https:\/\/eventosrh.selecty.com.br\/vaga\/1856\/vaga-para-consultor-institucional-pj-em-ribeirao-preto-sp\"><span>6 vagas para <strong>Consultor Institucional (PJ)<\/strong> em Ribeir\u00e3o Preto &#8211; SP<\/span><small title=\"22\/02\/2024 15:20:41\">h\u00e1 3 dias<\/small><\/a><\/div>\n<\/li>\n<li>\n<div class=\"box\"><span class=\"marker\"><\/span><a href=\"https:\/\/eventosrh.selecty.com.br\/vaga\/1859\/vaga-para-assistente-de-vendas-em-ribeirao-preto\"><span>Vaga para <strong>Assistente de Vendas<\/strong> em Ribeir\u00e3o Preto<\/span><\/a><\/div>\n<\/li>\n<li>\n<div class=\"box\"><span class=\"marker\"><\/span><a href=\"https:\/\/eventosrh.selecty.com.br\/vaga\/1857\/vaga-para-motorista-de-caminhao-truck-em-ribeirao-preto-sp\"><span>Vaga para <strong>Motorista de Caminh\u00e3o Truck<\/strong> em Ribeir\u00e3o Preto &#8211; SP<\/span><small title=\"21\/02\/2024 15:57:54\">h\u00e1 4 dias<\/small><\/a><\/div>\n<\/li>\n<li>\n<div class=\"box\"><span class=\"marker\"><\/span><a href=\"https:\/\/eventosrh.selecty.com.br\/vaga\/1854\/vaga-para-operador-de-empilhadeira-temporario-em-sumare-sp\"><span>Vaga para <strong>Operador de Empilhadeira (tempor\u00e1rio)<\/strong> em Sumar\u00e9 &#8211; SP<\/span><\/a><\/div>\n<\/li>\n<li>\n<div class=\"box\"><span class=\"marker\"><\/span><a href=\"https:\/\/eventosrh.selecty.com.br\/vaga\/1853\/vaga-para-auxiliar-de-producao-temporario-em-sumare-sp\"><span>Vaga para <strong>Auxiliar de Produ\u00e7\u00e3o (tempor\u00e1rio)<\/strong> em Sumar\u00e9 &#8211; SP<\/span><small title=\"21\/02\/2024 10:39:31\">h\u00e1 4 dias<\/small><\/a><\/div>\n<\/li>\n<li>\n<div class=\"box\"><span class=\"marker\"><\/span><a href=\"https:\/\/eventosrh.selecty.com.br\/vaga\/1855\/vaga-para-analista-administrativo-compras-em-sumare-sp\"><span>Vaga para <strong>Analista Administrativo &#8211; Compras<\/strong> em Sumar\u00e9 &#8211; SP<\/span><small title=\"21\/02\/2024 10:37:00\">h\u00e1 4 dias<\/small><\/a><\/div>\n<\/li>\n<\/ul>\n<\/div>\n<div class=\"box\"><span class=\"marker\"><\/span><a href=\"https:\/\/eventosrh.selecty.com.br\/vaga\/1862\/vaga-para-mecanico-de-manutencao-temporario-em-sumare-sp\"><span>Vaga para <strong>Mec\u00e2nico de Manuten\u00e7\u00e3o (tempor\u00e1rio)<\/strong> em Sumar\u00e9 &#8211; SP<\/span><\/a><\/div>\n<div class=\"box\"><span class=\"marker\"><\/span><a href=\"https:\/\/eventosrh.selecty.com.br\/vaga\/1860\/vaga-para-operador-de-caixa-em-ribeirao-preto-sp\"><span>1 vaga para <strong>Operador de Caixa<\/strong> em Ribeir\u00e3o Preto &#8211; SP<\/span><small title=\"22\/02\/2024 15:28:36\">h\u00e1 3 dias<\/small><\/a><\/div>\n<div class=\"box\"><span class=\"marker\"><\/span><a href=\"https:\/\/eventosrh.selecty.com.br\/vaga\/1856\/vaga-para-consultor-institucional-pj-em-ribeirao-preto-sp\"><span>6 vagas para <strong>Consultor Institucional (PJ)<\/strong> em Ribeir\u00e3o Preto &#8211; SP<\/span><small title=\"22\/02\/2024 15:20:41\">h\u00e1 3 dias<\/small><\/a><\/div>\n<div class=\"box\"><span class=\"marker\"><\/span><a href=\"https:\/\/eventosrh.selecty.com.br\/vaga\/1859\/vaga-para-assistente-de-vendas-em-ribeirao-preto\"><span>Vaga para <strong>Assistente de Vendas<\/strong> em Ribeir\u00e3o Preto<\/span><\/a><\/div>\n<div class=\"box\"><span class=\"marker\"><\/span><a href=\"https:\/\/eventosrh.selecty.com.br\/vaga\/1857\/vaga-para-motorista-de-caminhao-truck-em-ribeirao-preto-sp\"><span>Vaga para <strong>Motorista de Caminh\u00e3o Truck<\/strong> em Ribeir\u00e3o Preto &#8211; SP<\/span><small title=\"21\/02\/2024 15:57:54\">h\u00e1 4 dias<\/small><\/a><\/div>\n<!-- CONTENT END 1 -->\n","protected":false},"excerpt":{"rendered":"<p>Confira mais de 526 vagas dispon\u00edveis. Vagas por cidade Todas(519) Mat\u00e3o(204) Araras(200) Ribeir\u00e3o Preto(65) Monte Alto(22) Santos(9) Sumar\u00e9(7) Vagas por \u00e1rea Todas(527) Produ\u00e7\u00e3o\/Fabrica\u00e7\u00e3o(233) Industrial, Produ\u00e7\u00e3o&#8230;(212)&#8230;<\/p>\n","protected":false},"author":1,"featured_media":0,"comment_status":"open","ping_status":"open","sticky":false,"template":"","format":"standard","meta":{"advanced_seo_description":"","jetpack_seo_html_title":"","jetpack_seo_noindex":false,"jetpack_post_was_ever_published":false,"_jetpack_newsletter_access":"","_jetpack_dont_email_post_to_subs":false,"_jetpack_newsletter_tier_id":0,"_jetpack_memberships_contains_paywalled_content":false,"_jetpack_memberships_contains_paid_content":false,"footnotes":"","jetpack_publicize_message":"","jetpack_publicize_feature_enabled":true,"jetpack_social_post_already_shared":true,"jetpack_social_options":{"image_generator_settings":{"template":"highway","default_image_id":0,"font":"","enabled":false},"version":2}},"categories":[7],"tags":[],"class_list":["post-39384","post","type-post","status-publish","format-standard","hentry","category-vagas-de-empregos-em-ribeirao-preto-regiao-brasil"],"jetpack_publicize_connections":[],"jetpack_featured_media_url":"","jetpack-related-posts":[{"id":29960,"url":"https:\/\/noticiasribeiraopreto.com.br\/index.php\/2024\/01\/19\/confira-mais-de-535-vagas-disponiveis\/","url_meta":{"origin":39384,"position":0},"title":"Confira mais de 535 vagas dispon\u00edveis.","author":"noticiasribeiraopreto.com.br","date":"19 de January de 2024","format":false,"excerpt":"Confira mais de 535 vagas dispon\u00edveis.Vagas por cidadeTodas(526)Mat\u00e3o(203)Araras(200)Ribeir\u00e3o Preto(81)Monte Alto(24)Santos(9)Cravinhos(3)Vagas por \u00e1reaTodas(536)Produ\u00e7\u00e3o\/Fabrica\u00e7\u00e3o(236)Industrial, Produ\u00e7\u00e3o...(209)Administra\u00e7\u00e3o Comercial...(13)Industrial,Produ\u00e7\u00e3o...(10)Administra\u00e7\u00e3o de...(10)Log\u00edstica(9)Vagas por cargoTodas(536)Ajudante de Produ\u00e7\u00e3o -...(401)Ajudante Geral de...(20)Auxiliar de Produ\u00e7\u00e3o...(11)Operador de Produ\u00e7\u00e3o -...(9)Auxiliar de Produ\u00e7\u00e3o(9)Auxiliar de Expedi\u00e7\u00e3o(5) Vagas recentesVaga para Assistente de Frota em CravinhosVaga para Eletricista de Manuten\u00e7\u00e3o em Ribeir\u00e3o PretoVaga para Operador de M\u00e1quina\u2026","rel":"","context":"In &quot;Vagas de Emprego em Ribeir\u00e3o Preto-SP&quot;","block_context":{"text":"Vagas de Emprego em Ribeir\u00e3o Preto-SP","link":"https:\/\/noticiasribeiraopreto.com.br\/index.php\/category\/empregos-classificados-vagas-trabalho\/vagas-de-empregos-em-ribeirao-preto-regiao-brasil\/"},"img":{"alt_text":"","src":"","width":0,"height":0},"classes":[]},{"id":31299,"url":"https:\/\/noticiasribeiraopreto.com.br\/index.php\/2024\/01\/21\/encontre-aqui-a-sua-oportunidade-de-emprego-12\/","url_meta":{"origin":39384,"position":1},"title":"Encontre aqui a sua oportunidade de emprego","author":"noticiasribeiraopreto.com.br","date":"21 de January de 2024","format":false,"excerpt":"Confira mais de 535 vagas dispon\u00edveis.Vagas por cidadeTodas(526)Mat\u00e3o(203)Araras(200)Ribeir\u00e3o Preto(81)Monte Alto(24)Santos(9)Cravinhos(3)Vagas por \u00e1reaTodas(536)Produ\u00e7\u00e3o\/Fabrica\u00e7\u00e3o(236)Industrial, Produ\u00e7\u00e3o...(209)Administra\u00e7\u00e3o Comercial...(13)Industrial,Produ\u00e7\u00e3o...(10)Administra\u00e7\u00e3o de...(10)Log\u00edstica(9)Vagas por cargoTodas(536)Ajudante de Produ\u00e7\u00e3o -...(401)Ajudante Geral de...(20)Auxiliar de Produ\u00e7\u00e3o...(11)Operador de Produ\u00e7\u00e3o -...(9)Auxiliar de Produ\u00e7\u00e3o(9)Auxiliar de Expedi\u00e7\u00e3o(5) Vagas recentesVaga para Assistente de Frota em CravinhosVaga para Eletricista de Manuten\u00e7\u00e3o em Ribeir\u00e3o PretoVaga para Operador de M\u00e1quina\u2026","rel":"","context":"In &quot;Vagas de Emprego em Ribeir\u00e3o Preto-SP&quot;","block_context":{"text":"Vagas de Emprego em Ribeir\u00e3o Preto-SP","link":"https:\/\/noticiasribeiraopreto.com.br\/index.php\/category\/empregos-classificados-vagas-trabalho\/vagas-de-empregos-em-ribeirao-preto-regiao-brasil\/"},"img":{"alt_text":"","src":"https:\/\/i0.wp.com\/noticiasribeiraopreto.com.br\/wp-content\/uploads\/2024\/01\/1705876523_maxresdefault.jpg?fit=1200%2C675&ssl=1&resize=350%2C200","width":350,"height":200,"srcset":"https:\/\/i0.wp.com\/noticiasribeiraopreto.com.br\/wp-content\/uploads\/2024\/01\/1705876523_maxresdefault.jpg?fit=1200%2C675&ssl=1&resize=350%2C200 1x, https:\/\/i0.wp.com\/noticiasribeiraopreto.com.br\/wp-content\/uploads\/2024\/01\/1705876523_maxresdefault.jpg?fit=1200%2C675&ssl=1&resize=525%2C300 1.5x, https:\/\/i0.wp.com\/noticiasribeiraopreto.com.br\/wp-content\/uploads\/2024\/01\/1705876523_maxresdefault.jpg?fit=1200%2C675&ssl=1&resize=700%2C400 2x, https:\/\/i0.wp.com\/noticiasribeiraopreto.com.br\/wp-content\/uploads\/2024\/01\/1705876523_maxresdefault.jpg?fit=1200%2C675&ssl=1&resize=1050%2C600 3x"},"classes":[]},{"id":33256,"url":"https:\/\/noticiasribeiraopreto.com.br\/index.php\/2024\/01\/28\/confira-mais-de-529-vagas-disponiveis\/","url_meta":{"origin":39384,"position":2},"title":"Confira mais de 529 vagas dispon\u00edveis.","author":"noticiasribeiraopreto.com.br","date":"28 de January de 2024","format":false,"excerpt":"Confira mais de 529 vagas dispon\u00edveis.Vagas por cidadeTodas(521)Mat\u00e3o(204)Araras(200)Ribeir\u00e3o Preto(77)Monte Alto(23)Santos(9)Cravinhos(3)Vagas por \u00e1reaTodas(530)Produ\u00e7\u00e3o\/Fabrica\u00e7\u00e3o(235)Industrial, Produ\u00e7\u00e3o...(209)Administra\u00e7\u00e3o Comercial...(14)Industrial,Produ\u00e7\u00e3o...(10)Administra\u00e7\u00e3o de...(9)Log\u00edstica(8)Vagas por cargoTodas(530)Ajudante de Produ\u00e7\u00e3o -...(401)Ajudante Geral de...(20)Auxiliar de Produ\u00e7\u00e3o...(11)Auxiliar de Produ\u00e7\u00e3o(10)Operador de Produ\u00e7\u00e3o -...(9)Estagi\u00e1rio Comercial -...(5) Vagas recentesVaga para Auxiliar Administrativo em Ribeir\u00e3o Preto - SPVaga para Analista Tribut\u00e1rio em Ribeir\u00e3o PretoVaga para Auxiliar de\u2026","rel":"","context":"In &quot;Vagas de Emprego em Ribeir\u00e3o Preto-SP&quot;","block_context":{"text":"Vagas de Emprego em Ribeir\u00e3o Preto-SP","link":"https:\/\/noticiasribeiraopreto.com.br\/index.php\/category\/empregos-classificados-vagas-trabalho\/vagas-de-empregos-em-ribeirao-preto-regiao-brasil\/"},"img":{"alt_text":"","src":"","width":0,"height":0},"classes":[]},{"id":19921,"url":"https:\/\/noticiasribeiraopreto.com.br\/index.php\/2023\/12\/23\/confira-mais-de-554-vagas-disponiveis\/","url_meta":{"origin":39384,"position":3},"title":"Confira mais de 554 vagas dispon\u00edveis.","author":"noticiasribeiraopreto.com.br","date":"23 de December de 2023","format":false,"excerpt":"Confira mais de 554 vagas dispon\u00edveis.Vagas por cidadeTodas(482)Mat\u00e3o(203)Araras(201)Ribeir\u00e3o Preto(55)Santos(9)Monte Alto(3)Andradina(2)Vagas por \u00e1reaTodas(555)Produ\u00e7\u00e3o\/Fabrica\u00e7\u00e3o(214)Industrial, Produ\u00e7\u00e3o...(208)Transporte Terrestre(74)Industrial,Produ\u00e7\u00e3o...(10)Log\u00edstica(5)Administra\u00e7\u00e3o Comercial...(3)Vagas por cargoTodas(555)Ajudante de Produ\u00e7\u00e3o -...(401)Motorista - V\u00e1rias...(72)Auxiliar de Produ\u00e7\u00e3o...(12)Operador de Produ\u00e7\u00e3o -...(9)Auxiliar de Produ\u00e7\u00e3o(5)Auxiliar de Expedi\u00e7\u00e3o(5) Vagas recentesVaga para Assistente de Vendas J\u00fanior em Ribeir\u00e3o Pretoh\u00e1 1 dia1 vaga para Vendedora Externa em Sert\u00e3ozinho -\u2026","rel":"","context":"In &quot;Vagas de Emprego em Ribeir\u00e3o Preto-SP&quot;","block_context":{"text":"Vagas de Emprego em Ribeir\u00e3o Preto-SP","link":"https:\/\/noticiasribeiraopreto.com.br\/index.php\/category\/empregos-classificados-vagas-trabalho\/vagas-de-empregos-em-ribeirao-preto-regiao-brasil\/"},"img":{"alt_text":"","src":"","width":0,"height":0},"classes":[]},{"id":20869,"url":"https:\/\/noticiasribeiraopreto.com.br\/index.php\/2023\/12\/26\/confira-mais-de-554-vagas-disponiveis-2\/","url_meta":{"origin":39384,"position":4},"title":"Confira mais de 554 vagas dispon\u00edveis.","author":"noticiasribeiraopreto.com.br","date":"26 de December de 2023","format":false,"excerpt":"Confira mais de 554 vagas dispon\u00edveis.Vagas por cidadeTodas(482)Mat\u00e3o(203)Araras(201)Ribeir\u00e3o Preto(55)Santos(9)Monte Alto(3)Andradina(2)Vagas por \u00e1reaTodas(555)Produ\u00e7\u00e3o\/Fabrica\u00e7\u00e3o(214)Industrial, Produ\u00e7\u00e3o...(208)Transporte Terrestre(74)Industrial,Produ\u00e7\u00e3o...(10)Log\u00edstica(5)Log\u00edstica,Produ\u00e7\u00e3o...(3)Vagas por cargoTodas(555)Ajudante de Produ\u00e7\u00e3o -...(401)Motorista - V\u00e1rias...(72)Auxiliar de Produ\u00e7\u00e3o...(12)Operador de Produ\u00e7\u00e3o -...(9)Auxiliar de Produ\u00e7\u00e3o(5)Auxiliar de Expedi\u00e7\u00e3o(5) Vagas recentes1 vaga para Vendedora Externa em Sert\u00e3ozinhoh\u00e1 7 horasVaga para Assistente de Vendas J\u00fanior em Ribeir\u00e3o Pretoh\u00e1 4 diasVaga\u2026","rel":"","context":"In &quot;Vagas de Emprego em Ribeir\u00e3o Preto-SP&quot;","block_context":{"text":"Vagas de Emprego em Ribeir\u00e3o Preto-SP","link":"https:\/\/noticiasribeiraopreto.com.br\/index.php\/category\/empregos-classificados-vagas-trabalho\/vagas-de-empregos-em-ribeirao-preto-regiao-brasil\/"},"img":{"alt_text":"","src":"","width":0,"height":0},"classes":[]},{"id":32611,"url":"https:\/\/noticiasribeiraopreto.com.br\/index.php\/2024\/01\/25\/confira-mais-de-532-vagas-disponiveis-2\/","url_meta":{"origin":39384,"position":5},"title":"Confira mais de 532 vagas dispon\u00edveis.","author":"noticiasribeiraopreto.com.br","date":"25 de January de 2024","format":false,"excerpt":"Confira mais de 532 vagas dispon\u00edveis.Vagas por cidadeTodas(524)Mat\u00e3o(204)Araras(200)Ribeir\u00e3o Preto(78)Monte Alto(25)Santos(9)Cravinhos(3)Vagas por \u00e1reaTodas(533)Produ\u00e7\u00e3o\/Fabrica\u00e7\u00e3o(237)Industrial, Produ\u00e7\u00e3o...(209)Administra\u00e7\u00e3o Comercial...(14)Industrial,Produ\u00e7\u00e3o...(10)Administra\u00e7\u00e3o de...(9)Log\u00edstica(8)Vagas por cargoTodas(533)Ajudante de Produ\u00e7\u00e3o -...(401)Ajudante Geral de...(20)Auxiliar de Produ\u00e7\u00e3o...(11)Auxiliar de Produ\u00e7\u00e3o(10)Operador de Produ\u00e7\u00e3o -...(9)Estagi\u00e1rio Comercial -...(5) Vagas recentesVaga para Auxiliar Administrativo em Ribeir\u00e3o Preto - SPVaga para Analista Tribut\u00e1rio em Ribeir\u00e3o PretoVaga para Auxiliar de\u2026","rel":"","context":"In &quot;Vagas de Emprego em Ribeir\u00e3o Preto-SP&quot;","block_context":{"text":"Vagas de Emprego em Ribeir\u00e3o Preto-SP","link":"https:\/\/noticiasribeiraopreto.com.br\/index.php\/category\/empregos-classificados-vagas-trabalho\/vagas-de-empregos-em-ribeirao-preto-regiao-brasil\/"},"img":{"alt_text":"","src":"","width":0,"height":0},"classes":[]}],"jetpack_sharing_enabled":true,"jetpack_shortlink":"https:\/\/wp.me\/peQAOb-afe","_links":{"self":[{"href":"https:\/\/noticiasribeiraopreto.com.br\/index.php\/wp-json\/wp\/v2\/posts\/39384","targetHints":{"allow":["GET"]}}],"collection":[{"href":"https:\/\/noticiasribeiraopreto.com.br\/index.php\/wp-json\/wp\/v2\/posts"}],"about":[{"href":"https:\/\/noticiasribeiraopreto.com.br\/index.php\/wp-json\/wp\/v2\/types\/post"}],"author":[{"embeddable":true,"href":"https:\/\/noticiasribeiraopreto.com.br\/index.php\/wp-json\/wp\/v2\/users\/1"}],"replies":[{"embeddable":true,"href":"https:\/\/noticiasribeiraopreto.com.br\/index.php\/wp-json\/wp\/v2\/comments?post=39384"}],"version-history":[{"count":0,"href":"https:\/\/noticiasribeiraopreto.com.br\/index.php\/wp-json\/wp\/v2\/posts\/39384\/revisions"}],"wp:attachment":[{"href":"https:\/\/noticiasribeiraopreto.com.br\/index.php\/wp-json\/wp\/v2\/media?parent=39384"}],"wp:term":[{"taxonomy":"category","embeddable":true,"href":"https:\/\/noticiasribeiraopreto.com.br\/index.php\/wp-json\/wp\/v2\/categories?post=39384"},{"taxonomy":"post_tag","embeddable":true,"href":"https:\/\/noticiasribeiraopreto.com.br\/index.php\/wp-json\/wp\/v2\/tags?post=39384"}],"curies":[{"name":"wp","href":"https:\/\/api.w.org\/{rel}","templated":true}]}}