{"id":39385,"date":"2024-02-25T20:19:59","date_gmt":"2024-02-25T23:19:59","guid":{"rendered":"https:\/\/noticiasribeiraopreto.com.br\/index.php\/2024\/02\/25\/botafogo-vence-a-lusa-e-alivia-pressao-de-rebaixamento\/"},"modified":"2024-02-25T20:19:59","modified_gmt":"2024-02-25T23:19:59","slug":"botafogo-vence-a-lusa-e-alivia-pressao-de-rebaixamento","status":"publish","type":"post","link":"https:\/\/noticiasribeiraopreto.com.br\/index.php\/2024\/02\/25\/botafogo-vence-a-lusa-e-alivia-pressao-de-rebaixamento\/","title":{"rendered":"Botafogo vence a Lusa e alivia press\u00e3o de rebaixamento"},"content":{"rendered":"<div class='code-block code-block-1' style='margin: 8px 0 8px auto; text-align: right; display: block; clear: both;'>\n<p><a href=\"https:\/\/wa.link\/vpicfd\"><img data-recalc-dims=\"1\" class=\"wp-image-4922\" style=\"aspect-ratio: 2.0253164556962027; width: 561px; height: auto;\" src=\"https:\/\/i0.wp.com\/ismaelcolosi.com.br\/wp-content\/uploads\/2023\/11\/grupo-de-empregos-whatsapp-e-facebook-ismael-colosi-vagas.jpg?ssl=1\" alt=\"\" \/><\/a><\/p>\n<!-- \/wp:image -->\n<\/div>\n<p> <br \/>\n<\/p>\n<div id=\"post-374966\">\n<header class=\"entry-header penci-entry-header penci-title-center\">\n<p> <span class=\"entry-meta-item penci-posted-on\"><i class=\"fa fa-clock-o\"\/><time class=\"entry-date published\" datetime=\"2024-02-25T20:14:58-03:00\">25 de fevereiro de 2024 | 20:14<\/time><time class=\"updated\" datetime=\"2024-02-25T20:19:22-03:00\">25 de fevereiro de 2024 | 20:19<\/time><\/span><\/p>\n<p> <span class=\"penci-social-buttons penci-social-share-footer\"><a href=\"#\" class=\"penci-post-like penci_post-meta_item  single-like-button penci-social-item like\" data-post_id=\"374966\" title=\"Like\" data-like=\"Like\" data-unlike=\"Unlike\"><i class=\"fa fa-thumbs-o-up\"\/><span class=\"penci-share-number\">0<\/span><\/a><i class=\"fa fa-facebook\"\/><a class=\"penci-social-item twitter\" target=\"_blank\" rel=\"noopener\" title=\"\" href=\"https:\/\/twitter.com\/intent\/tweet?text=Botafogo%20vence%20a%20Lusa%20e%20alivia%20press\u00e3o%20de%20rebaixamento%20-%20https:\/\/www.tribunaribeirao.com.br\/site\/botafogo-vence-a-lusa-e-alivia-pressao-de-rebaixamento\/\"><i class=\"fa fa-twitter\"\/><\/a><i class=\"fa fa-whatsapp\"\/><\/span><\/header>\n<div class=\"penci-entry-content entry-content\">\n<p>O Botafogo venceu a Portuguesa por 2 a 1 na noite deste domingo no est\u00e1dio Santa Cruz, em Ribeir\u00e3o Preto. O Pantera n\u00e3o vencia h\u00e1 cinco rodadas no Paulist\u00e3o. Douglas Baggio, no primeiro tempo, e Patrick Brey, no segundo, marcaram para o Tricolor. Victor Andrade descontou para a Lusa.<\/p>\n<p>A vit\u00f3ria aliviou a press\u00e3o de rebaixamento, pois o confronto com a Lusa era um duelo direto. O Bota soma 11 pontos no Grupo D, e est\u00e1 \u00e0 frente na classifica\u00e7\u00e3o geral de Corinthians (10 pontos), Portuguesa (7), Ituano (6) e Santo Andr\u00e9 (5). O Tim\u00e3o ainda joga na noite deste domingo, na Neo Qu\u00edmica Arena, contra a Ponte Preta, fechando a 10\u00aa rodada.<\/p>\n<p>Faltando duas rodadas para o t\u00e9rmino da fase de classifica\u00e7\u00e3o, as chances de ficar entre os dois primeiros do Grupo D s\u00e3o remotas. O Novorizontino tem 18 pontos. S\u00e3o Paulo, com um jogo a menos, e S\u00e3o Bernardo, t\u00eam 15.<\/p>\n<p>O Botafogo volta \u00e0 campo na pr\u00f3xima sexta-feira (01), em Ribeir\u00e3o Preto, contra o Guarani. Depois encerra a fase de classifica\u00e7\u00e3o contra o Palmeiras, fora de casa, no dia 10.<\/p>\n<\/div>\n<footer class=\"penci-entry-footer\"\/><\/div>\n<p><script async src=\"\/\/platform.twitter.com\/widgets.js\" charset=\"utf-8\"><\/script><br \/>\n<br \/><br \/>\n<br \/><a href=\"https:\/\/www.tribunaribeirao.com.br\/site\/botafogo-vence-a-lusa-e-alivia-pressao-de-rebaixamento\/\">Source link <\/a><\/p>\n<!-- CONTENT END 1 -->\n","protected":false},"excerpt":{"rendered":"<p>25 de fevereiro de 2024 | 20:1425 de fevereiro de 2024 | 20:19 0 O Botafogo venceu a Portuguesa por 2 a 1 na noite&#8230;<\/p>\n","protected":false},"author":1,"featured_media":39386,"comment_status":"open","ping_status":"open","sticky":false,"template":"","format":"standard","meta":{"advanced_seo_description":"","jetpack_seo_html_title":"","jetpack_seo_noindex":false,"jetpack_post_was_ever_published":false,"_jetpack_newsletter_access":"","_jetpack_dont_email_post_to_subs":false,"_jetpack_newsletter_tier_id":0,"_jetpack_memberships_contains_paywalled_content":false,"_jetpack_memberships_contains_paid_content":false,"footnotes":"","jetpack_publicize_message":"","jetpack_publicize_feature_enabled":true,"jetpack_social_post_already_shared":true,"jetpack_social_options":{"image_generator_settings":{"template":"highway","default_image_id":0,"font":"","enabled":false},"version":2}},"categories":[11],"tags":[4518,52,4501,4519,1351,1612],"class_list":["post-39385","post","type-post","status-publish","format-standard","has-post-thumbnail","hentry","category-noticias-de-ribeirao-preto-sp-e-regiao-ismael-colosi","tag-alivia","tag-botafogo","tag-lusa","tag-pressao","tag-rebaixamento","tag-vence"],"jetpack_publicize_connections":[],"jetpack_featured_media_url":"https:\/\/i0.wp.com\/noticiasribeiraopreto.com.br\/wp-content\/uploads\/2024\/02\/botalusa2-scaled.jpg?fit=968%2C645&ssl=1","jetpack-related-posts":[{"id":39357,"url":"https:\/\/noticiasribeiraopreto.com.br\/index.php\/2024\/02\/25\/botafogo-recebe-a-lusa-para-espantar-chances-de-rebaixamento\/","url_meta":{"origin":39385,"position":0},"title":"Botafogo recebe a Lusa para espantar chances de rebaixamento\u00a0\u00a0","author":"noticiasribeiraopreto.com.br","date":"25 de February de 2024","format":false,"excerpt":"O Botafogo come\u00e7ou a temporada com a promessa de mais investimento e a forma\u00e7\u00e3o de um time que teria condi\u00e7\u00f5es de brigar pelo acesso para a S\u00e9rie A do Campeonato Brasileiro.\u00a0\u00a0A folha salarial foi aumentada, chegando na casa dos R$ 2 milh\u00f5es por m\u00eas, bons jogadores chegaram, mas no primeiro\u2026","rel":"","context":"In &quot;Not\u00edcias de Ribeir\u00e3o Preto-SP e Regi\u00e3o&quot;","block_context":{"text":"Not\u00edcias de Ribeir\u00e3o Preto-SP e Regi\u00e3o","link":"https:\/\/noticiasribeiraopreto.com.br\/index.php\/category\/noticias-de-ribeirao-preto-sp-e-regiao-ismael-colosi\/"},"img":{"alt_text":"","src":"https:\/\/i0.wp.com\/noticiasribeiraopreto.com.br\/wp-content\/uploads\/2024\/02\/Botafogo-domingo-1-scaled.jpg?fit=967%2C645&ssl=1&resize=350%2C200","width":350,"height":200,"srcset":"https:\/\/i0.wp.com\/noticiasribeiraopreto.com.br\/wp-content\/uploads\/2024\/02\/Botafogo-domingo-1-scaled.jpg?fit=967%2C645&ssl=1&resize=350%2C200 1x, https:\/\/i0.wp.com\/noticiasribeiraopreto.com.br\/wp-content\/uploads\/2024\/02\/Botafogo-domingo-1-scaled.jpg?fit=967%2C645&ssl=1&resize=525%2C300 1.5x, https:\/\/i0.wp.com\/noticiasribeiraopreto.com.br\/wp-content\/uploads\/2024\/02\/Botafogo-domingo-1-scaled.jpg?fit=967%2C645&ssl=1&resize=700%2C400 2x"},"classes":[]},{"id":59779,"url":"https:\/\/noticiasribeiraopreto.com.br\/index.php\/2024\/10\/30\/botafogo-vence-amazonas-fora-de-casa-e-sai-da-zona-de-rebaixamento-na-serie-b\/","url_meta":{"origin":39385,"position":1},"title":"Botafogo vence Amazonas fora de casa e sai da zona de rebaixamento na S\u00e9rie B","author":"noticiasribeiraopreto.com.br","date":"30 de October de 2024","format":false,"excerpt":"O Botafogo venceu o Amazonas por 1 a 0 e saiu da zona de rebaixamento do Campeonato Brasileiro da S\u00e9rie B. A partida foi realizada na noite desta ter\u00e7a-feira (29), na Arena da Amaz\u00f4nia, em Manaus. O Botafogo abriu o placar aos 11 minutos do segundo tempo com o capit\u00e3o\u2026","rel":"","context":"In &quot;Not\u00edcias de Ribeir\u00e3o Preto-SP e Regi\u00e3o&quot;","block_context":{"text":"Not\u00edcias de Ribeir\u00e3o Preto-SP e Regi\u00e3o","link":"https:\/\/noticiasribeiraopreto.com.br\/index.php\/category\/noticias-de-ribeirao-preto-sp-e-regiao-ismael-colosi\/"},"img":{"alt_text":"","src":"https:\/\/i0.wp.com\/noticiasribeiraopreto.com.br\/wp-content\/uploads\/2024\/10\/botafogo-amazonas_2024-10-30_02-14-01_jpeg_2024-10-30_02-14-02.webp.webp?fit=1200%2C800&ssl=1&resize=350%2C200","width":350,"height":200,"srcset":"https:\/\/i0.wp.com\/noticiasribeiraopreto.com.br\/wp-content\/uploads\/2024\/10\/botafogo-amazonas_2024-10-30_02-14-01_jpeg_2024-10-30_02-14-02.webp.webp?fit=1200%2C800&ssl=1&resize=350%2C200 1x, https:\/\/i0.wp.com\/noticiasribeiraopreto.com.br\/wp-content\/uploads\/2024\/10\/botafogo-amazonas_2024-10-30_02-14-01_jpeg_2024-10-30_02-14-02.webp.webp?fit=1200%2C800&ssl=1&resize=525%2C300 1.5x, https:\/\/i0.wp.com\/noticiasribeiraopreto.com.br\/wp-content\/uploads\/2024\/10\/botafogo-amazonas_2024-10-30_02-14-01_jpeg_2024-10-30_02-14-02.webp.webp?fit=1200%2C800&ssl=1&resize=700%2C400 2x, https:\/\/i0.wp.com\/noticiasribeiraopreto.com.br\/wp-content\/uploads\/2024\/10\/botafogo-amazonas_2024-10-30_02-14-01_jpeg_2024-10-30_02-14-02.webp.webp?fit=1200%2C800&ssl=1&resize=1050%2C600 3x"},"classes":[]},{"id":72775,"url":"https:\/\/noticiasribeiraopreto.com.br\/index.php\/2025\/06\/20\/botafogo-vence-chapecoense-e-deixa-a-zona-de-rebaixamento-na-serie-b\/","url_meta":{"origin":39385,"position":2},"title":"Botafogo vence Chapecoense e deixa a zona de rebaixamento na S\u00e9rie B","author":"noticiasribeiraopreto.com.br","date":"20 de June de 2025","format":false,"excerpt":"O Botafogo venceu por 1 a 0 a Chapecoense, durante partida realizada na noite desta sexta-feira (20), no Est\u00e1dio Santa Cruz Arena Nicnet, em Ribeir\u00e3o Preto, pela 13\u00aa rodada da S\u00e9rie B do Campeonato Brasileiro. O \u00fanico gol da partida foi marcado j\u00e1 na reta final, aos 49 minutos do\u2026","rel":"","context":"In &quot;Not\u00edcias de Ribeir\u00e3o Preto-SP e Regi\u00e3o&quot;","block_context":{"text":"Not\u00edcias de Ribeir\u00e3o Preto-SP e Regi\u00e3o","link":"https:\/\/noticiasribeiraopreto.com.br\/index.php\/category\/noticias-de-ribeirao-preto-sp-e-regiao-ismael-colosi\/"},"img":{"alt_text":"","src":"https:\/\/i0.wp.com\/noticiasribeiraopreto.com.br\/wp-content\/uploads\/2025\/06\/WhatsApp-Image-2025-06-20-at-20.03.38_2025-06-21_00-13-18.webp.webp?fit=1200%2C800&ssl=1&resize=350%2C200","width":350,"height":200,"srcset":"https:\/\/i0.wp.com\/noticiasribeiraopreto.com.br\/wp-content\/uploads\/2025\/06\/WhatsApp-Image-2025-06-20-at-20.03.38_2025-06-21_00-13-18.webp.webp?fit=1200%2C800&ssl=1&resize=350%2C200 1x, https:\/\/i0.wp.com\/noticiasribeiraopreto.com.br\/wp-content\/uploads\/2025\/06\/WhatsApp-Image-2025-06-20-at-20.03.38_2025-06-21_00-13-18.webp.webp?fit=1200%2C800&ssl=1&resize=525%2C300 1.5x, https:\/\/i0.wp.com\/noticiasribeiraopreto.com.br\/wp-content\/uploads\/2025\/06\/WhatsApp-Image-2025-06-20-at-20.03.38_2025-06-21_00-13-18.webp.webp?fit=1200%2C800&ssl=1&resize=700%2C400 2x, https:\/\/i0.wp.com\/noticiasribeiraopreto.com.br\/wp-content\/uploads\/2025\/06\/WhatsApp-Image-2025-06-20-at-20.03.38_2025-06-21_00-13-18.webp.webp?fit=1200%2C800&ssl=1&resize=1050%2C600 3x"},"classes":[]},{"id":76269,"url":"https:\/\/noticiasribeiraopreto.com.br\/index.php\/2025\/08\/25\/botafogo-vence-o-vila-nova-e-deixa-a-zona-de-rebaixamento-da-serie-b\/","url_meta":{"origin":39385,"position":3},"title":"Botafogo vence o Vila Nova e deixa a zona de rebaixamento da S\u00e9rie B","author":"noticiasribeiraopreto.com.br","date":"25 de August de 2025","format":false,"excerpt":"O Botafogo derrotou o Vila Nova por 2 a 0, na noite desta segunda-feira (25), no est\u00e1dio Santa Cruz, em Ribeir\u00e3o Preto, pela S\u00e9rie B do Campeonato Brasileiro. Com a vit\u00f3ria, o Pantera sobe para a 16\u00aa coloca\u00e7\u00e3o e deixa a zona de rebaixamento. Os gols foram marcados por Marquinho,\u2026","rel":"","context":"In &quot;Not\u00edcias de Ribeir\u00e3o Preto-SP e Regi\u00e3o&quot;","block_context":{"text":"Not\u00edcias de Ribeir\u00e3o Preto-SP e Regi\u00e3o","link":"https:\/\/noticiasribeiraopreto.com.br\/index.php\/category\/noticias-de-ribeirao-preto-sp-e-regiao-ismael-colosi\/"},"img":{"alt_text":"","src":"https:\/\/i0.wp.com\/noticiasribeiraopreto.com.br\/wp-content\/uploads\/2025\/08\/Copia-de-Copia-de-Copia-de-TAMANHO-EXATO-PARA-FOTOS-NO-SISTEMA-NOVO-2025-08-25T204225.095_2025-08-25_23-43-44.webp.webp?fit=1200%2C675&ssl=1&resize=350%2C200","width":350,"height":200,"srcset":"https:\/\/i0.wp.com\/noticiasribeiraopreto.com.br\/wp-content\/uploads\/2025\/08\/Copia-de-Copia-de-Copia-de-TAMANHO-EXATO-PARA-FOTOS-NO-SISTEMA-NOVO-2025-08-25T204225.095_2025-08-25_23-43-44.webp.webp?fit=1200%2C675&ssl=1&resize=350%2C200 1x, https:\/\/i0.wp.com\/noticiasribeiraopreto.com.br\/wp-content\/uploads\/2025\/08\/Copia-de-Copia-de-Copia-de-TAMANHO-EXATO-PARA-FOTOS-NO-SISTEMA-NOVO-2025-08-25T204225.095_2025-08-25_23-43-44.webp.webp?fit=1200%2C675&ssl=1&resize=525%2C300 1.5x, https:\/\/i0.wp.com\/noticiasribeiraopreto.com.br\/wp-content\/uploads\/2025\/08\/Copia-de-Copia-de-Copia-de-TAMANHO-EXATO-PARA-FOTOS-NO-SISTEMA-NOVO-2025-08-25T204225.095_2025-08-25_23-43-44.webp.webp?fit=1200%2C675&ssl=1&resize=700%2C400 2x, https:\/\/i0.wp.com\/noticiasribeiraopreto.com.br\/wp-content\/uploads\/2025\/08\/Copia-de-Copia-de-Copia-de-TAMANHO-EXATO-PARA-FOTOS-NO-SISTEMA-NOVO-2025-08-25T204225.095_2025-08-25_23-43-44.webp.webp?fit=1200%2C675&ssl=1&resize=1050%2C600 3x"},"classes":[]},{"id":79557,"url":"https:\/\/noticiasribeiraopreto.com.br\/index.php\/2025\/11\/03\/na-briga-contra-o-rebaixamento-botafogo-vence-o-volta-redonda-fora-de-casa-e-sai-do-z-4\/","url_meta":{"origin":39385,"position":4},"title":"Na briga contra o rebaixamento, Botafogo vence o Volta Redonda fora de casa e sai do Z-4","author":"noticiasribeiraopreto.com.br","date":"3 de November de 2025","format":false,"excerpt":"O Botafogo venceu o Volta Redonda por 1 a 0 na noite desta segunda-feira (3), no Est\u00e1dio Raulino de Oliveira, em Volta Redonda, e conquistou um resultado fundamental na luta contra o rebaixamento da S\u00e9rie B do Campeonato Brasileiro. Com o triunfo fora de casa, o Pantera chegou a 38\u2026","rel":"","context":"In &quot;Not\u00edcias de Ribeir\u00e3o Preto-SP e Regi\u00e3o&quot;","block_context":{"text":"Not\u00edcias de Ribeir\u00e3o Preto-SP e Regi\u00e3o","link":"https:\/\/noticiasribeiraopreto.com.br\/index.php\/category\/noticias-de-ribeirao-preto-sp-e-regiao-ismael-colosi\/"},"img":{"alt_text":"","src":"https:\/\/i0.wp.com\/noticiasribeiraopreto.com.br\/wp-content\/uploads\/2025\/11\/palace-10_2025-11-03_23-56-44.webp.webp?fit=1200%2C675&ssl=1&resize=350%2C200","width":350,"height":200,"srcset":"https:\/\/i0.wp.com\/noticiasribeiraopreto.com.br\/wp-content\/uploads\/2025\/11\/palace-10_2025-11-03_23-56-44.webp.webp?fit=1200%2C675&ssl=1&resize=350%2C200 1x, https:\/\/i0.wp.com\/noticiasribeiraopreto.com.br\/wp-content\/uploads\/2025\/11\/palace-10_2025-11-03_23-56-44.webp.webp?fit=1200%2C675&ssl=1&resize=525%2C300 1.5x, https:\/\/i0.wp.com\/noticiasribeiraopreto.com.br\/wp-content\/uploads\/2025\/11\/palace-10_2025-11-03_23-56-44.webp.webp?fit=1200%2C675&ssl=1&resize=700%2C400 2x, https:\/\/i0.wp.com\/noticiasribeiraopreto.com.br\/wp-content\/uploads\/2025\/11\/palace-10_2025-11-03_23-56-44.webp.webp?fit=1200%2C675&ssl=1&resize=1050%2C600 3x"},"classes":[]},{"id":79908,"url":"https:\/\/noticiasribeiraopreto.com.br\/index.php\/2025\/11\/10\/botafogo-vence-o-amazonas-e-segue-vivo-na-luta-conta-o-rebaixamento-da-serie-b\/","url_meta":{"origin":39385,"position":5},"title":"Botafogo vence o Amazonas e segue vivo na luta conta o rebaixamento da S\u00e9rie B","author":"noticiasribeiraopreto.com.br","date":"10 de November de 2025","format":false,"excerpt":"O Botafogo venceu o Amazonas por 1 a 0 na noite desta segunda-feira (10), no est\u00e1dio Santa Cruz, em Ribeir\u00e3o Preto, e manteve viva a esperan\u00e7a de permanecer na S\u00e9rie B do Campeonato Brasileiro. Com o resultado, o Pantera chegou a 41 pontos e subiu para a 15\u00aa coloca\u00e7\u00e3o na\u2026","rel":"","context":"In &quot;Not\u00edcias de Ribeir\u00e3o Preto-SP e Regi\u00e3o&quot;","block_context":{"text":"Not\u00edcias de Ribeir\u00e3o Preto-SP e Regi\u00e3o","link":"https:\/\/noticiasribeiraopreto.com.br\/index.php\/category\/noticias-de-ribeirao-preto-sp-e-regiao-ismael-colosi\/"},"img":{"alt_text":"","src":"https:\/\/i0.wp.com\/noticiasribeiraopreto.com.br\/wp-content\/uploads\/2025\/11\/5a755619-ae82-45c7-a454-c814bf88924a_2025-11-11_00-04-00.webp.webp?fit=1200%2C800&ssl=1&resize=350%2C200","width":350,"height":200,"srcset":"https:\/\/i0.wp.com\/noticiasribeiraopreto.com.br\/wp-content\/uploads\/2025\/11\/5a755619-ae82-45c7-a454-c814bf88924a_2025-11-11_00-04-00.webp.webp?fit=1200%2C800&ssl=1&resize=350%2C200 1x, https:\/\/i0.wp.com\/noticiasribeiraopreto.com.br\/wp-content\/uploads\/2025\/11\/5a755619-ae82-45c7-a454-c814bf88924a_2025-11-11_00-04-00.webp.webp?fit=1200%2C800&ssl=1&resize=525%2C300 1.5x, https:\/\/i0.wp.com\/noticiasribeiraopreto.com.br\/wp-content\/uploads\/2025\/11\/5a755619-ae82-45c7-a454-c814bf88924a_2025-11-11_00-04-00.webp.webp?fit=1200%2C800&ssl=1&resize=700%2C400 2x, https:\/\/i0.wp.com\/noticiasribeiraopreto.com.br\/wp-content\/uploads\/2025\/11\/5a755619-ae82-45c7-a454-c814bf88924a_2025-11-11_00-04-00.webp.webp?fit=1200%2C800&ssl=1&resize=1050%2C600 3x"},"classes":[]}],"jetpack_sharing_enabled":true,"jetpack_shortlink":"https:\/\/wp.me\/peQAOb-aff","_links":{"self":[{"href":"https:\/\/noticiasribeiraopreto.com.br\/index.php\/wp-json\/wp\/v2\/posts\/39385","targetHints":{"allow":["GET"]}}],"collection":[{"href":"https:\/\/noticiasribeiraopreto.com.br\/index.php\/wp-json\/wp\/v2\/posts"}],"about":[{"href":"https:\/\/noticiasribeiraopreto.com.br\/index.php\/wp-json\/wp\/v2\/types\/post"}],"author":[{"embeddable":true,"href":"https:\/\/noticiasribeiraopreto.com.br\/index.php\/wp-json\/wp\/v2\/users\/1"}],"replies":[{"embeddable":true,"href":"https:\/\/noticiasribeiraopreto.com.br\/index.php\/wp-json\/wp\/v2\/comments?post=39385"}],"version-history":[{"count":0,"href":"https:\/\/noticiasribeiraopreto.com.br\/index.php\/wp-json\/wp\/v2\/posts\/39385\/revisions"}],"wp:featuredmedia":[{"embeddable":true,"href":"https:\/\/noticiasribeiraopreto.com.br\/index.php\/wp-json\/wp\/v2\/media\/39386"}],"wp:attachment":[{"href":"https:\/\/noticiasribeiraopreto.com.br\/index.php\/wp-json\/wp\/v2\/media?parent=39385"}],"wp:term":[{"taxonomy":"category","embeddable":true,"href":"https:\/\/noticiasribeiraopreto.com.br\/index.php\/wp-json\/wp\/v2\/categories?post=39385"},{"taxonomy":"post_tag","embeddable":true,"href":"https:\/\/noticiasribeiraopreto.com.br\/index.php\/wp-json\/wp\/v2\/tags?post=39385"}],"curies":[{"name":"wp","href":"https:\/\/api.w.org\/{rel}","templated":true}]}}