{"id":39387,"date":"2024-02-25T20:31:02","date_gmt":"2024-02-25T23:31:02","guid":{"rendered":"https:\/\/noticiasribeiraopreto.com.br\/index.php\/2024\/02\/25\/vaga-para-assistente-administrativo\/"},"modified":"2024-02-25T20:31:02","modified_gmt":"2024-02-25T23:31:02","slug":"vaga-para-assistente-administrativo","status":"publish","type":"post","link":"https:\/\/noticiasribeiraopreto.com.br\/index.php\/2024\/02\/25\/vaga-para-assistente-administrativo\/","title":{"rendered":"Vaga para Assistente Administrativo"},"content":{"rendered":"<div class=\"box\"><span class=\"marker\"><\/span><a href=\"https:\/\/eventosrh.selecty.com.br\/vaga\/1862\/vaga-para-mecanico-de-manutencao-temporario-em-sumare-sp\"><span>Vaga para <strong>Mec\u00e2nico de Manuten\u00e7\u00e3o (tempor\u00e1rio)<\/strong> em Sumar\u00e9 &#8211; SP<\/span><\/a><\/div>\n<div class=\"box\"><span class=\"marker\"><\/span><a href=\"https:\/\/eventosrh.selecty.com.br\/vaga\/1858\/vaga-para-auxiliar-administrativo-em-jardinopolis-sp-brasil\"><span>1 vaga para <strong>Auxiliar Administrativo<\/strong> em Jardin\u00f3polis &#8211; SP &#8211; Brasil<\/span><small title=\"23\/02\/2024 15:23:17\">h\u00e1 2 dias<\/small><\/a><\/div>\n<div class=\"box\"><span class=\"marker\"><\/span><a href=\"https:\/\/eventosrh.selecty.com.br\/vaga\/1861\/vaga-para-assistente-administrativo\"><span>Vaga para <strong>Assistente Administrativo<\/strong><\/span><\/a><\/div>\n<div class=\"box\"><span class=\"marker\"><\/span><a href=\"https:\/\/eventosrh.selecty.com.br\/vaga\/1860\/vaga-para-operador-de-caixa-em-ribeirao-preto-sp\"><span>1 vaga para <strong>Operador de Caixa<\/strong> em Ribeir\u00e3o Preto &#8211; SP<\/span><small title=\"22\/02\/2024 15:28:36\">h\u00e1 3 dias<\/small><\/a><\/div>\n<div class=\"box\"><span class=\"marker\"><\/span><a href=\"https:\/\/eventosrh.selecty.com.br\/vaga\/1856\/vaga-para-consultor-institucional-pj-em-ribeirao-preto-sp\"><span>6 vagas para <strong>Consultor Institucional (PJ)<\/strong> em Ribeir\u00e3o Preto &#8211; SP<\/span><small title=\"22\/02\/2024 15:20:41\">h\u00e1 3 dias<\/small><\/a><\/div>\n<div class=\"box\"><span class=\"marker\"><\/span><a href=\"https:\/\/eventosrh.selecty.com.br\/vaga\/1859\/vaga-para-assistente-de-vendas-em-ribeirao-preto\"><span>Vaga para <strong>Assistente de Vendas<\/strong> em Ribeir\u00e3o Preto<\/span><\/a><\/div>\n<div class=\"box\"><span class=\"marker\"><\/span><a href=\"https:\/\/eventosrh.selecty.com.br\/vaga\/1857\/vaga-para-motorista-de-caminhao-truck-em-ribeirao-preto-sp\"><span>Vaga para <strong>Motorista de Caminh\u00e3o Truck<\/strong> em Ribeir\u00e3o Preto &#8211; SP<\/span><small title=\"21\/02\/2024 15:57:54\">h\u00e1 4 dias<\/small><\/a><\/div>\n<!-- CONTENT END 1 -->\n","protected":false},"excerpt":{"rendered":"<p>Vaga para Mec\u00e2nico de Manuten\u00e7\u00e3o (tempor\u00e1rio) em Sumar\u00e9 &#8211; SP 1 vaga para Auxiliar Administrativo em Jardin\u00f3polis &#8211; SP &#8211; Brasilh\u00e1 2 dias Vaga para&#8230;<\/p>\n","protected":false},"author":1,"featured_media":0,"comment_status":"open","ping_status":"open","sticky":false,"template":"","format":"standard","meta":{"advanced_seo_description":"","jetpack_seo_html_title":"","jetpack_seo_noindex":false,"jetpack_post_was_ever_published":false,"_jetpack_newsletter_access":"","_jetpack_dont_email_post_to_subs":false,"_jetpack_newsletter_tier_id":0,"_jetpack_memberships_contains_paywalled_content":false,"_jetpack_memberships_contains_paid_content":false,"footnotes":"","jetpack_publicize_message":"","jetpack_publicize_feature_enabled":true,"jetpack_social_post_already_shared":true,"jetpack_social_options":{"image_generator_settings":{"template":"highway","default_image_id":0,"font":"","enabled":false},"version":2}},"categories":[7],"tags":[],"class_list":["post-39387","post","type-post","status-publish","format-standard","hentry","category-vagas-de-empregos-em-ribeirao-preto-regiao-brasil"],"jetpack_publicize_connections":[],"jetpack_featured_media_url":"","jetpack-related-posts":[{"id":27884,"url":"https:\/\/noticiasribeiraopreto.com.br\/index.php\/2024\/01\/13\/vaga-para-assistente-administrativo-pcd-em-ribeirao-preto\/","url_meta":{"origin":39387,"position":0},"title":"Vaga para Assistente Administrativo PCD em Ribeir\u00e3o Preto","author":"noticiasribeiraopreto.com.br","date":"13 de January de 2024","format":false,"excerpt":"1 vaga para Operador Moagem I em Mat\u00e3o - SPh\u00e1 1 dia Vaga para Analista Financeiro - Tesouraria em Ribeir\u00e3o Preto Vaga para Assistente Administrativo PCD em Ribeir\u00e3o Preto Vaga para Ajudante Geral de Produ\u00e7\u00e3o em Monte Alto - SP - Brasil Vaga para Assistente Administrativo de Vendas em Ribeir\u00e3o\u2026","rel":"","context":"In &quot;Vagas de Emprego em Ribeir\u00e3o Preto-SP&quot;","block_context":{"text":"Vagas de Emprego em Ribeir\u00e3o Preto-SP","link":"https:\/\/noticiasribeiraopreto.com.br\/index.php\/category\/empregos-classificados-vagas-trabalho\/vagas-de-empregos-em-ribeirao-preto-regiao-brasil\/"},"img":{"alt_text":"","src":"","width":0,"height":0},"classes":[]},{"id":51897,"url":"https:\/\/noticiasribeiraopreto.com.br\/index.php\/2024\/05\/31\/vaga-para-assistente-administrativo-em-ribeirao-preto\/","url_meta":{"origin":39387,"position":1},"title":"Vaga para Assistente Administrativo em Ribeir\u00e3o Preto","author":"noticiasribeiraopreto.com.br","date":"31 de May de 2024","format":false,"excerpt":"Vaga para Assistente Administrativo em Ribeir\u00e3o Preto Vaga para Empregado(a) Dom\u00e9stico(a) (CNH B) em Ribeir\u00e3o Preto - SPh\u00e1 2 dias Vaga para Assistente de Frota em Ribeir\u00e3o Preto Vaga para Analista de Departamento Pessoal em Barretos - SPh\u00e1 3 dias Vaga para Auxiliar de Produ\u00e7\u00e3o - Tempor\u00e1rio em Mat\u00e3o -\u2026","rel":"","context":"In &quot;Vagas de Emprego em Ribeir\u00e3o Preto-SP&quot;","block_context":{"text":"Vagas de Emprego em Ribeir\u00e3o Preto-SP","link":"https:\/\/noticiasribeiraopreto.com.br\/index.php\/category\/empregos-classificados-vagas-trabalho\/vagas-de-empregos-em-ribeirao-preto-regiao-brasil\/"},"img":{"alt_text":"","src":"https:\/\/i0.wp.com\/noticiasribeiraopreto.com.br\/wp-content\/uploads\/2024\/05\/1717205043_8228989.jpg?fit=1200%2C675&ssl=1&resize=350%2C200","width":350,"height":200,"srcset":"https:\/\/i0.wp.com\/noticiasribeiraopreto.com.br\/wp-content\/uploads\/2024\/05\/1717205043_8228989.jpg?fit=1200%2C675&ssl=1&resize=350%2C200 1x, https:\/\/i0.wp.com\/noticiasribeiraopreto.com.br\/wp-content\/uploads\/2024\/05\/1717205043_8228989.jpg?fit=1200%2C675&ssl=1&resize=525%2C300 1.5x, https:\/\/i0.wp.com\/noticiasribeiraopreto.com.br\/wp-content\/uploads\/2024\/05\/1717205043_8228989.jpg?fit=1200%2C675&ssl=1&resize=700%2C400 2x, https:\/\/i0.wp.com\/noticiasribeiraopreto.com.br\/wp-content\/uploads\/2024\/05\/1717205043_8228989.jpg?fit=1200%2C675&ssl=1&resize=1050%2C600 3x"},"classes":[]},{"id":27899,"url":"https:\/\/noticiasribeiraopreto.com.br\/index.php\/2024\/01\/13\/vaga-para-analista-financeiro-tesouraria-em-ribeirao-preto\/","url_meta":{"origin":39387,"position":2},"title":"Vaga para Analista Financeiro &#8211; Tesouraria em Ribeir\u00e3o Preto","author":"noticiasribeiraopreto.com.br","date":"13 de January de 2024","format":false,"excerpt":"1 vaga para Operador Moagem I em Mat\u00e3o - SPh\u00e1 1 dia Vaga para Analista Financeiro - Tesouraria em Ribeir\u00e3o Preto Vaga para Assistente Administrativo PCD em Ribeir\u00e3o Preto Vaga para Ajudante Geral de Produ\u00e7\u00e3o em Monte Alto - SP - Brasil Vaga para Assistente Administrativo de Vendas em Ribeir\u00e3o\u2026","rel":"","context":"In &quot;Vagas de Emprego em Ribeir\u00e3o Preto-SP&quot;","block_context":{"text":"Vagas de Emprego em Ribeir\u00e3o Preto-SP","link":"https:\/\/noticiasribeiraopreto.com.br\/index.php\/category\/empregos-classificados-vagas-trabalho\/vagas-de-empregos-em-ribeirao-preto-regiao-brasil\/"},"img":{"alt_text":"","src":"","width":0,"height":0},"classes":[]},{"id":27900,"url":"https:\/\/noticiasribeiraopreto.com.br\/index.php\/2024\/01\/13\/1-vaga-para-operador-moagem-i-em-matao-spha-1-dia\/","url_meta":{"origin":39387,"position":3},"title":"1 vaga para Operador Moagem I em Mat\u00e3o &#8211; SPh\u00e1 1 dia","author":"noticiasribeiraopreto.com.br","date":"13 de January de 2024","format":false,"excerpt":"1 vaga para Operador Moagem I em Mat\u00e3o - SPh\u00e1 1 dia Vaga para Analista Financeiro - Tesouraria em Ribeir\u00e3o Preto Vaga para Assistente Administrativo PCD em Ribeir\u00e3o Preto Vaga para Ajudante Geral de Produ\u00e7\u00e3o em Monte Alto - SP - Brasil Vaga para Assistente Administrativo de Vendas em Ribeir\u00e3o\u2026","rel":"","context":"In &quot;Vagas de Emprego em Ribeir\u00e3o Preto-SP&quot;","block_context":{"text":"Vagas de Emprego em Ribeir\u00e3o Preto-SP","link":"https:\/\/noticiasribeiraopreto.com.br\/index.php\/category\/empregos-classificados-vagas-trabalho\/vagas-de-empregos-em-ribeirao-preto-regiao-brasil\/"},"img":{"alt_text":"","src":"https:\/\/i0.wp.com\/noticiasribeiraopreto.com.br\/wp-content\/uploads\/2024\/01\/1705184144_8228989.jpg?fit=1200%2C675&ssl=1&resize=350%2C200","width":350,"height":200,"srcset":"https:\/\/i0.wp.com\/noticiasribeiraopreto.com.br\/wp-content\/uploads\/2024\/01\/1705184144_8228989.jpg?fit=1200%2C675&ssl=1&resize=350%2C200 1x, https:\/\/i0.wp.com\/noticiasribeiraopreto.com.br\/wp-content\/uploads\/2024\/01\/1705184144_8228989.jpg?fit=1200%2C675&ssl=1&resize=525%2C300 1.5x, https:\/\/i0.wp.com\/noticiasribeiraopreto.com.br\/wp-content\/uploads\/2024\/01\/1705184144_8228989.jpg?fit=1200%2C675&ssl=1&resize=700%2C400 2x, https:\/\/i0.wp.com\/noticiasribeiraopreto.com.br\/wp-content\/uploads\/2024\/01\/1705184144_8228989.jpg?fit=1200%2C675&ssl=1&resize=1050%2C600 3x"},"classes":[]},{"id":27883,"url":"https:\/\/noticiasribeiraopreto.com.br\/index.php\/2024\/01\/13\/confira-mais-de-597-vagas-disponiveis\/","url_meta":{"origin":39387,"position":4},"title":"Confira mais de 597 vagas dispon\u00edveis.","author":"noticiasribeiraopreto.com.br","date":"13 de January de 2024","format":false,"excerpt":"Confira mais de 597 vagas dispon\u00edveis.Vagas por cidadeTodas(516)Mat\u00e3o(204)Araras(201)Ribeir\u00e3o Preto(73)Monte Alto(21)Santos(9)Andradina(2)Vagas por \u00e1reaTodas(598)Produ\u00e7\u00e3o\/Fabrica\u00e7\u00e3o(233)Industrial, Produ\u00e7\u00e3o...(209)Transporte Terrestre(74)Administra\u00e7\u00e3o Comercial...(12)Industrial,Produ\u00e7\u00e3o...(10)Log\u00edstica(9)Vagas por cargoTodas(598)Ajudante de Produ\u00e7\u00e3o -...(401)Motorista - V\u00e1rias...(72)Ajudante Geral de...(20)Auxiliar de Produ\u00e7\u00e3o...(11)Operador de Produ\u00e7\u00e3o -...(9)Estagi\u00e1rio Comercial -...(5) Vagas recentes1 vaga para Operador Moagem I em Mat\u00e3o - SPh\u00e1 1 diaVaga para Analista Financeiro - Tesouraria em\u2026","rel":"","context":"In &quot;Vagas de Emprego em Ribeir\u00e3o Preto-SP&quot;","block_context":{"text":"Vagas de Emprego em Ribeir\u00e3o Preto-SP","link":"https:\/\/noticiasribeiraopreto.com.br\/index.php\/category\/empregos-classificados-vagas-trabalho\/vagas-de-empregos-em-ribeirao-preto-regiao-brasil\/"},"img":{"alt_text":"","src":"","width":0,"height":0},"classes":[]},{"id":28822,"url":"https:\/\/noticiasribeiraopreto.com.br\/index.php\/2024\/01\/16\/confira-mais-de-520-vagas-disponiveis\/","url_meta":{"origin":39387,"position":5},"title":"Confira mais de 520 vagas dispon\u00edveis.","author":"noticiasribeiraopreto.com.br","date":"16 de January de 2024","format":false,"excerpt":"Confira mais de 520 vagas dispon\u00edveis.Vagas por cidadeTodas(511)Mat\u00e3o(203)Araras(200)Ribeir\u00e3o Preto(71)Monte Alto(21)Santos(9)Andradina(2)Vagas por \u00e1reaTodas(521)Produ\u00e7\u00e3o\/Fabrica\u00e7\u00e3o(233)Industrial, Produ\u00e7\u00e3o...(209)Administra\u00e7\u00e3o Comercial...(12)Industrial,Produ\u00e7\u00e3o...(10)Log\u00edstica(9)Administra\u00e7\u00e3o de...(9)Vagas por cargoTodas(521)Ajudante de Produ\u00e7\u00e3o -...(401)Ajudante Geral de...(20)Auxiliar de Produ\u00e7\u00e3o...(11)Operador de Produ\u00e7\u00e3o -...(9)Estagi\u00e1rio Comercial -...(5)Auxiliar de Expedi\u00e7\u00e3o(5) Vagas recentes1 vaga para Polidor Automotivo em Ribeir\u00e3o Preto - SPh\u00e1 3 horas1 vaga para Vendedor de Servi\u00e7os de\u2026","rel":"","context":"In &quot;Vagas de Emprego em Ribeir\u00e3o Preto-SP&quot;","block_context":{"text":"Vagas de Emprego em Ribeir\u00e3o Preto-SP","link":"https:\/\/noticiasribeiraopreto.com.br\/index.php\/category\/empregos-classificados-vagas-trabalho\/vagas-de-empregos-em-ribeirao-preto-regiao-brasil\/"},"img":{"alt_text":"","src":"","width":0,"height":0},"classes":[]}],"jetpack_sharing_enabled":true,"jetpack_shortlink":"https:\/\/wp.me\/peQAOb-afh","_links":{"self":[{"href":"https:\/\/noticiasribeiraopreto.com.br\/index.php\/wp-json\/wp\/v2\/posts\/39387","targetHints":{"allow":["GET"]}}],"collection":[{"href":"https:\/\/noticiasribeiraopreto.com.br\/index.php\/wp-json\/wp\/v2\/posts"}],"about":[{"href":"https:\/\/noticiasribeiraopreto.com.br\/index.php\/wp-json\/wp\/v2\/types\/post"}],"author":[{"embeddable":true,"href":"https:\/\/noticiasribeiraopreto.com.br\/index.php\/wp-json\/wp\/v2\/users\/1"}],"replies":[{"embeddable":true,"href":"https:\/\/noticiasribeiraopreto.com.br\/index.php\/wp-json\/wp\/v2\/comments?post=39387"}],"version-history":[{"count":0,"href":"https:\/\/noticiasribeiraopreto.com.br\/index.php\/wp-json\/wp\/v2\/posts\/39387\/revisions"}],"wp:attachment":[{"href":"https:\/\/noticiasribeiraopreto.com.br\/index.php\/wp-json\/wp\/v2\/media?parent=39387"}],"wp:term":[{"taxonomy":"category","embeddable":true,"href":"https:\/\/noticiasribeiraopreto.com.br\/index.php\/wp-json\/wp\/v2\/categories?post=39387"},{"taxonomy":"post_tag","embeddable":true,"href":"https:\/\/noticiasribeiraopreto.com.br\/index.php\/wp-json\/wp\/v2\/tags?post=39387"}],"curies":[{"name":"wp","href":"https:\/\/api.w.org\/{rel}","templated":true}]}}