{"id":39456,"date":"2024-02-26T12:08:36","date_gmt":"2024-02-26T15:08:36","guid":{"rendered":"https:\/\/noticiasribeiraopreto.com.br\/index.php\/2024\/02\/26\/posto-do-sebrae-comeca-a-funcionar-nesta-segunda\/"},"modified":"2024-02-26T12:08:36","modified_gmt":"2024-02-26T15:08:36","slug":"posto-do-sebrae-comeca-a-funcionar-nesta-segunda","status":"publish","type":"post","link":"https:\/\/noticiasribeiraopreto.com.br\/index.php\/2024\/02\/26\/posto-do-sebrae-comeca-a-funcionar-nesta-segunda\/","title":{"rendered":"Posto do Sebrae come\u00e7a a funcionar nesta segunda em RP"},"content":{"rendered":"<div class='code-block code-block-1' style='margin: 8px 0 8px auto; text-align: right; display: block; clear: both;'>\n<p><a href=\"https:\/\/wa.link\/vpicfd\"><img data-recalc-dims=\"1\" class=\"wp-image-4922\" style=\"aspect-ratio: 2.0253164556962027; width: 561px; height: auto;\" src=\"https:\/\/i0.wp.com\/ismaelcolosi.com.br\/wp-content\/uploads\/2023\/11\/grupo-de-empregos-whatsapp-e-facebook-ismael-colosi-vagas.jpg?ssl=1\" alt=\"\" \/><\/a><\/p>\n<!-- \/wp:image -->\n<\/div>\n<p> <br \/>\n<\/p>\n<div id=\"\">\n<p> <span class=\"entry-meta-item penci-posted-on\"><i class=\"fa fa-clock-o\"\/><time class=\"entry-date published\" datetime=\"2024-02-26T12:00:53-03:00\">26 de fevereiro de 2024 | 12:00<\/time><time class=\"updated\" datetime=\"2024-02-26T11:08:53-03:00\">26 de fevereiro de 2024 | 11:08<\/time><\/span><\/p>\n<p> <span class=\"penci-social-buttons penci-social-share-footer\"><a href=\"#\" class=\"penci-post-like penci_post-meta_item  single-like-button penci-social-item like\" data-post_id=\"375026\" title=\"Like\" data-like=\"Like\" data-unlike=\"Unlike\"><i class=\"fa fa-thumbs-o-up\"\/><span class=\"penci-share-number\">0<\/span><\/a><i class=\"fa fa-facebook\"\/><a class=\"penci-social-item twitter\" target=\"_blank\" rel=\"noopener\" title=\"\" href=\"https:\/\/twitter.com\/intent\/tweet?text=Posto%20do%20Sebrae%20come\u00e7a%20a%20funcionar%20nesta%20segunda%20em%20RP%20-%20https:\/\/www.tribunaribeirao.com.br\/site\/posto-do-sebrae-comeca-a-funcionar-nesta-segunda\/\"><i class=\"fa fa-twitter\"\/><\/a><i class=\"fa fa-whatsapp\"\/><\/span><\/div>\n<div>\n<p>Come\u00e7ou a funcionar nesta segunda-feira, 26 de fevereiro, o Posto\u00a0<em>Sebrae Aqui<\/em>, em parceria com a Prefeitura Municipal. O posto funcionar\u00e1 no pr\u00e9dio do CATERP (Centro de Apoio ao Trabalhador e Empreendedor de Ribeir\u00e3o Preto), localizado \u00e0 avenida Francisco Junqueira, n\u00ba\u00a02625,\u00a0das 8h \u00e0s 11h30 e das 13h \u00e0s 16h, e oferecer\u00e1 os seguintes servi\u00e7os:<\/p>\n<p>\u2013 Orienta\u00e7\u00f5es sobre abertura e melhoria de empresas (MEI, ME e EPP). Formaliza\u00e7\u00e3o do MEI, Baixa e Altera\u00e7\u00e3o na inscri\u00e7\u00e3o do MEI;<\/p>\n<p>\u2013 Orienta\u00e7\u00f5es para regulariza\u00e7\u00e3o da inscri\u00e7\u00e3o (licenciamento e alvar\u00e1s, de acordo com a regulamenta\u00e7\u00e3o municipal);<\/p>\n<p>\u2013 Orienta\u00e7\u00f5es sobre linhas de cr\u00e9dito, Programa Empreenda R\u00e1pido;<\/p>\n<p>\u2013 Emiss\u00e3o do DAS, Impress\u00e3o do comprovante de inscri\u00e7\u00e3o de situa\u00e7\u00e3o cadastral (CNPJ), Orienta\u00e7\u00f5es para emiss\u00e3o do cadastro de contribuinte mobili\u00e1rios (CCM) e Inscri\u00e7\u00e3o Estadual, Orienta\u00e7\u00f5es e realiza\u00e7\u00e3o para Declara\u00e7\u00e3o Anual do MEI;<\/p>\n<p>\u2013 Orienta\u00e7\u00f5es sobre parcelamento de d\u00e9bitos do MEI;<\/p>\n<p>\u2013 Realiza\u00e7\u00e3o de palestras, oficinas e cursos (inscri\u00e7\u00e3o pr\u00e9via) para quem tem uma empresa ou para quem deseja abrir uma empresa;<\/p>\n<p>\u2013 Consultorias especializadas e gratuitas (com hor\u00e1rio agendado); credenciamento de CNPJ\u2019s no sistema de emiss\u00e3o de Notas da Prefeitura;<\/p>\n<p>\u2013 Emiss\u00e3o de Notas Fiscais de servi\u00e7o;<\/p>\n<p>\u2013 Aux\u00edlio na formata\u00e7\u00e3o de Planos de Neg\u00f3cios para empreendedores que solicitam empr\u00e9stimo no Banco do Povo.<\/p>\n<p><strong>Servi\u00e7o<\/strong><\/p>\n<p>Caterp<\/p>\n<p>Posto Sebrae Aqui<\/p>\n<p>Hor\u00e1rio de atendimento: 8h \u00e0s 11h30 e das 13h \u00e0s 16h<\/p>\n<p>Endere\u00e7o: avenida Francisco Junqueira, n\u00ba\u00a02625.<\/p>\n<\/div>\n<p><script async src=\"\/\/platform.twitter.com\/widgets.js\" charset=\"utf-8\"><\/script><br \/>\n<br \/><br \/>\n<br \/><a href=\"https:\/\/www.tribunaribeirao.com.br\/site\/posto-do-sebrae-comeca-a-funcionar-nesta-segunda\/\">Source link <\/a><\/p>\n<!-- CONTENT END 1 -->\n","protected":false},"excerpt":{"rendered":"<p>26 de fevereiro de 2024 | 12:0026 de fevereiro de 2024 | 11:08 0 Come\u00e7ou a funcionar nesta segunda-feira, 26 de fevereiro, o Posto\u00a0Sebrae Aqui,&#8230;<\/p>\n","protected":false},"author":1,"featured_media":39457,"comment_status":"open","ping_status":"open","sticky":false,"template":"","format":"standard","meta":{"advanced_seo_description":"","jetpack_seo_html_title":"","jetpack_seo_noindex":false,"jetpack_post_was_ever_published":false,"_jetpack_newsletter_access":"","_jetpack_dont_email_post_to_subs":false,"_jetpack_newsletter_tier_id":0,"_jetpack_memberships_contains_paywalled_content":false,"_jetpack_memberships_contains_paid_content":false,"footnotes":"","jetpack_publicize_message":"","jetpack_publicize_feature_enabled":true,"jetpack_social_post_already_shared":true,"jetpack_social_options":{"image_generator_settings":{"template":"highway","default_image_id":0,"font":"","enabled":false},"version":2}},"categories":[11],"tags":[206,2469,207,1137,4407,839],"class_list":["post-39456","post","type-post","status-publish","format-standard","has-post-thumbnail","hentry","category-noticias-de-ribeirao-preto-sp-e-regiao-ismael-colosi","tag-comeca","tag-funcionar","tag-nesta","tag-posto","tag-sebrae","tag-segunda"],"jetpack_publicize_connections":[],"jetpack_featured_media_url":"https:\/\/i0.wp.com\/noticiasribeiraopreto.com.br\/wp-content\/uploads\/2024\/02\/inauguracao_sebrae_aqui_-_foto_guilherme_sircili_1-scaled.jpg?fit=967%2C645&ssl=1","jetpack-related-posts":[{"id":38955,"url":"https:\/\/noticiasribeiraopreto.com.br\/index.php\/2024\/02\/22\/novo-posto-do-sebrae-comeca-funcionar-em-ribeirao-preto\/","url_meta":{"origin":39456,"position":0},"title":"Novo posto do Sebrae come\u00e7a funcionar em Ribeir\u00e3o Preto","author":"noticiasribeiraopreto.com.br","date":"22 de February de 2024","format":false,"excerpt":"Um novo posto do Sebrae Aqui \u2013 canal de atendimento presencial para empreendedores e futuros empreendedores \u2013 come\u00e7a a funcionar em Ribeir\u00e3o Preto, na segunda-feira (26). O atendimento ser\u00e1 no pr\u00e9dio do Caterp (Centro de Apoio ao Trabalhador e Empreendedor de Ribeir\u00e3o Preto). O local ir\u00e1 funcionar de segunda a\u2026","rel":"","context":"In &quot;Not\u00edcias de Ribeir\u00e3o Preto-SP e Regi\u00e3o&quot;","block_context":{"text":"Not\u00edcias de Ribeir\u00e3o Preto-SP e Regi\u00e3o","link":"https:\/\/noticiasribeiraopreto.com.br\/index.php\/category\/noticias-de-ribeirao-preto-sp-e-regiao-ismael-colosi\/"},"img":{"alt_text":"","src":"https:\/\/i0.wp.com\/noticiasribeiraopreto.com.br\/wp-content\/uploads\/2024\/02\/Copia-de-Copia-de-TAMANHO-EXATO-PARA-FOTOS-NO-SISTEMA-NOVO-9-2.jpg?fit=1200%2C675&ssl=1&resize=350%2C200","width":350,"height":200,"srcset":"https:\/\/i0.wp.com\/noticiasribeiraopreto.com.br\/wp-content\/uploads\/2024\/02\/Copia-de-Copia-de-TAMANHO-EXATO-PARA-FOTOS-NO-SISTEMA-NOVO-9-2.jpg?fit=1200%2C675&ssl=1&resize=350%2C200 1x, https:\/\/i0.wp.com\/noticiasribeiraopreto.com.br\/wp-content\/uploads\/2024\/02\/Copia-de-Copia-de-TAMANHO-EXATO-PARA-FOTOS-NO-SISTEMA-NOVO-9-2.jpg?fit=1200%2C675&ssl=1&resize=525%2C300 1.5x, https:\/\/i0.wp.com\/noticiasribeiraopreto.com.br\/wp-content\/uploads\/2024\/02\/Copia-de-Copia-de-TAMANHO-EXATO-PARA-FOTOS-NO-SISTEMA-NOVO-9-2.jpg?fit=1200%2C675&ssl=1&resize=700%2C400 2x, https:\/\/i0.wp.com\/noticiasribeiraopreto.com.br\/wp-content\/uploads\/2024\/02\/Copia-de-Copia-de-TAMANHO-EXATO-PARA-FOTOS-NO-SISTEMA-NOVO-9-2.jpg?fit=1200%2C675&ssl=1&resize=1050%2C600 3x"},"classes":[]},{"id":39195,"url":"https:\/\/noticiasribeiraopreto.com.br\/index.php\/2024\/02\/23\/prefeitura-de-rp-tera-posto-do-sebrae-aqui\/","url_meta":{"origin":39456,"position":1},"title":"Prefeitura de RP ter\u00e1 posto do Sebrae Aqui \u00a0","author":"noticiasribeiraopreto.com.br","date":"23 de February de 2024","format":false,"excerpt":"23 de fevereiro de 2024 | 18:0023 de fevereiro de 2024 | 8:02 0Come\u00e7a a funcionar na pr\u00f3xima segunda-feira, 26 de fevereiro, o posto Sebrae Aqui, parceria do Servi\u00e7o Brasileiro de Apoio \u00e0s Micro e Pequenas Empresas de S\u00e3o Paulo (Sebrae-SP) com a prefeitura de Ribeir\u00e3o Preto. O posto funcionar\u00e1\u2026","rel":"","context":"In &quot;Not\u00edcias de Ribeir\u00e3o Preto-SP e Regi\u00e3o&quot;","block_context":{"text":"Not\u00edcias de Ribeir\u00e3o Preto-SP e Regi\u00e3o","link":"https:\/\/noticiasribeiraopreto.com.br\/index.php\/category\/noticias-de-ribeirao-preto-sp-e-regiao-ismael-colosi\/"},"img":{"alt_text":"","src":"https:\/\/i0.wp.com\/noticiasribeiraopreto.com.br\/wp-content\/uploads\/2024\/02\/SebraeRP-Detalhe-Guilherme-Sircili-01-scaled.jpg?fit=967%2C645&ssl=1&resize=350%2C200","width":350,"height":200,"srcset":"https:\/\/i0.wp.com\/noticiasribeiraopreto.com.br\/wp-content\/uploads\/2024\/02\/SebraeRP-Detalhe-Guilherme-Sircili-01-scaled.jpg?fit=967%2C645&ssl=1&resize=350%2C200 1x, https:\/\/i0.wp.com\/noticiasribeiraopreto.com.br\/wp-content\/uploads\/2024\/02\/SebraeRP-Detalhe-Guilherme-Sircili-01-scaled.jpg?fit=967%2C645&ssl=1&resize=525%2C300 1.5x, https:\/\/i0.wp.com\/noticiasribeiraopreto.com.br\/wp-content\/uploads\/2024\/02\/SebraeRP-Detalhe-Guilherme-Sircili-01-scaled.jpg?fit=967%2C645&ssl=1&resize=700%2C400 2x"},"classes":[]},{"id":60015,"url":"https:\/\/noticiasribeiraopreto.com.br\/index.php\/2024\/11\/04\/pix-por-aproximacao-e-apresentado-nesta-segunda-entenda-como-vai-funcionar\/","url_meta":{"origin":39456,"position":2},"title":"Pix por aproxima\u00e7\u00e3o \u00e9 apresentado nesta segunda; entenda como vai funcionar","author":"noticiasribeiraopreto.com.br","date":"4 de November de 2024","format":false,"excerpt":"Aconteceu nesta segunda-feira (4), a apresenta\u00e7\u00e3o do\u00a0pix\u00a0por aproxima\u00e7\u00e3o.\u00a0O presidente do Banco Central, Roberto Campos Neto, e o presidente do Google Brasil, F\u00e1bio Coelho, detalharam a nova modalidade que chega primeiro para os usuarios das carteiras digitais (wallets) do Google. Em fevereiro de 2025 ficar\u00e1 dispon\u00edvel para todos os usu\u00e1rios do\u2026","rel":"","context":"In &quot;Not\u00edcias de Ribeir\u00e3o Preto-SP e Regi\u00e3o&quot;","block_context":{"text":"Not\u00edcias de Ribeir\u00e3o Preto-SP e Regi\u00e3o","link":"https:\/\/noticiasribeiraopreto.com.br\/index.php\/category\/noticias-de-ribeirao-preto-sp-e-regiao-ismael-colosi\/"},"img":{"alt_text":"","src":"https:\/\/i0.wp.com\/noticiasribeiraopreto.com.br\/wp-content\/uploads\/2024\/10\/Copia-de-Copia-de-Copia-de-TAMANHO-EXATO-PARA-FOTOS-NO-SISTEMA-NOVO-56_2024-10-29_19-22-00_png_2024-10-29_19-22-00.webp.webp?fit=1200%2C675&ssl=1&resize=350%2C200","width":350,"height":200,"srcset":"https:\/\/i0.wp.com\/noticiasribeiraopreto.com.br\/wp-content\/uploads\/2024\/10\/Copia-de-Copia-de-Copia-de-TAMANHO-EXATO-PARA-FOTOS-NO-SISTEMA-NOVO-56_2024-10-29_19-22-00_png_2024-10-29_19-22-00.webp.webp?fit=1200%2C675&ssl=1&resize=350%2C200 1x, https:\/\/i0.wp.com\/noticiasribeiraopreto.com.br\/wp-content\/uploads\/2024\/10\/Copia-de-Copia-de-Copia-de-TAMANHO-EXATO-PARA-FOTOS-NO-SISTEMA-NOVO-56_2024-10-29_19-22-00_png_2024-10-29_19-22-00.webp.webp?fit=1200%2C675&ssl=1&resize=525%2C300 1.5x, https:\/\/i0.wp.com\/noticiasribeiraopreto.com.br\/wp-content\/uploads\/2024\/10\/Copia-de-Copia-de-Copia-de-TAMANHO-EXATO-PARA-FOTOS-NO-SISTEMA-NOVO-56_2024-10-29_19-22-00_png_2024-10-29_19-22-00.webp.webp?fit=1200%2C675&ssl=1&resize=700%2C400 2x, https:\/\/i0.wp.com\/noticiasribeiraopreto.com.br\/wp-content\/uploads\/2024\/10\/Copia-de-Copia-de-Copia-de-TAMANHO-EXATO-PARA-FOTOS-NO-SISTEMA-NOVO-56_2024-10-29_19-22-00_png_2024-10-29_19-22-00.webp.webp?fit=1200%2C675&ssl=1&resize=1050%2C600 3x"},"classes":[]},{"id":38751,"url":"https:\/\/noticiasribeiraopreto.com.br\/index.php\/2024\/02\/21\/sebrae-aqui-fecha-2023-com-9-189-atendimentos\/","url_meta":{"origin":39456,"position":3},"title":"Sebrae Aqui fecha 2023 com 9.189 atendimentos","author":"noticiasribeiraopreto.com.br","date":"21 de February de 2024","format":false,"excerpt":"21 de fevereiro de 2024 | 14:0021 de fevereiro de 2024 | 10:05 0Os postos do Sebrae Aqui de Ribeir\u00e3o Preto, instalados em unidades da Associa\u00e7\u00e3o Comercial de Ribeir\u00e3o Preto (Acirp), realizaram mais de nove mil atendimentos durante o ano passado. De janeiro a dezembro, foram registradas 5.633 consultas para\u2026","rel":"","context":"In &quot;Not\u00edcias de Ribeir\u00e3o Preto-SP e Regi\u00e3o&quot;","block_context":{"text":"Not\u00edcias de Ribeir\u00e3o Preto-SP e Regi\u00e3o","link":"https:\/\/noticiasribeiraopreto.com.br\/index.php\/category\/noticias-de-ribeirao-preto-sp-e-regiao-ismael-colosi\/"},"img":{"alt_text":"","src":"https:\/\/i0.wp.com\/noticiasribeiraopreto.com.br\/wp-content\/uploads\/2024\/02\/SebraeRP-Alfredo-Risk-Arquivo-scaled.jpg?fit=967%2C645&ssl=1&resize=350%2C200","width":350,"height":200,"srcset":"https:\/\/i0.wp.com\/noticiasribeiraopreto.com.br\/wp-content\/uploads\/2024\/02\/SebraeRP-Alfredo-Risk-Arquivo-scaled.jpg?fit=967%2C645&ssl=1&resize=350%2C200 1x, https:\/\/i0.wp.com\/noticiasribeiraopreto.com.br\/wp-content\/uploads\/2024\/02\/SebraeRP-Alfredo-Risk-Arquivo-scaled.jpg?fit=967%2C645&ssl=1&resize=525%2C300 1.5x, https:\/\/i0.wp.com\/noticiasribeiraopreto.com.br\/wp-content\/uploads\/2024\/02\/SebraeRP-Alfredo-Risk-Arquivo-scaled.jpg?fit=967%2C645&ssl=1&resize=700%2C400 2x"},"classes":[]},{"id":7202,"url":"https:\/\/noticiasribeiraopreto.com.br\/index.php\/2023\/11\/27\/horario-especial-de-natal-no-comercio-de-ribeirao-comeca-nesta-semana-confira\/","url_meta":{"origin":39456,"position":4},"title":"Hor\u00e1rio especial de Natal no com\u00e9rcio de Ribeir\u00e3o come\u00e7a nesta semana; Confira","author":"noticiasribeiraopreto.com.br","date":"27 de November de 2023","format":false,"excerpt":"O hor\u00e1rio especial do com\u00e9rcio de Ribeir\u00e3o Preto para o Natal come\u00e7a nesta sexta-feira (1\u00ba de dezembro). O an\u00fancio foi realizado pela Acirp (Associa\u00e7\u00e3o Comercial e Industrial de Ribeir\u00e3o Preto), nesta segunda-feira (27). A partir de sexta-feira, os estabelecimentos podem funcionar at\u00e9 as 22h \u2013 a abertura at\u00e9 este hor\u00e1rio\u2026","rel":"","context":"In &quot;Not\u00edcias de Ribeir\u00e3o Preto-SP e Regi\u00e3o&quot;","block_context":{"text":"Not\u00edcias de Ribeir\u00e3o Preto-SP e Regi\u00e3o","link":"https:\/\/noticiasribeiraopreto.com.br\/index.php\/category\/noticias-de-ribeirao-preto-sp-e-regiao-ismael-colosi\/"},"img":{"alt_text":"","src":"https:\/\/i0.wp.com\/noticiasribeiraopreto.com.br\/wp-content\/uploads\/2023\/11\/1701119787_WhatsApp-Image-2023-11-11-at-11.08.08.jpeg?fit=1200%2C749&ssl=1&resize=350%2C200","width":350,"height":200,"srcset":"https:\/\/i0.wp.com\/noticiasribeiraopreto.com.br\/wp-content\/uploads\/2023\/11\/1701119787_WhatsApp-Image-2023-11-11-at-11.08.08.jpeg?fit=1200%2C749&ssl=1&resize=350%2C200 1x, https:\/\/i0.wp.com\/noticiasribeiraopreto.com.br\/wp-content\/uploads\/2023\/11\/1701119787_WhatsApp-Image-2023-11-11-at-11.08.08.jpeg?fit=1200%2C749&ssl=1&resize=525%2C300 1.5x, https:\/\/i0.wp.com\/noticiasribeiraopreto.com.br\/wp-content\/uploads\/2023\/11\/1701119787_WhatsApp-Image-2023-11-11-at-11.08.08.jpeg?fit=1200%2C749&ssl=1&resize=700%2C400 2x, https:\/\/i0.wp.com\/noticiasribeiraopreto.com.br\/wp-content\/uploads\/2023\/11\/1701119787_WhatsApp-Image-2023-11-11-at-11.08.08.jpeg?fit=1200%2C749&ssl=1&resize=1050%2C600 3x"},"classes":[]},{"id":60575,"url":"https:\/\/noticiasribeiraopreto.com.br\/index.php\/2024\/11\/18\/veja-quando-comeca-a-funcionar-novo-radar-em-rodovia-de-ribeirao\/","url_meta":{"origin":39456,"position":5},"title":"Veja quando come\u00e7a a funcionar novo radar em rodovia de Ribeir\u00e3o","author":"noticiasribeiraopreto.com.br","date":"18 de November de 2024","format":false,"excerpt":"A partir de 25 de novembro, a rodovia Jos\u00e9 Fregonezi (SP-328), que liga Ribeir\u00e3o Preto ao distrito de Bonfim Paulista, contar\u00e1 com um novo radar de fiscaliza\u00e7\u00e3o de velocidade. O equipamento ser\u00e1 instalado no km 309+930, no sentido Norte, e ir\u00e1 monitorar a velocidade dos ve\u00edculos, com limite m\u00e1ximo de\u2026","rel":"","context":"In &quot;Not\u00edcias de Ribeir\u00e3o Preto-SP e Regi\u00e3o&quot;","block_context":{"text":"Not\u00edcias de Ribeir\u00e3o Preto-SP e Regi\u00e3o","link":"https:\/\/noticiasribeiraopreto.com.br\/index.php\/category\/noticias-de-ribeirao-preto-sp-e-regiao-ismael-colosi\/"},"img":{"alt_text":"","src":"https:\/\/i0.wp.com\/noticiasribeiraopreto.com.br\/wp-content\/uploads\/2024\/11\/Imagem-do-WhatsApp-de-2024-11-18-as-17.09.53_da52cd65_2024-11-18_20-26-43_jpg_2024-11-18_20-26-43.webp.webp?fit=1200%2C900&ssl=1&resize=350%2C200","width":350,"height":200,"srcset":"https:\/\/i0.wp.com\/noticiasribeiraopreto.com.br\/wp-content\/uploads\/2024\/11\/Imagem-do-WhatsApp-de-2024-11-18-as-17.09.53_da52cd65_2024-11-18_20-26-43_jpg_2024-11-18_20-26-43.webp.webp?fit=1200%2C900&ssl=1&resize=350%2C200 1x, https:\/\/i0.wp.com\/noticiasribeiraopreto.com.br\/wp-content\/uploads\/2024\/11\/Imagem-do-WhatsApp-de-2024-11-18-as-17.09.53_da52cd65_2024-11-18_20-26-43_jpg_2024-11-18_20-26-43.webp.webp?fit=1200%2C900&ssl=1&resize=525%2C300 1.5x, https:\/\/i0.wp.com\/noticiasribeiraopreto.com.br\/wp-content\/uploads\/2024\/11\/Imagem-do-WhatsApp-de-2024-11-18-as-17.09.53_da52cd65_2024-11-18_20-26-43_jpg_2024-11-18_20-26-43.webp.webp?fit=1200%2C900&ssl=1&resize=700%2C400 2x, https:\/\/i0.wp.com\/noticiasribeiraopreto.com.br\/wp-content\/uploads\/2024\/11\/Imagem-do-WhatsApp-de-2024-11-18-as-17.09.53_da52cd65_2024-11-18_20-26-43_jpg_2024-11-18_20-26-43.webp.webp?fit=1200%2C900&ssl=1&resize=1050%2C600 3x"},"classes":[]}],"jetpack_sharing_enabled":true,"jetpack_shortlink":"https:\/\/wp.me\/peQAOb-ago","_links":{"self":[{"href":"https:\/\/noticiasribeiraopreto.com.br\/index.php\/wp-json\/wp\/v2\/posts\/39456","targetHints":{"allow":["GET"]}}],"collection":[{"href":"https:\/\/noticiasribeiraopreto.com.br\/index.php\/wp-json\/wp\/v2\/posts"}],"about":[{"href":"https:\/\/noticiasribeiraopreto.com.br\/index.php\/wp-json\/wp\/v2\/types\/post"}],"author":[{"embeddable":true,"href":"https:\/\/noticiasribeiraopreto.com.br\/index.php\/wp-json\/wp\/v2\/users\/1"}],"replies":[{"embeddable":true,"href":"https:\/\/noticiasribeiraopreto.com.br\/index.php\/wp-json\/wp\/v2\/comments?post=39456"}],"version-history":[{"count":0,"href":"https:\/\/noticiasribeiraopreto.com.br\/index.php\/wp-json\/wp\/v2\/posts\/39456\/revisions"}],"wp:featuredmedia":[{"embeddable":true,"href":"https:\/\/noticiasribeiraopreto.com.br\/index.php\/wp-json\/wp\/v2\/media\/39457"}],"wp:attachment":[{"href":"https:\/\/noticiasribeiraopreto.com.br\/index.php\/wp-json\/wp\/v2\/media?parent=39456"}],"wp:term":[{"taxonomy":"category","embeddable":true,"href":"https:\/\/noticiasribeiraopreto.com.br\/index.php\/wp-json\/wp\/v2\/categories?post=39456"},{"taxonomy":"post_tag","embeddable":true,"href":"https:\/\/noticiasribeiraopreto.com.br\/index.php\/wp-json\/wp\/v2\/tags?post=39456"}],"curies":[{"name":"wp","href":"https:\/\/api.w.org\/{rel}","templated":true}]}}