{"id":39475,"date":"2024-02-26T13:37:47","date_gmt":"2024-02-26T16:37:47","guid":{"rendered":"https:\/\/noticiasribeiraopreto.com.br\/index.php\/2024\/02\/26\/primeiro-ministro-palestino-mohammad-shtayyeh-renuncia-ao-cargo\/"},"modified":"2024-02-26T13:37:47","modified_gmt":"2024-02-26T16:37:47","slug":"primeiro-ministro-palestino-mohammad-shtayyeh-renuncia-ao-cargo","status":"publish","type":"post","link":"https:\/\/noticiasribeiraopreto.com.br\/index.php\/2024\/02\/26\/primeiro-ministro-palestino-mohammad-shtayyeh-renuncia-ao-cargo\/","title":{"rendered":"Primeiro-ministro palestino Mohammad Shtayyeh renuncia ao cargo"},"content":{"rendered":"<div class='code-block code-block-1' style='margin: 8px 0 8px auto; text-align: right; display: block; clear: both;'>\n<p><a href=\"https:\/\/wa.link\/vpicfd\"><img data-recalc-dims=\"1\" class=\"wp-image-4922\" style=\"aspect-ratio: 2.0253164556962027; width: 561px; height: auto;\" src=\"https:\/\/i0.wp.com\/ismaelcolosi.com.br\/wp-content\/uploads\/2023\/11\/grupo-de-empregos-whatsapp-e-facebook-ismael-colosi-vagas.jpg?ssl=1\" alt=\"\" \/><\/a><\/p>\n<!-- \/wp:image -->\n<\/div>\n<p> <br \/>\n<\/p>\n<div id=\"post-375036\">\n<header class=\"entry-header penci-entry-header penci-title-center\">\n<p> <span class=\"entry-meta-item penci-posted-on\"><i class=\"fa fa-clock-o\"\/><time class=\"entry-date published updated\" datetime=\"2024-02-26T12:09:29-03:00\">26 de fevereiro de 2024 | 12:09<\/time><\/span><\/p>\n<p> <span class=\"penci-social-buttons penci-social-share-footer\"><a href=\"#\" class=\"penci-post-like penci_post-meta_item  single-like-button penci-social-item like\" data-post_id=\"375036\" title=\"Like\" data-like=\"Like\" data-unlike=\"Unlike\"><i class=\"fa fa-thumbs-o-up\"\/><span class=\"penci-share-number\">0<\/span><\/a><i class=\"fa fa-facebook\"\/><a class=\"penci-social-item twitter\" target=\"_blank\" rel=\"noopener\" title=\"\" href=\"https:\/\/twitter.com\/intent\/tweet?text=Primeiro-ministro%20palestino%20Mohammad%20Shtayyeh%20renuncia%20ao%20cargo%20-%20https:\/\/www.tribunaribeirao.com.br\/site\/primeiro-ministro-palestino-mohammad-shtayyeh-renuncia-ao-cargo\/\"><i class=\"fa fa-twitter\"\/><\/a><i class=\"fa fa-whatsapp\"\/><\/span><\/header>\n<div class=\"penci-entry-content entry-content\">\n<p>O primeiro-ministro palestino, Mohammad Shtayyeh, renunciou ao cargo nesta segunda-feira, 26. Segundo a\u00a0<i>Al Jazeera<\/i>, a ren\u00fancia ocorre devido \u00e0 escalada da viol\u00eancia no territ\u00f3rio ocupado, em meio \u00e0 guerra entre Israel e o grupo terrorista Hamas na Faixa de Gaza.<\/p>\n<p>Shtayyeh faz parte da Autoridade Palestina (AP), que foi criada ap\u00f3s os Acordos de Oslo entre Israel e a Organiza\u00e7\u00e3o para a Liberta\u00e7\u00e3o da Palestina (OLP). A AP controla partes da Cisjord\u00e2nia, mas n\u00e3o tem controle sobre a Faixa de Gaza, que est\u00e1 sob administra\u00e7\u00e3o do grupo terrorista Hamas.<\/p>\n<p>\u201cVejo que a pr\u00f3xima fase e os seus desafios exigem novos arranjos governamentais e pol\u00edticos que levem em conta a nova realidade em Gaza e a necessidade de um consenso palestino-palestino baseado na unidade palestina e na extens\u00e3o da unidade de autoridade sobre a terra da Palestina\u201d, afirmou Shtayyeh, de acordo com a\u00a0<i>Al Jazeera<\/i>.<\/p>\n<p>O presidente da Autoridade Palestina, Mahmoud Abbas, ainda dever\u00e1 decidir se aceita o pedido de demiss\u00e3o de Shtayyeh e seu governo, diz a\u00a0<i>Associated Press<\/i>.<\/p>\n<\/div>\n<footer class=\"penci-entry-footer\"\/><\/div>\n<p><script async src=\"\/\/platform.twitter.com\/widgets.js\" charset=\"utf-8\"><\/script><br \/>\n<br \/><br \/>\n<br \/><a href=\"https:\/\/www.tribunaribeirao.com.br\/site\/primeiro-ministro-palestino-mohammad-shtayyeh-renuncia-ao-cargo\/\">Source link <\/a><\/p>\n<!-- CONTENT END 1 -->\n","protected":false},"excerpt":{"rendered":"<p>26 de fevereiro de 2024 | 12:09 0 O primeiro-ministro palestino, Mohammad Shtayyeh, renunciou ao cargo nesta segunda-feira, 26. Segundo a\u00a0Al Jazeera, a ren\u00fancia ocorre&#8230;<\/p>\n","protected":false},"author":1,"featured_media":39476,"comment_status":"open","ping_status":"open","sticky":false,"template":"","format":"standard","meta":{"advanced_seo_description":"","jetpack_seo_html_title":"","jetpack_seo_noindex":false,"jetpack_post_was_ever_published":false,"_jetpack_newsletter_access":"","_jetpack_dont_email_post_to_subs":false,"_jetpack_newsletter_tier_id":0,"_jetpack_memberships_contains_paywalled_content":false,"_jetpack_memberships_contains_paid_content":false,"footnotes":"","jetpack_publicize_message":"","jetpack_publicize_feature_enabled":true,"jetpack_social_post_already_shared":true,"jetpack_social_options":{"image_generator_settings":{"template":"highway","default_image_id":0,"font":"","enabled":false},"version":2}},"categories":[11],"tags":[1005,4536,4535,4534,4538,4537],"class_list":["post-39475","post","type-post","status-publish","format-standard","has-post-thumbnail","hentry","category-noticias-de-ribeirao-preto-sp-e-regiao-ismael-colosi","tag-cargo","tag-mohammad","tag-palestino","tag-primeiroministro","tag-renuncia","tag-shtayyeh"],"jetpack_publicize_connections":[],"jetpack_featured_media_url":"https:\/\/i0.wp.com\/noticiasribeiraopreto.com.br\/wp-content\/uploads\/2024\/02\/Mohammad-Shtayyeh-scaled.jpg?fit=994%2C645&ssl=1","jetpack-related-posts":[{"id":54182,"url":"https:\/\/noticiasribeiraopreto.com.br\/index.php\/2024\/07\/03\/conselheira-da-vale-vera-marie-inkster-renuncia-ao-cargo\/","url_meta":{"origin":39475,"position":0},"title":"Conselheira da Vale Vera Marie Inkster renuncia ao cargo","author":"noticiasribeiraopreto.com.br","date":"3 de July de 2024","format":false,"excerpt":"A mineradora Vale informou ao mercado em nota que Vera Marie Inkster apresentou sua ren\u00fancia ao cargo de membro do conselho de administra\u00e7\u00e3o da companhia nesta segunda-feira. Acessibilidade L L A- A+ \u25d0 Diante disso, a companhia afirmou que o colegiado \u201cest\u00e1 trabalhando em sua recomposi\u00e7\u00e3o e que, em momento\u2026","rel":"","context":"In &quot;Blog&quot;","block_context":{"text":"Blog","link":"https:\/\/noticiasribeiraopreto.com.br\/index.php\/category\/blog\/"},"img":{"alt_text":"","src":"https:\/\/i0.wp.com\/noticiasribeiraopreto.com.br\/wp-content\/uploads\/2024\/07\/Totem-com-logo-da-Vale-Foto-Washington-Alves-Reuters-1024x683.png?fit=1024%2C683&ssl=1&resize=350%2C200","width":350,"height":200,"srcset":"https:\/\/i0.wp.com\/noticiasribeiraopreto.com.br\/wp-content\/uploads\/2024\/07\/Totem-com-logo-da-Vale-Foto-Washington-Alves-Reuters-1024x683.png?fit=1024%2C683&ssl=1&resize=350%2C200 1x, https:\/\/i0.wp.com\/noticiasribeiraopreto.com.br\/wp-content\/uploads\/2024\/07\/Totem-com-logo-da-Vale-Foto-Washington-Alves-Reuters-1024x683.png?fit=1024%2C683&ssl=1&resize=525%2C300 1.5x, https:\/\/i0.wp.com\/noticiasribeiraopreto.com.br\/wp-content\/uploads\/2024\/07\/Totem-com-logo-da-Vale-Foto-Washington-Alves-Reuters-1024x683.png?fit=1024%2C683&ssl=1&resize=700%2C400 2x"},"classes":[]},{"id":21220,"url":"https:\/\/noticiasribeiraopreto.com.br\/index.php\/2023\/12\/27\/ceo-da-bb-seguridade-bbse3-renuncia-ao-cargo-veja-quem-vai-assumir-a-chefia-da-empresa\/","url_meta":{"origin":39475,"position":1},"title":"CEO da BB Seguridade (BBSE3) renuncia ao cargo. Veja quem vai assumir a chefia da empresa","author":"noticiasribeiraopreto.com.br","date":"27 de December de 2023","format":false,"excerpt":"A BB Seguridade (BBSE3) anunciou uma mudan\u00e7a no seu alto escal\u00e3o. O atual diretor presidente da companhia, Ullisses Christian Silva Assis, renunciou ao cargo de CEO na noite de ter\u00e7a-feira (26). O executivo, que tamb\u00e9m ocupava uma cadeira no conselho de administra\u00e7\u00e3o da seguradora, decidiu deixar a empresa para \u201cbuscar\u2026","rel":"","context":"In &quot;Dinheiro e Investimento&quot;","block_context":{"text":"Dinheiro e Investimento","link":"https:\/\/noticiasribeiraopreto.com.br\/index.php\/category\/dinheiro-e-investimento-como-fazer-como-ganhar\/"},"img":{"alt_text":"","src":"https:\/\/i0.wp.com\/noticiasribeiraopreto.com.br\/wp-content\/uploads\/2023\/12\/bb-seguridade-bbse3-balanco-resultado-3t23-CAPA-SD-715x402.jpg?fit=715%2C402&ssl=1&resize=350%2C200","width":350,"height":200,"srcset":"https:\/\/i0.wp.com\/noticiasribeiraopreto.com.br\/wp-content\/uploads\/2023\/12\/bb-seguridade-bbse3-balanco-resultado-3t23-CAPA-SD-715x402.jpg?fit=715%2C402&ssl=1&resize=350%2C200 1x, https:\/\/i0.wp.com\/noticiasribeiraopreto.com.br\/wp-content\/uploads\/2023\/12\/bb-seguridade-bbse3-balanco-resultado-3t23-CAPA-SD-715x402.jpg?fit=715%2C402&ssl=1&resize=525%2C300 1.5x, https:\/\/i0.wp.com\/noticiasribeiraopreto.com.br\/wp-content\/uploads\/2023\/12\/bb-seguridade-bbse3-balanco-resultado-3t23-CAPA-SD-715x402.jpg?fit=715%2C402&ssl=1&resize=700%2C400 2x"},"classes":[]},{"id":31503,"url":"https:\/\/noticiasribeiraopreto.com.br\/index.php\/2024\/01\/22\/petrobras-confirma-renuncia-de-efrain-da-cruz-ao-conselho\/","url_meta":{"origin":39475,"position":2},"title":"Petrobras confirma ren\u00fancia de Efrain da Cruz ao conselho","author":"noticiasribeiraopreto.com.br","date":"22 de January de 2024","format":false,"excerpt":"Foto: Paulo Whitaker\/ReutersLogotipo da Petrobras, em escrit\u00f3rio da empresa em S\u00e3o Paulo A Petrobras confirmou nesta segunda-feira que Efrain da Cruz renunciou ao cargo de conselheiro de administra\u00e7\u00e3o da petroleira, dias depois de deixar o cargo de secret\u00e1rio-executivo do Minist\u00e9rio de Minas e Energia. Siga o canal da Forbes e\u2026","rel":"","context":"In &quot;Blog&quot;","block_context":{"text":"Blog","link":"https:\/\/noticiasribeiraopreto.com.br\/index.php\/category\/blog\/"},"img":{"alt_text":"","src":"https:\/\/i0.wp.com\/noticiasribeiraopreto.com.br\/wp-content\/uploads\/2024\/01\/petrobras-1-1024x683.jpg?fit=1024%2C683&ssl=1&resize=350%2C200","width":350,"height":200,"srcset":"https:\/\/i0.wp.com\/noticiasribeiraopreto.com.br\/wp-content\/uploads\/2024\/01\/petrobras-1-1024x683.jpg?fit=1024%2C683&ssl=1&resize=350%2C200 1x, https:\/\/i0.wp.com\/noticiasribeiraopreto.com.br\/wp-content\/uploads\/2024\/01\/petrobras-1-1024x683.jpg?fit=1024%2C683&ssl=1&resize=525%2C300 1.5x, https:\/\/i0.wp.com\/noticiasribeiraopreto.com.br\/wp-content\/uploads\/2024\/01\/petrobras-1-1024x683.jpg?fit=1024%2C683&ssl=1&resize=700%2C400 2x"},"classes":[]},{"id":21218,"url":"https:\/\/noticiasribeiraopreto.com.br\/index.php\/2023\/12\/27\/presidente-do-bb-seguridade-renuncia\/","url_meta":{"origin":39475,"position":3},"title":"Presidente do BB Seguridade renuncia","author":"noticiasribeiraopreto.com.br","date":"27 de December de 2023","format":false,"excerpt":"SOPA Images\/Getty ImagesO at\u00e9 ent\u00e3o presidente do BB Seguridade foi eleito para o cargo em 2021, sendo funcion\u00e1rio de carreira do Banco do Brasil h\u00e1 21 anos A BB Seguridade, bra\u00e7o de previd\u00eancia e seguros do Banco do Brasil, anunciou na ter\u00e7a-feira (26) que o presidente-executivo e membro do conselho\u2026","rel":"","context":"In &quot;Blog&quot;","block_context":{"text":"Blog","link":"https:\/\/noticiasribeiraopreto.com.br\/index.php\/category\/blog\/"},"img":{"alt_text":"","src":"https:\/\/i0.wp.com\/noticiasribeiraopreto.com.br\/wp-content\/uploads\/2023\/12\/Money_BB-Seguridade-1024x683.jpg?fit=1024%2C683&ssl=1&resize=350%2C200","width":350,"height":200,"srcset":"https:\/\/i0.wp.com\/noticiasribeiraopreto.com.br\/wp-content\/uploads\/2023\/12\/Money_BB-Seguridade-1024x683.jpg?fit=1024%2C683&ssl=1&resize=350%2C200 1x, https:\/\/i0.wp.com\/noticiasribeiraopreto.com.br\/wp-content\/uploads\/2023\/12\/Money_BB-Seguridade-1024x683.jpg?fit=1024%2C683&ssl=1&resize=525%2C300 1.5x, https:\/\/i0.wp.com\/noticiasribeiraopreto.com.br\/wp-content\/uploads\/2023\/12\/Money_BB-Seguridade-1024x683.jpg?fit=1024%2C683&ssl=1&resize=700%2C400 2x"},"classes":[]},{"id":46838,"url":"https:\/\/noticiasribeiraopreto.com.br\/index.php\/2024\/04\/15\/diretor-juridico-que-representava-x-no-brasil-renuncia\/","url_meta":{"origin":39475,"position":4},"title":"Diretor jur\u00eddico que representava X no Brasil renuncia","author":"noticiasribeiraopreto.com.br","date":"15 de April de 2024","format":false,"excerpt":"Em resposta a Alexandre de Moraes, o bilion\u00e1rio fundador da Tesla e dono do X atacou o ministro nas redes sociais O advogado Diego de Lima Gualda, diretor Jur\u00eddico do X (antigo Twitter), renunciou ao cargo na \u00faltima semana semana, segundo carta enviada \u00e0 Jucesp (Junta Comercial de S\u00e3o Paulo).\u2026","rel":"","context":"In &quot;Blog&quot;","block_context":{"text":"Blog","link":"https:\/\/noticiasribeiraopreto.com.br\/index.php\/category\/blog\/"},"img":{"alt_text":"","src":"https:\/\/i0.wp.com\/noticiasribeiraopreto.com.br\/wp-content\/uploads\/2024\/04\/money-x-twitter-1024x683.jpg?fit=1024%2C683&ssl=1&resize=350%2C200","width":350,"height":200,"srcset":"https:\/\/i0.wp.com\/noticiasribeiraopreto.com.br\/wp-content\/uploads\/2024\/04\/money-x-twitter-1024x683.jpg?fit=1024%2C683&ssl=1&resize=350%2C200 1x, https:\/\/i0.wp.com\/noticiasribeiraopreto.com.br\/wp-content\/uploads\/2024\/04\/money-x-twitter-1024x683.jpg?fit=1024%2C683&ssl=1&resize=525%2C300 1.5x, https:\/\/i0.wp.com\/noticiasribeiraopreto.com.br\/wp-content\/uploads\/2024\/04\/money-x-twitter-1024x683.jpg?fit=1024%2C683&ssl=1&resize=700%2C400 2x"},"classes":[]},{"id":84521,"url":"https:\/\/noticiasribeiraopreto.com.br\/index.php\/2026\/04\/10\/presidente-do-comercial-renuncia-ao-mandato-saiba-quem-assume\/","url_meta":{"origin":39475,"position":5},"title":"Presidente do Comercial renuncia ao mandato; saiba quem assume","author":"noticiasribeiraopreto.com.br","date":"10 de April de 2026","format":false,"excerpt":"Ler o resumo da not\u00edcia Ant\u00f4nio Carlos Campanelli Fernandes renunciou ao cargo de presidente da Diretoria Executiva do Comercial Futebol Clube nesta sexta-feira (10). O vice-presidente Wesley Rios assumir\u00c3\u00a1 o comando interinamente at\u00c3\u00a9 agosto, quando ocorrer\u00c3\u00a3o novas elei\u00c3\u00a7\u00c3\u00b5es no clube. Em nota oficial, o Comercial agradeceu os servi\u00c3\u00a7os prestados por\u2026","rel":"","context":"In &quot;Not\u00edcias de Ribeir\u00e3o Preto-SP e Regi\u00e3o&quot;","block_context":{"text":"Not\u00edcias de Ribeir\u00e3o Preto-SP e Regi\u00e3o","link":"https:\/\/noticiasribeiraopreto.com.br\/index.php\/category\/noticias-de-ribeirao-preto-sp-e-regiao-ismael-colosi\/"},"img":{"alt_text":"","src":"https:\/\/i0.wp.com\/noticiasribeiraopreto.com.br\/wp-content\/uploads\/2026\/04\/image_2026-04-10_20-54-51.webp.webp?fit=984%2C553&ssl=1&resize=350%2C200","width":350,"height":200,"srcset":"https:\/\/i0.wp.com\/noticiasribeiraopreto.com.br\/wp-content\/uploads\/2026\/04\/image_2026-04-10_20-54-51.webp.webp?fit=984%2C553&ssl=1&resize=350%2C200 1x, https:\/\/i0.wp.com\/noticiasribeiraopreto.com.br\/wp-content\/uploads\/2026\/04\/image_2026-04-10_20-54-51.webp.webp?fit=984%2C553&ssl=1&resize=525%2C300 1.5x, https:\/\/i0.wp.com\/noticiasribeiraopreto.com.br\/wp-content\/uploads\/2026\/04\/image_2026-04-10_20-54-51.webp.webp?fit=984%2C553&ssl=1&resize=700%2C400 2x"},"classes":[]}],"jetpack_sharing_enabled":true,"jetpack_shortlink":"https:\/\/wp.me\/peQAOb-agH","_links":{"self":[{"href":"https:\/\/noticiasribeiraopreto.com.br\/index.php\/wp-json\/wp\/v2\/posts\/39475","targetHints":{"allow":["GET"]}}],"collection":[{"href":"https:\/\/noticiasribeiraopreto.com.br\/index.php\/wp-json\/wp\/v2\/posts"}],"about":[{"href":"https:\/\/noticiasribeiraopreto.com.br\/index.php\/wp-json\/wp\/v2\/types\/post"}],"author":[{"embeddable":true,"href":"https:\/\/noticiasribeiraopreto.com.br\/index.php\/wp-json\/wp\/v2\/users\/1"}],"replies":[{"embeddable":true,"href":"https:\/\/noticiasribeiraopreto.com.br\/index.php\/wp-json\/wp\/v2\/comments?post=39475"}],"version-history":[{"count":0,"href":"https:\/\/noticiasribeiraopreto.com.br\/index.php\/wp-json\/wp\/v2\/posts\/39475\/revisions"}],"wp:featuredmedia":[{"embeddable":true,"href":"https:\/\/noticiasribeiraopreto.com.br\/index.php\/wp-json\/wp\/v2\/media\/39476"}],"wp:attachment":[{"href":"https:\/\/noticiasribeiraopreto.com.br\/index.php\/wp-json\/wp\/v2\/media?parent=39475"}],"wp:term":[{"taxonomy":"category","embeddable":true,"href":"https:\/\/noticiasribeiraopreto.com.br\/index.php\/wp-json\/wp\/v2\/categories?post=39475"},{"taxonomy":"post_tag","embeddable":true,"href":"https:\/\/noticiasribeiraopreto.com.br\/index.php\/wp-json\/wp\/v2\/tags?post=39475"}],"curies":[{"name":"wp","href":"https:\/\/api.w.org\/{rel}","templated":true}]}}