{"id":39507,"date":"2024-02-26T16:18:24","date_gmt":"2024-02-26T19:18:24","guid":{"rendered":"https:\/\/noticiasribeiraopreto.com.br\/index.php\/2024\/02\/26\/empresas-tem-ate-dia-29-para-enviar-comprovantes-de-rendimentos\/"},"modified":"2024-02-26T16:18:24","modified_gmt":"2024-02-26T19:18:24","slug":"empresas-tem-ate-dia-29-para-enviar-comprovantes-de-rendimentos","status":"publish","type":"post","link":"https:\/\/noticiasribeiraopreto.com.br\/index.php\/2024\/02\/26\/empresas-tem-ate-dia-29-para-enviar-comprovantes-de-rendimentos\/","title":{"rendered":"Empresas t\u00eam at\u00e9 dia 29 para enviar comprovantes de rendimentos"},"content":{"rendered":"<div class='code-block code-block-1' style='margin: 8px 0 8px auto; text-align: right; display: block; clear: both;'>\n<p><a href=\"https:\/\/wa.link\/vpicfd\"><img data-recalc-dims=\"1\" class=\"wp-image-4922\" style=\"aspect-ratio: 2.0253164556962027; width: 561px; height: auto;\" src=\"https:\/\/i0.wp.com\/ismaelcolosi.com.br\/wp-content\/uploads\/2023\/11\/grupo-de-empregos-whatsapp-e-facebook-ismael-colosi-vagas.jpg?ssl=1\" alt=\"\" \/><\/a><\/p>\n<!-- \/wp:image -->\n<\/div>\n<p> <br \/>\n<\/p>\n<div id=\"\">\n<p> <span class=\"entry-meta-item penci-posted-on\"><i class=\"fa fa-clock-o\"\/><time class=\"entry-date published\" datetime=\"2024-02-26T16:00:14-03:00\">26 de fevereiro de 2024 | 16:00<\/time><time class=\"updated\" datetime=\"2024-02-26T12:15:36-03:00\">26 de fevereiro de 2024 | 12:15<\/time><\/span><\/p>\n<p> <span class=\"penci-social-buttons penci-social-share-footer\"><a href=\"#\" class=\"penci-post-like penci_post-meta_item  single-like-button penci-social-item like\" data-post_id=\"375030\" title=\"Like\" data-like=\"Like\" data-unlike=\"Unlike\"><i class=\"fa fa-thumbs-o-up\"\/><span class=\"penci-share-number\">0<\/span><\/a><i class=\"fa fa-facebook\"\/><a class=\"penci-social-item twitter\" target=\"_blank\" rel=\"noopener\" title=\"\" href=\"https:\/\/twitter.com\/intent\/tweet?text=Empresas%20t\u00eam%20at\u00e9%20dia%2029%20para%20enviar%20comprovantes%20de%20rendimentos%20-%20https:\/\/www.tribunaribeirao.com.br\/site\/empresas-tem-ate-dia-29-para-enviar-comprovantes-de-rendimentos\/\"><i class=\"fa fa-twitter\"\/><\/a><i class=\"fa fa-whatsapp\"\/><\/span><\/div>\n<div>\n<p>Os empregadores t\u00eam at\u00e9 esta quinta-feira (29) para enviar aos seus funcion\u00e1rios os informes de rendimentos referentes a 2023. O prazo tamb\u00e9m vale para bancos e corretoras de valores, que devem disponibilizar o documento referente aos rendimentos de aplica\u00e7\u00f5es financeiras aos seus clientes.<noscript><img data-recalc-dims=\"1\" decoding=\"async\" src=\"https:\/\/i0.wp.com\/agenciabrasil.ebc.com.br\/ebc.png?ssl=1\"\/><\/noscript><img data-recalc-dims=\"1\" decoding=\"async\" src=\"https:\/\/i0.wp.com\/agenciabrasil.ebc.com.br\/ebc.gif?ssl=1\" class=\"lazyload\"\/><noscript><img data-recalc-dims=\"1\" decoding=\"async\" src=\"https:\/\/i0.wp.com\/agenciabrasil.ebc.com.br\/ebc.gif?ssl=1\"\/><\/noscript><\/p>\n<p>Os comprovantes s\u00e3o necess\u00e1rios para o preenchimento da declara\u00e7\u00e3o do Imposto de Renda Pessoa F\u00edsica (IRPF) 2024. Este ano, o per\u00edodo de entrega \u2013 sem multa \u2013 vai de 15 de mar\u00e7o a 31 de maio.<\/p>\n<p>A disponibiliza\u00e7\u00e3o dos informes \u00e9 obrigat\u00f3ria e pode ser feita pelos Correios ou de forma digital, por e-mail, internet ou intranet. No caso de servidores p\u00fablicos federais, o informe de rendimentos pode ser obtido pelo site ou aplicativo SouGov.br.<\/p>\n<p>Os comprovantes fornecidos pelos empregadores devem conter os valores recebidos pelos trabalhadores no ano anterior e detalhar os valores descontados para a Previd\u00eancia Social e o Imposto de Renda recolhido na fonte. Contribui\u00e7\u00f5es para previd\u00eancia complementar da empresa e aportes para o plano de sa\u00fade coletivo tamb\u00e9m devem ser informados, caso existam.<\/p>\n<p>Comprovantes \u2013 Planos de sa\u00fade individuais e fundos de pens\u00e3o tamb\u00e9m s\u00e3o obrigados a fornecer os comprovantes, cujos dados ser\u00e3o usados para o contribuinte deduzir os valores cobrados no Imposto de Renda.<\/p>\n<p>Caso o contribuinte n\u00e3o receba os informes no prazo, deve procurar o setor de recursos humanos da empresa ou o gerente da institui\u00e7\u00e3o financeira. Se o atraso persistir, a Receita Federal pode ser acionada. Em caso de erros ou de diverg\u00eancia de dados, \u00e9 necess\u00e1rio pedir novo documento corrigido.<\/p>\n<p>A Receita orienta os contribuintes a guardar os informes de rendimentos por, no m\u00ednimo, cinco anos, contados a partir de 1\u00ba de janeiro do ano seguinte ao do processamento da declara\u00e7\u00e3o. A regra tamb\u00e9m vale para os demais documentos que servem para comprovar as informa\u00e7\u00f5es prestadas.<\/p>\n<p><a href=\"http:\/\/agenciabrasil.ebc.com.br\/economia\/noticia\/2024-02\/entenda-nova-tabela-progressiva-do-imposto-de-renda\">A declara\u00e7\u00e3o do IRPF<\/a>\u00a0\u00e9 obrigat\u00f3ria para quem recebeu rendimentos tribut\u00e1veis acima de dois sal\u00e1rios m\u00ednimos em 2023.<\/p>\n<\/div>\n<p><script async src=\"\/\/platform.twitter.com\/widgets.js\" charset=\"utf-8\"><\/script><br \/>\n<br \/><br \/>\n<br \/><a href=\"https:\/\/www.tribunaribeirao.com.br\/site\/empresas-tem-ate-dia-29-para-enviar-comprovantes-de-rendimentos\/\">Source link <\/a><\/p>\n<!-- CONTENT END 1 -->\n","protected":false},"excerpt":{"rendered":"<p>26 de fevereiro de 2024 | 16:0026 de fevereiro de 2024 | 12:15 0 Os empregadores t\u00eam at\u00e9 esta quinta-feira (29) para enviar aos seus&#8230;<\/p>\n","protected":false},"author":1,"featured_media":39508,"comment_status":"open","ping_status":"open","sticky":false,"template":"","format":"standard","meta":{"advanced_seo_description":"","jetpack_seo_html_title":"","jetpack_seo_noindex":false,"jetpack_post_was_ever_published":false,"_jetpack_newsletter_access":"","_jetpack_dont_email_post_to_subs":false,"_jetpack_newsletter_tier_id":0,"_jetpack_memberships_contains_paywalled_content":false,"_jetpack_memberships_contains_paid_content":false,"footnotes":"","jetpack_publicize_message":"","jetpack_publicize_feature_enabled":true,"jetpack_social_post_already_shared":true,"jetpack_social_options":{"image_generator_settings":{"template":"highway","default_image_id":0,"font":"","enabled":false},"version":2}},"categories":[11],"tags":[103,4544,142,1717,4543,71,4273,162],"class_list":["post-39507","post","type-post","status-publish","format-standard","has-post-thumbnail","hentry","category-noticias-de-ribeirao-preto-sp-e-regiao-ismael-colosi","tag-ate","tag-comprovantes","tag-dia","tag-empresas","tag-enviar","tag-para","tag-rendimentos","tag-tem"],"jetpack_publicize_connections":[],"jetpack_featured_media_url":"https:\/\/i0.wp.com\/noticiasribeiraopreto.com.br\/wp-content\/uploads\/2024\/02\/1708975107_imposto-de-renda_mcamgo_abr_030320221818-2-1-scaled.jpg?fit=1000%2C598&ssl=1","jetpack-related-posts":[{"id":66335,"url":"https:\/\/noticiasribeiraopreto.com.br\/index.php\/2025\/03\/31\/documentos-necessarios-para-a-declaracao-do-imposto-de-renda-2025\/","url_meta":{"origin":39507,"position":0},"title":"Documentos Necess\u00e1rios para a Declara\u00e7\u00e3o do Imposto de Renda 2025","author":"noticiasribeiraopreto.com.br","date":"31 de March de 2025","format":false,"excerpt":"A Declara\u00e7\u00e3o do Imposto de Renda na modalidade pr\u00e9-preenchida, dispon\u00edvel desde 2022, facilitou a tarefa de prestar contas ao Fisco. Por\u00e9m, \u00e9 necess\u00e1rio ter em m\u00e3os alguns documentos na hora de declarar. \u200b Para come\u00e7ar, \u00e9 preciso reunir documentos b\u00e1sicos: CPF do titular e dos dependentes, comprovante de endere\u00e7o, de\u2026","rel":"","context":"In &quot;Not\u00edcias de Ribeir\u00e3o Preto-SP e Regi\u00e3o&quot;","block_context":{"text":"Not\u00edcias de Ribeir\u00e3o Preto-SP e Regi\u00e3o","link":"https:\/\/noticiasribeiraopreto.com.br\/index.php\/category\/noticias-de-ribeirao-preto-sp-e-regiao-ismael-colosi\/"},"img":{"alt_text":"","src":"https:\/\/i0.wp.com\/noticiasribeiraopreto.com.br\/wp-content\/uploads\/2025\/03\/mg_7893.webp.webp?fit=1170%2C700&ssl=1&resize=350%2C200","width":350,"height":200,"srcset":"https:\/\/i0.wp.com\/noticiasribeiraopreto.com.br\/wp-content\/uploads\/2025\/03\/mg_7893.webp.webp?fit=1170%2C700&ssl=1&resize=350%2C200 1x, https:\/\/i0.wp.com\/noticiasribeiraopreto.com.br\/wp-content\/uploads\/2025\/03\/mg_7893.webp.webp?fit=1170%2C700&ssl=1&resize=525%2C300 1.5x, https:\/\/i0.wp.com\/noticiasribeiraopreto.com.br\/wp-content\/uploads\/2025\/03\/mg_7893.webp.webp?fit=1170%2C700&ssl=1&resize=700%2C400 2x, https:\/\/i0.wp.com\/noticiasribeiraopreto.com.br\/wp-content\/uploads\/2025\/03\/mg_7893.webp.webp?fit=1170%2C700&ssl=1&resize=1050%2C600 3x"},"classes":[]},{"id":37240,"url":"https:\/\/noticiasribeiraopreto.com.br\/index.php\/2024\/02\/14\/empregadores-tem-o-dia-29-para-enviarem-informe-de-rendimentos\/","url_meta":{"origin":39507,"position":1},"title":"Empregadores t\u00eam o dia 29 para enviarem informe de rendimentos","author":"noticiasribeiraopreto.com.br","date":"14 de February de 2024","format":false,"excerpt":"14 de fevereiro de 2024 | 15:0014 de fevereiro de 2024 | 11:42 0Os empregadores t\u00eam at\u00e9 o dia 29 de fevereiro para enviar aos funcion\u00e1rios o informe com os rendimentos referentes a 2023. O prazo tamb\u00e9m vale para bancos e corretoras de valores, que devem disponibilizar o documento referente\u2026","rel":"","context":"In &quot;Not\u00edcias de Ribeir\u00e3o Preto-SP e Regi\u00e3o&quot;","block_context":{"text":"Not\u00edcias de Ribeir\u00e3o Preto-SP e Regi\u00e3o","link":"https:\/\/noticiasribeiraopreto.com.br\/index.php\/category\/noticias-de-ribeirao-preto-sp-e-regiao-ismael-colosi\/"},"img":{"alt_text":"","src":"https:\/\/i0.wp.com\/noticiasribeiraopreto.com.br\/wp-content\/uploads\/2024\/02\/imposto-de-renda-scaled.jpg?fit=682%2C450&ssl=1&resize=350%2C200","width":350,"height":200,"srcset":"https:\/\/i0.wp.com\/noticiasribeiraopreto.com.br\/wp-content\/uploads\/2024\/02\/imposto-de-renda-scaled.jpg?fit=682%2C450&ssl=1&resize=350%2C200 1x, https:\/\/i0.wp.com\/noticiasribeiraopreto.com.br\/wp-content\/uploads\/2024\/02\/imposto-de-renda-scaled.jpg?fit=682%2C450&ssl=1&resize=525%2C300 1.5x"},"classes":[]},{"id":20465,"url":"https:\/\/noticiasribeiraopreto.com.br\/index.php\/2023\/12\/25\/preparacao-para-o-imposto-de-renda-2024-documentos-essenciais-para-evitar-prejuizos\/","url_meta":{"origin":39507,"position":2},"title":"Prepara\u00e7\u00e3o para o Imposto de Renda 2024: documentos essenciais para evitar preju\u00edzos","author":"noticiasribeiraopreto.com.br","date":"25 de December de 2023","format":false,"excerpt":"Embora possa parecer precoce, aqueles que se antecipam conseguem apresentar sua declara\u00e7\u00e3o do Imposto de Renda no in\u00edcio do prazo, o que proporciona benef\u00edcios significativos, como a libera\u00e7\u00e3o da restitui\u00e7\u00e3o nos primeiros lotes. Para garantir que nenhuma pend\u00eancia fique em seu nome, \u00e9 aconselh\u00e1vel come\u00e7ar imediatamente a reunir os documentos\u2026","rel":"","context":"In &quot;Vagas de Emprego em Ribeir\u00e3o Preto-SP&quot;","block_context":{"text":"Vagas de Emprego em Ribeir\u00e3o Preto-SP","link":"https:\/\/noticiasribeiraopreto.com.br\/index.php\/category\/empregos-classificados-vagas-trabalho\/vagas-de-empregos-em-ribeirao-preto-regiao-brasil\/"},"img":{"alt_text":"","src":"https:\/\/i0.wp.com\/noticiasribeiraopreto.com.br\/wp-content\/uploads\/2023\/12\/noticiasconcursos.com_.br-preparacao-para-o-imposto-de-renda-2024-documentos-essenciais-para-evitar-prejuizos-imposto-de-renda.jpg?fit=830%2C456&ssl=1&resize=350%2C200","width":350,"height":200,"srcset":"https:\/\/i0.wp.com\/noticiasribeiraopreto.com.br\/wp-content\/uploads\/2023\/12\/noticiasconcursos.com_.br-preparacao-para-o-imposto-de-renda-2024-documentos-essenciais-para-evitar-prejuizos-imposto-de-renda.jpg?fit=830%2C456&ssl=1&resize=350%2C200 1x, https:\/\/i0.wp.com\/noticiasribeiraopreto.com.br\/wp-content\/uploads\/2023\/12\/noticiasconcursos.com_.br-preparacao-para-o-imposto-de-renda-2024-documentos-essenciais-para-evitar-prejuizos-imposto-de-renda.jpg?fit=830%2C456&ssl=1&resize=525%2C300 1.5x, https:\/\/i0.wp.com\/noticiasribeiraopreto.com.br\/wp-content\/uploads\/2023\/12\/noticiasconcursos.com_.br-preparacao-para-o-imposto-de-renda-2024-documentos-essenciais-para-evitar-prejuizos-imposto-de-renda.jpg?fit=830%2C456&ssl=1&resize=700%2C400 2x"},"classes":[]},{"id":83302,"url":"https:\/\/noticiasribeiraopreto.com.br\/index.php\/2026\/03\/15\/declaracao-do-imposto-de-renda-2026-vai-comecar-saiba-quem-precisa-declarar-e-como-se-organizar\/","url_meta":{"origin":39507,"position":3},"title":"Declara\u00e7\u00e3o do Imposto de Renda 2026 vai come\u00e7ar: saiba quem precisa declarar e como se organizar","author":"noticiasribeiraopreto.com.br","date":"15 de March de 2026","format":false,"excerpt":"A Receita Federal divulga nesta segunda-feira (16) as regras para a declara\u00e7\u00e3o do Imposto de Renda Pessoa F\u00edsica (IRPF) 2026. Apesar de o calend\u00e1rio oficial ainda n\u00e3o ter sido divulgado, a expectativa \u00e9 de que o prazo para entregar a declara\u00e7\u00e3o comece em 16 de maio e v\u00e1 at\u00e9 29\u2026","rel":"","context":"In &quot;Not\u00edcias de Ribeir\u00e3o Preto-SP e Regi\u00e3o&quot;","block_context":{"text":"Not\u00edcias de Ribeir\u00e3o Preto-SP e Regi\u00e3o","link":"https:\/\/noticiasribeiraopreto.com.br\/index.php\/category\/noticias-de-ribeirao-preto-sp-e-regiao-ismael-colosi\/"},"img":{"alt_text":"","src":"https:\/\/i0.wp.com\/noticiasribeiraopreto.com.br\/wp-content\/uploads\/2026\/01\/mg_7893.webp.webp?fit=1170%2C700&ssl=1&resize=350%2C200","width":350,"height":200,"srcset":"https:\/\/i0.wp.com\/noticiasribeiraopreto.com.br\/wp-content\/uploads\/2026\/01\/mg_7893.webp.webp?fit=1170%2C700&ssl=1&resize=350%2C200 1x, https:\/\/i0.wp.com\/noticiasribeiraopreto.com.br\/wp-content\/uploads\/2026\/01\/mg_7893.webp.webp?fit=1170%2C700&ssl=1&resize=525%2C300 1.5x, https:\/\/i0.wp.com\/noticiasribeiraopreto.com.br\/wp-content\/uploads\/2026\/01\/mg_7893.webp.webp?fit=1170%2C700&ssl=1&resize=700%2C400 2x, https:\/\/i0.wp.com\/noticiasribeiraopreto.com.br\/wp-content\/uploads\/2026\/01\/mg_7893.webp.webp?fit=1170%2C700&ssl=1&resize=1050%2C600 3x"},"classes":[]},{"id":20561,"url":"https:\/\/noticiasribeiraopreto.com.br\/index.php\/2023\/12\/25\/imposto-de-renda-2024-quando-vai-iniciar-o-periodo-para-declaracao\/","url_meta":{"origin":39507,"position":4},"title":"Imposto de Renda 2024: Quando vai iniciar o per\u00edodo para declara\u00e7\u00e3o?","author":"noticiasribeiraopreto.com.br","date":"25 de December de 2023","format":false,"excerpt":"O Imposto de Renda para o ano de 2024 est\u00e1 pr\u00f3ximo, marcando mais um per\u00edodo de declara\u00e7\u00e3o fiscal. Ficar atento \u00e9 crucial para n\u00e3o perder os prazos importantes junto \u00e0 Receita Federal. Atualmente, nessa declara\u00e7\u00e3o anual \u00e0 Receita Federal, s\u00e3o minuciosamente descritos os rendimentos do ano anterior, abarcando sal\u00e1rios, alugu\u00e9is,\u2026","rel":"","context":"In &quot;Vagas de Emprego em Ribeir\u00e3o Preto-SP&quot;","block_context":{"text":"Vagas de Emprego em Ribeir\u00e3o Preto-SP","link":"https:\/\/noticiasribeiraopreto.com.br\/index.php\/category\/empregos-classificados-vagas-trabalho\/vagas-de-empregos-em-ribeirao-preto-regiao-brasil\/"},"img":{"alt_text":"","src":"","width":0,"height":0},"classes":[]},{"id":39456,"url":"https:\/\/noticiasribeiraopreto.com.br\/index.php\/2024\/02\/26\/posto-do-sebrae-comeca-a-funcionar-nesta-segunda\/","url_meta":{"origin":39507,"position":5},"title":"Posto do Sebrae come\u00e7a a funcionar nesta segunda em RP","author":"noticiasribeiraopreto.com.br","date":"26 de February de 2024","format":false,"excerpt":"26 de fevereiro de 2024 | 12:0026 de fevereiro de 2024 | 11:08 0Come\u00e7ou a funcionar nesta segunda-feira, 26 de fevereiro, o Posto\u00a0Sebrae Aqui, em parceria com a Prefeitura Municipal. O posto funcionar\u00e1 no pr\u00e9dio do CATERP (Centro de Apoio ao Trabalhador e Empreendedor de Ribeir\u00e3o Preto), localizado \u00e0 avenida\u2026","rel":"","context":"In &quot;Not\u00edcias de Ribeir\u00e3o Preto-SP e Regi\u00e3o&quot;","block_context":{"text":"Not\u00edcias de Ribeir\u00e3o Preto-SP e Regi\u00e3o","link":"https:\/\/noticiasribeiraopreto.com.br\/index.php\/category\/noticias-de-ribeirao-preto-sp-e-regiao-ismael-colosi\/"},"img":{"alt_text":"","src":"https:\/\/i0.wp.com\/noticiasribeiraopreto.com.br\/wp-content\/uploads\/2024\/02\/inauguracao_sebrae_aqui_-_foto_guilherme_sircili_1-scaled.jpg?fit=967%2C645&ssl=1&resize=350%2C200","width":350,"height":200,"srcset":"https:\/\/i0.wp.com\/noticiasribeiraopreto.com.br\/wp-content\/uploads\/2024\/02\/inauguracao_sebrae_aqui_-_foto_guilherme_sircili_1-scaled.jpg?fit=967%2C645&ssl=1&resize=350%2C200 1x, https:\/\/i0.wp.com\/noticiasribeiraopreto.com.br\/wp-content\/uploads\/2024\/02\/inauguracao_sebrae_aqui_-_foto_guilherme_sircili_1-scaled.jpg?fit=967%2C645&ssl=1&resize=525%2C300 1.5x, https:\/\/i0.wp.com\/noticiasribeiraopreto.com.br\/wp-content\/uploads\/2024\/02\/inauguracao_sebrae_aqui_-_foto_guilherme_sircili_1-scaled.jpg?fit=967%2C645&ssl=1&resize=700%2C400 2x"},"classes":[]}],"jetpack_sharing_enabled":true,"jetpack_shortlink":"https:\/\/wp.me\/peQAOb-ahd","_links":{"self":[{"href":"https:\/\/noticiasribeiraopreto.com.br\/index.php\/wp-json\/wp\/v2\/posts\/39507","targetHints":{"allow":["GET"]}}],"collection":[{"href":"https:\/\/noticiasribeiraopreto.com.br\/index.php\/wp-json\/wp\/v2\/posts"}],"about":[{"href":"https:\/\/noticiasribeiraopreto.com.br\/index.php\/wp-json\/wp\/v2\/types\/post"}],"author":[{"embeddable":true,"href":"https:\/\/noticiasribeiraopreto.com.br\/index.php\/wp-json\/wp\/v2\/users\/1"}],"replies":[{"embeddable":true,"href":"https:\/\/noticiasribeiraopreto.com.br\/index.php\/wp-json\/wp\/v2\/comments?post=39507"}],"version-history":[{"count":0,"href":"https:\/\/noticiasribeiraopreto.com.br\/index.php\/wp-json\/wp\/v2\/posts\/39507\/revisions"}],"wp:featuredmedia":[{"embeddable":true,"href":"https:\/\/noticiasribeiraopreto.com.br\/index.php\/wp-json\/wp\/v2\/media\/39508"}],"wp:attachment":[{"href":"https:\/\/noticiasribeiraopreto.com.br\/index.php\/wp-json\/wp\/v2\/media?parent=39507"}],"wp:term":[{"taxonomy":"category","embeddable":true,"href":"https:\/\/noticiasribeiraopreto.com.br\/index.php\/wp-json\/wp\/v2\/categories?post=39507"},{"taxonomy":"post_tag","embeddable":true,"href":"https:\/\/noticiasribeiraopreto.com.br\/index.php\/wp-json\/wp\/v2\/tags?post=39507"}],"curies":[{"name":"wp","href":"https:\/\/api.w.org\/{rel}","templated":true}]}}