{"id":39640,"date":"2024-02-27T12:29:48","date_gmt":"2024-02-27T15:29:48","guid":{"rendered":"https:\/\/noticiasribeiraopreto.com.br\/index.php\/2024\/02\/27\/faculdade-albert-einstein-vai-oferecer-mensalidade-gratuita-2\/"},"modified":"2024-02-27T12:29:48","modified_gmt":"2024-02-27T15:29:48","slug":"faculdade-albert-einstein-vai-oferecer-mensalidade-gratuita-2","status":"publish","type":"post","link":"https:\/\/noticiasribeiraopreto.com.br\/index.php\/2024\/02\/27\/faculdade-albert-einstein-vai-oferecer-mensalidade-gratuita-2\/","title":{"rendered":"Faculdade Albert Einstein vai oferecer mensalidade gratuita"},"content":{"rendered":"<div class='code-block code-block-1' style='margin: 8px 0 8px auto; text-align: right; display: block; clear: both;'>\n<p><a href=\"https:\/\/wa.link\/vpicfd\"><img data-recalc-dims=\"1\" class=\"wp-image-4922\" style=\"aspect-ratio: 2.0253164556962027; width: 561px; height: auto;\" src=\"https:\/\/i0.wp.com\/ismaelcolosi.com.br\/wp-content\/uploads\/2023\/11\/grupo-de-empregos-whatsapp-e-facebook-ismael-colosi-vagas.jpg?ssl=1\" alt=\"\" \/><\/a><\/p>\n<!-- \/wp:image -->\n<\/div>\n<p> <br \/>\n<\/p>\n<div>\n<div id=\"attachment_597601\" class=\"wp-caption alignnone style=\" max-width:=\"\"><img data-recalc-dims=\"1\" fetchpriority=\"high\" decoding=\"async\" class=\"alignnone wp-image-597601 size-full\" src=\"https:\/\/i0.wp.com\/forbes.com.br\/wp-content\/uploads\/2024\/02\/mulher-ruth-gottesman-einstein-768x512.jpg?resize=678%2C452&#038;ssl=1\" http:=\"\" alt=\" Ruth Gottesman, ex-professora do einstein\" width=\"678\" height=\"452\" data-lazy-src=\"https:\/\/forbes.com.br\/wp-content\/uploads\/2024\/02\/mulher-ruth-gottesman-einstein-768x512.jpg\"\/><noscript><img data-recalc-dims=\"1\" fetchpriority=\"high\" decoding=\"async\" class=\"alignnone wp-image-597601 size-full\" src=\"https:\/\/i0.wp.com\/forbes.com.br\/wp-content\/uploads\/2024\/02\/mulher-ruth-gottesman-einstein-768x512.jpg?resize=678%2C452&#038;ssl=1\" alt=\" Ruth Gottesman, ex-professora do einstein\" width=\"678\" height=\"452\"\/><\/noscript><\/p>\n<p>Getty Images<\/p>\n<p class=\"wp-caption-text\">Aos 93 anos, Ruth Gottesman, foi professora do Einstein e atua no conselho de administra\u00e7\u00e3o da faculdade<\/p>\n<\/div>\n<p><strong>Ruth Gottesman<\/strong>, ex-professora da Faculdade de Medicina Albert Einstein, em Nova York, est\u00e1 doando US$ 1 bilh\u00e3o para pagar as mensalidades de todos os alunos, informou a institui\u00e7\u00e3o na segunda-feira (26).<\/p>\n<p>Aos 93 anos, fez a maior doa\u00e7\u00e3o desse tipo nos Estados Unidos com a fortuna que herdou do seu marido, o bilion\u00e1rio investidor da <strong>Berkshire Hathaway David Gottesman<\/strong>, que morreu em setembro de 2022. \u201cEstou muito grata ao meu falecido marido, Sandy, por deixar esses recursos sob meus cuidados. Me sinto aben\u00e7oada por ter o grande privil\u00e9gio de fazer essa doa\u00e7\u00e3o para uma causa t\u00e3o nobre\u201d, disse Ruth em comunicado conjunto com a faculdade.<\/p>\n<p>Com a doa\u00e7\u00e3o, todos os atuais alunos ter\u00e3o suas mensalidades do semestre a partir de agosto de 2024 reembolsadas e todos os futuros alunos frequentar\u00e3o a escola gratuitamente. A anuidade da faculdade \u00e9 de cerca de US$ 60 mil (R$ 298 mil), deixando muitos estudantes com d\u00edvidas de mais de US$ 200 mil (R$ 996 mil) depois de se formarem. A faculdade Albert Einstein tem cerca de 1.100 alunos e est\u00e1 localizada no Bronx, um distrito de Nova York.<\/p>\n<ul>\n<li><b>Siga a<\/b><a href=\"https:\/\/whatsapp.com\/channel\/0029Va9gQKwBFLgM96cJnu0u\"> <b>Forbes<\/b><\/a><b> no WhatsApp e receba as principais not\u00edcias sobre neg\u00f3cios, carreira, tecnologia e estilo de vida<\/b><\/li>\n<\/ul>\n<h2>Fortuna de Ruth Gottesman<\/h2>\n<p>A ex-professora ingressou na faculdade de medicina em 1968. Ela pesquisou dificuldades de aprendizagem infantil e criou um programa de alfabetiza\u00e7\u00e3o de adultos. Atualmente, \u00e9 presidente do Conselho Curador do Einstein e tamb\u00e9m atua no conselho do Sistema de Sa\u00fade Montefiore, hospital afiliado \u00e0 escola.<\/p>\n<p>O marido de Ruth Gottesman deixou para ela uma carteira inteira de a\u00e7\u00f5es da Berkshire Hathaway com instru\u00e7\u00f5es que diziam \u201cfa\u00e7a o que achar certo\u201d.<\/p>\n<p><strong>Leia tamb\u00e9m:<\/strong><\/p>\n<p>A Forbes estima a <strong>fortuna de David Gottesman em US$ 3 bilh\u00f5es (hoje cerca de R$ 15 bilh\u00f5es)<\/strong> no momento de sua morte. Grande parte do seu patrim\u00f4nio veio de suas 6.402 a\u00e7\u00f5es classe A da Berkshire Hathaway \u2013 ele foi um dos primeiros investidores e fez parte do conselho da empresa.<\/p>\n<p>Gottesman teve uma amizade de seis d\u00e9cadas com o bilion\u00e1rio fundador da Berkshire Hathaway,<strong> Warren Buffet<\/strong>. Em 1964, David Gottesman foi cofundador da First Manhattan Co, uma empresa de consultoria de investimentos que hoje administra mais de US$ 20 bilh\u00f5es (R$ 99 bilh\u00f5es) em ativos.<\/p>\n<p>Antes da sua morte, Gottesman fez algumas doa\u00e7\u00f5es filantr\u00f3picas. Em 2008, doou US$ 25 milh\u00f5es (R$ 124 milh\u00f5es) para a Universidade Yeshiva. Segundo estimativas da Forbes, o bilion\u00e1rio doou mais de US$ 330 milh\u00f5es (R$ 1,6 bilh\u00e3o) para causas de caridade ao longo da sua vida.<\/p>\n<\/div>\n<p><script type=\"rocketlazyloadscript\">\n\t\t\t\t(function(d, s, id){\n\t\t\t\t\tvar js, fjs = d.getElementsByTagName(s)[0];\n\t\t\t\t\tif (d.getElementById(id)) return;\n\t\t\t\t\tjs = d.createElement(s); js.id = id;\n\t\t\t\t\tjs.src = \"\/\/connect.facebook.net\/pt_BR\/sdk.js#xfbml=1&version=v2.9\";\n\t\t\t\t\tfjs.parentNode.insertBefore(js, fjs);\n\t\t\t\t}(document, 'script', 'facebook-jssdk'));\n\t\t\t<\/script><br \/>\n<br \/><br \/>\n<br \/><a href=\"https:\/\/forbes.com.br\/forbes-mulher\/2024\/02\/faculdade-de-medicina-albert-einstein-vai-oferecer-mensalidade-gratuita-apos-doacao-de-us-1-bilhao\/\">Source link <\/a><\/p>\n<!-- CONTENT END 1 -->\n","protected":false},"excerpt":{"rendered":"<p>Getty Images Aos 93 anos, Ruth Gottesman, foi professora do Einstein e atua no conselho de administra\u00e7\u00e3o da faculdade Ruth Gottesman, ex-professora da Faculdade de&#8230;<\/p>\n","protected":false},"author":1,"featured_media":39641,"comment_status":"open","ping_status":"open","sticky":false,"template":"","format":"standard","meta":{"advanced_seo_description":"","jetpack_seo_html_title":"","jetpack_seo_noindex":false,"jetpack_post_was_ever_published":false,"_jetpack_newsletter_access":"","_jetpack_dont_email_post_to_subs":false,"_jetpack_newsletter_tier_id":0,"_jetpack_memberships_contains_paywalled_content":false,"_jetpack_memberships_contains_paid_content":false,"footnotes":"","jetpack_publicize_message":"","jetpack_publicize_feature_enabled":true,"jetpack_social_post_already_shared":true,"jetpack_social_options":{"image_generator_settings":{"template":"highway","default_image_id":0,"font":"","enabled":false},"version":2}},"categories":[1],"tags":[],"class_list":["post-39640","post","type-post","status-publish","format-standard","has-post-thumbnail","hentry","category-blog"],"jetpack_publicize_connections":[],"jetpack_featured_media_url":"https:\/\/i0.wp.com\/noticiasribeiraopreto.com.br\/wp-content\/uploads\/2024\/02\/mulher-ruth-gottesman-einstein-1024x683.jpg?fit=1024%2C683&ssl=1","jetpack-related-posts":[{"id":39626,"url":"https:\/\/noticiasribeiraopreto.com.br\/index.php\/2024\/02\/27\/faculdade-albert-einstein-vai-oferecer-mensalidade-gratuita\/","url_meta":{"origin":39640,"position":0},"title":"Faculdade Albert Einstein vai oferecer mensalidade gratuita","author":"noticiasribeiraopreto.com.br","date":"27 de February de 2024","format":false,"excerpt":"Com a doa\u00e7\u00e3o de Ruth Gottesman, de 93 anos, alunos da faculdade Albert Einstein n\u00e3o pagar\u00e3o a anuidade de cerca de US$ 60 mil Ruth Gottesman, ex-professora da Faculdade de Medicina Albert Einstein, em Nova York, est\u00e1 doando US$ 1 bilh\u00e3o para pagar as mensalidades de todos os alunos, informou\u2026","rel":"","context":"In &quot;Blog&quot;","block_context":{"text":"Blog","link":"https:\/\/noticiasribeiraopreto.com.br\/index.php\/category\/blog\/"},"img":{"alt_text":"","src":"https:\/\/i0.wp.com\/noticiasribeiraopreto.com.br\/wp-content\/uploads\/2024\/02\/carreira-faculdade-medicina-albert-einstein-1024x683.jpg?fit=1024%2C683&ssl=1&resize=350%2C200","width":350,"height":200,"srcset":"https:\/\/i0.wp.com\/noticiasribeiraopreto.com.br\/wp-content\/uploads\/2024\/02\/carreira-faculdade-medicina-albert-einstein-1024x683.jpg?fit=1024%2C683&ssl=1&resize=350%2C200 1x, https:\/\/i0.wp.com\/noticiasribeiraopreto.com.br\/wp-content\/uploads\/2024\/02\/carreira-faculdade-medicina-albert-einstein-1024x683.jpg?fit=1024%2C683&ssl=1&resize=525%2C300 1.5x, https:\/\/i0.wp.com\/noticiasribeiraopreto.com.br\/wp-content\/uploads\/2024\/02\/carreira-faculdade-medicina-albert-einstein-1024x683.jpg?fit=1024%2C683&ssl=1&resize=700%2C400 2x"},"classes":[]},{"id":34064,"url":"https:\/\/noticiasribeiraopreto.com.br\/index.php\/2024\/01\/31\/o-que-e-e-como-solicitar\/","url_meta":{"origin":39640,"position":1},"title":"o que \u00e9 e como solicitar?","author":"noticiasribeiraopreto.com.br","date":"31 de January de 2024","format":false,"excerpt":"Ingressar em uma faculdade \u00e9 o verdadeiro sonho de muitas pessoas, n\u00e3o \u00e9? No entanto, infelizmente, por conta da alta concorr\u00eancia ou das mensalidades caras, esse sonho pode ficar mais distante. Mas existe um meio de tornar tudo isso mais f\u00e1cil: o empr\u00e9stimo estudantil. Esse tipo de cr\u00e9dito \u00e9 uma\u2026","rel":"","context":"In &quot;Dinheiro e Investimento&quot;","block_context":{"text":"Dinheiro e Investimento","link":"https:\/\/noticiasribeiraopreto.com.br\/index.php\/category\/dinheiro-e-investimento-como-fazer-como-ganhar\/"},"img":{"alt_text":"","src":"https:\/\/i0.wp.com\/noticiasribeiraopreto.com.br\/wp-content\/uploads\/2024\/01\/emprestimo-estudantil.jpg?fit=900%2C526&ssl=1&resize=350%2C200","width":350,"height":200,"srcset":"https:\/\/i0.wp.com\/noticiasribeiraopreto.com.br\/wp-content\/uploads\/2024\/01\/emprestimo-estudantil.jpg?fit=900%2C526&ssl=1&resize=350%2C200 1x, https:\/\/i0.wp.com\/noticiasribeiraopreto.com.br\/wp-content\/uploads\/2024\/01\/emprestimo-estudantil.jpg?fit=900%2C526&ssl=1&resize=525%2C300 1.5x, https:\/\/i0.wp.com\/noticiasribeiraopreto.com.br\/wp-content\/uploads\/2024\/01\/emprestimo-estudantil.jpg?fit=900%2C526&ssl=1&resize=700%2C400 2x"},"classes":[]},{"id":30119,"url":"https:\/\/noticiasribeiraopreto.com.br\/index.php\/2024\/01\/20\/conta-salario-pode-ser-bloqueada-pela-justica-fui-processada-por-dever-6-mensalidades-da-faculdade-mas-nao-consigo-pagar\/","url_meta":{"origin":39640,"position":2},"title":"Conta sal\u00e1rio pode ser bloqueada pela Justi\u00e7a? Fui processada por dever 6 mensalidades da faculdade, mas n\u00e3o consigo pagar!","author":"noticiasribeiraopreto.com.br","date":"20 de January de 2024","format":false,"excerpt":"Quem tem d\u00edvidas em atraso pode n\u00e3o s\u00f3 ficar com o nome sujo como tamb\u00e9m acabar sendo cobrado na Justi\u00e7a. Se um CPF negativado j\u00e1 traz uma s\u00e9rie de restri\u00e7\u00f5es ao inadimplente, a cobran\u00e7a judicial pode gerar ainda mais dor de cabe\u00e7a. Na coluna da Dinheirista desta semana, tratamos do\u2026","rel":"","context":"In &quot;Dinheiro e Investimento&quot;","block_context":{"text":"Dinheiro e Investimento","link":"https:\/\/noticiasribeiraopreto.com.br\/index.php\/category\/dinheiro-e-investimento-como-fazer-como-ganhar\/"},"img":{"alt_text":"","src":"https:\/\/i0.wp.com\/noticiasribeiraopreto.com.br\/wp-content\/uploads\/2024\/01\/Carol-Gama-8-715x402.png?fit=715%2C402&ssl=1&resize=350%2C200","width":350,"height":200,"srcset":"https:\/\/i0.wp.com\/noticiasribeiraopreto.com.br\/wp-content\/uploads\/2024\/01\/Carol-Gama-8-715x402.png?fit=715%2C402&ssl=1&resize=350%2C200 1x, https:\/\/i0.wp.com\/noticiasribeiraopreto.com.br\/wp-content\/uploads\/2024\/01\/Carol-Gama-8-715x402.png?fit=715%2C402&ssl=1&resize=525%2C300 1.5x, https:\/\/i0.wp.com\/noticiasribeiraopreto.com.br\/wp-content\/uploads\/2024\/01\/Carol-Gama-8-715x402.png?fit=715%2C402&ssl=1&resize=700%2C400 2x"},"classes":[]},{"id":17200,"url":"https:\/\/noticiasribeiraopreto.com.br\/index.php\/2023\/12\/17\/oportunidade-imperdivel-para-profissionais-de-saude\/","url_meta":{"origin":39640,"position":3},"title":"oportunidade imperd\u00edvel para profissionais de sa\u00fade","author":"noticiasribeiraopreto.com.br","date":"17 de December de 2023","format":false,"excerpt":"Foto: Divulga\u00e7\u00e3o\/Hospital Albert Einsten Essa iniciativa do Hospital Albert Einsten faz parte de um esfor\u00e7o cont\u00ednuo para disseminar conhecimento e promover a educa\u00e7\u00e3o cont\u00ednua em diversas especialidades m\u00e9dicas e de sa\u00fade. Os cursos gratuitos abrangem uma variedade de t\u00f3picos relevantes e emergentes na \u00e1rea da sa\u00fade. Alguns dos cursos gratuitos\u2026","rel":"","context":"In &quot;Vagas de Emprego em Ribeir\u00e3o Preto-SP&quot;","block_context":{"text":"Vagas de Emprego em Ribeir\u00e3o Preto-SP","link":"https:\/\/noticiasribeiraopreto.com.br\/index.php\/category\/empregos-classificados-vagas-trabalho\/vagas-de-empregos-em-ribeirao-preto-regiao-brasil\/"},"img":{"alt_text":"","src":"https:\/\/i0.wp.com\/noticiasribeiraopreto.com.br\/wp-content\/uploads\/2023\/12\/Hospital-Albert-Einstein-oferece-91-cursos-gratuitos-oportunidade-imperdivel-para-profissionais-de-saude-830x450.jpg?fit=830%2C450&ssl=1&resize=350%2C200","width":350,"height":200,"srcset":"https:\/\/i0.wp.com\/noticiasribeiraopreto.com.br\/wp-content\/uploads\/2023\/12\/Hospital-Albert-Einstein-oferece-91-cursos-gratuitos-oportunidade-imperdivel-para-profissionais-de-saude-830x450.jpg?fit=830%2C450&ssl=1&resize=350%2C200 1x, https:\/\/i0.wp.com\/noticiasribeiraopreto.com.br\/wp-content\/uploads\/2023\/12\/Hospital-Albert-Einstein-oferece-91-cursos-gratuitos-oportunidade-imperdivel-para-profissionais-de-saude-830x450.jpg?fit=830%2C450&ssl=1&resize=525%2C300 1.5x, https:\/\/i0.wp.com\/noticiasribeiraopreto.com.br\/wp-content\/uploads\/2023\/12\/Hospital-Albert-Einstein-oferece-91-cursos-gratuitos-oportunidade-imperdivel-para-profissionais-de-saude-830x450.jpg?fit=830%2C450&ssl=1&resize=700%2C400 2x"},"classes":[]},{"id":49321,"url":"https:\/\/noticiasribeiraopreto.com.br\/index.php\/2024\/05\/10\/hospital-albert-einstein-lancou-170-cursos-gratuitos-e-vagas-home-office\/","url_meta":{"origin":39640,"position":4},"title":"Hospital Albert Einstein lan\u00e7ou 170 cursos gratuitos e vagas home office","author":"noticiasribeiraopreto.com.br","date":"10 de May de 2024","format":false,"excerpt":"S\u00e3o 170 cursos online gratuitos e diversas vagas home office oferecidas pelo Hospital Israelita Albert Einstein, confira O renomado Hospital Albert Einstein deu um passo importante para a dissemina\u00e7\u00e3o do conhecimento ao lan\u00e7ar recentemente 170 cursos gratuitos. Essa iniciativa n\u00e3o apenas amplia o acesso \u00e0 educa\u00e7\u00e3o de qualidade, mas tamb\u00e9m\u2026","rel":"","context":"In &quot;Blog&quot;","block_context":{"text":"Blog","link":"https:\/\/noticiasribeiraopreto.com.br\/index.php\/category\/blog\/"},"img":{"alt_text":"","src":"https:\/\/i0.wp.com\/noticiasribeiraopreto.com.br\/wp-content\/uploads\/2024\/05\/Hospital-Albert-Einstein-Cursos-Gratuitos-Vagas-home-office.webp.webp?fit=1170%2C700&ssl=1&resize=350%2C200","width":350,"height":200,"srcset":"https:\/\/i0.wp.com\/noticiasribeiraopreto.com.br\/wp-content\/uploads\/2024\/05\/Hospital-Albert-Einstein-Cursos-Gratuitos-Vagas-home-office.webp.webp?fit=1170%2C700&ssl=1&resize=350%2C200 1x, https:\/\/i0.wp.com\/noticiasribeiraopreto.com.br\/wp-content\/uploads\/2024\/05\/Hospital-Albert-Einstein-Cursos-Gratuitos-Vagas-home-office.webp.webp?fit=1170%2C700&ssl=1&resize=525%2C300 1.5x, https:\/\/i0.wp.com\/noticiasribeiraopreto.com.br\/wp-content\/uploads\/2024\/05\/Hospital-Albert-Einstein-Cursos-Gratuitos-Vagas-home-office.webp.webp?fit=1170%2C700&ssl=1&resize=700%2C400 2x, https:\/\/i0.wp.com\/noticiasribeiraopreto.com.br\/wp-content\/uploads\/2024\/05\/Hospital-Albert-Einstein-Cursos-Gratuitos-Vagas-home-office.webp.webp?fit=1170%2C700&ssl=1&resize=1050%2C600 3x"},"classes":[]},{"id":68387,"url":"https:\/\/noticiasribeiraopreto.com.br\/index.php\/2025\/04\/24\/jornal-da-franca-por-que-um-trauma-na-infancia-pode-causar-transtorno-mental-na-adolescencia\/","url_meta":{"origin":39640,"position":5},"title":"Jornal da Franca &#8211; Por que um trauma na inf\u00e2ncia pode causar transtorno mental na adolesc\u00eancia","author":"noticiasribeiraopreto.com.br","date":"24 de April de 2025","format":false,"excerpt":"compartilhar no whatsapp compartilhar no telegram compartilhar no facebook compartilhar no linkedin Pesquisa da USP constatou que 30% dos casos de dist\u00farbios mentais em adolescentes est\u00e3o associados eventos traum\u00e1ticos na inf\u00e2ncia Um ter\u00e7o dos diagn\u00f3sticos de transtornos mentais em adolescentes est\u00e1 associado a traumas na inf\u00e2ncia \u2013 foto Freepik \u00a0\u2026","rel":"","context":"In &quot;Not\u00edcias de Franca-SP&quot;","block_context":{"text":"Not\u00edcias de Franca-SP","link":"https:\/\/noticiasribeiraopreto.com.br\/index.php\/category\/noticias-de-ribeirao-preto-sp-e-regiao-ismael-colosi\/noticias-franca-sp\/"},"img":{"alt_text":"","src":"https:\/\/i0.wp.com\/noticiasribeiraopreto.com.br\/wp-content\/uploads\/2025\/04\/trauma-transtorno-mental-adolescente-scaled.jpg?fit=1200%2C800&ssl=1&resize=350%2C200","width":350,"height":200,"srcset":"https:\/\/i0.wp.com\/noticiasribeiraopreto.com.br\/wp-content\/uploads\/2025\/04\/trauma-transtorno-mental-adolescente-scaled.jpg?fit=1200%2C800&ssl=1&resize=350%2C200 1x, https:\/\/i0.wp.com\/noticiasribeiraopreto.com.br\/wp-content\/uploads\/2025\/04\/trauma-transtorno-mental-adolescente-scaled.jpg?fit=1200%2C800&ssl=1&resize=525%2C300 1.5x, https:\/\/i0.wp.com\/noticiasribeiraopreto.com.br\/wp-content\/uploads\/2025\/04\/trauma-transtorno-mental-adolescente-scaled.jpg?fit=1200%2C800&ssl=1&resize=700%2C400 2x, https:\/\/i0.wp.com\/noticiasribeiraopreto.com.br\/wp-content\/uploads\/2025\/04\/trauma-transtorno-mental-adolescente-scaled.jpg?fit=1200%2C800&ssl=1&resize=1050%2C600 3x"},"classes":[]}],"jetpack_sharing_enabled":true,"jetpack_shortlink":"https:\/\/wp.me\/peQAOb-ajm","_links":{"self":[{"href":"https:\/\/noticiasribeiraopreto.com.br\/index.php\/wp-json\/wp\/v2\/posts\/39640","targetHints":{"allow":["GET"]}}],"collection":[{"href":"https:\/\/noticiasribeiraopreto.com.br\/index.php\/wp-json\/wp\/v2\/posts"}],"about":[{"href":"https:\/\/noticiasribeiraopreto.com.br\/index.php\/wp-json\/wp\/v2\/types\/post"}],"author":[{"embeddable":true,"href":"https:\/\/noticiasribeiraopreto.com.br\/index.php\/wp-json\/wp\/v2\/users\/1"}],"replies":[{"embeddable":true,"href":"https:\/\/noticiasribeiraopreto.com.br\/index.php\/wp-json\/wp\/v2\/comments?post=39640"}],"version-history":[{"count":0,"href":"https:\/\/noticiasribeiraopreto.com.br\/index.php\/wp-json\/wp\/v2\/posts\/39640\/revisions"}],"wp:featuredmedia":[{"embeddable":true,"href":"https:\/\/noticiasribeiraopreto.com.br\/index.php\/wp-json\/wp\/v2\/media\/39641"}],"wp:attachment":[{"href":"https:\/\/noticiasribeiraopreto.com.br\/index.php\/wp-json\/wp\/v2\/media?parent=39640"}],"wp:term":[{"taxonomy":"category","embeddable":true,"href":"https:\/\/noticiasribeiraopreto.com.br\/index.php\/wp-json\/wp\/v2\/categories?post=39640"},{"taxonomy":"post_tag","embeddable":true,"href":"https:\/\/noticiasribeiraopreto.com.br\/index.php\/wp-json\/wp\/v2\/tags?post=39640"}],"curies":[{"name":"wp","href":"https:\/\/api.w.org\/{rel}","templated":true}]}}