{"id":39660,"date":"2024-02-27T14:44:13","date_gmt":"2024-02-27T17:44:13","guid":{"rendered":"https:\/\/noticiasribeiraopreto.com.br\/index.php\/2024\/02\/27\/festival-joao-rock-alerta-para-ingressos-falsos\/"},"modified":"2024-02-27T14:44:13","modified_gmt":"2024-02-27T17:44:13","slug":"festival-joao-rock-alerta-para-ingressos-falsos","status":"publish","type":"post","link":"https:\/\/noticiasribeiraopreto.com.br\/index.php\/2024\/02\/27\/festival-joao-rock-alerta-para-ingressos-falsos\/","title":{"rendered":"Festival Jo\u00e3o Rock alerta para ingressos falsos"},"content":{"rendered":"<div class='code-block code-block-1' style='margin: 8px 0 8px auto; text-align: right; display: block; clear: both;'>\n<p><a href=\"https:\/\/wa.link\/vpicfd\"><img data-recalc-dims=\"1\" class=\"wp-image-4922\" style=\"aspect-ratio: 2.0253164556962027; width: 561px; height: auto;\" src=\"https:\/\/i0.wp.com\/ismaelcolosi.com.br\/wp-content\/uploads\/2023\/11\/grupo-de-empregos-whatsapp-e-facebook-ismael-colosi-vagas.jpg?ssl=1\" alt=\"\" \/><\/a><\/p>\n<!-- \/wp:image -->\n<\/div>\n<p> <br \/>\n<\/p>\n<div id=\"post-375178\">\n<header class=\"entry-header penci-entry-header penci-title-center\">\n<p> <span class=\"entry-meta-item penci-posted-on\"><i class=\"fa fa-clock-o\"\/><time class=\"entry-date published updated\" datetime=\"2024-02-27T14:02:50-03:00\">27 de fevereiro de 2024 | 14:02<\/time><\/span><\/p>\n<p> <span class=\"penci-social-buttons penci-social-share-footer\"><a href=\"#\" class=\"penci-post-like penci_post-meta_item  single-like-button penci-social-item like\" data-post_id=\"375178\" title=\"Like\" data-like=\"Like\" data-unlike=\"Unlike\"><i class=\"fa fa-thumbs-o-up\"\/><span class=\"penci-share-number\">0<\/span><\/a><i class=\"fa fa-facebook\"\/><a class=\"penci-social-item twitter\" target=\"_blank\" rel=\"noopener\" title=\"\" href=\"https:\/\/twitter.com\/intent\/tweet?text=Festival%20Jo\u00e3o%20Rock%20alerta%20para%20ingressos%20falsos%20-%20https:\/\/www.tribunaribeirao.com.br\/site\/festival-joao-rock-alerta-para-ingressos-falsos\/\"><i class=\"fa fa-twitter\"\/><\/a><i class=\"fa fa-whatsapp\"\/><\/span><\/header>\n<div class=\"penci-entry-content entry-content\">\n<p>Come\u00e7ou nesta ter\u00e7a-feira, 27 de fevereiro, a pr\u00e9-venda de ingressos para um dos principais festivais de m\u00fasica do pa\u00eds, o Jo\u00e3o Rock. A 21\u00aa edi\u00e7\u00e3o do evento acontece em 8 de junho, no Parque Permanente de Exposi\u00e7\u00f5es de Ribeir\u00e3o Preto. A organiza\u00e7\u00e3o, no entanto, alerta para golpistas que est\u00e3o vendendo ingressos falsos.<\/p>\n<p>Os organizadores lembram que a compra deve ser feita no site oficial (<a href=\"http:\/\/www.joaorock.com.br\">www.joaorock.com.br<\/a>) ou nos pontos f\u00edsicos em Ribeir\u00e3o Preto, nas lojas Ophicina do Shopping Iguatemi, Novo Shopping, Shopping Santa \u00darsula e Ribeir\u00e3oShopping.<\/p>\n<p>O per\u00edodo de vendas promocionais vai at\u00e9 o dia 4 de mar\u00e7o, \u00e0s 23h59, ou at\u00e9 esgotar o lote. A plataforma oficial \u00e9 a BYINTI. Os organizadores alertam que n\u00e3o se responsabilizam por ingressos comprados fora dos canais oficiais do Festival Jo\u00e3o Rock.<\/p>\n<p>Foto: Divulga\u00e7\u00e3o<\/p>\n<\/div>\n<footer class=\"penci-entry-footer\"\/><\/div>\n<p><script async src=\"\/\/platform.twitter.com\/widgets.js\" charset=\"utf-8\"><\/script><br \/>\n<br \/><br \/>\n<br \/><a href=\"https:\/\/www.tribunaribeirao.com.br\/site\/festival-joao-rock-alerta-para-ingressos-falsos\/\">Source link <\/a><\/p>\n<!-- CONTENT END 1 -->\n","protected":false},"excerpt":{"rendered":"<p>27 de fevereiro de 2024 | 14:02 0 Come\u00e7ou nesta ter\u00e7a-feira, 27 de fevereiro, a pr\u00e9-venda de ingressos para um dos principais festivais de m\u00fasica&#8230;<\/p>\n","protected":false},"author":1,"featured_media":39661,"comment_status":"open","ping_status":"open","sticky":false,"template":"","format":"standard","meta":{"advanced_seo_description":"","jetpack_seo_html_title":"","jetpack_seo_noindex":false,"jetpack_post_was_ever_published":false,"_jetpack_newsletter_access":"","_jetpack_dont_email_post_to_subs":false,"_jetpack_newsletter_tier_id":0,"_jetpack_memberships_contains_paywalled_content":false,"_jetpack_memberships_contains_paid_content":false,"footnotes":"","jetpack_publicize_message":"","jetpack_publicize_feature_enabled":true,"jetpack_social_post_already_shared":true,"jetpack_social_options":{"image_generator_settings":{"template":"highway","default_image_id":0,"font":"","enabled":false},"version":2}},"categories":[11],"tags":[163,2177,141,370,1942,71,1603],"class_list":["post-39660","post","type-post","status-publish","format-standard","has-post-thumbnail","hentry","category-noticias-de-ribeirao-preto-sp-e-regiao-ismael-colosi","tag-alerta","tag-falsos","tag-festival","tag-ingressos","tag-joao","tag-para","tag-rock"],"jetpack_publicize_connections":[],"jetpack_featured_media_url":"https:\/\/i0.wp.com\/noticiasribeiraopreto.com.br\/wp-content\/uploads\/2024\/02\/JoaRock-Divulgacao-scaled.jpg?fit=1000%2C634&ssl=1","jetpack-related-posts":[{"id":39741,"url":"https:\/\/noticiasribeiraopreto.com.br\/index.php\/2024\/02\/27\/ingressos-para-camarote-e-pista-premium-do-joao-rock-estao-esgotados-veja-quando-e-o-proximo-lote\/","url_meta":{"origin":39660,"position":0},"title":"Ingressos para camarote e pista premium do Jo\u00e3o Rock est\u00e3o esgotados; Veja quando \u00e9 o pr\u00f3ximo lote","author":"noticiasribeiraopreto.com.br","date":"27 de February de 2024","format":false,"excerpt":"A pr\u00e9-venda dos ingressos do Festival Jo\u00e3o Rock, que acontece em Ribeir\u00e3o Preto, no dia 8 de junho, segue apenas com o setor pista dispon\u00edvel para venda. A compra foi aberta \u00e0s 12h desta ter\u00e7a-feira (27), no site oficial do evento (clique aqui), e os convites antecipados e com descontos\u2026","rel":"","context":"In &quot;Not\u00edcias de Ribeir\u00e3o Preto-SP e Regi\u00e3o&quot;","block_context":{"text":"Not\u00edcias de Ribeir\u00e3o Preto-SP e Regi\u00e3o","link":"https:\/\/noticiasribeiraopreto.com.br\/index.php\/category\/noticias-de-ribeirao-preto-sp-e-regiao-ismael-colosi\/"},"img":{"alt_text":"","src":"https:\/\/i0.wp.com\/noticiasribeiraopreto.com.br\/wp-content\/uploads\/2024\/02\/1709083337_joao-rock-scaled.jpg?fit=1200%2C675&ssl=1&resize=350%2C200","width":350,"height":200,"srcset":"https:\/\/i0.wp.com\/noticiasribeiraopreto.com.br\/wp-content\/uploads\/2024\/02\/1709083337_joao-rock-scaled.jpg?fit=1200%2C675&ssl=1&resize=350%2C200 1x, https:\/\/i0.wp.com\/noticiasribeiraopreto.com.br\/wp-content\/uploads\/2024\/02\/1709083337_joao-rock-scaled.jpg?fit=1200%2C675&ssl=1&resize=525%2C300 1.5x, https:\/\/i0.wp.com\/noticiasribeiraopreto.com.br\/wp-content\/uploads\/2024\/02\/1709083337_joao-rock-scaled.jpg?fit=1200%2C675&ssl=1&resize=700%2C400 2x, https:\/\/i0.wp.com\/noticiasribeiraopreto.com.br\/wp-content\/uploads\/2024\/02\/1709083337_joao-rock-scaled.jpg?fit=1200%2C675&ssl=1&resize=1050%2C600 3x"},"classes":[]},{"id":40253,"url":"https:\/\/noticiasribeiraopreto.com.br\/index.php\/2024\/03\/01\/esgotados-ingressos-da-pre-venda-do-festival-joao-rock\/","url_meta":{"origin":39660,"position":1},"title":"Esgotados ingressos da pr\u00e9-venda do Festival Jo\u00e3o Rock","author":"noticiasribeiraopreto.com.br","date":"1 de March de 2024","format":false,"excerpt":"Os ingressos do lote promocional do Festival Jo\u00e3o Rock, que come\u00e7aram a ser vendidos na \u00faltima ter\u00e7a-feira (27), est\u00e3o esgotados. As vendas do primeiro lote do 21\u00ba Festival Jo\u00e3o Rock, que acontece no Parque Permanente de Exposi\u00e7\u00f5es, no dia 8 de junho come\u00e7am na ter\u00e7a-feira (5), quando tamb\u00e9m ser\u00e1 anunciado\u2026","rel":"","context":"In &quot;Not\u00edcias de Ribeir\u00e3o Preto-SP e Regi\u00e3o&quot;","block_context":{"text":"Not\u00edcias de Ribeir\u00e3o Preto-SP e Regi\u00e3o","link":"https:\/\/noticiasribeiraopreto.com.br\/index.php\/category\/noticias-de-ribeirao-preto-sp-e-regiao-ismael-colosi\/"},"img":{"alt_text":"","src":"https:\/\/i0.wp.com\/noticiasribeiraopreto.com.br\/wp-content\/uploads\/2024\/03\/3.jpg?fit=1200%2C675&ssl=1&resize=350%2C200","width":350,"height":200,"srcset":"https:\/\/i0.wp.com\/noticiasribeiraopreto.com.br\/wp-content\/uploads\/2024\/03\/3.jpg?fit=1200%2C675&ssl=1&resize=350%2C200 1x, https:\/\/i0.wp.com\/noticiasribeiraopreto.com.br\/wp-content\/uploads\/2024\/03\/3.jpg?fit=1200%2C675&ssl=1&resize=525%2C300 1.5x, https:\/\/i0.wp.com\/noticiasribeiraopreto.com.br\/wp-content\/uploads\/2024\/03\/3.jpg?fit=1200%2C675&ssl=1&resize=700%2C400 2x, https:\/\/i0.wp.com\/noticiasribeiraopreto.com.br\/wp-content\/uploads\/2024\/03\/3.jpg?fit=1200%2C675&ssl=1&resize=1050%2C600 3x"},"classes":[]},{"id":39654,"url":"https:\/\/noticiasribeiraopreto.com.br\/index.php\/2024\/02\/27\/comeca-pre-venda-de-ingressos-do-joao-rock-em-ribeirao-preto-2\/","url_meta":{"origin":39660,"position":2},"title":"Come\u00e7a pr\u00e9-venda de ingressos do Jo\u00e3o Rock em Ribeir\u00e3o Preto","author":"noticiasribeiraopreto.com.br","date":"27 de February de 2024","format":false,"excerpt":"Come\u00e7a nesta ter\u00e7a-feira (27), a partir das 12h, a pr\u00e9-venda de ingressos do Festival Jo\u00e3o Rock, que acontece dia 8 de junho, no Parque Permanente de Exposi\u00e7\u00f5es de Ribeir\u00e3o Preto. O per\u00edodo promocional vai at\u00e9 dia 4 de mar\u00e7o, \u00e0s 23h59, ou at\u00e9 esgotar o lote. Em 2023, os ingressos\u2026","rel":"","context":"In &quot;Not\u00edcias de Ribeir\u00e3o Preto-SP e Regi\u00e3o&quot;","block_context":{"text":"Not\u00edcias de Ribeir\u00e3o Preto-SP e Regi\u00e3o","link":"https:\/\/noticiasribeiraopreto.com.br\/index.php\/category\/noticias-de-ribeirao-preto-sp-e-regiao-ismael-colosi\/"},"img":{"alt_text":"","src":"https:\/\/i0.wp.com\/noticiasribeiraopreto.com.br\/wp-content\/uploads\/2024\/02\/1709051693_joao_rock_1200x675_12052022153444.jpg?fit=1200%2C675&ssl=1&resize=350%2C200","width":350,"height":200,"srcset":"https:\/\/i0.wp.com\/noticiasribeiraopreto.com.br\/wp-content\/uploads\/2024\/02\/1709051693_joao_rock_1200x675_12052022153444.jpg?fit=1200%2C675&ssl=1&resize=350%2C200 1x, https:\/\/i0.wp.com\/noticiasribeiraopreto.com.br\/wp-content\/uploads\/2024\/02\/1709051693_joao_rock_1200x675_12052022153444.jpg?fit=1200%2C675&ssl=1&resize=525%2C300 1.5x, https:\/\/i0.wp.com\/noticiasribeiraopreto.com.br\/wp-content\/uploads\/2024\/02\/1709051693_joao_rock_1200x675_12052022153444.jpg?fit=1200%2C675&ssl=1&resize=700%2C400 2x, https:\/\/i0.wp.com\/noticiasribeiraopreto.com.br\/wp-content\/uploads\/2024\/02\/1709051693_joao_rock_1200x675_12052022153444.jpg?fit=1200%2C675&ssl=1&resize=1050%2C600 3x"},"classes":[]},{"id":39017,"url":"https:\/\/noticiasribeiraopreto.com.br\/index.php\/2024\/02\/22\/joao-rock-inicia-pre-venda-de-ingressos-no-dia-27-de-fevereiro\/","url_meta":{"origin":39660,"position":3},"title":"Jo\u00e3o Rock inicia pr\u00e9-venda de ingressos no dia 27 de fevereiro","author":"noticiasribeiraopreto.com.br","date":"22 de February de 2024","format":false,"excerpt":"22 de fevereiro de 2024 | 18:43 0Come\u00e7a na pr\u00f3xima ter\u00e7a-feira, dia 27, \u00e0s 12h, a pr\u00e9-venda de ingressos para um dos principais festivais de m\u00fasica do pa\u00eds, o Jo\u00e3o Rock. A 21\u00aa edi\u00e7\u00e3o do evento acontece no dia 08 de junho, no Parque Permanente de Exposi\u00e7\u00f5es em Ribeir\u00e3o Preto\/SP.O\u2026","rel":"","context":"In &quot;Not\u00edcias de Ribeir\u00e3o Preto-SP e Regi\u00e3o&quot;","block_context":{"text":"Not\u00edcias de Ribeir\u00e3o Preto-SP e Regi\u00e3o","link":"https:\/\/noticiasribeiraopreto.com.br\/index.php\/category\/noticias-de-ribeirao-preto-sp-e-regiao-ismael-colosi\/"},"img":{"alt_text":"","src":"https:\/\/i0.wp.com\/noticiasribeiraopreto.com.br\/wp-content\/uploads\/2024\/02\/1708639331_3-11.jpg?fit=800%2C511&ssl=1&resize=350%2C200","width":350,"height":200,"srcset":"https:\/\/i0.wp.com\/noticiasribeiraopreto.com.br\/wp-content\/uploads\/2024\/02\/1708639331_3-11.jpg?fit=800%2C511&ssl=1&resize=350%2C200 1x, https:\/\/i0.wp.com\/noticiasribeiraopreto.com.br\/wp-content\/uploads\/2024\/02\/1708639331_3-11.jpg?fit=800%2C511&ssl=1&resize=525%2C300 1.5x, https:\/\/i0.wp.com\/noticiasribeiraopreto.com.br\/wp-content\/uploads\/2024\/02\/1708639331_3-11.jpg?fit=800%2C511&ssl=1&resize=700%2C400 2x"},"classes":[]},{"id":83714,"url":"https:\/\/noticiasribeiraopreto.com.br\/index.php\/2026\/03\/24\/joao-rock-anuncia-line-up-e-lanca-lote-de-ingressos\/","url_meta":{"origin":39660,"position":4},"title":"Jo\u00e3o Rock anuncia line-up e lan\u00e7a lote de ingressos","author":"noticiasribeiraopreto.com.br","date":"24 de March de 2026","format":false,"excerpt":"O Festival Jo\u00e3o Rock anunciou o line-up para da 23\u00aa edi\u00e7\u00e3o, que acontece no dia 1\u00ba de agosto, no Parque Permanente de Exposi\u00e7\u00f5es de Ribeir\u00e3o Preto, e deve receber cerca de 55 mil pessoas em um \u00fanico dia, com 27 shows distribu\u00eddos em cinco palcos. BaianaSystem, Alceu Valen\u00e7a, Ana Carolina,\u2026","rel":"","context":"In &quot;Not\u00edcias de Ribeir\u00e3o Preto-SP e Regi\u00e3o&quot;","block_context":{"text":"Not\u00edcias de Ribeir\u00e3o Preto-SP e Regi\u00e3o","link":"https:\/\/noticiasribeiraopreto.com.br\/index.php\/category\/noticias-de-ribeirao-preto-sp-e-regiao-ismael-colosi\/"},"img":{"alt_text":"","src":"https:\/\/i0.wp.com\/noticiasribeiraopreto.com.br\/wp-content\/uploads\/2026\/03\/WhatsApp-Image-2026-03-24-at-11.39.04-scaled.jpeg?fit=1173%2C780&ssl=1&resize=350%2C200","width":350,"height":200,"srcset":"https:\/\/i0.wp.com\/noticiasribeiraopreto.com.br\/wp-content\/uploads\/2026\/03\/WhatsApp-Image-2026-03-24-at-11.39.04-scaled.jpeg?fit=1173%2C780&ssl=1&resize=350%2C200 1x, https:\/\/i0.wp.com\/noticiasribeiraopreto.com.br\/wp-content\/uploads\/2026\/03\/WhatsApp-Image-2026-03-24-at-11.39.04-scaled.jpeg?fit=1173%2C780&ssl=1&resize=525%2C300 1.5x, https:\/\/i0.wp.com\/noticiasribeiraopreto.com.br\/wp-content\/uploads\/2026\/03\/WhatsApp-Image-2026-03-24-at-11.39.04-scaled.jpeg?fit=1173%2C780&ssl=1&resize=700%2C400 2x, https:\/\/i0.wp.com\/noticiasribeiraopreto.com.br\/wp-content\/uploads\/2026\/03\/WhatsApp-Image-2026-03-24-at-11.39.04-scaled.jpeg?fit=1173%2C780&ssl=1&resize=1050%2C600 3x"},"classes":[]},{"id":39584,"url":"https:\/\/noticiasribeiraopreto.com.br\/index.php\/2024\/02\/27\/joao-rock-abre-pre-venda-de-ingressos-2\/","url_meta":{"origin":39660,"position":5},"title":"Jo\u00e3o Rock abre pr\u00e9-venda de ingressos","author":"noticiasribeiraopreto.com.br","date":"27 de February de 2024","format":false,"excerpt":"Come\u00e7a nesta ter\u00e7a-feira, 27 de fevereiro, a partir do meio-dia|, a pr\u00e9-venda de ingressos para um dos principais festivais de m\u00fasica do pa\u00eds, o Jo\u00e3o Rock. A 21\u00aa edi\u00e7\u00e3o do evento acontece em 8 de junho, no Parque Permanente de Exposi\u00e7\u00f5es de Ribeir\u00e3o Preto.O lote disponibilizado para a pr\u00e9-venda, que\u2026","rel":"","context":"In &quot;Not\u00edcias de Ribeir\u00e3o Preto-SP e Regi\u00e3o&quot;","block_context":{"text":"Not\u00edcias de Ribeir\u00e3o Preto-SP e Regi\u00e3o","link":"https:\/\/noticiasribeiraopreto.com.br\/index.php\/category\/noticias-de-ribeirao-preto-sp-e-regiao-ismael-colosi\/"},"img":{"alt_text":"","src":"https:\/\/i0.wp.com\/noticiasribeiraopreto.com.br\/wp-content\/uploads\/2024\/02\/JoaoRock-Pul-Divulgacao-scaled.jpg?fit=1000%2C634&ssl=1&resize=350%2C200","width":350,"height":200,"srcset":"https:\/\/i0.wp.com\/noticiasribeiraopreto.com.br\/wp-content\/uploads\/2024\/02\/JoaoRock-Pul-Divulgacao-scaled.jpg?fit=1000%2C634&ssl=1&resize=350%2C200 1x, https:\/\/i0.wp.com\/noticiasribeiraopreto.com.br\/wp-content\/uploads\/2024\/02\/JoaoRock-Pul-Divulgacao-scaled.jpg?fit=1000%2C634&ssl=1&resize=525%2C300 1.5x, https:\/\/i0.wp.com\/noticiasribeiraopreto.com.br\/wp-content\/uploads\/2024\/02\/JoaoRock-Pul-Divulgacao-scaled.jpg?fit=1000%2C634&ssl=1&resize=700%2C400 2x"},"classes":[]}],"jetpack_sharing_enabled":true,"jetpack_shortlink":"https:\/\/wp.me\/peQAOb-ajG","_links":{"self":[{"href":"https:\/\/noticiasribeiraopreto.com.br\/index.php\/wp-json\/wp\/v2\/posts\/39660","targetHints":{"allow":["GET"]}}],"collection":[{"href":"https:\/\/noticiasribeiraopreto.com.br\/index.php\/wp-json\/wp\/v2\/posts"}],"about":[{"href":"https:\/\/noticiasribeiraopreto.com.br\/index.php\/wp-json\/wp\/v2\/types\/post"}],"author":[{"embeddable":true,"href":"https:\/\/noticiasribeiraopreto.com.br\/index.php\/wp-json\/wp\/v2\/users\/1"}],"replies":[{"embeddable":true,"href":"https:\/\/noticiasribeiraopreto.com.br\/index.php\/wp-json\/wp\/v2\/comments?post=39660"}],"version-history":[{"count":0,"href":"https:\/\/noticiasribeiraopreto.com.br\/index.php\/wp-json\/wp\/v2\/posts\/39660\/revisions"}],"wp:featuredmedia":[{"embeddable":true,"href":"https:\/\/noticiasribeiraopreto.com.br\/index.php\/wp-json\/wp\/v2\/media\/39661"}],"wp:attachment":[{"href":"https:\/\/noticiasribeiraopreto.com.br\/index.php\/wp-json\/wp\/v2\/media?parent=39660"}],"wp:term":[{"taxonomy":"category","embeddable":true,"href":"https:\/\/noticiasribeiraopreto.com.br\/index.php\/wp-json\/wp\/v2\/categories?post=39660"},{"taxonomy":"post_tag","embeddable":true,"href":"https:\/\/noticiasribeiraopreto.com.br\/index.php\/wp-json\/wp\/v2\/tags?post=39660"}],"curies":[{"name":"wp","href":"https:\/\/api.w.org\/{rel}","templated":true}]}}