{"id":39702,"date":"2024-02-27T17:57:50","date_gmt":"2024-02-27T20:57:50","guid":{"rendered":"https:\/\/noticiasribeiraopreto.com.br\/index.php\/2024\/02\/27\/alunos-da-regiao-de-ribeirao-preto-passam-por-seletiva-para-intercambio\/"},"modified":"2024-02-27T17:57:50","modified_gmt":"2024-02-27T20:57:50","slug":"alunos-da-regiao-de-ribeirao-preto-passam-por-seletiva-para-intercambio","status":"publish","type":"post","link":"https:\/\/noticiasribeiraopreto.com.br\/index.php\/2024\/02\/27\/alunos-da-regiao-de-ribeirao-preto-passam-por-seletiva-para-intercambio\/","title":{"rendered":"Alunos da regi\u00e3o de Ribeir\u00e3o Preto passam por seletiva para interc\u00e2mbio"},"content":{"rendered":" \r\n<br><div data-td-block-uid=\"tdi_102\">\n<div class=\"tdb-block-inner td-fix-index\">O programa<strong> \u201cProntos pro Mundo\u201d<\/strong> do <strong>Governo <\/strong>do <strong>Estado<\/strong> de <strong>S\u00e3o Paulo selecionou<\/strong> <strong>1.497\nalunos da regi\u00e3o de Ribeir\u00e3o Preto<\/strong> para participarem de <strong>aulas intensivas de ingl\u00eas<\/strong> como <strong>prepara\u00e7\u00e3o<\/strong> para <strong>disputarem <\/strong>uma <strong>vaga <\/strong>para fazer <strong>interc\u00e2mbio<\/strong> em <strong>2025<\/strong>.\n\n<!-- \/wp:paragraph --><!-- wp:paragraph -->\n\nDos<strong> 72 mil estudantes <\/strong>selecionados em <strong>todo estado<\/strong>, apenas<strong> 1.000 ser\u00e3o beneficiados<\/strong> com a viagem, bolsa-aux\u00edlio, passagens a\u00e9reas, hospedagens, translados e todos os outros custos para fora do pa\u00eds. O <strong>interc\u00e2mbio<\/strong> ter\u00e1 <strong>dura\u00e7\u00e3o<\/strong> de <strong>um semestre letivo<\/strong>.\n\n<!-- \/wp:paragraph --><!-- wp:paragraph -->\n\n<strong>Aulas on-line<\/strong>\n\n<!-- \/wp:paragraph --><!-- wp:paragraph -->\n<div class='code-block code-block-1' style='margin: 8px 0 8px auto; text-align: right; display: block; clear: both;'>\n<p><a href=\"https:\/\/wa.link\/vpicfd\"><img data-recalc-dims=\"1\" class=\"wp-image-4922\" style=\"aspect-ratio: 2.0253164556962027; width: 561px; height: auto;\" src=\"https:\/\/i0.wp.com\/ismaelcolosi.com.br\/wp-content\/uploads\/2023\/11\/grupo-de-empregos-whatsapp-e-facebook-ismael-colosi-vagas.jpg?ssl=1\" alt=\"\" \/><\/a><\/p>\n<!-- \/wp:image -->\n<\/div>\n<p style=\"text-align: left;\">As aulas de ingl\u00eas 100% on-line come\u00e7am no dia 11 de mar\u00e7o. As turmas ser\u00e3o\nde at\u00e9 20 estudantes e v\u00e3o acontecer no contraturno do hor\u00e1rio escolar di\u00e1rio.\nO acesso \u00e0s aulas pode ser pelo celular ou pelo computador da unidade escolar.<\/p>\n<!-- \/wp:paragraph -->\n\n<!-- wp:paragraph -->\n\nSAIBA MAIS\nRoberto Carlos confirma data de show na regi\u00e3o de Ribeir\u00e3o\n\n<!-- \/wp:paragraph -->\n\n<!-- wp:heading {\"level\":4} -->\n<h4 class=\"wp-block-heading\"><strong>FIQUE ON<\/strong><\/h4>\n<!-- \/wp:heading -->\n\n<!-- wp:paragraph -->\n\nFique ligado em tudo que acontece em Ribeir\u00e3o Preto e regi\u00e3o. Siga os perfis do\u00a0<strong>acidade on<\/strong>\u00a0no\u00a0<a href=\"https:\/\/www.instagram.com\/acidadeonribeirao\" target=\"_blank\" rel=\"noreferrer noopener\">Instagram\u00a0<\/a>e no<a href=\"https:\/\/www.facebook.com\/acidadeonribeirao\" target=\"_blank\" rel=\"noreferrer noopener\">\u00a0Facebook<\/a>.\n\n<!-- \/wp:paragraph -->\n\n<!-- wp:paragraph -->\n\nReceba not\u00edcias do\u00a0<strong>acidade on<\/strong>\u00a0no WhatsApp.\u00a0<a href=\"https:\/\/chat.whatsapp.com\/Bnv2w66ZT4VDyZW3oiZ69n\" target=\"_blank\" rel=\"noreferrer noopener\">Para entrar no grupo, basta clicar aqui.<\/a>\n\n<!-- \/wp:paragraph -->\n\n<!-- wp:paragraph -->\n\nFa\u00e7a uma den\u00fancia ou sugira uma reportagem sobre Ribeir\u00e3o Preto e regi\u00e3o pelo WhatsApp: 16 99117 7802.\n\n<!-- \/wp:paragraph -->\n\n<!-- wp:paragraph -->\n\nVEJA TAMB\u00c9M\nThiaguinho faz homenagem para Rodriguinho em seu anivers\u00e1rio\n\n<!-- \/wp:paragraph -->\n\n<!-- wp:paragraph -->\n\n<!-- \/wp:paragraph --><!-- AI CONTENT END 1 -->\n<\/div><\/div><script async src=\"\/\/www.instagram.com\/embed.js\"><\/script>\r\n<br>\r\n<br><a href=\"https:\/\/www.acidadeon.com\/ribeiraopreto\/cotidiano\/alunos-da-regiao-de-ribeirao-preto-passam-por-seletiva-para-intercambio\/\">Source link <\/a><!-- CONTENT END 1 -->\n","protected":false},"excerpt":{"rendered":"<p>O programa \u201cProntos pro Mundo\u201d do Governo do Estado de S\u00e3o Paulo selecionou 1.497 alunos da regi\u00e3o de Ribeir\u00e3o Preto para participarem de aulas intensivas&#8230;<\/p>\n","protected":false},"author":1,"featured_media":39703,"comment_status":"open","ping_status":"open","sticky":false,"template":"","format":"standard","meta":{"advanced_seo_description":"","jetpack_seo_html_title":"","jetpack_seo_noindex":false,"jetpack_post_was_ever_published":false,"_jetpack_newsletter_access":"","_jetpack_dont_email_post_to_subs":false,"_jetpack_newsletter_tier_id":0,"_jetpack_memberships_contains_paywalled_content":false,"_jetpack_memberships_contains_paid_content":false,"footnotes":"","jetpack_publicize_message":"","jetpack_publicize_feature_enabled":true,"jetpack_social_post_already_shared":true,"jetpack_social_options":{"image_generator_settings":{"template":"highway","default_image_id":0,"font":"","enabled":false},"version":2}},"categories":[11],"tags":[],"class_list":["post-39702","post","type-post","status-publish","format-standard","has-post-thumbnail","hentry","category-noticias-de-ribeirao-preto-sp-e-regiao-ismael-colosi"],"jetpack_publicize_connections":[],"jetpack_featured_media_url":"https:\/\/i0.wp.com\/noticiasribeiraopreto.com.br\/wp-content\/uploads\/2024\/02\/Copia-de-Copia-de-TAMANHO-EXATO-PARA-FOTOS-NO-SISTEMA-NOVO-17-1.jpg?fit=1200%2C675&ssl=1","jetpack-related-posts":[{"id":62339,"url":"https:\/\/noticiasribeiraopreto.com.br\/index.php\/2025\/01\/10\/estudantes-de-ribeirao-e-regiao-participam-de-intercambio-gratuito-no-reino-unido\/","url_meta":{"origin":39702,"position":0},"title":"Estudantes de Ribeir\u00e3o e regi\u00e3o participam de interc\u00e2mbio gratuito no Reino Unido","author":"noticiasribeiraopreto.com.br","date":"10 de January de 2025","format":false,"excerpt":"Embarcaram para o Reino Unido nesta quinta-feira (9), os primeiros 38 estudantes, sendo seis da regi\u00e3o de Ribeir\u00e3o Preto e dois de Franca, que conquistaram a oportunidade de um interc\u00e2mbio gratuito promovido pelo Governo do Estado. No total, 23 alunos do ensino m\u00e9dio de escolas estaduais das regi\u00f5es de Ribeir\u00e3o\u2026","rel":"","context":"In &quot;Not\u00edcias de Ribeir\u00e3o Preto-SP e Regi\u00e3o&quot;","block_context":{"text":"Not\u00edcias de Ribeir\u00e3o Preto-SP e Regi\u00e3o","link":"https:\/\/noticiasribeiraopreto.com.br\/index.php\/category\/noticias-de-ribeirao-preto-sp-e-regiao-ismael-colosi\/"},"img":{"alt_text":"","src":"https:\/\/i0.wp.com\/noticiasribeiraopreto.com.br\/wp-content\/uploads\/2025\/01\/Copia-de-Copia-de-Copia-de-TAMANHO-EXATO-PARA-FOTOS-NO-SISTEMA-NOVO-2025-01-10T171001.292_2025-01-10_20-18-14_png_2025-01-10_20-18-14.webp.webp?fit=1200%2C675&ssl=1&resize=350%2C200","width":350,"height":200,"srcset":"https:\/\/i0.wp.com\/noticiasribeiraopreto.com.br\/wp-content\/uploads\/2025\/01\/Copia-de-Copia-de-Copia-de-TAMANHO-EXATO-PARA-FOTOS-NO-SISTEMA-NOVO-2025-01-10T171001.292_2025-01-10_20-18-14_png_2025-01-10_20-18-14.webp.webp?fit=1200%2C675&ssl=1&resize=350%2C200 1x, https:\/\/i0.wp.com\/noticiasribeiraopreto.com.br\/wp-content\/uploads\/2025\/01\/Copia-de-Copia-de-Copia-de-TAMANHO-EXATO-PARA-FOTOS-NO-SISTEMA-NOVO-2025-01-10T171001.292_2025-01-10_20-18-14_png_2025-01-10_20-18-14.webp.webp?fit=1200%2C675&ssl=1&resize=525%2C300 1.5x, https:\/\/i0.wp.com\/noticiasribeiraopreto.com.br\/wp-content\/uploads\/2025\/01\/Copia-de-Copia-de-Copia-de-TAMANHO-EXATO-PARA-FOTOS-NO-SISTEMA-NOVO-2025-01-10T171001.292_2025-01-10_20-18-14_png_2025-01-10_20-18-14.webp.webp?fit=1200%2C675&ssl=1&resize=700%2C400 2x, https:\/\/i0.wp.com\/noticiasribeiraopreto.com.br\/wp-content\/uploads\/2025\/01\/Copia-de-Copia-de-Copia-de-TAMANHO-EXATO-PARA-FOTOS-NO-SISTEMA-NOVO-2025-01-10T171001.292_2025-01-10_20-18-14_png_2025-01-10_20-18-14.webp.webp?fit=1200%2C675&ssl=1&resize=1050%2C600 3x"},"classes":[]},{"id":11134,"url":"https:\/\/noticiasribeiraopreto.com.br\/index.php\/2023\/12\/05\/governo-de-sp-lanca-bolsas-para-intercambio-nos-eua\/","url_meta":{"origin":39702,"position":1},"title":"Governo de SP lan\u00e7a bolsas para interc\u00e2mbio nos EUA","author":"noticiasribeiraopreto.com.br","date":"5 de December de 2023","format":false,"excerpt":"O governo de S\u00e3o Paulo lan\u00e7ou programa para conceder mil bolsas de interc\u00e2mbio gratuitas para estudantes do ensino m\u00e9dio. S\u00e3o bolsas para col\u00e9gios em cinco pa\u00edses: Estados Unidos, Canad\u00e1, Nova Zel\u00e2ndia, Austr\u00e1lia e Inglaterra. A experi\u00eancia ter\u00e1 dura\u00e7\u00e3o de um semestre. Cr\u00e9ditos: Stadtratte\/iStockGoverno de SP lan\u00e7a programa de interc\u00e2mbio no\u2026","rel":"","context":"In &quot;Variedades&quot;","block_context":{"text":"Variedades","link":"https:\/\/noticiasribeiraopreto.com.br\/index.php\/category\/variedades\/"},"img":{"alt_text":"","src":"https:\/\/i0.wp.com\/noticiasribeiraopreto.com.br\/wp-content\/uploads\/2023\/12\/aprender-ingles.jpg?fit=1200%2C638&ssl=1&resize=350%2C200","width":350,"height":200,"srcset":"https:\/\/i0.wp.com\/noticiasribeiraopreto.com.br\/wp-content\/uploads\/2023\/12\/aprender-ingles.jpg?fit=1200%2C638&ssl=1&resize=350%2C200 1x, https:\/\/i0.wp.com\/noticiasribeiraopreto.com.br\/wp-content\/uploads\/2023\/12\/aprender-ingles.jpg?fit=1200%2C638&ssl=1&resize=525%2C300 1.5x, https:\/\/i0.wp.com\/noticiasribeiraopreto.com.br\/wp-content\/uploads\/2023\/12\/aprender-ingles.jpg?fit=1200%2C638&ssl=1&resize=700%2C400 2x, https:\/\/i0.wp.com\/noticiasribeiraopreto.com.br\/wp-content\/uploads\/2023\/12\/aprender-ingles.jpg?fit=1200%2C638&ssl=1&resize=1050%2C600 3x"},"classes":[]},{"id":58398,"url":"https:\/\/noticiasribeiraopreto.com.br\/index.php\/2024\/09\/26\/estudantes-de-escola-publica-de-ribeirao-participam-de-intercambio-no-exterior\/","url_meta":{"origin":39702,"position":2},"title":"Estudantes de escola p\u00fablica de Ribeir\u00e3o participam de interc\u00e2mbio no exterior","author":"noticiasribeiraopreto.com.br","date":"26 de September de 2024","format":false,"excerpt":"O programa in\u00e9dito de interc\u00e2mbio do Governo do Estado de S\u00e3o Paulo, levar\u00e1 estudantes da rede estadual para Austr\u00e1lia, Canad\u00e1, Nova Zel\u00e2ndia e Reino Unido na primeira turma do Prontos pro Mundo. Na regi\u00e3o de Ribeir\u00e3o Preto, s\u00e3o 16 estudantes selecionados. O interc\u00e2mbio ter\u00e1 dura\u00e7\u00e3o de tr\u00eas meses, ser\u00e1 100%\u2026","rel":"","context":"In &quot;Not\u00edcias de Ribeir\u00e3o Preto-SP e Regi\u00e3o&quot;","block_context":{"text":"Not\u00edcias de Ribeir\u00e3o Preto-SP e Regi\u00e3o","link":"https:\/\/noticiasribeiraopreto.com.br\/index.php\/category\/noticias-de-ribeirao-preto-sp-e-regiao-ismael-colosi\/"},"img":{"alt_text":"","src":"https:\/\/i0.wp.com\/noticiasribeiraopreto.com.br\/wp-content\/uploads\/2024\/09\/Copia-de-Copia-de-Copia-de-TAMANHO-EXATO-PARA-FOTOS-NO-SISTEMA-NOVO-46_2024-09-26_14-52-20_png_2024-09-26_14-52-20.webp.webp?fit=1200%2C675&ssl=1&resize=350%2C200","width":350,"height":200,"srcset":"https:\/\/i0.wp.com\/noticiasribeiraopreto.com.br\/wp-content\/uploads\/2024\/09\/Copia-de-Copia-de-Copia-de-TAMANHO-EXATO-PARA-FOTOS-NO-SISTEMA-NOVO-46_2024-09-26_14-52-20_png_2024-09-26_14-52-20.webp.webp?fit=1200%2C675&ssl=1&resize=350%2C200 1x, https:\/\/i0.wp.com\/noticiasribeiraopreto.com.br\/wp-content\/uploads\/2024\/09\/Copia-de-Copia-de-Copia-de-TAMANHO-EXATO-PARA-FOTOS-NO-SISTEMA-NOVO-46_2024-09-26_14-52-20_png_2024-09-26_14-52-20.webp.webp?fit=1200%2C675&ssl=1&resize=525%2C300 1.5x, https:\/\/i0.wp.com\/noticiasribeiraopreto.com.br\/wp-content\/uploads\/2024\/09\/Copia-de-Copia-de-Copia-de-TAMANHO-EXATO-PARA-FOTOS-NO-SISTEMA-NOVO-46_2024-09-26_14-52-20_png_2024-09-26_14-52-20.webp.webp?fit=1200%2C675&ssl=1&resize=700%2C400 2x, https:\/\/i0.wp.com\/noticiasribeiraopreto.com.br\/wp-content\/uploads\/2024\/09\/Copia-de-Copia-de-Copia-de-TAMANHO-EXATO-PARA-FOTOS-NO-SISTEMA-NOVO-46_2024-09-26_14-52-20_png_2024-09-26_14-52-20.webp.webp?fit=1200%2C675&ssl=1&resize=1050%2C600 3x"},"classes":[]},{"id":11716,"url":"https:\/\/noticiasribeiraopreto.com.br\/index.php\/2023\/12\/06\/ong-oferece-cursos-gratuitos-de-ingles-e-bolsas-de-intercambio\/","url_meta":{"origin":39702,"position":3},"title":"ONG oferece cursos gratuitos de ingl\u00eas e bolsas de interc\u00e2mbio","author":"noticiasribeiraopreto.com.br","date":"6 de December de 2023","format":false,"excerpt":"A ONG Soul Bil\u00edngue est\u00e1 inscri\u00e7\u00f5es abertas no programa de cursos gratuitos de ingl\u00eas e bolsas de interc\u00e2mbio para as turmas do primeiro semestre de 2024. S\u00e3o oferecidas 330 vagas para jovens moradores do Norte, Nordeste e Sudeste do Brasil, com idade de 18 a 26 anos, renda per capita\u2026","rel":"","context":"In &quot;Variedades&quot;","block_context":{"text":"Variedades","link":"https:\/\/noticiasribeiraopreto.com.br\/index.php\/category\/variedades\/"},"img":{"alt_text":"","src":"https:\/\/i0.wp.com\/noticiasribeiraopreto.com.br\/wp-content\/uploads\/2023\/12\/londres.jpg?fit=1200%2C638&ssl=1&resize=350%2C200","width":350,"height":200,"srcset":"https:\/\/i0.wp.com\/noticiasribeiraopreto.com.br\/wp-content\/uploads\/2023\/12\/londres.jpg?fit=1200%2C638&ssl=1&resize=350%2C200 1x, https:\/\/i0.wp.com\/noticiasribeiraopreto.com.br\/wp-content\/uploads\/2023\/12\/londres.jpg?fit=1200%2C638&ssl=1&resize=525%2C300 1.5x, https:\/\/i0.wp.com\/noticiasribeiraopreto.com.br\/wp-content\/uploads\/2023\/12\/londres.jpg?fit=1200%2C638&ssl=1&resize=700%2C400 2x, https:\/\/i0.wp.com\/noticiasribeiraopreto.com.br\/wp-content\/uploads\/2023\/12\/londres.jpg?fit=1200%2C638&ssl=1&resize=1050%2C600 3x"},"classes":[]},{"id":37098,"url":"https:\/\/noticiasribeiraopreto.com.br\/index.php\/2024\/02\/14\/alunos-da-rede-estadual-voltam-as-aulas-nesta-quinta-feira-em-ribeirao-preto\/","url_meta":{"origin":39702,"position":4},"title":"Alunos da rede estadual voltam \u00e0s aulas nesta quinta-feira em Ribeir\u00e3o Preto","author":"noticiasribeiraopreto.com.br","date":"14 de February de 2024","format":false,"excerpt":"Os 45 mil alunos, das 75 escolas da rede estadual de ensino em Ribeir\u00e3o Preto devem voltar \u00e0s aulas nesta quinta-feira (15). Segundo a Secretaria da Educa\u00e7\u00e3o do Estado de S\u00e3o Paulo, entre as novidades para este ano letivo \u00e9 que os alunos dos anos finais do ensino fundamental e\u2026","rel":"","context":"In &quot;Not\u00edcias de Ribeir\u00e3o Preto-SP e Regi\u00e3o&quot;","block_context":{"text":"Not\u00edcias de Ribeir\u00e3o Preto-SP e Regi\u00e3o","link":"https:\/\/noticiasribeiraopreto.com.br\/index.php\/category\/noticias-de-ribeirao-preto-sp-e-regiao-ismael-colosi\/"},"img":{"alt_text":"","src":"https:\/\/i0.wp.com\/noticiasribeiraopreto.com.br\/wp-content\/uploads\/2024\/02\/10402423935_f08010593c_o-scaled.jpg?fit=1200%2C825&ssl=1&resize=350%2C200","width":350,"height":200,"srcset":"https:\/\/i0.wp.com\/noticiasribeiraopreto.com.br\/wp-content\/uploads\/2024\/02\/10402423935_f08010593c_o-scaled.jpg?fit=1200%2C825&ssl=1&resize=350%2C200 1x, https:\/\/i0.wp.com\/noticiasribeiraopreto.com.br\/wp-content\/uploads\/2024\/02\/10402423935_f08010593c_o-scaled.jpg?fit=1200%2C825&ssl=1&resize=525%2C300 1.5x, https:\/\/i0.wp.com\/noticiasribeiraopreto.com.br\/wp-content\/uploads\/2024\/02\/10402423935_f08010593c_o-scaled.jpg?fit=1200%2C825&ssl=1&resize=700%2C400 2x, https:\/\/i0.wp.com\/noticiasribeiraopreto.com.br\/wp-content\/uploads\/2024\/02\/10402423935_f08010593c_o-scaled.jpg?fit=1200%2C825&ssl=1&resize=1050%2C600 3x"},"classes":[]},{"id":34308,"url":"https:\/\/noticiasribeiraopreto.com.br\/index.php\/2024\/02\/01\/veja-quando-voltam-as-aulas-na-rede-publica-em-ribeirao-preto\/","url_meta":{"origin":39702,"position":5},"title":"Veja quando voltam \u00e0s aulas na rede p\u00fablica em Ribeir\u00e3o Preto","author":"noticiasribeiraopreto.com.br","date":"1 de February de 2024","format":false,"excerpt":"A volta \u00e0s aulas da rede p\u00fablica de ensino de Ribeir\u00e3o Preto come\u00e7a na pr\u00f3xima segunda-feira (5) para os alunos da rede municipal. Ao todo, 50 mil alunos das 140 escolas municipais voltar\u00e3o \u00e0s salas de aula. Para eles, os recessos escolares este ano ser\u00e3o no dia 17 de fevereiro,\u2026","rel":"","context":"In &quot;Not\u00edcias de Ribeir\u00e3o Preto-SP e Regi\u00e3o&quot;","block_context":{"text":"Not\u00edcias de Ribeir\u00e3o Preto-SP e Regi\u00e3o","link":"https:\/\/noticiasribeiraopreto.com.br\/index.php\/category\/noticias-de-ribeirao-preto-sp-e-regiao-ismael-colosi\/"},"img":{"alt_text":"","src":"https:\/\/i0.wp.com\/noticiasribeiraopreto.com.br\/wp-content\/uploads\/2024\/02\/2021_09_21_volta_as_aulas_presenciais_mousinho_-_foto_guilherme_sircili_43.jpg?fit=1200%2C800&ssl=1&resize=350%2C200","width":350,"height":200,"srcset":"https:\/\/i0.wp.com\/noticiasribeiraopreto.com.br\/wp-content\/uploads\/2024\/02\/2021_09_21_volta_as_aulas_presenciais_mousinho_-_foto_guilherme_sircili_43.jpg?fit=1200%2C800&ssl=1&resize=350%2C200 1x, https:\/\/i0.wp.com\/noticiasribeiraopreto.com.br\/wp-content\/uploads\/2024\/02\/2021_09_21_volta_as_aulas_presenciais_mousinho_-_foto_guilherme_sircili_43.jpg?fit=1200%2C800&ssl=1&resize=525%2C300 1.5x, https:\/\/i0.wp.com\/noticiasribeiraopreto.com.br\/wp-content\/uploads\/2024\/02\/2021_09_21_volta_as_aulas_presenciais_mousinho_-_foto_guilherme_sircili_43.jpg?fit=1200%2C800&ssl=1&resize=700%2C400 2x, https:\/\/i0.wp.com\/noticiasribeiraopreto.com.br\/wp-content\/uploads\/2024\/02\/2021_09_21_volta_as_aulas_presenciais_mousinho_-_foto_guilherme_sircili_43.jpg?fit=1200%2C800&ssl=1&resize=1050%2C600 3x"},"classes":[]}],"jetpack_sharing_enabled":true,"jetpack_shortlink":"https:\/\/wp.me\/peQAOb-akm","_links":{"self":[{"href":"https:\/\/noticiasribeiraopreto.com.br\/index.php\/wp-json\/wp\/v2\/posts\/39702","targetHints":{"allow":["GET"]}}],"collection":[{"href":"https:\/\/noticiasribeiraopreto.com.br\/index.php\/wp-json\/wp\/v2\/posts"}],"about":[{"href":"https:\/\/noticiasribeiraopreto.com.br\/index.php\/wp-json\/wp\/v2\/types\/post"}],"author":[{"embeddable":true,"href":"https:\/\/noticiasribeiraopreto.com.br\/index.php\/wp-json\/wp\/v2\/users\/1"}],"replies":[{"embeddable":true,"href":"https:\/\/noticiasribeiraopreto.com.br\/index.php\/wp-json\/wp\/v2\/comments?post=39702"}],"version-history":[{"count":0,"href":"https:\/\/noticiasribeiraopreto.com.br\/index.php\/wp-json\/wp\/v2\/posts\/39702\/revisions"}],"wp:featuredmedia":[{"embeddable":true,"href":"https:\/\/noticiasribeiraopreto.com.br\/index.php\/wp-json\/wp\/v2\/media\/39703"}],"wp:attachment":[{"href":"https:\/\/noticiasribeiraopreto.com.br\/index.php\/wp-json\/wp\/v2\/media?parent=39702"}],"wp:term":[{"taxonomy":"category","embeddable":true,"href":"https:\/\/noticiasribeiraopreto.com.br\/index.php\/wp-json\/wp\/v2\/categories?post=39702"},{"taxonomy":"post_tag","embeddable":true,"href":"https:\/\/noticiasribeiraopreto.com.br\/index.php\/wp-json\/wp\/v2\/tags?post=39702"}],"curies":[{"name":"wp","href":"https:\/\/api.w.org\/{rel}","templated":true}]}}