{"id":39706,"date":"2024-02-27T18:13:57","date_gmt":"2024-02-27T21:13:57","guid":{"rendered":"https:\/\/noticiasribeiraopreto.com.br\/index.php\/2024\/02\/27\/marginal-da-anhanguera-proximo-ao-jardim-ouro-branco-sera-interditada-nesta-quarta\/"},"modified":"2024-02-27T18:13:57","modified_gmt":"2024-02-27T21:13:57","slug":"marginal-da-anhanguera-proximo-ao-jardim-ouro-branco-sera-interditada-nesta-quarta","status":"publish","type":"post","link":"https:\/\/noticiasribeiraopreto.com.br\/index.php\/2024\/02\/27\/marginal-da-anhanguera-proximo-ao-jardim-ouro-branco-sera-interditada-nesta-quarta\/","title":{"rendered":"Marginal da Anhanguera pr\u00f3ximo ao Jardim Ouro Branco ser\u00e1 interditada nesta quarta"},"content":{"rendered":"<div class='code-block code-block-1' style='margin: 8px 0 8px auto; text-align: right; display: block; clear: both;'>\n<p><a href=\"https:\/\/wa.link\/vpicfd\"><img data-recalc-dims=\"1\" class=\"wp-image-4922\" style=\"aspect-ratio: 2.0253164556962027; width: 561px; height: auto;\" src=\"https:\/\/i0.wp.com\/ismaelcolosi.com.br\/wp-content\/uploads\/2023\/11\/grupo-de-empregos-whatsapp-e-facebook-ismael-colosi-vagas.jpg?ssl=1\" alt=\"\" \/><\/a><\/p>\n<!-- \/wp:image -->\n<\/div>\n<p> <br \/>\n<\/p>\n<div id=\"post-375057\">\n<header class=\"entry-header penci-entry-header penci-title-center\">\n<p> <span class=\"entry-meta-item penci-posted-on\"><i class=\"fa fa-clock-o\"\/><time class=\"entry-date published\" datetime=\"2024-02-27T18:00:59-03:00\">27 de fevereiro de 2024 | 18:00<\/time><time class=\"updated\" datetime=\"2024-02-26T16:41:10-03:00\">26 de fevereiro de 2024 | 16:41<\/time><\/span><\/p>\n<p> <span class=\"penci-social-buttons penci-social-share-footer\"><a href=\"#\" class=\"penci-post-like penci_post-meta_item  single-like-button penci-social-item like\" data-post_id=\"375057\" title=\"Like\" data-like=\"Like\" data-unlike=\"Unlike\"><i class=\"fa fa-thumbs-o-up\"\/><span class=\"penci-share-number\">0<\/span><\/a><i class=\"fa fa-facebook\"\/><a class=\"penci-social-item twitter\" target=\"_blank\" rel=\"noopener\" title=\"\" href=\"https:\/\/twitter.com\/intent\/tweet?text=Marginal%20da%20Anhanguera%20pr\u00f3ximo%20ao%20Jardim%20Ouro%20Branco%20ser\u00e1%20interditada%20nesta%20quarta%20-%20https:\/\/www.tribunaribeirao.com.br\/site\/marginal-da-anhanguera-proximo-ao-jardim-ouro-branco-sera-interditada-nesta-quarta\/\"><i class=\"fa fa-twitter\"\/><\/a><i class=\"fa fa-whatsapp\"\/><\/span><\/header>\n<div class=\"penci-entry-content entry-content\">\n<p data-block-key=\"phkmg\">A Arteris ViaPaulista far\u00e1 a interdi\u00e7\u00e3o da marginal norte da Rodovia Anhanguera (SP-330) no sentido capital-interior, entre o km 312+794 e 313+449, a partir desta quarta-feira (28) at\u00e9 3 de mar\u00e7o. O trecho est\u00e1 localizado pr\u00f3ximo ao bairro Jardim Ouro Branco, zona Leste de Ribeir\u00e3o Preto. A previs\u00e3o \u00e9 que o bloqueio ocorra somente no per\u00edodo diurno, das 8h \u00e0s 16h30.<\/p>\n<p data-block-key=\"3v8m5\">A interdi\u00e7\u00e3o ser\u00e1 realizada para a viabiliza\u00e7\u00e3o de uma obra de implanta\u00e7\u00e3o de adutora de \u00e1gua, servi\u00e7o que que ser\u00e1 executado pela Secretaria de \u00c1gua e Esgoto de Ribeir\u00e3o Preto (Saerp).<\/p>\n<p data-block-key=\"2hils\">A entrada e sa\u00edda para o bairro dever\u00e3o ser realizadas pela Rua Prof. Aylton Ricoy de Oliveira. J\u00e1 a Rua Professor Ant\u00f4nio Palocci, que d\u00e1 acesso ao bairro pela marginal, ser\u00e1 uma das rotas de desvio.<\/p>\n<p data-block-key=\"a3hvp\">A RP Mobi, empresa que gerencia o tr\u00e2nsito e o transporte urbano no munic\u00edpio, ser\u00e1 respons\u00e1vel por implantar a sinaliza\u00e7\u00e3o com indica\u00e7\u00e3o do fluxo para o bairro.<\/p>\n<p data-block-key=\"693n\">Eventualmente, a programa\u00e7\u00e3o poder\u00e1 ser alterada de acordo com as condi\u00e7\u00f5es clim\u00e1ticas e de tr\u00e1fego, que ser\u00e1 monitorado com o apoio da equipe da concession\u00e1ria e por meio do Centro de Controle Operacional (CCO).<\/p>\n<p data-block-key=\"eak7e\"><b>Desvio<\/b><\/p>\n<p data-block-key=\"9lu8m\">Os servi\u00e7os de bloqueio s\u00e3o feitos em um curto trecho da marginal da Anhanguera, e haver\u00e1 sinaliza\u00e7\u00e3o indicando o desvio para a rodovia no km 312+900. O dispositivo de retorno localizado no km 313+700 n\u00e3o estar\u00e1 interditado, o que permitir\u00e1 atenuar os efeitos do bloqueio ap\u00f3s o t\u00e9rmino das obras.<\/p>\n<p data-block-key=\"aa2i9\">Em caso de d\u00favidas, usu\u00e1rios podem entrar em contato com a concession\u00e1ria pelo 0800 001 1255.<\/p>\n<\/div>\n<footer class=\"penci-entry-footer\"\/><\/div>\n<p><script async src=\"\/\/platform.twitter.com\/widgets.js\" charset=\"utf-8\"><\/script><br \/>\n<br \/><br \/>\n<br \/><a href=\"https:\/\/www.tribunaribeirao.com.br\/site\/marginal-da-anhanguera-proximo-ao-jardim-ouro-branco-sera-interditada-nesta-quarta\/\">Source link <\/a><\/p>\n<!-- CONTENT END 1 -->\n","protected":false},"excerpt":{"rendered":"<p>27 de fevereiro de 2024 | 18:0026 de fevereiro de 2024 | 16:41 0 A Arteris ViaPaulista far\u00e1 a interdi\u00e7\u00e3o da marginal norte da Rodovia&#8230;<\/p>\n","protected":false},"author":1,"featured_media":39707,"comment_status":"open","ping_status":"open","sticky":false,"template":"","format":"standard","meta":{"advanced_seo_description":"","jetpack_seo_html_title":"","jetpack_seo_noindex":false,"jetpack_post_was_ever_published":false,"_jetpack_newsletter_access":"","_jetpack_dont_email_post_to_subs":false,"_jetpack_newsletter_tier_id":0,"_jetpack_memberships_contains_paywalled_content":false,"_jetpack_memberships_contains_paid_content":false,"footnotes":"","jetpack_publicize_message":"","jetpack_publicize_feature_enabled":true,"jetpack_social_post_already_shared":true,"jetpack_social_options":{"image_generator_settings":{"template":"highway","default_image_id":0,"font":"","enabled":false},"version":2}},"categories":[11],"tags":[1433,1446,3871,971,4579,207,1445,814,1549,172],"class_list":["post-39706","post","type-post","status-publish","format-standard","has-post-thumbnail","hentry","category-noticias-de-ribeirao-preto-sp-e-regiao-ismael-colosi","tag-anhanguera","tag-branco","tag-interditada","tag-jardim","tag-marginal","tag-nesta","tag-ouro","tag-proximo","tag-quarta","tag-sera"],"jetpack_publicize_connections":[],"jetpack_featured_media_url":"https:\/\/i0.wp.com\/noticiasribeiraopreto.com.br\/wp-content\/uploads\/2024\/02\/desvio_anhanguera__26.02_h8v2cfl.original.jpg?fit=493%2C489&ssl=1","jetpack-related-posts":[{"id":39545,"url":"https:\/\/noticiasribeiraopreto.com.br\/index.php\/2024\/02\/26\/marginal-da-anhanguera-em-ribeirao-preto-e-interditada-para-obra-da-saerp\/","url_meta":{"origin":39706,"position":0},"title":"Marginal da Anhanguera em Ribeir\u00e3o Preto \u00e9 interditada para obra da Saerp","author":"noticiasribeiraopreto.com.br","date":"26 de February de 2024","format":false,"excerpt":"Um trecho da rodovia Anhanguera (SP-330) pr\u00f3ximo ao bairro Jardim Ouro Branco, na zona Leste de Ribeir\u00e3o Preto, ser\u00e1 interditado a partir desta quarta-feira (28) at\u00e9 domingo (3), para uma obra de implanta\u00e7\u00e3o de adutora de \u00e1gua, que ser\u00e1 realizada pela Saerp (Secretaria de \u00c1gua e Esgoto de Ribeir\u00e3o Preto).\u2026","rel":"","context":"In &quot;Not\u00edcias de Ribeir\u00e3o Preto-SP e Regi\u00e3o&quot;","block_context":{"text":"Not\u00edcias de Ribeir\u00e3o Preto-SP e Regi\u00e3o","link":"https:\/\/noticiasribeiraopreto.com.br\/index.php\/category\/noticias-de-ribeirao-preto-sp-e-regiao-ismael-colosi\/"},"img":{"alt_text":"","src":"https:\/\/i0.wp.com\/noticiasribeiraopreto.com.br\/wp-content\/uploads\/2024\/02\/3-17.jpg?fit=1200%2C675&ssl=1&resize=350%2C200","width":350,"height":200,"srcset":"https:\/\/i0.wp.com\/noticiasribeiraopreto.com.br\/wp-content\/uploads\/2024\/02\/3-17.jpg?fit=1200%2C675&ssl=1&resize=350%2C200 1x, https:\/\/i0.wp.com\/noticiasribeiraopreto.com.br\/wp-content\/uploads\/2024\/02\/3-17.jpg?fit=1200%2C675&ssl=1&resize=525%2C300 1.5x, https:\/\/i0.wp.com\/noticiasribeiraopreto.com.br\/wp-content\/uploads\/2024\/02\/3-17.jpg?fit=1200%2C675&ssl=1&resize=700%2C400 2x, https:\/\/i0.wp.com\/noticiasribeiraopreto.com.br\/wp-content\/uploads\/2024\/02\/3-17.jpg?fit=1200%2C675&ssl=1&resize=1050%2C600 3x"},"classes":[]},{"id":10586,"url":"https:\/\/noticiasribeiraopreto.com.br\/index.php\/2023\/12\/04\/jardim-ouro-branco-e-residencial-candido-portinari-podem-sofrer-com-falta-dagua\/","url_meta":{"origin":39706,"position":1},"title":"Jardim Ouro Branco e Residencial C\u00e2ndido Portinari podem sofrer com falta d\u00b4\u00e1gua","author":"noticiasribeiraopreto.com.br","date":"4 de December de 2023","format":false,"excerpt":"4 de dezembro de 2023 | 18:004 de dezembro de 2023 | 18:01 0A Saerp informa que est\u00e1 realizando hoje, 4, a substitui\u00e7\u00e3o emergencial da bomba do po\u00e7o Ouro Branco, a qual apresentou falhas eletromec\u00e2nicas, podendo ocasionar intermit\u00eancias nos bairros Jardim Ouro Branco e Residencial C\u00e2ndido Portinari.A previs\u00e3o de conclus\u00e3o\u2026","rel":"","context":"In &quot;Not\u00edcias de Ribeir\u00e3o Preto-SP e Regi\u00e3o&quot;","block_context":{"text":"Not\u00edcias de Ribeir\u00e3o Preto-SP e Regi\u00e3o","link":"https:\/\/noticiasribeiraopreto.com.br\/index.php\/category\/noticias-de-ribeirao-preto-sp-e-regiao-ismael-colosi\/"},"img":{"alt_text":"","src":"https:\/\/i0.wp.com\/noticiasribeiraopreto.com.br\/wp-content\/uploads\/2023\/12\/torneira_de_agua-scaled.jpg?fit=1000%2C598&ssl=1&resize=350%2C200","width":350,"height":200,"srcset":"https:\/\/i0.wp.com\/noticiasribeiraopreto.com.br\/wp-content\/uploads\/2023\/12\/torneira_de_agua-scaled.jpg?fit=1000%2C598&ssl=1&resize=350%2C200 1x, https:\/\/i0.wp.com\/noticiasribeiraopreto.com.br\/wp-content\/uploads\/2023\/12\/torneira_de_agua-scaled.jpg?fit=1000%2C598&ssl=1&resize=525%2C300 1.5x, https:\/\/i0.wp.com\/noticiasribeiraopreto.com.br\/wp-content\/uploads\/2023\/12\/torneira_de_agua-scaled.jpg?fit=1000%2C598&ssl=1&resize=700%2C400 2x"},"classes":[]},{"id":37534,"url":"https:\/\/noticiasribeiraopreto.com.br\/index.php\/2024\/02\/16\/alcas-de-acesso-da-rodovia-anhanguera-em-rp-serao-interditadas\/","url_meta":{"origin":39706,"position":2},"title":"Al\u00e7as de acesso da Rodovia Anhanguera em RP ser\u00e3o interditadas neste s\u00e1bado","author":"noticiasribeiraopreto.com.br","date":"16 de February de 2024","format":false,"excerpt":"16 de fevereiro de 2024 | 17:3016 de fevereiro de 2024 | 17:33 0A Arteris ViaPaulista far\u00e1 a interdi\u00e7\u00e3o de duas al\u00e7as de acesso da Rodovia Anhanguera (SP-330), no per\u00edmetro urbano em Ribeir\u00e3o Preto, para a realiza\u00e7\u00e3o de servi\u00e7os de recupera\u00e7\u00e3o de pavimento na parte superior do viaduto localizado no\u2026","rel":"","context":"In &quot;Not\u00edcias de Ribeir\u00e3o Preto-SP e Regi\u00e3o&quot;","block_context":{"text":"Not\u00edcias de Ribeir\u00e3o Preto-SP e Regi\u00e3o","link":"https:\/\/noticiasribeiraopreto.com.br\/index.php\/category\/noticias-de-ribeirao-preto-sp-e-regiao-ismael-colosi\/"},"img":{"alt_text":"","src":"https:\/\/i0.wp.com\/noticiasribeiraopreto.com.br\/wp-content\/uploads\/2024\/02\/WhatsApp-Image-2024-02-16-at-12.23.44.jpeg?fit=663%2C403&ssl=1&resize=350%2C200","width":350,"height":200,"srcset":"https:\/\/i0.wp.com\/noticiasribeiraopreto.com.br\/wp-content\/uploads\/2024\/02\/WhatsApp-Image-2024-02-16-at-12.23.44.jpeg?fit=663%2C403&ssl=1&resize=350%2C200 1x, https:\/\/i0.wp.com\/noticiasribeiraopreto.com.br\/wp-content\/uploads\/2024\/02\/WhatsApp-Image-2024-02-16-at-12.23.44.jpeg?fit=663%2C403&ssl=1&resize=525%2C300 1.5x"},"classes":[]},{"id":34195,"url":"https:\/\/noticiasribeiraopreto.com.br\/index.php\/2024\/02\/01\/trecho-da-meira-junior-sera-interditada-nesta-quinta\/","url_meta":{"origin":39706,"position":3},"title":"Trecho da Meira J\u00fanior ser\u00e1 interditada nesta quinta","author":"noticiasribeiraopreto.com.br","date":"1 de February de 2024","format":false,"excerpt":"1 de fevereiro de 2024 | 8:3031 de janeiro de 2024 | 18:13 0A pista Centro\/Bairro da trincheira do complexo vi\u00e1rio Doutor Manoel Ferreira Le\u00e3o Netto, localizada no cruzamento das avenidas Meira Junior, Treze de Maio e Capit\u00e3o Salom\u00e3o, ser\u00e1 totalmente interditada na manh\u00e3 desta quinta-feira, dia 1\u00ba de fevereiro.\u2026","rel":"","context":"In &quot;Not\u00edcias de Ribeir\u00e3o Preto-SP e Regi\u00e3o&quot;","block_context":{"text":"Not\u00edcias de Ribeir\u00e3o Preto-SP e Regi\u00e3o","link":"https:\/\/noticiasribeiraopreto.com.br\/index.php\/category\/noticias-de-ribeirao-preto-sp-e-regiao-ismael-colosi\/"},"img":{"alt_text":"","src":"https:\/\/i0.wp.com\/noticiasribeiraopreto.com.br\/wp-content\/uploads\/2024\/02\/interdicao_trincheira_meira_junior_2-scaled.jpg?fit=1000%2C563&ssl=1&resize=350%2C200","width":350,"height":200,"srcset":"https:\/\/i0.wp.com\/noticiasribeiraopreto.com.br\/wp-content\/uploads\/2024\/02\/interdicao_trincheira_meira_junior_2-scaled.jpg?fit=1000%2C563&ssl=1&resize=350%2C200 1x, https:\/\/i0.wp.com\/noticiasribeiraopreto.com.br\/wp-content\/uploads\/2024\/02\/interdicao_trincheira_meira_junior_2-scaled.jpg?fit=1000%2C563&ssl=1&resize=525%2C300 1.5x, https:\/\/i0.wp.com\/noticiasribeiraopreto.com.br\/wp-content\/uploads\/2024\/02\/interdicao_trincheira_meira_junior_2-scaled.jpg?fit=1000%2C563&ssl=1&resize=700%2C400 2x"},"classes":[]},{"id":76669,"url":"https:\/\/noticiasribeiraopreto.com.br\/index.php\/2025\/09\/03\/acidente-de-transito-deixa-rodovia-anhanguera-parcialmente-interditada\/","url_meta":{"origin":39706,"position":4},"title":"Acidente de tr\u00e2nsito deixa rodovia Anhanguera parcialmente interditada","author":"noticiasribeiraopreto.com.br","date":"3 de September de 2025","format":false,"excerpt":"Um acidente de tr\u00e2nsito provocou a interdi\u00e7\u00e3o de parte da rodovia Anhanguera (SP-330), pr\u00f3ximo ao km 351, em Sales Oliveira, regi\u00e3o de Ribeir\u00e3o Preto, na manh\u00e3 desta quarta-feira (3). De acordo com as informa\u00e7\u00f5es do CCI (Centro de Controle de Informa\u00e7\u00f5es) da Artesp, uma carreta seguia no sentido sul da\u2026","rel":"","context":"In &quot;Not\u00edcias de Ribeir\u00e3o Preto-SP e Regi\u00e3o&quot;","block_context":{"text":"Not\u00edcias de Ribeir\u00e3o Preto-SP e Regi\u00e3o","link":"https:\/\/noticiasribeiraopreto.com.br\/index.php\/category\/noticias-de-ribeirao-preto-sp-e-regiao-ismael-colosi\/"},"img":{"alt_text":"","src":"https:\/\/i0.wp.com\/noticiasribeiraopreto.com.br\/wp-content\/uploads\/2025\/09\/download-31_2025-09-03_11-07-05.webp.webp?fit=801%2C454&ssl=1&resize=350%2C200","width":350,"height":200,"srcset":"https:\/\/i0.wp.com\/noticiasribeiraopreto.com.br\/wp-content\/uploads\/2025\/09\/download-31_2025-09-03_11-07-05.webp.webp?fit=801%2C454&ssl=1&resize=350%2C200 1x, https:\/\/i0.wp.com\/noticiasribeiraopreto.com.br\/wp-content\/uploads\/2025\/09\/download-31_2025-09-03_11-07-05.webp.webp?fit=801%2C454&ssl=1&resize=525%2C300 1.5x, https:\/\/i0.wp.com\/noticiasribeiraopreto.com.br\/wp-content\/uploads\/2025\/09\/download-31_2025-09-03_11-07-05.webp.webp?fit=801%2C454&ssl=1&resize=700%2C400 2x"},"classes":[]},{"id":40990,"url":"https:\/\/noticiasribeiraopreto.com.br\/index.php\/2024\/03\/06\/tres-bairros-podem-ficar-sem-agua-nesta-quarta-feira-em-ribeirao-preto-veja-os-locais\/","url_meta":{"origin":39706,"position":5},"title":"Tr\u00eas bairros podem ficar sem \u00e1gua nesta quarta-feira em Ribeir\u00e3o Preto; Veja os locais","author":"noticiasribeiraopreto.com.br","date":"6 de March de 2024","format":false,"excerpt":"A Saerp (Secretaria de \u00c1gua e Esgoto de Ribeir\u00e3o Preto) informou nesta\u00a0quarta-feira (6)\u00a0um\u00a0alerta\u00a0para\u00a0poss\u00edvel falta d\u2019\u00e1gua em tr\u00eas bairros e regi\u00f5es pr\u00f3ximas da zona Leste de Ribeir\u00e3o Preto. De acordo com a secretaria, est\u00e1 sendo realizada a substitui\u00e7\u00e3o de uma bomba do po\u00e7o Flamboyans, com o objetivo de\u00a0aperfei\u00e7oar a distribui\u00e7\u00e3o de\u2026","rel":"","context":"In &quot;Not\u00edcias de Ribeir\u00e3o Preto-SP e Regi\u00e3o&quot;","block_context":{"text":"Not\u00edcias de Ribeir\u00e3o Preto-SP e Regi\u00e3o","link":"https:\/\/noticiasribeiraopreto.com.br\/index.php\/category\/noticias-de-ribeirao-preto-sp-e-regiao-ismael-colosi\/"},"img":{"alt_text":"","src":"https:\/\/i0.wp.com\/noticiasribeiraopreto.com.br\/wp-content\/uploads\/2024\/03\/water-tap-7055543_1280-2.jpg?fit=1200%2C884&ssl=1&resize=350%2C200","width":350,"height":200,"srcset":"https:\/\/i0.wp.com\/noticiasribeiraopreto.com.br\/wp-content\/uploads\/2024\/03\/water-tap-7055543_1280-2.jpg?fit=1200%2C884&ssl=1&resize=350%2C200 1x, https:\/\/i0.wp.com\/noticiasribeiraopreto.com.br\/wp-content\/uploads\/2024\/03\/water-tap-7055543_1280-2.jpg?fit=1200%2C884&ssl=1&resize=525%2C300 1.5x, https:\/\/i0.wp.com\/noticiasribeiraopreto.com.br\/wp-content\/uploads\/2024\/03\/water-tap-7055543_1280-2.jpg?fit=1200%2C884&ssl=1&resize=700%2C400 2x, https:\/\/i0.wp.com\/noticiasribeiraopreto.com.br\/wp-content\/uploads\/2024\/03\/water-tap-7055543_1280-2.jpg?fit=1200%2C884&ssl=1&resize=1050%2C600 3x"},"classes":[]}],"jetpack_sharing_enabled":true,"jetpack_shortlink":"https:\/\/wp.me\/peQAOb-akq","_links":{"self":[{"href":"https:\/\/noticiasribeiraopreto.com.br\/index.php\/wp-json\/wp\/v2\/posts\/39706","targetHints":{"allow":["GET"]}}],"collection":[{"href":"https:\/\/noticiasribeiraopreto.com.br\/index.php\/wp-json\/wp\/v2\/posts"}],"about":[{"href":"https:\/\/noticiasribeiraopreto.com.br\/index.php\/wp-json\/wp\/v2\/types\/post"}],"author":[{"embeddable":true,"href":"https:\/\/noticiasribeiraopreto.com.br\/index.php\/wp-json\/wp\/v2\/users\/1"}],"replies":[{"embeddable":true,"href":"https:\/\/noticiasribeiraopreto.com.br\/index.php\/wp-json\/wp\/v2\/comments?post=39706"}],"version-history":[{"count":0,"href":"https:\/\/noticiasribeiraopreto.com.br\/index.php\/wp-json\/wp\/v2\/posts\/39706\/revisions"}],"wp:featuredmedia":[{"embeddable":true,"href":"https:\/\/noticiasribeiraopreto.com.br\/index.php\/wp-json\/wp\/v2\/media\/39707"}],"wp:attachment":[{"href":"https:\/\/noticiasribeiraopreto.com.br\/index.php\/wp-json\/wp\/v2\/media?parent=39706"}],"wp:term":[{"taxonomy":"category","embeddable":true,"href":"https:\/\/noticiasribeiraopreto.com.br\/index.php\/wp-json\/wp\/v2\/categories?post=39706"},{"taxonomy":"post_tag","embeddable":true,"href":"https:\/\/noticiasribeiraopreto.com.br\/index.php\/wp-json\/wp\/v2\/tags?post=39706"}],"curies":[{"name":"wp","href":"https:\/\/api.w.org\/{rel}","templated":true}]}}