{"id":39716,"date":"2024-02-27T19:44:06","date_gmt":"2024-02-27T22:44:06","guid":{"rendered":"https:\/\/noticiasribeiraopreto.com.br\/index.php\/2024\/02\/27\/nova-diretoria-executiva-do-botafogo-e-empossada\/"},"modified":"2024-02-27T19:44:06","modified_gmt":"2024-02-27T22:44:06","slug":"nova-diretoria-executiva-do-botafogo-e-empossada","status":"publish","type":"post","link":"https:\/\/noticiasribeiraopreto.com.br\/index.php\/2024\/02\/27\/nova-diretoria-executiva-do-botafogo-e-empossada\/","title":{"rendered":"Nova Diretoria Executiva do Botafogo \u00e9 empossada"},"content":{"rendered":"<div class='code-block code-block-1' style='margin: 8px 0 8px auto; text-align: right; display: block; clear: both;'>\n<p><a href=\"https:\/\/wa.link\/vpicfd\"><img data-recalc-dims=\"1\" class=\"wp-image-4922\" style=\"aspect-ratio: 2.0253164556962027; width: 561px; height: auto;\" src=\"https:\/\/i0.wp.com\/ismaelcolosi.com.br\/wp-content\/uploads\/2023\/11\/grupo-de-empregos-whatsapp-e-facebook-ismael-colosi-vagas.jpg?ssl=1\" alt=\"\" \/><\/a><\/p>\n<!-- \/wp:image -->\n<\/div>\n<p> <br \/>\n<\/p>\n<div id=\"post-375206\">\n<header class=\"entry-header penci-entry-header penci-title-center\">\n<p> <span class=\"entry-meta-item penci-posted-on\"><i class=\"fa fa-clock-o\"\/><time class=\"entry-date published updated\" datetime=\"2024-02-27T19:18:26-03:00\">27 de fevereiro de 2024 | 19:18<\/time><\/span><\/p>\n<p> <span class=\"penci-social-buttons penci-social-share-footer\"><a href=\"#\" class=\"penci-post-like penci_post-meta_item  single-like-button penci-social-item like\" data-post_id=\"375206\" title=\"Like\" data-like=\"Like\" data-unlike=\"Unlike\"><i class=\"fa fa-thumbs-o-up\"\/><span class=\"penci-share-number\">0<\/span><\/a><i class=\"fa fa-facebook\"\/><a class=\"penci-social-item twitter\" target=\"_blank\" rel=\"noopener\" title=\"\" href=\"https:\/\/twitter.com\/intent\/tweet?text=Nova%20Diretoria%20Executiva%20do%20Botafogo%20\u00e9%20empossada%20-%20https:\/\/www.tribunaribeirao.com.br\/site\/nova-diretoria-executiva-do-botafogo-e-empossada\/\"><i class=\"fa fa-twitter\"\/><\/a><i class=\"fa fa-whatsapp\"\/><\/span><\/header>\n<div class=\"penci-entry-content entry-content\">\n<p>O presidente executivo do Botafogo FC, Eduardo Esteves, anunciou a nova diretoria executiva para o bi\u00eanio 2024\/2025 em reuni\u00e3o do Conselho Deliberativo realizada no Est\u00e1dio Santa Cruz.<\/p>\n<p>Al\u00e9m dele e de seu vice, Jos\u00e9 Hermenegildo De Martin, que foram aclamados em novembro de 2023, a diretoria contar\u00e1 com:<\/p>\n<ul>\n<li><strong>Diretor Jur\u00eddico<\/strong>, Eduardo Vavas<\/li>\n<li><strong>Diretor Financeiro<\/strong>, Vinicius Brino<\/li>\n<li><strong>Gerente de Rela\u00e7\u00f5es Institucionais<\/strong>, Rosalvo Barbosa<\/li>\n<li><strong>Gerente de Futebol<\/strong>, Erickson Avelar Martinho, o \u201cBirinha\u201d, que foi jogador do clube no in\u00edcio dos anos 2000<\/li>\n<li><strong>Gerente de Neg\u00f3cios Internacionais<\/strong>, Bruno Lodi<\/li>\n<\/ul>\n<p>\u201c\u00c9 sempre muito importante ter pessoas que querem trabalhar pelo clube e que sabem da sua import\u00e2ncia. \u00c9 mais uma prova que o BFC est\u00e1 mais vivo do que nunca, diferentemente do que algumas pessoas fazem quest\u00e3o de falar pela cidade. Talvez por pura falta de informa\u00e7\u00e3o\u201d, disse o presidente Eduardo Esteves.<\/p>\n<figure class=\"wp-block-image size-large\"\/>\n<p>Ele ainda revelou que os tr\u00eas principais objetivos dessa nova diretoria s\u00e3o a amplia\u00e7\u00e3o da escola de futebol, a realiza\u00e7\u00e3o de estudos sobre a situa\u00e7\u00e3o financeira da Botafogo SA e as grandes d\u00edvidas contra\u00eddas no passado que o clube vem buscando solu\u00e7\u00f5es.<\/p>\n<p>\u201cNo futebol, temos muita alegria em anunciar que o Birinha reativar\u00e1 o time Master e trabalhar\u00e1 diretamente com os atletas da escola de futebol. J\u00e1 a Ger\u00eancia de Neg\u00f3cios Internacionais nasce para colocarmos em pr\u00e1tica um antigo desejo de abrir uma unidade na Europa\u201d, explicou.<\/p>\n<p>Todos os nomes receberam parecer favor\u00e1vel do Conselho de \u00c9tica e foram aprovados por unanimidade pelos presentes na reuni\u00e3o.<\/p>\n<\/div>\n<footer class=\"penci-entry-footer\"\/><\/div>\n<p><script async src=\"\/\/platform.twitter.com\/widgets.js\" charset=\"utf-8\"><\/script><br \/>\n<br \/><br \/>\n<br \/><a href=\"https:\/\/www.tribunaribeirao.com.br\/site\/nova-diretoria-executiva-do-botafogo-e-empossada\/\">Source link <\/a><\/p>\n<!-- CONTENT END 1 -->\n","protected":false},"excerpt":{"rendered":"<p>27 de fevereiro de 2024 | 19:18 0 O presidente executivo do Botafogo FC, Eduardo Esteves, anunciou a nova diretoria executiva para o bi\u00eanio 2024\/2025&#8230;<\/p>\n","protected":false},"author":1,"featured_media":39717,"comment_status":"open","ping_status":"open","sticky":false,"template":"","format":"standard","meta":{"advanced_seo_description":"","jetpack_seo_html_title":"","jetpack_seo_noindex":false,"jetpack_post_was_ever_published":false,"_jetpack_newsletter_access":"","_jetpack_dont_email_post_to_subs":false,"_jetpack_newsletter_tier_id":0,"_jetpack_memberships_contains_paywalled_content":false,"_jetpack_memberships_contains_paid_content":false,"footnotes":"","jetpack_publicize_message":"","jetpack_publicize_feature_enabled":true,"jetpack_social_post_already_shared":true,"jetpack_social_options":{"image_generator_settings":{"template":"highway","default_image_id":0,"font":"","enabled":false},"version":2}},"categories":[11],"tags":[52,4580,4582,4581,422],"class_list":["post-39716","post","type-post","status-publish","format-standard","has-post-thumbnail","hentry","category-noticias-de-ribeirao-preto-sp-e-regiao-ismael-colosi","tag-botafogo","tag-diretoria","tag-empossada","tag-executiva","tag-nova"],"jetpack_publicize_connections":[],"jetpack_featured_media_url":"https:\/\/i0.wp.com\/noticiasribeiraopreto.com.br\/wp-content\/uploads\/2024\/02\/Presidente-do-Botafogo-Futebol-Clube-Eduardo-Esteves-1536x1155-1.png?fit=858%2C645&ssl=1","jetpack-related-posts":[{"id":84684,"url":"https:\/\/noticiasribeiraopreto.com.br\/index.php\/2026\/04\/14\/morre-paulinho-gandula-torcedor-simbolo-do-botafogo-aos-66-anos\/","url_meta":{"origin":39716,"position":0},"title":"Morre Paulinho Gandula, torcedor s\u00edmbolo do Botafogo, aos 66 anos","author":"noticiasribeiraopreto.com.br","date":"14 de April de 2026","format":false,"excerpt":"Ler o resumo da not\u00edcia Paulinho Gandula, torcedor s\u00edmbolo do Botafogo, morreu aos 66 anos em Ribeir\u00e3o Preto nesta ter\u00e7a-feira (14). Ele estava internado desde 4 de fevereiro ap\u00f3s ser diagnosticado com trombose na perna e faleceu por fal\u00eancia m\u00faltipla dos \u00f3rg\u00e3os. Paulinho trabalho por quase tr\u00eas d\u00e9cadas como gandula\u2026","rel":"","context":"In &quot;Not\u00edcias de Ribeir\u00e3o Preto-SP e Regi\u00e3o&quot;","block_context":{"text":"Not\u00edcias de Ribeir\u00e3o Preto-SP e Regi\u00e3o","link":"https:\/\/noticiasribeiraopreto.com.br\/index.php\/category\/noticias-de-ribeirao-preto-sp-e-regiao-ismael-colosi\/"},"img":{"alt_text":"","src":"https:\/\/i0.wp.com\/noticiasribeiraopreto.com.br\/wp-content\/uploads\/2026\/04\/paulinho-gandula_2026-04-14_12-51-25.webp.webp?fit=1200%2C674&ssl=1&resize=350%2C200","width":350,"height":200,"srcset":"https:\/\/i0.wp.com\/noticiasribeiraopreto.com.br\/wp-content\/uploads\/2026\/04\/paulinho-gandula_2026-04-14_12-51-25.webp.webp?fit=1200%2C674&ssl=1&resize=350%2C200 1x, https:\/\/i0.wp.com\/noticiasribeiraopreto.com.br\/wp-content\/uploads\/2026\/04\/paulinho-gandula_2026-04-14_12-51-25.webp.webp?fit=1200%2C674&ssl=1&resize=525%2C300 1.5x, https:\/\/i0.wp.com\/noticiasribeiraopreto.com.br\/wp-content\/uploads\/2026\/04\/paulinho-gandula_2026-04-14_12-51-25.webp.webp?fit=1200%2C674&ssl=1&resize=700%2C400 2x, https:\/\/i0.wp.com\/noticiasribeiraopreto.com.br\/wp-content\/uploads\/2026\/04\/paulinho-gandula_2026-04-14_12-51-25.webp.webp?fit=1200%2C674&ssl=1&resize=1050%2C600 3x"},"classes":[]},{"id":61068,"url":"https:\/\/noticiasribeiraopreto.com.br\/index.php\/2024\/12\/03\/botafogo-sp-atualiza-elenco-principal-com-saidas-e-planeja-novos-reforcos-para-2024\/","url_meta":{"origin":39716,"position":1},"title":"Botafogo-SP Atualiza Elenco Principal com Sa\u00eddas e Planeja Novos Refor\u00e7os para 2024","author":"noticiasribeiraopreto.com.br","date":"3 de December de 2024","format":false,"excerpt":"O Botafogo-SP iniciou um processo de reformula\u00e7\u00e3o no elenco principal, com sa\u00eddas de atletas que fizeram parte da campanha deste ano. A atualiza\u00e7\u00e3o foi divulgada no site oficial do clube, destacando as movimenta\u00e7\u00f5es iniciais do mercado da bola para a temporada 2024. Sa\u00eddas confirmadas Entre os jogadores que deixaram o\u2026","rel":"","context":"In &quot;Not\u00edcias de Ribeir\u00e3o Preto-SP e Regi\u00e3o&quot;","block_context":{"text":"Not\u00edcias de Ribeir\u00e3o Preto-SP e Regi\u00e3o","link":"https:\/\/noticiasribeiraopreto.com.br\/index.php\/category\/noticias-de-ribeirao-preto-sp-e-regiao-ismael-colosi\/"},"img":{"alt_text":"","src":"https:\/\/i0.wp.com\/noticiasribeiraopreto.com.br\/wp-content\/uploads\/2024\/12\/Botafogo-campeao.jpg?fit=1200%2C800&ssl=1&resize=350%2C200","width":350,"height":200,"srcset":"https:\/\/i0.wp.com\/noticiasribeiraopreto.com.br\/wp-content\/uploads\/2024\/12\/Botafogo-campeao.jpg?fit=1200%2C800&ssl=1&resize=350%2C200 1x, https:\/\/i0.wp.com\/noticiasribeiraopreto.com.br\/wp-content\/uploads\/2024\/12\/Botafogo-campeao.jpg?fit=1200%2C800&ssl=1&resize=525%2C300 1.5x, https:\/\/i0.wp.com\/noticiasribeiraopreto.com.br\/wp-content\/uploads\/2024\/12\/Botafogo-campeao.jpg?fit=1200%2C800&ssl=1&resize=700%2C400 2x, https:\/\/i0.wp.com\/noticiasribeiraopreto.com.br\/wp-content\/uploads\/2024\/12\/Botafogo-campeao.jpg?fit=1200%2C800&ssl=1&resize=1050%2C600 3x"},"classes":[]},{"id":73783,"url":"https:\/\/noticiasribeiraopreto.com.br\/index.php\/2025\/07\/09\/morre-jose-galli-neto-ex-jogador-e-treinador-do-botafogo-aos-74-anos\/","url_meta":{"origin":39716,"position":2},"title":"Morre Jos\u00e9 Galli Neto, ex-jogador e treinador do Botafogo, aos 74 anos","author":"noticiasribeiraopreto.com.br","date":"9 de July de 2025","format":false,"excerpt":"Jos\u00e9 Galli Neto, conhecido no meio do futebol como Galli, morreu nesta quarta-feira (9), aos 74 anos. Natural de Ribeir\u00e3o Preto, ele teve uma longa trajet\u00f3ria no futebol brasileiro como jogador, treinador e dirigente. Como lateral-direito, Galli defendeu clubes como Botafogo de Ribeir\u00e3o Preto, Corinthians, Portuguesa, XV de Ja\u00fa, Ponte\u2026","rel":"","context":"In &quot;Not\u00edcias de Ribeir\u00e3o Preto-SP e Regi\u00e3o&quot;","block_context":{"text":"Not\u00edcias de Ribeir\u00e3o Preto-SP e Regi\u00e3o","link":"https:\/\/noticiasribeiraopreto.com.br\/index.php\/category\/noticias-de-ribeirao-preto-sp-e-regiao-ismael-colosi\/"},"img":{"alt_text":"","src":"https:\/\/i0.wp.com\/noticiasribeiraopreto.com.br\/wp-content\/uploads\/2025\/07\/Copia-de-Copia-de-Copia-de-TAMANHO-EXATO-PARA-FOTOS-NO-SISTEMA-NOVO-2025-07-09T180020.768_2025-07-09_21-00-35.webp.webp?fit=1200%2C675&ssl=1&resize=350%2C200","width":350,"height":200,"srcset":"https:\/\/i0.wp.com\/noticiasribeiraopreto.com.br\/wp-content\/uploads\/2025\/07\/Copia-de-Copia-de-Copia-de-TAMANHO-EXATO-PARA-FOTOS-NO-SISTEMA-NOVO-2025-07-09T180020.768_2025-07-09_21-00-35.webp.webp?fit=1200%2C675&ssl=1&resize=350%2C200 1x, https:\/\/i0.wp.com\/noticiasribeiraopreto.com.br\/wp-content\/uploads\/2025\/07\/Copia-de-Copia-de-Copia-de-TAMANHO-EXATO-PARA-FOTOS-NO-SISTEMA-NOVO-2025-07-09T180020.768_2025-07-09_21-00-35.webp.webp?fit=1200%2C675&ssl=1&resize=525%2C300 1.5x, https:\/\/i0.wp.com\/noticiasribeiraopreto.com.br\/wp-content\/uploads\/2025\/07\/Copia-de-Copia-de-Copia-de-TAMANHO-EXATO-PARA-FOTOS-NO-SISTEMA-NOVO-2025-07-09T180020.768_2025-07-09_21-00-35.webp.webp?fit=1200%2C675&ssl=1&resize=700%2C400 2x, https:\/\/i0.wp.com\/noticiasribeiraopreto.com.br\/wp-content\/uploads\/2025\/07\/Copia-de-Copia-de-Copia-de-TAMANHO-EXATO-PARA-FOTOS-NO-SISTEMA-NOVO-2025-07-09T180020.768_2025-07-09_21-00-35.webp.webp?fit=1200%2C675&ssl=1&resize=1050%2C600 3x"},"classes":[]},{"id":84521,"url":"https:\/\/noticiasribeiraopreto.com.br\/index.php\/2026\/04\/10\/presidente-do-comercial-renuncia-ao-mandato-saiba-quem-assume\/","url_meta":{"origin":39716,"position":3},"title":"Presidente do Comercial renuncia ao mandato; saiba quem assume","author":"noticiasribeiraopreto.com.br","date":"10 de April de 2026","format":false,"excerpt":"Ler o resumo da not\u00edcia Ant\u00f4nio Carlos Campanelli Fernandes renunciou ao cargo de presidente da Diretoria Executiva do Comercial Futebol Clube nesta sexta-feira (10). O vice-presidente Wesley Rios assumir\u00c3\u00a1 o comando interinamente at\u00c3\u00a9 agosto, quando ocorrer\u00c3\u00a3o novas elei\u00c3\u00a7\u00c3\u00b5es no clube. Em nota oficial, o Comercial agradeceu os servi\u00c3\u00a7os prestados por\u2026","rel":"","context":"In &quot;Not\u00edcias de Ribeir\u00e3o Preto-SP e Regi\u00e3o&quot;","block_context":{"text":"Not\u00edcias de Ribeir\u00e3o Preto-SP e Regi\u00e3o","link":"https:\/\/noticiasribeiraopreto.com.br\/index.php\/category\/noticias-de-ribeirao-preto-sp-e-regiao-ismael-colosi\/"},"img":{"alt_text":"","src":"https:\/\/i0.wp.com\/noticiasribeiraopreto.com.br\/wp-content\/uploads\/2026\/04\/image_2026-04-10_20-54-51.webp.webp?fit=984%2C553&ssl=1&resize=350%2C200","width":350,"height":200,"srcset":"https:\/\/i0.wp.com\/noticiasribeiraopreto.com.br\/wp-content\/uploads\/2026\/04\/image_2026-04-10_20-54-51.webp.webp?fit=984%2C553&ssl=1&resize=350%2C200 1x, https:\/\/i0.wp.com\/noticiasribeiraopreto.com.br\/wp-content\/uploads\/2026\/04\/image_2026-04-10_20-54-51.webp.webp?fit=984%2C553&ssl=1&resize=525%2C300 1.5x, https:\/\/i0.wp.com\/noticiasribeiraopreto.com.br\/wp-content\/uploads\/2026\/04\/image_2026-04-10_20-54-51.webp.webp?fit=984%2C553&ssl=1&resize=700%2C400 2x"},"classes":[]},{"id":77615,"url":"https:\/\/noticiasribeiraopreto.com.br\/index.php\/2025\/09\/22\/morre-neneca-goleiro-campeao-brasileiro-da-serie-d-pelo-botafogo\/","url_meta":{"origin":39716,"position":4},"title":"Morre Neneca, goleiro campe\u00e3o Brasileiro da S\u00e9rie D pelo Botafogo","author":"noticiasribeiraopreto.com.br","date":"22 de September de 2025","format":false,"excerpt":"O ex-goleiro Neneca, campe\u00e3o Brasileiro da S\u00e9rie D pelo Botafogo em 2015 morreu nesta segunda-feira (22), aos 45 anos. Anderson Soares da Silva trabalhava atualmente como gerente de futebol do Uni\u00e3o Esporte Clube, do Mato Grosso. A morte de Neneca foi confirmada pelo presidente do Uni\u00e3o, Paulo Barrionuevo J\u00fanior, ao\u2026","rel":"","context":"In &quot;Not\u00edcias de Ribeir\u00e3o Preto-SP e Regi\u00e3o&quot;","block_context":{"text":"Not\u00edcias de Ribeir\u00e3o Preto-SP e Regi\u00e3o","link":"https:\/\/noticiasribeiraopreto.com.br\/index.php\/category\/noticias-de-ribeirao-preto-sp-e-regiao-ismael-colosi\/"},"img":{"alt_text":"","src":"https:\/\/i0.wp.com\/noticiasribeiraopreto.com.br\/wp-content\/uploads\/2025\/09\/neneca-botafogo_2025-09-22_19-56-54.webp.webp?fit=984%2C655&ssl=1&resize=350%2C200","width":350,"height":200,"srcset":"https:\/\/i0.wp.com\/noticiasribeiraopreto.com.br\/wp-content\/uploads\/2025\/09\/neneca-botafogo_2025-09-22_19-56-54.webp.webp?fit=984%2C655&ssl=1&resize=350%2C200 1x, https:\/\/i0.wp.com\/noticiasribeiraopreto.com.br\/wp-content\/uploads\/2025\/09\/neneca-botafogo_2025-09-22_19-56-54.webp.webp?fit=984%2C655&ssl=1&resize=525%2C300 1.5x, https:\/\/i0.wp.com\/noticiasribeiraopreto.com.br\/wp-content\/uploads\/2025\/09\/neneca-botafogo_2025-09-22_19-56-54.webp.webp?fit=984%2C655&ssl=1&resize=700%2C400 2x"},"classes":[]},{"id":18442,"url":"https:\/\/noticiasribeiraopreto.com.br\/index.php\/2023\/12\/20\/botafogo-anuncia-modernizacao-da-iluminacao-do-estadio-santa-cruz\/","url_meta":{"origin":39716,"position":5},"title":"Botafogo anuncia moderniza\u00e7\u00e3o da ilumina\u00e7\u00e3o do est\u00e1dio Santa Cruz","author":"noticiasribeiraopreto.com.br","date":"20 de December de 2023","format":false,"excerpt":"O Botafogo Futebol SA, de Ribeir\u00e3o Preto, anunciou a moderniza\u00e7\u00e3o da ilumina\u00e7\u00e3o do est\u00e1dio Santa Cruz. Nesta ter\u00e7a-feira (19), o Tricolor fechou parceria com a Novvalight, fabricante de lumin\u00e1rias industriais, e ter\u00e1 uma ilumina\u00e7\u00e3o de \u00faltima gera\u00e7\u00e3o. Com a troca no sistema de ilumina\u00e7\u00e3o, o Tricolor se adequar\u00e1 as exig\u00eancias\u2026","rel":"","context":"In &quot;Not\u00edcias de Ribeir\u00e3o Preto-SP e Regi\u00e3o&quot;","block_context":{"text":"Not\u00edcias de Ribeir\u00e3o Preto-SP e Regi\u00e3o","link":"https:\/\/noticiasribeiraopreto.com.br\/index.php\/category\/noticias-de-ribeirao-preto-sp-e-regiao-ismael-colosi\/"},"img":{"alt_text":"","src":"https:\/\/i0.wp.com\/noticiasribeiraopreto.com.br\/wp-content\/uploads\/2023\/12\/WhatsApp-Image-2023-12-20-at-11.55.00.jpeg?fit=1200%2C676&ssl=1&resize=350%2C200","width":350,"height":200,"srcset":"https:\/\/i0.wp.com\/noticiasribeiraopreto.com.br\/wp-content\/uploads\/2023\/12\/WhatsApp-Image-2023-12-20-at-11.55.00.jpeg?fit=1200%2C676&ssl=1&resize=350%2C200 1x, https:\/\/i0.wp.com\/noticiasribeiraopreto.com.br\/wp-content\/uploads\/2023\/12\/WhatsApp-Image-2023-12-20-at-11.55.00.jpeg?fit=1200%2C676&ssl=1&resize=525%2C300 1.5x, https:\/\/i0.wp.com\/noticiasribeiraopreto.com.br\/wp-content\/uploads\/2023\/12\/WhatsApp-Image-2023-12-20-at-11.55.00.jpeg?fit=1200%2C676&ssl=1&resize=700%2C400 2x, https:\/\/i0.wp.com\/noticiasribeiraopreto.com.br\/wp-content\/uploads\/2023\/12\/WhatsApp-Image-2023-12-20-at-11.55.00.jpeg?fit=1200%2C676&ssl=1&resize=1050%2C600 3x"},"classes":[]}],"jetpack_sharing_enabled":true,"jetpack_shortlink":"https:\/\/wp.me\/peQAOb-akA","_links":{"self":[{"href":"https:\/\/noticiasribeiraopreto.com.br\/index.php\/wp-json\/wp\/v2\/posts\/39716","targetHints":{"allow":["GET"]}}],"collection":[{"href":"https:\/\/noticiasribeiraopreto.com.br\/index.php\/wp-json\/wp\/v2\/posts"}],"about":[{"href":"https:\/\/noticiasribeiraopreto.com.br\/index.php\/wp-json\/wp\/v2\/types\/post"}],"author":[{"embeddable":true,"href":"https:\/\/noticiasribeiraopreto.com.br\/index.php\/wp-json\/wp\/v2\/users\/1"}],"replies":[{"embeddable":true,"href":"https:\/\/noticiasribeiraopreto.com.br\/index.php\/wp-json\/wp\/v2\/comments?post=39716"}],"version-history":[{"count":0,"href":"https:\/\/noticiasribeiraopreto.com.br\/index.php\/wp-json\/wp\/v2\/posts\/39716\/revisions"}],"wp:featuredmedia":[{"embeddable":true,"href":"https:\/\/noticiasribeiraopreto.com.br\/index.php\/wp-json\/wp\/v2\/media\/39717"}],"wp:attachment":[{"href":"https:\/\/noticiasribeiraopreto.com.br\/index.php\/wp-json\/wp\/v2\/media?parent=39716"}],"wp:term":[{"taxonomy":"category","embeddable":true,"href":"https:\/\/noticiasribeiraopreto.com.br\/index.php\/wp-json\/wp\/v2\/categories?post=39716"},{"taxonomy":"post_tag","embeddable":true,"href":"https:\/\/noticiasribeiraopreto.com.br\/index.php\/wp-json\/wp\/v2\/tags?post=39716"}],"curies":[{"name":"wp","href":"https:\/\/api.w.org\/{rel}","templated":true}]}}