{"id":39950,"date":"2024-02-29T09:48:10","date_gmt":"2024-02-29T12:48:10","guid":{"rendered":"https:\/\/noticiasribeiraopreto.com.br\/index.php\/2024\/02\/29\/abree-e-prefeitura-rp-realizam-campanha-de-arrecadacao-de-eletroeletronicos\/"},"modified":"2024-02-29T09:48:10","modified_gmt":"2024-02-29T12:48:10","slug":"abree-e-prefeitura-rp-realizam-campanha-de-arrecadacao-de-eletroeletronicos","status":"publish","type":"post","link":"https:\/\/noticiasribeiraopreto.com.br\/index.php\/2024\/02\/29\/abree-e-prefeitura-rp-realizam-campanha-de-arrecadacao-de-eletroeletronicos\/","title":{"rendered":"ABREE e Prefeitura RP realizam campanha de arrecada\u00e7\u00e3o de eletroeletr\u00f4nicos"},"content":{"rendered":"<div class='code-block code-block-1' style='margin: 8px 0 8px auto; text-align: right; display: block; clear: both;'>\n<p><a href=\"https:\/\/wa.link\/vpicfd\"><img data-recalc-dims=\"1\" class=\"wp-image-4922\" style=\"aspect-ratio: 2.0253164556962027; width: 561px; height: auto;\" src=\"https:\/\/i0.wp.com\/ismaelcolosi.com.br\/wp-content\/uploads\/2023\/11\/grupo-de-empregos-whatsapp-e-facebook-ismael-colosi-vagas.jpg?ssl=1\" alt=\"\" \/><\/a><\/p>\n<!-- \/wp:image -->\n<\/div>\n<p> <br \/>\n<\/p>\n<div id=\"\">\n<p> <span class=\"entry-meta-item penci-posted-on\"><i class=\"fa fa-clock-o\"\/><time class=\"entry-date published\" datetime=\"2024-02-29T09:39:01-03:00\">29 de fevereiro de 2024 | 9:39<\/time><time class=\"updated\" datetime=\"2024-02-29T09:41:47-03:00\">29 de fevereiro de 2024 | 9:41<\/time><\/span><\/p>\n<p> <span class=\"penci-social-buttons penci-social-share-footer\"><a href=\"#\" class=\"penci-post-like penci_post-meta_item  single-like-button penci-social-item like\" data-post_id=\"375403\" title=\"Like\" data-like=\"Like\" data-unlike=\"Unlike\"><i class=\"fa fa-thumbs-o-up\"\/><span class=\"penci-share-number\">0<\/span><\/a><i class=\"fa fa-facebook\"\/><a class=\"penci-social-item twitter\" target=\"_blank\" rel=\"noopener\" title=\"\" href=\"https:\/\/twitter.com\/intent\/tweet?text=ABREE%20e%20Prefeitura%20RP%20realizam%20campanha%20de%20arrecada\u00e7\u00e3o%20de%20eletroeletr\u00f4nicos%20-%20https:\/\/www.tribunaribeirao.com.br\/site\/abree-e-prefeitura-rp-realizam-campanha-de-arrecadacao-de-eletroeletronicos\/\"><i class=\"fa fa-twitter\"\/><\/a><i class=\"fa fa-whatsapp\"\/><\/span><\/div>\n<div>\n<p>No dia 2 de mar\u00e7o, a ABREE \u2013 Associa\u00e7\u00e3o Brasileira de Reciclagem de Eletroeletr\u00f4nicos e Eletrodom\u00e9sticos, em parceria com a Prefeitura de Ribeir\u00e3o Preto, por meio da Secret\u00e1ria da Infraestrutura, promover\u00e1 a segunda edi\u00e7\u00e3o da campanha de arrecada\u00e7\u00e3o de eletroeletr\u00f4nicos e eletrodom\u00e9sticos p\u00f3s-consumo, visando a reciclagem. O objetivo dessa iniciativa \u00e9 sensibilizar e estimular os ribeir\u00e3o-pretanos a descartarem adequadamente os res\u00edduos, que necessitam de um tratamento especializado devido ao risco de polui\u00e7\u00e3o. O local da a\u00e7\u00e3o ser\u00e1 no Parque Maur\u00edlio Biagi, das 10h \u00e0s 17h, onde um drive-thru estar\u00e1 dispon\u00edvel para descarte.<\/p>\n<p>Para participar da a\u00e7\u00e3o \u00e9 recomend\u00e1vel que os interessados separem todos os produtos eletroeletr\u00f4nicos e eletrodom\u00e9sticos que desejam descartar. Ap\u00f3s essa etapa, os moradores s\u00f3 precisam levar os produtos at\u00e9 o local do drive-thru. Os itens aceitos abrangem uma variedade que vai desde fones de ouvido at\u00e9 geladeiras com defeito, antigas ou obsoletas.<\/p>\n<p>\u201cEssa ser\u00e1 a segunda edi\u00e7\u00e3o da a\u00e7\u00e3o em Ribeir\u00e3o Preto e estamos muito contentes com a parceria. Realizar o descarte adequado de eletroeletr\u00f4nicos, eletrodom\u00e9sticos e seus componentes \u00e9 de suma import\u00e2ncia. Essa a\u00e7\u00e3o tem o objetivo de conscientizar a popula\u00e7\u00e3o sobre seu papel fundamental, al\u00e9m de viabilizar a preserva\u00e7\u00e3o do meio ambiente\u201d, explica Helen Brito, gerente de rela\u00e7\u00f5es institucionais da ABREE.<\/p>\n<p>Com o objetivo de garantir o tratamento adequado dos res\u00edduos coletados, a ABREE encaminha os produtos a uma empresa especializada em manufatura reversa. Essa parceria viabiliza o processamento correto dos res\u00edduos, permitindo sua reintegra\u00e7\u00e3o \u00e0 cadeia produtiva por meio da reciclagem. Dessa maneira, \u00e9 poss\u00edvel contribuir para a redu\u00e7\u00e3o dos impactos ambientais adversos e promover a sustentabilidade.<\/p>\n<p>Apesar da realiza\u00e7\u00e3o dessa campanha espec\u00edfica, \u00e9 importante ressaltar que o descarte adequado pode ser feito durante todo o ano. A ABREE, em conjunto com seus parceiros mant\u00e9m mais de 4,7 mil pontos de recebimento distribu\u00eddos por todo o pa\u00eds, em quase 1,3 mil munic\u00edpios. No Estado de S\u00e3o Paulo s\u00e3o 1048 pontos de recebimento, j\u00e1 Ribeir\u00e3o Preto conta com 12.<\/p>\n<p>No site da associa\u00e7\u00e3o, \u00e9 poss\u00edvel encontrar os pontos de recebimento mais pr\u00f3ximos ao realizar uma busca utilizando o CEP residencial e ter acesso a uma lista completa de quais produtos podem ser descartados, tais como: batedeira, ferro el\u00e9trico, fones de ouvido, liquidificador, m\u00e1quina de costura, micro-ondas, purificador de \u00e1gua e televis\u00e3o, entre outros. Para obter mais informa\u00e7\u00f5es, acesse: https:\/\/abree.org.br\/pontos-de-recebimento<\/p>\n<p>\u00a0<\/p>\n<p><strong>Servi\u00e7o<\/strong><\/p>\n<p>Campanha de arrecada\u00e7\u00e3o de eletroeletr\u00f4nicos e eletrodom\u00e9sticos em RP<\/p>\n<p>Data: 2 de mar\u00e7o<\/p>\n<p>Hor\u00e1rio: 10h \u00e0s 17h<\/p>\n<p>Local: Parque Maur\u00edlio Biagi<\/p>\n<p>Endere\u00e7o: Av. Elp\u00eddio Gomes, 327 \u2013 Vila Amelia, Ribeir\u00e3o Preto \u2013 SP, 14050-290<\/p>\n<p>\u00a0<\/p>\n<p><strong>Exemplos de equipamentos p\u00f3s-consumo que podem ser descartados:<\/strong><\/p>\n<p>Celulares<\/p>\n<p>Fone de ouvidos<\/p>\n<p>Geladeiras<\/p>\n<p>M\u00e1quinas de lavar<\/p>\n<p>Ares-condicionados<\/p>\n<p>Televisores<\/p>\n<p>Secadores<\/p>\n<p>Batedeiras<\/p>\n<p>Fog\u00f5es<\/p>\n<p>Micro-ondas<\/p>\n<p>Ferramentas<\/p>\n<p>Equipamentos de inform\u00e1tica<\/p>\n<p>R\u00e1dios<\/p>\n<p>Videogames e consoles<\/p>\n<p>Entre outros<\/p>\n<p>\u00a0<\/p>\n<p><strong>Sobre a ABREE:\u00a0\u00a0<\/strong><\/p>\n<p>Fundada em 2011, a ABREE \u2013 Associa\u00e7\u00e3o Brasileira de Reciclagem de Eletroeletr\u00f4nicos e Eletrodom\u00e9sticos \u2013 \u00e9 uma entidade gestora sem fins lucrativos, que define e organiza o gerenciamento da implementa\u00e7\u00e3o do sistema coletivo de log\u00edstica reversa de produtos eletroeletr\u00f4nicos e eletrodom\u00e9sticos, promovendo economia de grande escala. Com 53 associados que representam 169 marcas, a ABREE \u00e9 respons\u00e1vel pelo gerenciamento atrav\u00e9s da contrata\u00e7\u00e3o, fiscaliza\u00e7\u00e3o e auditoria dos servi\u00e7os prestados por terceiros, al\u00e9m de contribuir com informa\u00e7\u00f5es para todos os envolvidos da cadeia, respons\u00e1veis pela viabiliza\u00e7\u00e3o da log\u00edstica reversa de eletroeletr\u00f4nicos e eletrodom\u00e9sticos no pa\u00eds. Para mais informa\u00e7\u00f5es, acesse http:\/\/abree.org.br\/<\/p>\n<\/div>\n<p><script async src=\"\/\/platform.twitter.com\/widgets.js\" charset=\"utf-8\"><\/script><br \/>\n<br \/><br \/>\n<br \/><a href=\"https:\/\/www.tribunaribeirao.com.br\/site\/abree-e-prefeitura-rp-realizam-campanha-de-arrecadacao-de-eletroeletronicos\/\">Source link <\/a><\/p>\n<!-- CONTENT END 1 -->\n","protected":false},"excerpt":{"rendered":"<p>29 de fevereiro de 2024 | 9:3929 de fevereiro de 2024 | 9:41 0 No dia 2 de mar\u00e7o, a ABREE \u2013 Associa\u00e7\u00e3o Brasileira de&#8230;<\/p>\n","protected":false},"author":1,"featured_media":39951,"comment_status":"open","ping_status":"open","sticky":false,"template":"","format":"standard","meta":{"advanced_seo_description":"","jetpack_seo_html_title":"","jetpack_seo_noindex":false,"jetpack_post_was_ever_published":false,"_jetpack_newsletter_access":"","_jetpack_dont_email_post_to_subs":false,"_jetpack_newsletter_tier_id":0,"_jetpack_memberships_contains_paywalled_content":false,"_jetpack_memberships_contains_paid_content":false,"footnotes":"","jetpack_publicize_message":"","jetpack_publicize_feature_enabled":true,"jetpack_social_post_already_shared":true,"jetpack_social_options":{"image_generator_settings":{"template":"highway","default_image_id":0,"font":"","enabled":false},"version":2}},"categories":[11],"tags":[4625,4626,832,4605,244,1129],"class_list":["post-39950","post","type-post","status-publish","format-standard","has-post-thumbnail","hentry","category-noticias-de-ribeirao-preto-sp-e-regiao-ismael-colosi","tag-abree","tag-arrecadacao","tag-campanha","tag-eletroeletronicos","tag-prefeitura","tag-realizam"],"jetpack_publicize_connections":[],"jetpack_featured_media_url":"https:\/\/i0.wp.com\/noticiasribeiraopreto.com.br\/wp-content\/uploads\/2024\/02\/seminario-internacional-dos-residuos-557x557_557x557-1.jpg?fit=557%2C557&ssl=1","jetpack-related-posts":[{"id":39862,"url":"https:\/\/noticiasribeiraopreto.com.br\/index.php\/2024\/02\/28\/prefeitura-realizara-2a-edicao-do-drive-thru-de-coleta-de-eletroeletronicos\/","url_meta":{"origin":39950,"position":0},"title":"Prefeitura realizar\u00e1 2\u00aa edi\u00e7\u00e3o do Drive-Thru de Coleta de Eletroeletr\u00f4nicos","author":"noticiasribeiraopreto.com.br","date":"28 de February de 2024","format":false,"excerpt":"28 de fevereiro de 2024 | 18:0027 de fevereiro de 2024 | 19:55 0A Secretaria da Infraestrutura, em parceria com a Associa\u00e7\u00e3o Brasileira de Reciclagem de Eletroeletr\u00f4nicos e Eletrodom\u00e9sticos (ABREE), realizar\u00e1 a 2\u00b0 edi\u00e7\u00e3o da campanha de arrecada\u00e7\u00e3o de eletroeletr\u00f4nicos e eletrodom\u00e9sticos p\u00f3s-consumo, no pr\u00f3ximo s\u00e1bado, 02 de mar\u00e7o, das\u2026","rel":"","context":"In &quot;Not\u00edcias de Ribeir\u00e3o Preto-SP e Regi\u00e3o&quot;","block_context":{"text":"Not\u00edcias de Ribeir\u00e3o Preto-SP e Regi\u00e3o","link":"https:\/\/noticiasribeiraopreto.com.br\/index.php\/category\/noticias-de-ribeirao-preto-sp-e-regiao-ismael-colosi\/"},"img":{"alt_text":"","src":"https:\/\/i0.wp.com\/noticiasribeiraopreto.com.br\/wp-content\/uploads\/2024\/02\/coleta_eletroeletronicos_-_copia-scaled.jpg?fit=873%2C645&ssl=1&resize=350%2C200","width":350,"height":200,"srcset":"https:\/\/i0.wp.com\/noticiasribeiraopreto.com.br\/wp-content\/uploads\/2024\/02\/coleta_eletroeletronicos_-_copia-scaled.jpg?fit=873%2C645&ssl=1&resize=350%2C200 1x, https:\/\/i0.wp.com\/noticiasribeiraopreto.com.br\/wp-content\/uploads\/2024\/02\/coleta_eletroeletronicos_-_copia-scaled.jpg?fit=873%2C645&ssl=1&resize=525%2C300 1.5x, https:\/\/i0.wp.com\/noticiasribeiraopreto.com.br\/wp-content\/uploads\/2024\/02\/coleta_eletroeletronicos_-_copia-scaled.jpg?fit=873%2C645&ssl=1&resize=700%2C400 2x"},"classes":[]},{"id":39698,"url":"https:\/\/noticiasribeiraopreto.com.br\/index.php\/2024\/02\/27\/ribeirao-preto-tera-coleta-de-eletroeletronicos-veja-o-que-descartar\/","url_meta":{"origin":39950,"position":1},"title":"Ribeir\u00e3o Preto ter\u00e1 coleta de eletroeletr\u00f4nicos; Veja o que descartar \u00a0","author":"noticiasribeiraopreto.com.br","date":"27 de February de 2024","format":false,"excerpt":"A segunda edi\u00e7\u00e3o da campanha de arrecada\u00e7\u00e3o de eletroeletr\u00f4nicos e eletrodom\u00e9sticos realizada pela Secretaria Municipal de Infraestrutura e a Abree (Associa\u00e7\u00e3o Brasileira de Reciclagem de Eletroeletr\u00f4nicos e Eletrodom\u00e9sticos) acontece neste s\u00e1bado (2). A a\u00e7\u00e3o ser\u00e1 no Parque Maur\u00edlio Biagi, que fica na avenida Elp\u00eddio Gomes, 327, na Vila Am\u00e9lia, zona\u2026","rel":"","context":"In &quot;Not\u00edcias de Ribeir\u00e3o Preto-SP e Regi\u00e3o&quot;","block_context":{"text":"Not\u00edcias de Ribeir\u00e3o Preto-SP e Regi\u00e3o","link":"https:\/\/noticiasribeiraopreto.com.br\/index.php\/category\/noticias-de-ribeirao-preto-sp-e-regiao-ismael-colosi\/"},"img":{"alt_text":"","src":"https:\/\/i0.wp.com\/noticiasribeiraopreto.com.br\/wp-content\/uploads\/2024\/02\/Copia-de-Copia-de-TAMANHO-EXATO-PARA-FOTOS-NO-SISTEMA-NOVO-18.jpg?fit=1200%2C675&ssl=1&resize=350%2C200","width":350,"height":200,"srcset":"https:\/\/i0.wp.com\/noticiasribeiraopreto.com.br\/wp-content\/uploads\/2024\/02\/Copia-de-Copia-de-TAMANHO-EXATO-PARA-FOTOS-NO-SISTEMA-NOVO-18.jpg?fit=1200%2C675&ssl=1&resize=350%2C200 1x, https:\/\/i0.wp.com\/noticiasribeiraopreto.com.br\/wp-content\/uploads\/2024\/02\/Copia-de-Copia-de-TAMANHO-EXATO-PARA-FOTOS-NO-SISTEMA-NOVO-18.jpg?fit=1200%2C675&ssl=1&resize=525%2C300 1.5x, https:\/\/i0.wp.com\/noticiasribeiraopreto.com.br\/wp-content\/uploads\/2024\/02\/Copia-de-Copia-de-TAMANHO-EXATO-PARA-FOTOS-NO-SISTEMA-NOVO-18.jpg?fit=1200%2C675&ssl=1&resize=700%2C400 2x, https:\/\/i0.wp.com\/noticiasribeiraopreto.com.br\/wp-content\/uploads\/2024\/02\/Copia-de-Copia-de-TAMANHO-EXATO-PARA-FOTOS-NO-SISTEMA-NOVO-18.jpg?fit=1200%2C675&ssl=1&resize=1050%2C600 3x"},"classes":[]},{"id":58042,"url":"https:\/\/noticiasribeiraopreto.com.br\/index.php\/2024\/09\/17\/saiba-como-descartar-eletronicos-e-eletrodomesticos-em-ribeirao-preto\/","url_meta":{"origin":39950,"position":2},"title":"Saiba como descartar eletr\u00f4nicos e eletrodom\u00e9sticos em Ribeir\u00e3o Preto","author":"noticiasribeiraopreto.com.br","date":"17 de September de 2024","format":false,"excerpt":"A Associa\u00e7\u00e3o Brasileira de Reciclagem de Eletroeletr\u00f4nicos e Eletrodom\u00e9sticos (Abree) junto com a Prefeitura de Ribeir\u00e3o Preto realizar\u00e3o, no pr\u00f3ximo s\u00e1bado (21), uma campanha de coleta de eletroeletr\u00f4nicos e eletrodom\u00e9sticos p\u00f3s-consumo. O evento acontecer\u00e1 no Parque das Artes, das 10 \u00e0s 17 horas. A iniciativa visa conscientizar a popula\u00e7\u00e3o a\u2026","rel":"","context":"In &quot;Not\u00edcias de Ribeir\u00e3o Preto-SP e Regi\u00e3o&quot;","block_context":{"text":"Not\u00edcias de Ribeir\u00e3o Preto-SP e Regi\u00e3o","link":"https:\/\/noticiasribeiraopreto.com.br\/index.php\/category\/noticias-de-ribeirao-preto-sp-e-regiao-ismael-colosi\/"},"img":{"alt_text":"","src":"https:\/\/i0.wp.com\/noticiasribeiraopreto.com.br\/wp-content\/uploads\/2024\/09\/Ribeirao-Preto_2024-09-17_18-59-20_jpg_2024-09-17_18-59-20.webp.webp?fit=984%2C738&ssl=1&resize=350%2C200","width":350,"height":200,"srcset":"https:\/\/i0.wp.com\/noticiasribeiraopreto.com.br\/wp-content\/uploads\/2024\/09\/Ribeirao-Preto_2024-09-17_18-59-20_jpg_2024-09-17_18-59-20.webp.webp?fit=984%2C738&ssl=1&resize=350%2C200 1x, https:\/\/i0.wp.com\/noticiasribeiraopreto.com.br\/wp-content\/uploads\/2024\/09\/Ribeirao-Preto_2024-09-17_18-59-20_jpg_2024-09-17_18-59-20.webp.webp?fit=984%2C738&ssl=1&resize=525%2C300 1.5x, https:\/\/i0.wp.com\/noticiasribeiraopreto.com.br\/wp-content\/uploads\/2024\/09\/Ribeirao-Preto_2024-09-17_18-59-20_jpg_2024-09-17_18-59-20.webp.webp?fit=984%2C738&ssl=1&resize=700%2C400 2x"},"classes":[]},{"id":77392,"url":"https:\/\/noticiasribeiraopreto.com.br\/index.php\/2025\/09\/17\/ribeirao-preto-tera-drive-thru-sustentavel-para-descarte-de-eletronicos-veja-quando\/","url_meta":{"origin":39950,"position":3},"title":"Ribeir\u00e3o Preto ter\u00e1 drive-thru sustent\u00e1vel para descarte de eletr\u00f4nicos; Veja quando","author":"noticiasribeiraopreto.com.br","date":"17 de September de 2025","format":false,"excerpt":"Ribeir\u00e3o Preto recebe neste s\u00e1bado (20), a partir das 9h, um drive-thru sustent\u00e1vel para arrecada\u00e7\u00e3o de eletroeletr\u00f4nicos e eletrodom\u00e9sticos usados. A a\u00e7\u00e3o ser\u00e1 realizada at\u00e9 as 15h, no Parque Maur\u00edlio Biagi, e integra a programa\u00e7\u00e3o da \u201cSemana da \u00c1rvore\u201d, organizada pela Prefeitura entre os dias 20 e 27 de setembro\u2026","rel":"","context":"In &quot;Not\u00edcias de Ribeir\u00e3o Preto-SP e Regi\u00e3o&quot;","block_context":{"text":"Not\u00edcias de Ribeir\u00e3o Preto-SP e Regi\u00e3o","link":"https:\/\/noticiasribeiraopreto.com.br\/index.php\/category\/noticias-de-ribeirao-preto-sp-e-regiao-ismael-colosi\/"},"img":{"alt_text":"","src":"https:\/\/i0.wp.com\/noticiasribeiraopreto.com.br\/wp-content\/uploads\/2025\/09\/51512846185_1998ab3f47_o_2025-09-17_23-00-57.webp.webp?fit=1200%2C797&ssl=1&resize=350%2C200","width":350,"height":200,"srcset":"https:\/\/i0.wp.com\/noticiasribeiraopreto.com.br\/wp-content\/uploads\/2025\/09\/51512846185_1998ab3f47_o_2025-09-17_23-00-57.webp.webp?fit=1200%2C797&ssl=1&resize=350%2C200 1x, https:\/\/i0.wp.com\/noticiasribeiraopreto.com.br\/wp-content\/uploads\/2025\/09\/51512846185_1998ab3f47_o_2025-09-17_23-00-57.webp.webp?fit=1200%2C797&ssl=1&resize=525%2C300 1.5x, https:\/\/i0.wp.com\/noticiasribeiraopreto.com.br\/wp-content\/uploads\/2025\/09\/51512846185_1998ab3f47_o_2025-09-17_23-00-57.webp.webp?fit=1200%2C797&ssl=1&resize=700%2C400 2x, https:\/\/i0.wp.com\/noticiasribeiraopreto.com.br\/wp-content\/uploads\/2025\/09\/51512846185_1998ab3f47_o_2025-09-17_23-00-57.webp.webp?fit=1200%2C797&ssl=1&resize=1050%2C600 3x"},"classes":[]},{"id":29678,"url":"https:\/\/noticiasribeiraopreto.com.br\/index.php\/2024\/01\/19\/confira-os-locais-dos-ecopontos-em-ribeirao-preto\/","url_meta":{"origin":39950,"position":4},"title":"Confira os locais dos Ecopontos em Ribeir\u00e3o Preto","author":"noticiasribeiraopreto.com.br","date":"19 de January de 2024","format":false,"excerpt":"Se voc\u00ea tem um eletrodom\u00e9stico ou eletroeletr\u00f4nico que n\u00e3o usa mais e n\u00e3o sabe onde descartar, em Ribeir\u00e3o Preto h\u00e1 o programa de Ecopontos. Esse locais recebem esses objetos, res\u00edduos da constru\u00e7\u00e3o civil, recicl\u00e1veis e todo tipo de inserv\u00edveis. O servi\u00e7o \u00e9 de gra\u00e7a e permite o descarte de at\u00e9\u2026","rel":"","context":"In &quot;Not\u00edcias de Ribeir\u00e3o Preto-SP e Regi\u00e3o&quot;","block_context":{"text":"Not\u00edcias de Ribeir\u00e3o Preto-SP e Regi\u00e3o","link":"https:\/\/noticiasribeiraopreto.com.br\/index.php\/category\/noticias-de-ribeirao-preto-sp-e-regiao-ismael-colosi\/"},"img":{"alt_text":"","src":"https:\/\/i0.wp.com\/noticiasribeiraopreto.com.br\/wp-content\/uploads\/2024\/01\/ecoponto.jpeg?fit=1200%2C800&ssl=1&resize=350%2C200","width":350,"height":200,"srcset":"https:\/\/i0.wp.com\/noticiasribeiraopreto.com.br\/wp-content\/uploads\/2024\/01\/ecoponto.jpeg?fit=1200%2C800&ssl=1&resize=350%2C200 1x, https:\/\/i0.wp.com\/noticiasribeiraopreto.com.br\/wp-content\/uploads\/2024\/01\/ecoponto.jpeg?fit=1200%2C800&ssl=1&resize=525%2C300 1.5x, https:\/\/i0.wp.com\/noticiasribeiraopreto.com.br\/wp-content\/uploads\/2024\/01\/ecoponto.jpeg?fit=1200%2C800&ssl=1&resize=700%2C400 2x, https:\/\/i0.wp.com\/noticiasribeiraopreto.com.br\/wp-content\/uploads\/2024\/01\/ecoponto.jpeg?fit=1200%2C800&ssl=1&resize=1050%2C600 3x"},"classes":[]},{"id":51337,"url":"https:\/\/noticiasribeiraopreto.com.br\/index.php\/2024\/05\/25\/campanha-do-agasalho-eptv-drive-thru-recebe-doacoes-de-roupas-e-cobertores-em-ribeirao\/","url_meta":{"origin":39950,"position":5},"title":"Campanha do Agasalho EPTV: Drive-thru recebe doa\u00e7\u00f5es de roupas e cobertores em Ribeir\u00e3o","author":"noticiasribeiraopreto.com.br","date":"25 de May de 2024","format":false,"excerpt":"A Campanha do Agasalho 2024 \u201cDoe um agasalho e aque\u00e7a uma vida\u201d da EPTV, em parceria com prefeituras, acontece neste s\u00e1bado (25). Na \u00e1rea de cobertura da EPTV Ribeir\u00e3o ser\u00e3o nove cidades que ter\u00e3o a arrecada\u00e7\u00e3o (veja abaixo). Em Ribeir\u00e3o Preto, o drive-thru acontece na avenida Maur\u00edlio Biagi, em frente\u2026","rel":"","context":"In &quot;Not\u00edcias de Ribeir\u00e3o Preto-SP e Regi\u00e3o&quot;","block_context":{"text":"Not\u00edcias de Ribeir\u00e3o Preto-SP e Regi\u00e3o","link":"https:\/\/noticiasribeiraopreto.com.br\/index.php\/category\/noticias-de-ribeirao-preto-sp-e-regiao-ismael-colosi\/"},"img":{"alt_text":"","src":"https:\/\/i0.wp.com\/noticiasribeiraopreto.com.br\/wp-content\/uploads\/2024\/05\/Copia-de-Copia-de-TAMANHO-EXATO-PARA-FOTOS-NO-SISTEMA-NOVO-38_2024-05-24_13-24-37_jpg_2024-05-24_13-24-37.webp.webp?fit=1200%2C675&ssl=1&resize=350%2C200","width":350,"height":200,"srcset":"https:\/\/i0.wp.com\/noticiasribeiraopreto.com.br\/wp-content\/uploads\/2024\/05\/Copia-de-Copia-de-TAMANHO-EXATO-PARA-FOTOS-NO-SISTEMA-NOVO-38_2024-05-24_13-24-37_jpg_2024-05-24_13-24-37.webp.webp?fit=1200%2C675&ssl=1&resize=350%2C200 1x, https:\/\/i0.wp.com\/noticiasribeiraopreto.com.br\/wp-content\/uploads\/2024\/05\/Copia-de-Copia-de-TAMANHO-EXATO-PARA-FOTOS-NO-SISTEMA-NOVO-38_2024-05-24_13-24-37_jpg_2024-05-24_13-24-37.webp.webp?fit=1200%2C675&ssl=1&resize=525%2C300 1.5x, https:\/\/i0.wp.com\/noticiasribeiraopreto.com.br\/wp-content\/uploads\/2024\/05\/Copia-de-Copia-de-TAMANHO-EXATO-PARA-FOTOS-NO-SISTEMA-NOVO-38_2024-05-24_13-24-37_jpg_2024-05-24_13-24-37.webp.webp?fit=1200%2C675&ssl=1&resize=700%2C400 2x, https:\/\/i0.wp.com\/noticiasribeiraopreto.com.br\/wp-content\/uploads\/2024\/05\/Copia-de-Copia-de-TAMANHO-EXATO-PARA-FOTOS-NO-SISTEMA-NOVO-38_2024-05-24_13-24-37_jpg_2024-05-24_13-24-37.webp.webp?fit=1200%2C675&ssl=1&resize=1050%2C600 3x"},"classes":[]}],"jetpack_sharing_enabled":true,"jetpack_shortlink":"https:\/\/wp.me\/peQAOb-aom","_links":{"self":[{"href":"https:\/\/noticiasribeiraopreto.com.br\/index.php\/wp-json\/wp\/v2\/posts\/39950","targetHints":{"allow":["GET"]}}],"collection":[{"href":"https:\/\/noticiasribeiraopreto.com.br\/index.php\/wp-json\/wp\/v2\/posts"}],"about":[{"href":"https:\/\/noticiasribeiraopreto.com.br\/index.php\/wp-json\/wp\/v2\/types\/post"}],"author":[{"embeddable":true,"href":"https:\/\/noticiasribeiraopreto.com.br\/index.php\/wp-json\/wp\/v2\/users\/1"}],"replies":[{"embeddable":true,"href":"https:\/\/noticiasribeiraopreto.com.br\/index.php\/wp-json\/wp\/v2\/comments?post=39950"}],"version-history":[{"count":0,"href":"https:\/\/noticiasribeiraopreto.com.br\/index.php\/wp-json\/wp\/v2\/posts\/39950\/revisions"}],"wp:featuredmedia":[{"embeddable":true,"href":"https:\/\/noticiasribeiraopreto.com.br\/index.php\/wp-json\/wp\/v2\/media\/39951"}],"wp:attachment":[{"href":"https:\/\/noticiasribeiraopreto.com.br\/index.php\/wp-json\/wp\/v2\/media?parent=39950"}],"wp:term":[{"taxonomy":"category","embeddable":true,"href":"https:\/\/noticiasribeiraopreto.com.br\/index.php\/wp-json\/wp\/v2\/categories?post=39950"},{"taxonomy":"post_tag","embeddable":true,"href":"https:\/\/noticiasribeiraopreto.com.br\/index.php\/wp-json\/wp\/v2\/tags?post=39950"}],"curies":[{"name":"wp","href":"https:\/\/api.w.org\/{rel}","templated":true}]}}