{"id":40030,"date":"2024-02-29T16:13:32","date_gmt":"2024-02-29T19:13:32","guid":{"rendered":"https:\/\/noticiasribeiraopreto.com.br\/index.php\/2024\/02\/29\/teto-do-consignado-caira-a-172\/"},"modified":"2024-02-29T16:13:32","modified_gmt":"2024-02-29T19:13:32","slug":"teto-do-consignado-caira-a-172","status":"publish","type":"post","link":"https:\/\/noticiasribeiraopreto.com.br\/index.php\/2024\/02\/29\/teto-do-consignado-caira-a-172\/","title":{"rendered":"Teto do consignado cair\u00e1 a 1,72% \u00a0"},"content":{"rendered":"<div class='code-block code-block-1' style='margin: 8px 0 8px auto; text-align: right; display: block; clear: both;'>\n<p><a href=\"https:\/\/wa.link\/vpicfd\"><img data-recalc-dims=\"1\" class=\"wp-image-4922\" style=\"aspect-ratio: 2.0253164556962027; width: 561px; height: auto;\" src=\"https:\/\/i0.wp.com\/ismaelcolosi.com.br\/wp-content\/uploads\/2023\/11\/grupo-de-empregos-whatsapp-e-facebook-ismael-colosi-vagas.jpg?ssl=1\" alt=\"\" \/><\/a><\/p>\n<!-- \/wp:image -->\n<\/div>\n<p> <br \/>\n<\/p>\n<div id=\"\">\n<p> <span class=\"entry-meta-item penci-posted-on\"><i class=\"fa fa-clock-o\"\/><time class=\"entry-date published\" datetime=\"2024-02-29T16:00:47-03:00\">29 de fevereiro de 2024 | 16:00<\/time><time class=\"updated\" datetime=\"2024-02-29T11:19:07-03:00\">29 de fevereiro de 2024 | 11:19<\/time><\/span><\/p>\n<p> <span class=\"penci-social-buttons penci-social-share-footer\"><a href=\"#\" class=\"penci-post-like penci_post-meta_item  single-like-button penci-social-item like\" data-post_id=\"375424\" title=\"Like\" data-like=\"Like\" data-unlike=\"Unlike\"><i class=\"fa fa-thumbs-o-up\"\/><span class=\"penci-share-number\">0<\/span><\/a><i class=\"fa fa-facebook\"\/><a class=\"penci-social-item twitter\" target=\"_blank\" rel=\"noopener\" title=\"\" href=\"https:\/\/twitter.com\/intent\/tweet?text=Teto%20do%20consignado%20cair\u00e1%20a%201,72%20\u00a0%20-%20https:\/\/www.tribunaribeirao.com.br\/site\/teto-do-consignado-caira-a-172\/\"><i class=\"fa fa-twitter\"\/><\/a><i class=\"fa fa-whatsapp\"\/><\/span><\/div>\n<div>\n<p><span class=\"TextRun SCXW44721138 BCX0\" lang=\"PT-BR\" xml:lang=\"PT-BR\" data-contrast=\"auto\"><span class=\"NormalTextRun SCXW44721138 BCX0\">Os aposentados e pensionistas do Instituto Nacional do Seguro Social (INSS) pagar\u00e3o menos nas futuras opera\u00e7\u00f5es de cr\u00e9d<\/span><span class=\"NormalTextRun SCXW44721138 BCX0\">ito consignado. Por 14 votos a um<\/span><span class=\"NormalTextRun SCXW44721138 BCX0\">, o Conselho Nacional da Previd\u00eancia Social (CNPS) aprovou nesta quarta-feira<\/span><span class=\"NormalTextRun SCXW44721138 BCX0\">, n28 de fevereiro, <\/span><span class=\"NormalTextRun SCXW44721138 BCX0\">o novo limite de juros de 1,72% ao m\u00eas para essas opera\u00e7\u00f5es.<\/span><\/span><span class=\"LineBreakBlob BlobObject DragDrop SCXW44721138 BCX0\"><span class=\"SCXW44721138 BCX0\">\u00a0<\/span><br class=\"SCXW44721138 BCX0\"\/><\/span><span class=\"LineBreakBlob BlobObject DragDrop SCXW44721138 BCX0\"><span class=\"SCXW44721138 BCX0\">\u00a0<\/span><br class=\"SCXW44721138 BCX0\"\/><\/span><span class=\"TextRun SCXW44721138 BCX0\" lang=\"PT-BR\" xml:lang=\"PT-BR\" data-contrast=\"auto\"><span class=\"NormalTextRun SCXW44721138 BCX0\">O novo teto \u00e9 0,04 ponto percentual menor que o limite atual, de 1,76% ao m\u00eas, n\u00edvel que vigorava desde dezembro. O teto dos juros para o cart\u00e3o de cr\u00e9dito consignado caiu de 2,61% para 2,55% ao m\u00eas.<\/span> <span class=\"NormalTextRun SCXW44721138 BCX0\">Propostas pelo pr\u00f3prio governo, as medidas entram em vigor oito dias ap\u00f3s a instru\u00e7\u00e3o normativa ser publicada no Di\u00e1rio Oficial da Uni\u00e3o, o que ocorrer\u00e1 nos pr\u00f3ximos dias. <\/span><\/span><span class=\"LineBreakBlob BlobObject DragDrop SCXW44721138 BCX0\"><span class=\"SCXW44721138 BCX0\">\u00a0<\/span><br class=\"SCXW44721138 BCX0\"\/><\/span><span class=\"LineBreakBlob BlobObject DragDrop SCXW44721138 BCX0\"><span class=\"SCXW44721138 BCX0\">\u00a0<\/span><br class=\"SCXW44721138 BCX0\"\/><\/span><span class=\"TextRun SCXW44721138 BCX0\" lang=\"PT-BR\" xml:lang=\"PT-BR\" data-contrast=\"auto\"><span class=\"NormalTextRun SCXW44721138 BCX0\">Normalmente, o prazo seria cinco dias, mas foi estendido a pedido dos bancos.<\/span> <span class=\"NormalTextRun SCXW44721138 BCX0\">A justificativa para a redu\u00e7\u00e3o foi o corte de <\/span><span class=\"NormalTextRun SCXW44721138 BCX0\">0,5 ponto<\/span><span class=\"NormalTextRun SCXW44721138 BCX0\"> percentual na Taxa <\/span><span class=\"NormalTextRun SCXW44721138 BCX0\">Selic<\/span><span class=\"NormalTextRun SCXW44721138 BCX0\"> (juros b\u00e1sicos da economia). No fim de setembro, o Comit\u00ea de Pol\u00edtica Monet\u00e1ria (Copom) do Banco Central reduziu os juros b\u00e1sicos de 11,75% para 11,25% ao ano. <\/span><\/span><span class=\"LineBreakBlob BlobObject DragDrop SCXW44721138 BCX0\"><span class=\"SCXW44721138 BCX0\">\u00a0<\/span><br class=\"SCXW44721138 BCX0\"\/><\/span><span class=\"LineBreakBlob BlobObject DragDrop SCXW44721138 BCX0\"><span class=\"SCXW44721138 BCX0\">\u00a0<\/span><br class=\"SCXW44721138 BCX0\"\/><\/span><span class=\"TextRun SCXW44721138 BCX0\" lang=\"PT-BR\" xml:lang=\"PT-BR\" data-contrast=\"auto\"><span class=\"NormalTextRun SCXW44721138 BCX0\">Desde agosto, quando come\u00e7aram os cortes na <\/span><span class=\"NormalTextRun SCXW44721138 BCX0\">Selic<\/span><span class=\"NormalTextRun SCXW44721138 BCX0\">, o ministro da Previd\u00eancia Social, Carlos <\/span><span class=\"NormalTextRun SCXW44721138 BCX0\">Lupi<\/span><span class=\"NormalTextRun SCXW44721138 BCX0\">, tem dito que a pasta acompanha o movimento e propor\u00e1 redu\u00e7\u00f5es no teto do consignado \u00e0 medida que os juros baixarem. As mudan\u00e7as t\u00eam de ser aprovadas pelo CNPS.<\/span><span class=\"NormalTextRun SCXW44721138 BCX0\"> Os <\/span><span class=\"NormalTextRun SCXW44721138 BCX0\">bancos t\u00eam votado contra a medida<\/span><span class=\"NormalTextRun SCXW44721138 BCX0\">.<\/span><\/span><span class=\"LineBreakBlob BlobObject DragDrop SCXW44721138 BCX0\"><span class=\"SCXW44721138 BCX0\">\u00a0<\/span><br class=\"SCXW44721138 BCX0\"\/><\/span><span class=\"LineBreakBlob BlobObject DragDrop SCXW44721138 BCX0\"><span class=\"SCXW44721138 BCX0\">\u00a0<\/span><br class=\"SCXW44721138 BCX0\"\/><\/span><span class=\"TextRun SCXW44721138 BCX0\" lang=\"PT-BR\" xml:lang=\"PT-BR\" data-contrast=\"auto\"><span class=\"NormalTextRun SCXW44721138 BCX0\">Alegam <\/span><span class=\"NormalTextRun SCXW44721138 BCX0\">descompasso entre os juros do consignado e a realidade do mercado financeiro. <\/span><span class=\"NormalTextRun SCXW44721138 BCX0\">C<\/span><span class=\"NormalTextRun SCXW44721138 BCX0\">onseguiram<\/span><span class=\"NormalTextRun SCXW44721138 BCX0\"> aprovar um dispositivo que insere, como refer\u00eancia para o cr\u00e9dito consignado, a taxa do Dep\u00f3sito Interbanc\u00e1rio (DI) no prazo m\u00e9dio de dois anos. Esse indicador \u00e9 tradicionalmente usado para calcular os rendimentos das aplica\u00e7\u00f5es em renda fixa.<\/span><\/span><span class=\"LineBreakBlob BlobObject DragDrop SCXW44721138 BCX0\"><span class=\"SCXW44721138 BCX0\">\u00a0<\/span><br class=\"SCXW44721138 BCX0\"\/><\/span><span class=\"LineBreakBlob BlobObject DragDrop SCXW44721138 BCX0\"><span class=\"SCXW44721138 BCX0\">\u00a0<\/span><br class=\"SCXW44721138 BCX0\"\/><\/span><span class=\"TextRun SCXW44721138 BCX0\" lang=\"PT-BR\" xml:lang=\"PT-BR\" data-contrast=\"auto\"><span class=\"NormalTextRun SCXW44721138 BCX0\">Com o novo teto, os bancos oficiais ter\u00e3o de reduzir as taxas para o consignado do INSS para continuarem a emprestar pela modalidade. Segundo os dados mais recentes do Banco Central (BC), o Banco do Nordeste e o Banco do Brasil cobram 1,77% ao m\u00eas, e o Banco da Amaz\u00f4nia, 1,8% ao m\u00eas.<\/span><\/span><span class=\"LineBreakBlob BlobObject DragDrop SCXW44721138 BCX0\"><span class=\"SCXW44721138 BCX0\">\u00a0<\/span><br class=\"SCXW44721138 BCX0\"\/><\/span><span class=\"LineBreakBlob BlobObject DragDrop SCXW44721138 BCX0\"><span class=\"SCXW44721138 BCX0\">\u00a0<\/span><br class=\"SCXW44721138 BCX0\"\/><\/span><span class=\"TextRun SCXW44721138 BCX0\" lang=\"PT-BR\" xml:lang=\"PT-BR\" data-contrast=\"auto\"><span class=\"NormalTextRun SCXW44721138 BCX0\">Como est\u00e3o acima do teto atual, essas taxas na pr\u00e1tica significam que as institui\u00e7\u00f5es suspenderam a oferta desse tipo de cr\u00e9dito. Entre os bancos federais, apenas a Caixa <\/span><span class=\"NormalTextRun SCXW44721138 BCX0\">Econ\u00f4mica Federal <\/span><span class=\"NormalTextRun SCXW44721138 BCX0\">cobra menos que o limite atual, com taxa de 1,73% ao m\u00eas, mas a institui\u00e7\u00e3o ter\u00e1 de reduzir a taxa para enquadrar-se no novo teto.<\/span><\/span><span class=\"LineBreakBlob BlobObject DragDrop SCXW44721138 BCX0\"><span class=\"SCXW44721138 BCX0\">\u00a0<\/span><br class=\"SCXW44721138 BCX0\"\/><\/span><span class=\"LineBreakBlob BlobObject DragDrop SCXW44721138 BCX0\"><span class=\"SCXW44721138 BCX0\">\u00a0<\/span><br class=\"SCXW44721138 BCX0\"\/><\/span><span class=\"TextRun SCXW44721138 BCX0\" lang=\"PT-BR\" xml:lang=\"PT-BR\" data-contrast=\"auto\"><span class=\"NormalTextRun SCXW44721138 BCX0\">Impasse<\/span><span class=\"NormalTextRun SCXW44721138 BCX0\"> \u2013 <\/span><\/span><span class=\"TextRun SCXW44721138 BCX0\" lang=\"PT-BR\" xml:lang=\"PT-BR\" data-contrast=\"auto\"><span class=\"NormalTextRun SCXW44721138 BCX0\">O limite dos juros do cr\u00e9dito consignado do INSS foi objeto de embates no ano passado. Em mar\u00e7o de 2023, o CNPS reduziu o teto para 1,7% ao ano. A decis\u00e3o op\u00f4s os minist\u00e9rios da Previd\u00eancia Social e da Fazenda.<\/span> <span class=\"NormalTextRun SCXW44721138 BCX0\">Os bancos suspenderam a oferta, alegando que a medida provocava desequil\u00edbrios nas institui\u00e7\u00f5es financeiras. <\/span><\/span><span class=\"LineBreakBlob BlobObject DragDrop SCXW44721138 BCX0\"><span class=\"SCXW44721138 BCX0\">\u00a0<\/span><br class=\"SCXW44721138 BCX0\"\/><\/span><span class=\"LineBreakBlob BlobObject DragDrop SCXW44721138 BCX0\"><span class=\"SCXW44721138 BCX0\">\u00a0<\/span><br class=\"SCXW44721138 BCX0\"\/><\/span><span class=\"TextRun SCXW44721138 BCX0\" lang=\"PT-BR\" xml:lang=\"PT-BR\" data-contrast=\"auto\"><span class=\"NormalTextRun SCXW44721138 BCX0\">Sob protesto das centrais sindicais, o Banco do Brasil e a Caixa tamb\u00e9m deixaram de conceder os empr\u00e9stimos porque o teto de 1,7% ao m\u00eas era inferior ao cobrado pelas institui\u00e7\u00f5es.<\/span> <span class=\"NormalTextRun SCXW44721138 BCX0\">A decis\u00e3o coube ao presidente Luiz In\u00e1cio Lula da Silva, que arbitrou o impasse e, no fim de mar\u00e7o do ano passado, decidiu pelo teto de 1,97% ao m\u00eas. <\/span><\/span><span class=\"LineBreakBlob BlobObject DragDrop SCXW44721138 BCX0\"><span class=\"SCXW44721138 BCX0\">\u00a0<\/span><br class=\"SCXW44721138 BCX0\"\/><\/span><span class=\"LineBreakBlob BlobObject DragDrop SCXW44721138 BCX0\"><span class=\"SCXW44721138 BCX0\">\u00a0<\/span><br class=\"SCXW44721138 BCX0\"\/><\/span><span class=\"TextRun SCXW44721138 BCX0\" lang=\"PT-BR\" xml:lang=\"PT-BR\" data-contrast=\"auto\"><span class=\"NormalTextRun SCXW44721138 BCX0\">O Minist\u00e9rio da Previd\u00eancia defendia teto de 1,87% ao m\u00eas, equivalente ao cobrado pela Caixa Econ\u00f4mica Federal antes da suspens\u00e3o do cr\u00e9dito consignado para os aposentados e pensionistas. A Fazenda defendia um limite de 1,99% ao m\u00eas, que permitia ao Banco do Brasil, que cobrava taxa de 1,95% ao m\u00eas, retomar a concess\u00e3o de empr\u00e9stimos.<\/span><\/span><span class=\"LineBreakBlob BlobObject DragDrop SCXW44721138 BCX0\"><span class=\"SCXW44721138 BCX0\">\u00a0<\/span><br class=\"SCXW44721138 BCX0\"\/><\/span><span class=\"LineBreakBlob BlobObject DragDrop SCXW44721138 BCX0\"><span class=\"SCXW44721138 BCX0\">\u00a0<\/span><br class=\"SCXW44721138 BCX0\"\/><\/span><\/p>\n<\/div>\n<p><script async src=\"\/\/platform.twitter.com\/widgets.js\" charset=\"utf-8\"><\/script><br \/>\n<br \/><br \/>\n<br \/><a href=\"https:\/\/www.tribunaribeirao.com.br\/site\/teto-do-consignado-caira-a-172\/\">Source link <\/a><\/p>\n<!-- CONTENT END 1 -->\n","protected":false},"excerpt":{"rendered":"<p>29 de fevereiro de 2024 | 16:0029 de fevereiro de 2024 | 11:19 0 Os aposentados e pensionistas do Instituto Nacional do Seguro Social (INSS)&#8230;<\/p>\n","protected":false},"author":1,"featured_media":40031,"comment_status":"open","ping_status":"open","sticky":false,"template":"","format":"standard","meta":{"advanced_seo_description":"","jetpack_seo_html_title":"","jetpack_seo_noindex":false,"jetpack_post_was_ever_published":false,"_jetpack_newsletter_access":"","_jetpack_dont_email_post_to_subs":false,"_jetpack_newsletter_tier_id":0,"_jetpack_memberships_contains_paywalled_content":false,"_jetpack_memberships_contains_paid_content":false,"footnotes":"","jetpack_publicize_message":"","jetpack_publicize_feature_enabled":true,"jetpack_social_post_already_shared":true,"jetpack_social_options":{"image_generator_settings":{"template":"highway","default_image_id":0,"font":"","enabled":false},"version":2}},"categories":[11],"tags":[3445,2103,2101],"class_list":["post-40030","post","type-post","status-publish","format-standard","has-post-thumbnail","hentry","category-noticias-de-ribeirao-preto-sp-e-regiao-ismael-colosi","tag-caira","tag-consignado","tag-teto"],"jetpack_publicize_connections":[],"jetpack_featured_media_url":"https:\/\/i0.wp.com\/noticiasribeiraopreto.com.br\/wp-content\/uploads\/2024\/02\/Consig-Tony-Winston-Agencia-Brasilia-scaled.jpeg?fit=1000%2C598&ssl=1","jetpack-related-posts":[{"id":27540,"url":"https:\/\/noticiasribeiraopreto.com.br\/index.php\/2024\/01\/12\/teto-de-juros-do-consignado-do-inss-caira-para-176-ao-mes\/","url_meta":{"origin":40030,"position":0},"title":"Teto de juros do consignado do INSS cair\u00e1 para 1,76% ao m\u00eas","author":"noticiasribeiraopreto.com.br","date":"12 de January de 2024","format":false,"excerpt":"12 de janeiro de 2024 | 15:0012 de janeiro de 2024 | 9:53 0Os aposentados e pensionistas do Instituto Nacional do Seguro Social (INSS) pagar\u00e3o menos nas futuras opera\u00e7\u00f5es de cr\u00e9dito consignado. Por 14 votos a 1, o Conselho Nacional da Previd\u00eancia Social (CNPS) aprovou nesta quinta-feira (11) o novo\u2026","rel":"","context":"In &quot;Not\u00edcias de Ribeir\u00e3o Preto-SP e Regi\u00e3o&quot;","block_context":{"text":"Not\u00edcias de Ribeir\u00e3o Preto-SP e Regi\u00e3o","link":"https:\/\/noticiasribeiraopreto.com.br\/index.php\/category\/noticias-de-ribeirao-preto-sp-e-regiao-ismael-colosi\/"},"img":{"alt_text":"","src":"https:\/\/i0.wp.com\/noticiasribeiraopreto.com.br\/wp-content\/uploads\/2024\/01\/7c31e852-4fb7-4a3c-988c-b42d21a14395-scaled.jpg?fit=1000%2C598&ssl=1&resize=350%2C200","width":350,"height":200,"srcset":"https:\/\/i0.wp.com\/noticiasribeiraopreto.com.br\/wp-content\/uploads\/2024\/01\/7c31e852-4fb7-4a3c-988c-b42d21a14395-scaled.jpg?fit=1000%2C598&ssl=1&resize=350%2C200 1x, https:\/\/i0.wp.com\/noticiasribeiraopreto.com.br\/wp-content\/uploads\/2024\/01\/7c31e852-4fb7-4a3c-988c-b42d21a14395-scaled.jpg?fit=1000%2C598&ssl=1&resize=525%2C300 1.5x, https:\/\/i0.wp.com\/noticiasribeiraopreto.com.br\/wp-content\/uploads\/2024\/01\/7c31e852-4fb7-4a3c-988c-b42d21a14395-scaled.jpg?fit=1000%2C598&ssl=1&resize=700%2C400 2x"},"classes":[]},{"id":65936,"url":"https:\/\/noticiasribeiraopreto.com.br\/index.php\/2025\/03\/26\/teto-de-juros-do-credito-consignado-do-inss-aumenta-para-185-ao-mes\/","url_meta":{"origin":40030,"position":1},"title":"Teto de Juros do Cr\u00e9dito Consignado do INSS Aumenta para 1,85% ao M\u00eas","author":"noticiasribeiraopreto.com.br","date":"26 de March de 2025","format":false,"excerpt":"O Conselho Nacional de Previd\u00eancia Social (CNPS) aprovou, por 12 votos a 1, a eleva\u00e7\u00e3o do teto de juros para empr\u00e9stimos consignados destinados a aposentados e pensionistas do Instituto Nacional do Seguro Social (INSS). O novo limite passa de 1,8% para 1,85% ao m\u00eas, representando um aumento de 0,05 ponto\u2026","rel":"","context":"In &quot;Not\u00edcias de Ribeir\u00e3o Preto-SP e Regi\u00e3o&quot;","block_context":{"text":"Not\u00edcias de Ribeir\u00e3o Preto-SP e Regi\u00e3o","link":"https:\/\/noticiasribeiraopreto.com.br\/index.php\/category\/noticias-de-ribeirao-preto-sp-e-regiao-ismael-colosi\/"},"img":{"alt_text":"","src":"https:\/\/i0.wp.com\/noticiasribeiraopreto.com.br\/wp-content\/uploads\/2025\/03\/real_moeda_dinheiro_mcajr_2904223675.webp.webp?fit=1170%2C700&ssl=1&resize=350%2C200","width":350,"height":200,"srcset":"https:\/\/i0.wp.com\/noticiasribeiraopreto.com.br\/wp-content\/uploads\/2025\/03\/real_moeda_dinheiro_mcajr_2904223675.webp.webp?fit=1170%2C700&ssl=1&resize=350%2C200 1x, https:\/\/i0.wp.com\/noticiasribeiraopreto.com.br\/wp-content\/uploads\/2025\/03\/real_moeda_dinheiro_mcajr_2904223675.webp.webp?fit=1170%2C700&ssl=1&resize=525%2C300 1.5x, https:\/\/i0.wp.com\/noticiasribeiraopreto.com.br\/wp-content\/uploads\/2025\/03\/real_moeda_dinheiro_mcajr_2904223675.webp.webp?fit=1170%2C700&ssl=1&resize=700%2C400 2x, https:\/\/i0.wp.com\/noticiasribeiraopreto.com.br\/wp-content\/uploads\/2025\/03\/real_moeda_dinheiro_mcajr_2904223675.webp.webp?fit=1170%2C700&ssl=1&resize=1050%2C600 3x"},"classes":[]},{"id":19290,"url":"https:\/\/noticiasribeiraopreto.com.br\/index.php\/2023\/12\/22\/teto-de-juros-do-consignado-deve-cair-novamente-em-2024\/","url_meta":{"origin":40030,"position":2},"title":"teto de juros do consignado deve cair novamente em 2024","author":"noticiasribeiraopreto.com.br","date":"22 de December de 2023","format":false,"excerpt":"Se voc\u00ea est\u00e1 analisando a possibilidade de solicitar um consignado neste final de ano, saiba que uma boa dica \u00e9 esperar um pouco mais. Nos primeiros meses de 2024, a tend\u00eancia natural \u00e9 que novos cortes no teto da taxa de juros deste empr\u00e9stimo sejam confirmados pelo Conselho Nacional de\u2026","rel":"","context":"In &quot;Vagas de Emprego em Ribeir\u00e3o Preto-SP&quot;","block_context":{"text":"Vagas de Emprego em Ribeir\u00e3o Preto-SP","link":"https:\/\/noticiasribeiraopreto.com.br\/index.php\/category\/empregos-classificados-vagas-trabalho\/vagas-de-empregos-em-ribeirao-preto-regiao-brasil\/"},"img":{"alt_text":"","src":"https:\/\/i0.wp.com\/noticiasribeiraopreto.com.br\/wp-content\/uploads\/2023\/12\/noticiasconcursos.com_.br-inss-teto-de-juros-do-consignado-deve-cair-novamente-em-2024-nc-09.webp.webp?fit=1170%2C700&ssl=1&resize=350%2C200","width":350,"height":200,"srcset":"https:\/\/i0.wp.com\/noticiasribeiraopreto.com.br\/wp-content\/uploads\/2023\/12\/noticiasconcursos.com_.br-inss-teto-de-juros-do-consignado-deve-cair-novamente-em-2024-nc-09.webp.webp?fit=1170%2C700&ssl=1&resize=350%2C200 1x, https:\/\/i0.wp.com\/noticiasribeiraopreto.com.br\/wp-content\/uploads\/2023\/12\/noticiasconcursos.com_.br-inss-teto-de-juros-do-consignado-deve-cair-novamente-em-2024-nc-09.webp.webp?fit=1170%2C700&ssl=1&resize=525%2C300 1.5x, https:\/\/i0.wp.com\/noticiasribeiraopreto.com.br\/wp-content\/uploads\/2023\/12\/noticiasconcursos.com_.br-inss-teto-de-juros-do-consignado-deve-cair-novamente-em-2024-nc-09.webp.webp?fit=1170%2C700&ssl=1&resize=700%2C400 2x, https:\/\/i0.wp.com\/noticiasribeiraopreto.com.br\/wp-content\/uploads\/2023\/12\/noticiasconcursos.com_.br-inss-teto-de-juros-do-consignado-deve-cair-novamente-em-2024-nc-09.webp.webp?fit=1170%2C700&ssl=1&resize=1050%2C600 3x"},"classes":[]},{"id":15475,"url":"https:\/\/noticiasribeiraopreto.com.br\/index.php\/2023\/12\/13\/comeca-a-valer-novo-teto-de-juros-do-consignado-do-inss\/","url_meta":{"origin":40030,"position":3},"title":"Come\u00e7a a valer novo teto de juros do consignado do INSS \u2013 Folha de Ribeir\u00e3o","author":"noticiasribeiraopreto.com.br","date":"13 de December de 2023","format":false,"excerpt":"Entrou em vigor nesta quarta-feira (13) o novo teto de juros do consignado para aposentados e pensionistas do Instituto Nacional do Seguro Social (INSS). A medida, aprovada em 4 de dezembro pelo Conselho Nacional da Previd\u00eancia Social (CNPS), estabeleceu que o\u00a0novo limite de juros \u00e9 1,8% ao m\u00eas\u00a0para essas opera\u00e7\u00f5es.\u2026","rel":"","context":"In &quot;Not\u00edcias de Ribeir\u00e3o Preto-SP e Regi\u00e3o&quot;","block_context":{"text":"Not\u00edcias de Ribeir\u00e3o Preto-SP e Regi\u00e3o","link":"https:\/\/noticiasribeiraopreto.com.br\/index.php\/category\/noticias-de-ribeirao-preto-sp-e-regiao-ismael-colosi\/"},"img":{"alt_text":"","src":"","width":0,"height":0},"classes":[]},{"id":16056,"url":"https:\/\/noticiasribeiraopreto.com.br\/index.php\/2023\/12\/14\/passa-a-valer-novo-teto-do-consignado\/","url_meta":{"origin":40030,"position":4},"title":"Passa a valer novo teto do consignado \u00a0","author":"noticiasribeiraopreto.com.br","date":"14 de December de 2023","format":false,"excerpt":"14 de dezembro de 2023 | 17:0014 de dezembro de 2023 | 10:53 0Entrou em vigor nesta quarta-feira (13) o novo teto de juros do consignado para aposentados e pensionistas do Instituto Nacional do Seguro Social (INSS). A medida, aprovada em 4 de dezembro pelo Conselho Nacional da Previd\u00eancia Social\u2026","rel":"","context":"In &quot;Not\u00edcias de Ribeir\u00e3o Preto-SP e Regi\u00e3o&quot;","block_context":{"text":"Not\u00edcias de Ribeir\u00e3o Preto-SP e Regi\u00e3o","link":"https:\/\/noticiasribeiraopreto.com.br\/index.php\/category\/noticias-de-ribeirao-preto-sp-e-regiao-ismael-colosi\/"},"img":{"alt_text":"","src":"https:\/\/i0.wp.com\/noticiasribeiraopreto.com.br\/wp-content\/uploads\/2023\/12\/credito-scaled.jpg?fit=967%2C645&ssl=1&resize=350%2C200","width":350,"height":200,"srcset":"https:\/\/i0.wp.com\/noticiasribeiraopreto.com.br\/wp-content\/uploads\/2023\/12\/credito-scaled.jpg?fit=967%2C645&ssl=1&resize=350%2C200 1x, https:\/\/i0.wp.com\/noticiasribeiraopreto.com.br\/wp-content\/uploads\/2023\/12\/credito-scaled.jpg?fit=967%2C645&ssl=1&resize=525%2C300 1.5x, https:\/\/i0.wp.com\/noticiasribeiraopreto.com.br\/wp-content\/uploads\/2023\/12\/credito-scaled.jpg?fit=967%2C645&ssl=1&resize=700%2C400 2x"},"classes":[]},{"id":62307,"url":"https:\/\/noticiasribeiraopreto.com.br\/index.php\/2025\/01\/09\/teto-de-juros-do-consignado-do-inss-subira-para-18-ao-mes\/","url_meta":{"origin":40030,"position":5},"title":"Teto de juros do consignado do INSS subir\u00e1 para 1,8% ao m\u00eas","author":"noticiasribeiraopreto.com.br","date":"9 de January de 2025","format":false,"excerpt":"Os aposentados e pensionistas do Instituto Nacional do Seguro Social (INSS) pagar\u00e3o mais nas futuras opera\u00e7\u00f5es de cr\u00e9dito consignado. Por 13 votos a 1, o Conselho Nacional da Previd\u00eancia Social (CNPS) aprovou nesta quinta-feira (8), em Bras\u00edlia, o novo limite de juros de 1,8% ao m\u00eas para essas opera\u00e7\u00f5es. O\u2026","rel":"","context":"In &quot;Not\u00edcias de Ribeir\u00e3o Preto-SP e Regi\u00e3o&quot;","block_context":{"text":"Not\u00edcias de Ribeir\u00e3o Preto-SP e Regi\u00e3o","link":"https:\/\/noticiasribeiraopreto.com.br\/index.php\/category\/noticias-de-ribeirao-preto-sp-e-regiao-ismael-colosi\/"},"img":{"alt_text":"","src":"https:\/\/i0.wp.com\/noticiasribeiraopreto.com.br\/wp-content\/uploads\/2024\/04\/real_moeda_dinheiro_mcajr_2904223671.webp.webp?fit=1024%2C768&ssl=1&resize=350%2C200","width":350,"height":200,"srcset":"https:\/\/i0.wp.com\/noticiasribeiraopreto.com.br\/wp-content\/uploads\/2024\/04\/real_moeda_dinheiro_mcajr_2904223671.webp.webp?fit=1024%2C768&ssl=1&resize=350%2C200 1x, https:\/\/i0.wp.com\/noticiasribeiraopreto.com.br\/wp-content\/uploads\/2024\/04\/real_moeda_dinheiro_mcajr_2904223671.webp.webp?fit=1024%2C768&ssl=1&resize=525%2C300 1.5x, https:\/\/i0.wp.com\/noticiasribeiraopreto.com.br\/wp-content\/uploads\/2024\/04\/real_moeda_dinheiro_mcajr_2904223671.webp.webp?fit=1024%2C768&ssl=1&resize=700%2C400 2x"},"classes":[]}],"jetpack_sharing_enabled":true,"jetpack_shortlink":"https:\/\/wp.me\/peQAOb-apE","_links":{"self":[{"href":"https:\/\/noticiasribeiraopreto.com.br\/index.php\/wp-json\/wp\/v2\/posts\/40030","targetHints":{"allow":["GET"]}}],"collection":[{"href":"https:\/\/noticiasribeiraopreto.com.br\/index.php\/wp-json\/wp\/v2\/posts"}],"about":[{"href":"https:\/\/noticiasribeiraopreto.com.br\/index.php\/wp-json\/wp\/v2\/types\/post"}],"author":[{"embeddable":true,"href":"https:\/\/noticiasribeiraopreto.com.br\/index.php\/wp-json\/wp\/v2\/users\/1"}],"replies":[{"embeddable":true,"href":"https:\/\/noticiasribeiraopreto.com.br\/index.php\/wp-json\/wp\/v2\/comments?post=40030"}],"version-history":[{"count":0,"href":"https:\/\/noticiasribeiraopreto.com.br\/index.php\/wp-json\/wp\/v2\/posts\/40030\/revisions"}],"wp:featuredmedia":[{"embeddable":true,"href":"https:\/\/noticiasribeiraopreto.com.br\/index.php\/wp-json\/wp\/v2\/media\/40031"}],"wp:attachment":[{"href":"https:\/\/noticiasribeiraopreto.com.br\/index.php\/wp-json\/wp\/v2\/media?parent=40030"}],"wp:term":[{"taxonomy":"category","embeddable":true,"href":"https:\/\/noticiasribeiraopreto.com.br\/index.php\/wp-json\/wp\/v2\/categories?post=40030"},{"taxonomy":"post_tag","embeddable":true,"href":"https:\/\/noticiasribeiraopreto.com.br\/index.php\/wp-json\/wp\/v2\/tags?post=40030"}],"curies":[{"name":"wp","href":"https:\/\/api.w.org\/{rel}","templated":true}]}}