{"id":40034,"date":"2024-02-29T16:33:43","date_gmt":"2024-02-29T19:33:43","guid":{"rendered":"https:\/\/noticiasribeiraopreto.com.br\/index.php\/2024\/02\/29\/semaforo-em-local-de-atropelamento-em-ribeirao-preto-ja-foi-furtado-16-vezes\/"},"modified":"2024-02-29T16:33:43","modified_gmt":"2024-02-29T19:33:43","slug":"semaforo-em-local-de-atropelamento-em-ribeirao-preto-ja-foi-furtado-16-vezes","status":"publish","type":"post","link":"https:\/\/noticiasribeiraopreto.com.br\/index.php\/2024\/02\/29\/semaforo-em-local-de-atropelamento-em-ribeirao-preto-ja-foi-furtado-16-vezes\/","title":{"rendered":"Sem\u00e1foro em local de atropelamento em Ribeir\u00e3o Preto j\u00e1 foi furtado 16 vezes"},"content":{"rendered":"<div class='code-block code-block-1' style='margin: 8px 0 8px auto; text-align: right; display: block; clear: both;'>\n<p><a href=\"https:\/\/wa.link\/vpicfd\"><img data-recalc-dims=\"1\" class=\"wp-image-4922\" style=\"aspect-ratio: 2.0253164556962027; width: 561px; height: auto;\" src=\"https:\/\/i0.wp.com\/ismaelcolosi.com.br\/wp-content\/uploads\/2023\/11\/grupo-de-empregos-whatsapp-e-facebook-ismael-colosi-vagas.jpg?ssl=1\" alt=\"\" \/><\/a><\/p>\n<!-- \/wp:image -->\n<\/div>\n<p> <br \/>\n<\/p>\n<div data-td-block-uid=\"tdi_101\">\n<div class=\"tdb-block-inner td-fix-index\">\n<p>O <strong>sem\u00e1foro<\/strong> da faixa de pedestres no local em que um estudante foi atropelado no in\u00edcio da tarde desta quinta-feira (29), na <strong>avenida Marechal Costa e Silva<\/strong>, em <strong>Ribeir\u00e3o Preto<\/strong>, j\u00e1 foi furtado por 16 vezes, desde 2022.<\/p>\n<p>De acordo com a <strong>RP Mobi<\/strong>, o sem\u00e1foro do referido endere\u00e7o tem sido alvo constante de furto e vandalismo em diversas datas, tanto na fia\u00e7\u00e3o do equipamento quanto nos demais componentes desta sinaliza\u00e7\u00e3o semaf\u00f3rica.<\/p>\n<p>\u201cPor conta disso, a empresa esta analisando outras medidas para o local\u201d, informa a empresa respons\u00e1vel pelo tr\u00e2nsito de <strong>Ribeir\u00e3o Preto<\/strong>, que tamb\u00e9m lamentou o acidente envolvendo o estudante.<\/p>\n<p>A empresa informou que tem registrado boletins de ocorr\u00eancia por conta dos furtos. Caso qualquer cidad\u00e3o verificar alguma suspeita de furto na estrutura de sem\u00e1foros, a RP Mobi pede para que a <strong>Pol\u00edcia Militar <\/strong>seja acionada no telefone 190 ou a <strong>Guarda Civil Metropolitana<\/strong>, pelo 153.<\/p>\n<h4 class=\"wp-block-heading\"><strong>Sinaliza\u00e7\u00e3o<\/strong><\/h4>\n<p>A RP Mobi tamb\u00e9m afirmou que o local, que fica em frente a escola Jo\u00e3o Gilberto Sampaio, conta com sinaliza\u00e7\u00e3o de solo para travessia de pedestres com linha de reten\u00e7\u00e3o veicular, e neste caso, conforme o CTB (C\u00f3digo de Tr\u00e2nsito Brasileiro), os condutores devem diminuir a velocidade e realizar a parada do ve\u00edculo at\u00e9 que o pedestre conclua a travessia.<\/p>\n<p>SAIBA MAIS<br \/>Veja a diferen\u00e7a dos sintomas de dengue e de covid-19<\/p>\n<h4 class=\"wp-block-heading\"><strong>FIQUE ON<\/strong><\/h4>\n<p>Fique ligado em tudo que acontece em Ribeir\u00e3o Preto e regi\u00e3o. Siga os perfis do<strong> acidade on <\/strong>no <a href=\"https:\/\/www.instagram.com\/acidadeonribeirao\" target=\"_blank\" rel=\"noreferrer noopener nofollow\">Instagram<\/a> e no <a href=\"https:\/\/www.facebook.com\/acidadeonribeirao\" target=\"_blank\" rel=\"noreferrer noopener nofollow\">Facebook<\/a>.<\/p>\n<p>Receba not\u00edcias do <strong>acidade on <\/strong>no WhatsApp. <a href=\"https:\/\/chat.whatsapp.com\/Bnv2w66ZT4VDyZW3oiZ69n\" target=\"_blank\" rel=\"noreferrer noopener nofollow\">Para entrar no grupo, basta clicar aqui.<\/a><\/p>\n<p>Fa\u00e7a uma den\u00fancia ou sugira uma reportagem sobre Ribeir\u00e3o Preto e regi\u00e3o pelo WhatsApp: 16 99117 7802.<\/p>\n<p>VEJA TAMB\u00c9M<br \/>Quais famosos nasceram no dia 29 de fevereiro?<\/p>\n<p><!-- AI CONTENT END 1 -->\n<\/div>\n<\/div>\n<p><script async src=\"\/\/www.instagram.com\/embed.js\"><\/script><br \/>\n<br \/><br \/>\n<br \/><a href=\"https:\/\/www.acidadeon.com\/ribeiraopreto\/cotidiano\/semaforo-em-local-de-atropelamento-em-ribeirao-preto-ja-foi-furtado-16-vezes\/\">Source link <\/a><\/p>\n<!-- CONTENT END 1 -->\n","protected":false},"excerpt":{"rendered":"<p>O sem\u00e1foro da faixa de pedestres no local em que um estudante foi atropelado no in\u00edcio da tarde desta quinta-feira (29), na avenida Marechal Costa&#8230;<\/p>\n","protected":false},"author":1,"featured_media":40016,"comment_status":"open","ping_status":"open","sticky":false,"template":"","format":"standard","meta":{"advanced_seo_description":"","jetpack_seo_html_title":"","jetpack_seo_noindex":false,"jetpack_post_was_ever_published":false,"_jetpack_newsletter_access":"","_jetpack_dont_email_post_to_subs":false,"_jetpack_newsletter_tier_id":0,"_jetpack_memberships_contains_paywalled_content":false,"_jetpack_memberships_contains_paid_content":false,"footnotes":"","jetpack_publicize_message":"","jetpack_publicize_feature_enabled":true,"jetpack_social_post_already_shared":true,"jetpack_social_options":{"image_generator_settings":{"template":"highway","default_image_id":0,"font":"","enabled":false},"version":2}},"categories":[11],"tags":[],"class_list":["post-40034","post","type-post","status-publish","format-standard","has-post-thumbnail","hentry","category-noticias-de-ribeirao-preto-sp-e-regiao-ismael-colosi"],"jetpack_publicize_connections":[],"jetpack_featured_media_url":"https:\/\/i0.wp.com\/noticiasribeiraopreto.com.br\/wp-content\/uploads\/2024\/02\/AnyConv.com__faixa-de-pedestres.webp.webp?fit=926%2C724&ssl=1","jetpack-related-posts":[{"id":40202,"url":"https:\/\/noticiasribeiraopreto.com.br\/index.php\/2024\/03\/01\/video-adolescente-e-atropelado-em-faixa-de-pedestre-na-costa-e-silva\/","url_meta":{"origin":40034,"position":0},"title":"V\u00cdDEO &#8211; Adolescente \u00e9 atropelado em faixa de pedestre na Costa e Silva","author":"noticiasribeiraopreto.com.br","date":"1 de March de 2024","format":false,"excerpt":"Sem\u00e1foro em frente escola estava desligado por conta de furto de fios 1 de mar\u00e7o de 2024 | 10:481 de mar\u00e7o de 2024 | 10:49 2Por: Adalberto LuqueUm estudante foi atropelado, na tarde desta quinta-feira (29), quando atravessava na faixa de pedestres em frente \u00e0 Escola Municipal de Ensino Fundamental\u2026","rel":"","context":"In &quot;Not\u00edcias de Ribeir\u00e3o Preto-SP e Regi\u00e3o&quot;","block_context":{"text":"Not\u00edcias de Ribeir\u00e3o Preto-SP e Regi\u00e3o","link":"https:\/\/noticiasribeiraopreto.com.br\/index.php\/category\/noticias-de-ribeirao-preto-sp-e-regiao-ismael-colosi\/"},"img":{"alt_text":"","src":"https:\/\/i0.wp.com\/noticiasribeiraopreto.com.br\/wp-content\/uploads\/2024\/03\/00-01-mar-2024-atropelamento-escola-foto-x-tudo-scaled.jpg?fit=1000%2C564&ssl=1&resize=350%2C200","width":350,"height":200,"srcset":"https:\/\/i0.wp.com\/noticiasribeiraopreto.com.br\/wp-content\/uploads\/2024\/03\/00-01-mar-2024-atropelamento-escola-foto-x-tudo-scaled.jpg?fit=1000%2C564&ssl=1&resize=350%2C200 1x, https:\/\/i0.wp.com\/noticiasribeiraopreto.com.br\/wp-content\/uploads\/2024\/03\/00-01-mar-2024-atropelamento-escola-foto-x-tudo-scaled.jpg?fit=1000%2C564&ssl=1&resize=525%2C300 1.5x, https:\/\/i0.wp.com\/noticiasribeiraopreto.com.br\/wp-content\/uploads\/2024\/03\/00-01-mar-2024-atropelamento-escola-foto-x-tudo-scaled.jpg?fit=1000%2C564&ssl=1&resize=700%2C400 2x"},"classes":[]},{"id":72715,"url":"https:\/\/noticiasribeiraopreto.com.br\/index.php\/2025\/06\/20\/manha-de-semaforos-desligados-em-ribeirao-preto\/","url_meta":{"origin":40034,"position":1},"title":"Manh\u00e3 de sem\u00e1foros desligados em Ribeir\u00e3o Preto","author":"noticiasribeiraopreto.com.br","date":"20 de June de 2025","format":false,"excerpt":"Motoristas enfrentaram confus\u00e3o e lentid\u00e3o em diversos pontos zona Oeste; furtos causaram problemas de fios 20 de junho de 2025 10:3020 de junho de 2025 12:0637 Compartilhar2 Por: Alfredo Risk e Adalberto Luque V\u00e1rios sem\u00e1foros estavam desligados ou operando no modo de amarelo piscante, na manh\u00e3 desta sexta-feira (20), em\u2026","rel":"","context":"In &quot;Not\u00edcias de Ribeir\u00e3o Preto-SP e Regi\u00e3o&quot;","block_context":{"text":"Not\u00edcias de Ribeir\u00e3o Preto-SP e Regi\u00e3o","link":"https:\/\/noticiasribeiraopreto.com.br\/index.php\/category\/noticias-de-ribeirao-preto-sp-e-regiao-ismael-colosi\/"},"img":{"alt_text":"","src":"https:\/\/i0.wp.com\/noticiasribeiraopreto.com.br\/wp-content\/uploads\/2025\/06\/20-jun-2025-semaforosdesligados1-scaled.jpg?fit=750%2C500&ssl=1&resize=350%2C200","width":350,"height":200,"srcset":"https:\/\/i0.wp.com\/noticiasribeiraopreto.com.br\/wp-content\/uploads\/2025\/06\/20-jun-2025-semaforosdesligados1-scaled.jpg?fit=750%2C500&ssl=1&resize=350%2C200 1x, https:\/\/i0.wp.com\/noticiasribeiraopreto.com.br\/wp-content\/uploads\/2025\/06\/20-jun-2025-semaforosdesligados1-scaled.jpg?fit=750%2C500&ssl=1&resize=525%2C300 1.5x, https:\/\/i0.wp.com\/noticiasribeiraopreto.com.br\/wp-content\/uploads\/2025\/06\/20-jun-2025-semaforosdesligados1-scaled.jpg?fit=750%2C500&ssl=1&resize=700%2C400 2x"},"classes":[]},{"id":63679,"url":"https:\/\/noticiasribeiraopreto.com.br\/index.php\/2025\/02\/19\/furto-de-fios-volta-a-desligar-semaforos-em-ribeirao-preto-veja-video\/","url_meta":{"origin":40034,"position":2},"title":"Furto de fios volta a desligar sem\u00e1foros em Ribeir\u00e3o Preto; Veja v\u00eddeo","author":"noticiasribeiraopreto.com.br","date":"19 de February de 2025","format":false,"excerpt":"Dois cruzamentos da avenida Ant\u00f4nio e Helena\u00a0Zerrener\u00a0est\u00e3o com os sem\u00e1foros desligados na manh\u00e3 desta quarta-feira (19), por causa do furto de fios. Assista ao v\u00eddeo abaixo. Foram afetados os cruzamentos da\u00a0Zerrener\u00a0com as ruas Itapetininga e Paranapanema. O furto de fia\u00e7\u00e3o ocorreu no quarteir\u00e3o entre a ruas Rond\u00f4nia e Itapetininga. Equipes\u2026","rel":"","context":"In &quot;Not\u00edcias de Ribeir\u00e3o Preto-SP e Regi\u00e3o&quot;","block_context":{"text":"Not\u00edcias de Ribeir\u00e3o Preto-SP e Regi\u00e3o","link":"https:\/\/noticiasribeiraopreto.com.br\/index.php\/category\/noticias-de-ribeirao-preto-sp-e-regiao-ismael-colosi\/"},"img":{"alt_text":"","src":"https:\/\/i0.wp.com\/noticiasribeiraopreto.com.br\/wp-content\/uploads\/2025\/02\/20250219_074319_2025-02-19_11-44-11_jpg_2025-02-19_11-44-12-scaled.webp.webp?fit=1200%2C675&ssl=1&resize=350%2C200","width":350,"height":200,"srcset":"https:\/\/i0.wp.com\/noticiasribeiraopreto.com.br\/wp-content\/uploads\/2025\/02\/20250219_074319_2025-02-19_11-44-11_jpg_2025-02-19_11-44-12-scaled.webp.webp?fit=1200%2C675&ssl=1&resize=350%2C200 1x, https:\/\/i0.wp.com\/noticiasribeiraopreto.com.br\/wp-content\/uploads\/2025\/02\/20250219_074319_2025-02-19_11-44-11_jpg_2025-02-19_11-44-12-scaled.webp.webp?fit=1200%2C675&ssl=1&resize=525%2C300 1.5x, https:\/\/i0.wp.com\/noticiasribeiraopreto.com.br\/wp-content\/uploads\/2025\/02\/20250219_074319_2025-02-19_11-44-11_jpg_2025-02-19_11-44-12-scaled.webp.webp?fit=1200%2C675&ssl=1&resize=700%2C400 2x, https:\/\/i0.wp.com\/noticiasribeiraopreto.com.br\/wp-content\/uploads\/2025\/02\/20250219_074319_2025-02-19_11-44-11_jpg_2025-02-19_11-44-12-scaled.webp.webp?fit=1200%2C675&ssl=1&resize=1050%2C600 3x"},"classes":[]},{"id":63618,"url":"https:\/\/noticiasribeiraopreto.com.br\/index.php\/2025\/02\/18\/furto-de-fios-desliga-semaforos-em-ribeirao-preto-veja-video\/","url_meta":{"origin":40034,"position":3},"title":"Furto de fios desliga sem\u00e1foros em Ribeir\u00e3o Preto; Veja\u00a0v\u00eddeo","author":"noticiasribeiraopreto.com.br","date":"18 de February de 2025","format":false,"excerpt":"O furto de fios causou o desligamento de sem\u00e1foros na manh\u00e3 desta ter\u00e7a-feira (18), na avenida Francisco Junqueira, altura do cruzamento com a\u00a0avenida\u00a0Saudade e rua Saldanha Marinho, em Ribeir\u00e3o Preto. Assista ao v\u00eddeo abaixo. Equipe da RP Mobi atua no local e j\u00e1 restabeleceu a sinaliza\u00e7\u00e3o\u00a0na Francisco\u00a0Junqueira. O problema agora\u2026","rel":"","context":"In &quot;Not\u00edcias de Ribeir\u00e3o Preto-SP e Regi\u00e3o&quot;","block_context":{"text":"Not\u00edcias de Ribeir\u00e3o Preto-SP e Regi\u00e3o","link":"https:\/\/noticiasribeiraopreto.com.br\/index.php\/category\/noticias-de-ribeirao-preto-sp-e-regiao-ismael-colosi\/"},"img":{"alt_text":"","src":"","width":0,"height":0},"classes":[]},{"id":45093,"url":"https:\/\/noticiasribeiraopreto.com.br\/index.php\/2024\/04\/02\/passageiro-de-carro-de-aplicativo-e-alvo-de-furto-de-celular-em-semaforo-de-ribeirao\/","url_meta":{"origin":40034,"position":4},"title":"Passageiro de carro de aplicativo \u00e9 alvo de furto de celular em sem\u00e1foro de Ribeir\u00e3o","author":"noticiasribeiraopreto.com.br","date":"2 de April de 2024","format":false,"excerpt":"No in\u00edcio da noite desta segunda-feira (1\u00ba), um passageiro de um carro de aplicativo foi alvo de furto de celular, enquanto o ve\u00edculo estava parado no sem\u00e1foro, em Ribeir\u00e3o Preto. O suspeito, de 42 anos, foi detido por populares nas proximidades do terminal rodovi\u00e1rio, pela rua Augusto Severo, na Vila\u2026","rel":"","context":"In &quot;Not\u00edcias de Ribeir\u00e3o Preto-SP e Regi\u00e3o&quot;","block_context":{"text":"Not\u00edcias de Ribeir\u00e3o Preto-SP e Regi\u00e3o","link":"https:\/\/noticiasribeiraopreto.com.br\/index.php\/category\/noticias-de-ribeirao-preto-sp-e-regiao-ismael-colosi\/"},"img":{"alt_text":"","src":"https:\/\/i0.wp.com\/noticiasribeiraopreto.com.br\/wp-content\/uploads\/2024\/04\/policia_qru_1024x576_25052021184749.jpg?fit=1024%2C576&ssl=1&resize=350%2C200","width":350,"height":200,"srcset":"https:\/\/i0.wp.com\/noticiasribeiraopreto.com.br\/wp-content\/uploads\/2024\/04\/policia_qru_1024x576_25052021184749.jpg?fit=1024%2C576&ssl=1&resize=350%2C200 1x, https:\/\/i0.wp.com\/noticiasribeiraopreto.com.br\/wp-content\/uploads\/2024\/04\/policia_qru_1024x576_25052021184749.jpg?fit=1024%2C576&ssl=1&resize=525%2C300 1.5x, https:\/\/i0.wp.com\/noticiasribeiraopreto.com.br\/wp-content\/uploads\/2024\/04\/policia_qru_1024x576_25052021184749.jpg?fit=1024%2C576&ssl=1&resize=700%2C400 2x"},"classes":[]},{"id":33906,"url":"https:\/\/noticiasribeiraopreto.com.br\/index.php\/2024\/01\/31\/furto-de-fios-interrompe-funcionamento-de-semaforos-na-zona-norte-de-ribeirao\/","url_meta":{"origin":40034,"position":5},"title":"Furto de fios interrompe funcionamento de sem\u00e1foros na zona Norte de Ribeir\u00e3o","author":"noticiasribeiraopreto.com.br","date":"31 de January de 2024","format":false,"excerpt":"O furto de fios de energia el\u00e9trica prejudicou o funcionamento de sem\u00e1foros na manh\u00e3 desta quarta-feira (31), no bairro Ipiranga, zona Norte de Ribeir\u00e3o Preto. O problema ocorre nos seguintes cruzamentos: rua Rio Maroni com rua Porto Seguro, Rio Maroni com General C\u00e2mara e Rio Maroni com Tapaj\u00f3s. A RP\u2026","rel":"","context":"In &quot;Not\u00edcias de Ribeir\u00e3o Preto-SP e Regi\u00e3o&quot;","block_context":{"text":"Not\u00edcias de Ribeir\u00e3o Preto-SP e Regi\u00e3o","link":"https:\/\/noticiasribeiraopreto.com.br\/index.php\/category\/noticias-de-ribeirao-preto-sp-e-regiao-ismael-colosi\/"},"img":{"alt_text":"","src":"https:\/\/i0.wp.com\/noticiasribeiraopreto.com.br\/wp-content\/uploads\/2024\/01\/SEMAFORO.jpg?fit=1200%2C671&ssl=1&resize=350%2C200","width":350,"height":200,"srcset":"https:\/\/i0.wp.com\/noticiasribeiraopreto.com.br\/wp-content\/uploads\/2024\/01\/SEMAFORO.jpg?fit=1200%2C671&ssl=1&resize=350%2C200 1x, https:\/\/i0.wp.com\/noticiasribeiraopreto.com.br\/wp-content\/uploads\/2024\/01\/SEMAFORO.jpg?fit=1200%2C671&ssl=1&resize=525%2C300 1.5x, https:\/\/i0.wp.com\/noticiasribeiraopreto.com.br\/wp-content\/uploads\/2024\/01\/SEMAFORO.jpg?fit=1200%2C671&ssl=1&resize=700%2C400 2x, https:\/\/i0.wp.com\/noticiasribeiraopreto.com.br\/wp-content\/uploads\/2024\/01\/SEMAFORO.jpg?fit=1200%2C671&ssl=1&resize=1050%2C600 3x"},"classes":[]}],"jetpack_sharing_enabled":true,"jetpack_shortlink":"https:\/\/wp.me\/peQAOb-apI","_links":{"self":[{"href":"https:\/\/noticiasribeiraopreto.com.br\/index.php\/wp-json\/wp\/v2\/posts\/40034","targetHints":{"allow":["GET"]}}],"collection":[{"href":"https:\/\/noticiasribeiraopreto.com.br\/index.php\/wp-json\/wp\/v2\/posts"}],"about":[{"href":"https:\/\/noticiasribeiraopreto.com.br\/index.php\/wp-json\/wp\/v2\/types\/post"}],"author":[{"embeddable":true,"href":"https:\/\/noticiasribeiraopreto.com.br\/index.php\/wp-json\/wp\/v2\/users\/1"}],"replies":[{"embeddable":true,"href":"https:\/\/noticiasribeiraopreto.com.br\/index.php\/wp-json\/wp\/v2\/comments?post=40034"}],"version-history":[{"count":0,"href":"https:\/\/noticiasribeiraopreto.com.br\/index.php\/wp-json\/wp\/v2\/posts\/40034\/revisions"}],"wp:featuredmedia":[{"embeddable":true,"href":"https:\/\/noticiasribeiraopreto.com.br\/index.php\/wp-json\/wp\/v2\/media\/40016"}],"wp:attachment":[{"href":"https:\/\/noticiasribeiraopreto.com.br\/index.php\/wp-json\/wp\/v2\/media?parent=40034"}],"wp:term":[{"taxonomy":"category","embeddable":true,"href":"https:\/\/noticiasribeiraopreto.com.br\/index.php\/wp-json\/wp\/v2\/categories?post=40034"},{"taxonomy":"post_tag","embeddable":true,"href":"https:\/\/noticiasribeiraopreto.com.br\/index.php\/wp-json\/wp\/v2\/tags?post=40034"}],"curies":[{"name":"wp","href":"https:\/\/api.w.org\/{rel}","templated":true}]}}