{"id":40134,"date":"2024-03-01T10:55:38","date_gmt":"2024-03-01T13:55:38","guid":{"rendered":"https:\/\/noticiasribeiraopreto.com.br\/index.php\/2024\/03\/01\/prefeitura-aprova-novo-bairro-em-vazio-urbano-de-ribeirao-preto-veja-o-local\/"},"modified":"2024-03-01T10:55:38","modified_gmt":"2024-03-01T13:55:38","slug":"prefeitura-aprova-novo-bairro-em-vazio-urbano-de-ribeirao-preto-veja-o-local","status":"publish","type":"post","link":"https:\/\/noticiasribeiraopreto.com.br\/index.php\/2024\/03\/01\/prefeitura-aprova-novo-bairro-em-vazio-urbano-de-ribeirao-preto-veja-o-local\/","title":{"rendered":"Prefeitura aprova novo bairro em vazio urbano de Ribeir\u00e3o Preto; Veja o local"},"content":{"rendered":"<div class='code-block code-block-1' style='margin: 8px 0 8px auto; text-align: right; display: block; clear: both;'>\n<p><a href=\"https:\/\/wa.link\/vpicfd\"><img data-recalc-dims=\"1\" class=\"wp-image-4922\" style=\"aspect-ratio: 2.0253164556962027; width: 561px; height: auto;\" src=\"https:\/\/i0.wp.com\/ismaelcolosi.com.br\/wp-content\/uploads\/2023\/11\/grupo-de-empregos-whatsapp-e-facebook-ismael-colosi-vagas.jpg?ssl=1\" alt=\"\" \/><\/a><\/p>\n<!-- \/wp:image -->\n<\/div>\n<p> <br \/>\n<\/p>\n<div data-td-block-uid=\"tdi_101\">\n<div class=\"tdb-block-inner td-fix-index\">\n<p>A <strong><a href=\"https:\/\/www.ribeiraopreto.sp.gov.br\/portal\/\" target=\"_blank\" rel=\"noreferrer noopener nofollow\">Prefeitura de Ribeir\u00e3o Preto<\/a><\/strong> aprovou a constru\u00e7\u00e3o de um novo bairro em um vazio urbano na regi\u00e3o do Ribeir\u00e3o Verde, na zona Leste. A aprova\u00e7\u00e3o do loteamento <strong>Jardim Morada do Verde<\/strong>, foi publicada na edi\u00e7\u00e3o de quinta-feira (29) do<strong> Di\u00e1rio Oficial do Munic\u00edpio<\/strong>.<\/p>\n<p>De acordo com o documento, o loteamento tem frente para a <strong>avenida Doutor Fernando Mendes Garcia. <\/strong>O empreendimento \u00e9 composto por 741 lotes de uso residencial com \u00e1reas entre 140 metros a 303,01 metros, distribu\u00eddos em 19 quadras.<\/p>\n<p><mark style=\"background-color:#fcb900\" class=\"has-inline-color has-black-color\">A popula\u00e7\u00e3o estimada do novo bairro \u00e9 de 3.705 habitantes.<\/mark> O loteamento conta com \u00e1rea total de 332.774,16 metros quadrados, sendo que 222.935,14 metros quadrados s\u00e3o destinados \u00e0s \u00e1reas p\u00fablicas.<\/p>\n<p>O documento informa que o prazo total previsto para conclus\u00e3o da infraestrutura da \u00e1rea ser\u00e1 de 48 meses, conforme previsto no cronograma f\u00edsico financeiro de execu\u00e7\u00e3o das obras de infraestrutura e paisagismo.<\/p>\n<p>SAIBA MAIS<br \/>Ribeir\u00e3o Preto abre inscri\u00e7\u00e3o para programa de inova\u00e7\u00e3o para empresas<\/p>\n<h4 class=\"wp-block-heading\"><strong>FIQUE ON<\/strong><\/h4>\n<p>Fique ligado em tudo que acontece em Ribeir\u00e3o Preto e regi\u00e3o. Siga os perfis do <strong>acidade on<\/strong> no <a href=\"https:\/\/www.instagram.com\/acidadeonribeirao\" target=\"_blank\" rel=\"noreferrer noopener nofollow\">Instagram <\/a>e no <a href=\"https:\/\/www.facebook.com\/acidadeonribeirao\" target=\"_blank\" rel=\"noreferrer noopener nofollow\">Facebook<\/a>.<\/p>\n<p>Receba not\u00edcias do <strong>acidade on <\/strong>no WhatsApp.<a href=\"https:\/\/chat.whatsapp.com\/Bnv2w66ZT4VDyZW3oiZ69n\" target=\"_blank\" rel=\"noreferrer noopener nofollow\"> Para entrar no grupo, basta clicar aqui.<\/a><\/p>\n<p>Fa\u00e7a uma den\u00fancia ou sugira uma reportagem sobre Ribeir\u00e3o Preto e regi\u00e3o pelo WhatsApp: 16 99117 7802.<\/p>\n<p>VEJA TAMB\u00c9M<br \/>Quem Lucas vai votar no BBB 24?<\/p>\n<p><!-- AI CONTENT END 1 -->\n<\/div>\n<\/div>\n<p><script async src=\"\/\/www.instagram.com\/embed.js\"><\/script><br \/>\n<br \/><br \/>\n<br \/><a href=\"https:\/\/www.acidadeon.com\/ribeiraopreto\/cotidiano\/prefeitura-aprova-novo-bairro-em-vazio-urbano-de-ribeirao-preto-veja-o-local\/\">Source link <\/a><\/p>\n<!-- CONTENT END 1 -->\n","protected":false},"excerpt":{"rendered":"<p>A Prefeitura de Ribeir\u00e3o Preto aprovou a constru\u00e7\u00e3o de um novo bairro em um vazio urbano na regi\u00e3o do Ribeir\u00e3o Verde, na zona Leste. A&#8230;<\/p>\n","protected":false},"author":1,"featured_media":40135,"comment_status":"open","ping_status":"open","sticky":false,"template":"","format":"standard","meta":{"advanced_seo_description":"","jetpack_seo_html_title":"","jetpack_seo_noindex":false,"jetpack_post_was_ever_published":false,"_jetpack_newsletter_access":"","_jetpack_dont_email_post_to_subs":false,"_jetpack_newsletter_tier_id":0,"_jetpack_memberships_contains_paywalled_content":false,"_jetpack_memberships_contains_paid_content":false,"footnotes":"","jetpack_publicize_message":"","jetpack_publicize_feature_enabled":true,"jetpack_social_post_already_shared":true,"jetpack_social_options":{"image_generator_settings":{"template":"highway","default_image_id":0,"font":"","enabled":false},"version":2}},"categories":[11],"tags":[],"class_list":["post-40134","post","type-post","status-publish","format-standard","has-post-thumbnail","hentry","category-noticias-de-ribeirao-preto-sp-e-regiao-ismael-colosi"],"jetpack_publicize_connections":[],"jetpack_featured_media_url":"https:\/\/i0.wp.com\/noticiasribeiraopreto.com.br\/wp-content\/uploads\/2024\/03\/AnyConv.com__ribeirao-preto.webp.webp?fit=870%2C704&ssl=1","jetpack-related-posts":[{"id":2783,"url":"https:\/\/noticiasribeiraopreto.com.br\/index.php\/2023\/11\/16\/vazio-urbano-em-ribeirao-preto-vai-virar-bairro-com-8-mil-moradores-veja-o-local\/","url_meta":{"origin":40134,"position":0},"title":"Vazio urbano em Ribeir\u00e3o Preto vai virar bairro com 8 mil moradores; Veja o local","author":"noticiasribeiraopreto.com.br","date":"16 de November de 2023","format":false,"excerpt":"A Prefeitura de Ribeir\u00e3o Preto aprovou o loteamento Parque Adria, que ser\u00e1 constru\u00eddo em um terreno na zona Leste da cidade. De acordo com o decreto que libera a constru\u00e7\u00e3o do novo bairro, a popula\u00e7\u00e3o estimada para o empreendimento \u00e9 de 8.157 moradores. O loteamento ocupa uma \u00e1rea na avenida\u2026","rel":"","context":"In &quot;Not\u00edcias de Ribeir\u00e3o Preto-SP e Regi\u00e3o&quot;","block_context":{"text":"Not\u00edcias de Ribeir\u00e3o Preto-SP e Regi\u00e3o","link":"https:\/\/noticiasribeiraopreto.com.br\/index.php\/category\/noticias-de-ribeirao-preto-sp-e-regiao-ismael-colosi\/"},"img":{"alt_text":"","src":"https:\/\/i0.wp.com\/noticiasribeiraopreto.com.br\/wp-content\/uploads\/2023\/11\/avenida-henry-nestle-ribeirao-preto.jpg?fit=1028%2C574&ssl=1&resize=350%2C200","width":350,"height":200,"srcset":"https:\/\/i0.wp.com\/noticiasribeiraopreto.com.br\/wp-content\/uploads\/2023\/11\/avenida-henry-nestle-ribeirao-preto.jpg?fit=1028%2C574&ssl=1&resize=350%2C200 1x, https:\/\/i0.wp.com\/noticiasribeiraopreto.com.br\/wp-content\/uploads\/2023\/11\/avenida-henry-nestle-ribeirao-preto.jpg?fit=1028%2C574&ssl=1&resize=525%2C300 1.5x, https:\/\/i0.wp.com\/noticiasribeiraopreto.com.br\/wp-content\/uploads\/2023\/11\/avenida-henry-nestle-ribeirao-preto.jpg?fit=1028%2C574&ssl=1&resize=700%2C400 2x"},"classes":[]},{"id":57854,"url":"https:\/\/noticiasribeiraopreto.com.br\/index.php\/2024\/09\/12\/prefeitura-aprova-novo-bairro-em-ribeirao-preto-veja-o-local\/","url_meta":{"origin":40134,"position":1},"title":"Prefeitura aprova novo bairro em Ribeir\u00e3o Preto; Veja o local","author":"noticiasribeiraopreto.com.br","date":"12 de September de 2024","format":false,"excerpt":"A Prefeitura de Ribeir\u00e3o Preto publicou na edi\u00e7\u00e3o de quarta-feira (11) do Di\u00e1rio Oficial do Munic\u00edpio decreto que aprova o loteamento Jardim Tropical, pr\u00f3ximo ao Parque das Oliveiras. De acordo com o documento, o novo bairro ter\u00e1 popula\u00e7\u00e3o estimada de 2.435 moradores. O decreto informa que o novo bairro ser\u00e1\u2026","rel":"","context":"In &quot;Not\u00edcias de Ribeir\u00e3o Preto-SP e Regi\u00e3o&quot;","block_context":{"text":"Not\u00edcias de Ribeir\u00e3o Preto-SP e Regi\u00e3o","link":"https:\/\/noticiasribeiraopreto.com.br\/index.php\/category\/noticias-de-ribeirao-preto-sp-e-regiao-ismael-colosi\/"},"img":{"alt_text":"","src":"https:\/\/i0.wp.com\/noticiasribeiraopreto.com.br\/wp-content\/uploads\/2024\/09\/satelite-ribeirao-preto_2024-09-12_12-55-40_jpg_2024-09-12_12-55-41.webp.webp?fit=818%2C625&ssl=1&resize=350%2C200","width":350,"height":200,"srcset":"https:\/\/i0.wp.com\/noticiasribeiraopreto.com.br\/wp-content\/uploads\/2024\/09\/satelite-ribeirao-preto_2024-09-12_12-55-40_jpg_2024-09-12_12-55-41.webp.webp?fit=818%2C625&ssl=1&resize=350%2C200 1x, https:\/\/i0.wp.com\/noticiasribeiraopreto.com.br\/wp-content\/uploads\/2024\/09\/satelite-ribeirao-preto_2024-09-12_12-55-40_jpg_2024-09-12_12-55-41.webp.webp?fit=818%2C625&ssl=1&resize=525%2C300 1.5x, https:\/\/i0.wp.com\/noticiasribeiraopreto.com.br\/wp-content\/uploads\/2024\/09\/satelite-ribeirao-preto_2024-09-12_12-55-40_jpg_2024-09-12_12-55-41.webp.webp?fit=818%2C625&ssl=1&resize=700%2C400 2x"},"classes":[]},{"id":71482,"url":"https:\/\/noticiasribeiraopreto.com.br\/index.php\/2025\/06\/06\/novo-bairro-e-aprovado-em-ribeirao-preto-projeto-preve-duplicacao-de-avenida\/","url_meta":{"origin":40134,"position":2},"title":"Novo bairro \u00e9 aprovado em Ribeir\u00e3o Preto; projeto prev\u00ea duplica\u00e7\u00e3o de avenida","author":"noticiasribeiraopreto.com.br","date":"6 de June de 2025","format":false,"excerpt":"O prefeito de Ribeir\u00e3o Preto, Ricardo Silva (PSD), aprovou um novo bairro na zona Leste, com estimativa de receber at\u00e9 2.540 moradores. O loteamento Nova It\u00e1lia ficar\u00e1 em frente \u00e0 avenida Alfredo Ravanelli, no subsetor Leste 11. De acordo com o decreto publicado no Di\u00e1rio Oficial do Munic\u00edpio na \u00faltima\u2026","rel":"","context":"In &quot;Not\u00edcias de Ribeir\u00e3o Preto-SP e Regi\u00e3o&quot;","block_context":{"text":"Not\u00edcias de Ribeir\u00e3o Preto-SP e Regi\u00e3o","link":"https:\/\/noticiasribeiraopreto.com.br\/index.php\/category\/noticias-de-ribeirao-preto-sp-e-regiao-ismael-colosi\/"},"img":{"alt_text":"","src":"https:\/\/i0.wp.com\/noticiasribeiraopreto.com.br\/wp-content\/uploads\/2025\/06\/alfredo-ravanelli_2025-06-06_13-31-18.webp.webp?fit=1097%2C605&ssl=1&resize=350%2C200","width":350,"height":200,"srcset":"https:\/\/i0.wp.com\/noticiasribeiraopreto.com.br\/wp-content\/uploads\/2025\/06\/alfredo-ravanelli_2025-06-06_13-31-18.webp.webp?fit=1097%2C605&ssl=1&resize=350%2C200 1x, https:\/\/i0.wp.com\/noticiasribeiraopreto.com.br\/wp-content\/uploads\/2025\/06\/alfredo-ravanelli_2025-06-06_13-31-18.webp.webp?fit=1097%2C605&ssl=1&resize=525%2C300 1.5x, https:\/\/i0.wp.com\/noticiasribeiraopreto.com.br\/wp-content\/uploads\/2025\/06\/alfredo-ravanelli_2025-06-06_13-31-18.webp.webp?fit=1097%2C605&ssl=1&resize=700%2C400 2x, https:\/\/i0.wp.com\/noticiasribeiraopreto.com.br\/wp-content\/uploads\/2025\/06\/alfredo-ravanelli_2025-06-06_13-31-18.webp.webp?fit=1097%2C605&ssl=1&resize=1050%2C600 3x"},"classes":[]},{"id":48217,"url":"https:\/\/noticiasribeiraopreto.com.br\/index.php\/2024\/05\/01\/prefeitura-de-ribeirao-preto-aprova-loteamento-no-distrito-de-bonfim-paulista\/","url_meta":{"origin":40134,"position":3},"title":"Prefeitura de Ribeir\u00e3o Preto aprova loteamento no distrito de Bonfim Paulista","author":"noticiasribeiraopreto.com.br","date":"1 de May de 2024","format":false,"excerpt":"A Prefeitura de Ribeir\u00e3o Preto aprovou a constru\u00e7\u00e3o do loteamento Reserva Romana, no distrito de Bonfim Paulista. O empreendimento ter\u00e1 122,6 mil metros quadrados, dividido em 13 lotes de uso misto, com popula\u00e7\u00e3o estimada de 7.480 moradores. O novo bairro vai ficar na rua Lilian Silvana Perilli de P\u00e1dua, pr\u00f3ximo\u2026","rel":"","context":"In &quot;Not\u00edcias de Ribeir\u00e3o Preto-SP e Regi\u00e3o&quot;","block_context":{"text":"Not\u00edcias de Ribeir\u00e3o Preto-SP e Regi\u00e3o","link":"https:\/\/noticiasribeiraopreto.com.br\/index.php\/category\/noticias-de-ribeirao-preto-sp-e-regiao-ismael-colosi\/"},"img":{"alt_text":"","src":"https:\/\/i0.wp.com\/noticiasribeiraopreto.com.br\/wp-content\/uploads\/2024\/05\/AnyConv.com__loteamento-ribeirao-preto.webp.webp?fit=794%2C678&ssl=1&resize=350%2C200","width":350,"height":200,"srcset":"https:\/\/i0.wp.com\/noticiasribeiraopreto.com.br\/wp-content\/uploads\/2024\/05\/AnyConv.com__loteamento-ribeirao-preto.webp.webp?fit=794%2C678&ssl=1&resize=350%2C200 1x, https:\/\/i0.wp.com\/noticiasribeiraopreto.com.br\/wp-content\/uploads\/2024\/05\/AnyConv.com__loteamento-ribeirao-preto.webp.webp?fit=794%2C678&ssl=1&resize=525%2C300 1.5x, https:\/\/i0.wp.com\/noticiasribeiraopreto.com.br\/wp-content\/uploads\/2024\/05\/AnyConv.com__loteamento-ribeirao-preto.webp.webp?fit=794%2C678&ssl=1&resize=700%2C400 2x"},"classes":[]},{"id":61322,"url":"https:\/\/noticiasribeiraopreto.com.br\/index.php\/2024\/12\/09\/prefeitura-quer-incluir-novos-enderecos-na-cobranca-do-iptu-em-ribeirao-veja-os-locais\/","url_meta":{"origin":40134,"position":4},"title":"Prefeitura quer incluir novos endere\u00e7os na cobran\u00e7a do IPTU em Ribeir\u00e3o; Veja os locais","author":"noticiasribeiraopreto.com.br","date":"9 de December de 2024","format":false,"excerpt":"A Prefeitura de Ribeir\u00e3o Preto enviou para C\u00e2mara Municipal um projeto de lei complementar que inclui novas \u00e1reas urbanas na PGV (Planta Gen\u00e9rica de Valores), respons\u00e1vel por fixar o valor do metro quadrado dos im\u00f3veis, que \u00e9 utilizado no c\u00e1lculo do IPTU (Imposto Predial e Territorial Urbano). Segundo a prefeitura,\u2026","rel":"","context":"In &quot;Not\u00edcias de Ribeir\u00e3o Preto-SP e Regi\u00e3o&quot;","block_context":{"text":"Not\u00edcias de Ribeir\u00e3o Preto-SP e Regi\u00e3o","link":"https:\/\/noticiasribeiraopreto.com.br\/index.php\/category\/noticias-de-ribeirao-preto-sp-e-regiao-ismael-colosi\/"},"img":{"alt_text":"","src":"https:\/\/i0.wp.com\/noticiasribeiraopreto.com.br\/wp-content\/uploads\/2024\/12\/WhatsApp-Image-2023-11-30-at-16.22.28.jpeg?fit=1200%2C847&ssl=1&resize=350%2C200","width":350,"height":200,"srcset":"https:\/\/i0.wp.com\/noticiasribeiraopreto.com.br\/wp-content\/uploads\/2024\/12\/WhatsApp-Image-2023-11-30-at-16.22.28.jpeg?fit=1200%2C847&ssl=1&resize=350%2C200 1x, https:\/\/i0.wp.com\/noticiasribeiraopreto.com.br\/wp-content\/uploads\/2024\/12\/WhatsApp-Image-2023-11-30-at-16.22.28.jpeg?fit=1200%2C847&ssl=1&resize=525%2C300 1.5x, https:\/\/i0.wp.com\/noticiasribeiraopreto.com.br\/wp-content\/uploads\/2024\/12\/WhatsApp-Image-2023-11-30-at-16.22.28.jpeg?fit=1200%2C847&ssl=1&resize=700%2C400 2x, https:\/\/i0.wp.com\/noticiasribeiraopreto.com.br\/wp-content\/uploads\/2024\/12\/WhatsApp-Image-2023-11-30-at-16.22.28.jpeg?fit=1200%2C847&ssl=1&resize=1050%2C600 3x"},"classes":[]},{"id":69948,"url":"https:\/\/noticiasribeiraopreto.com.br\/index.php\/2025\/05\/21\/prefeitura-de-ribeirao-aprova-novo-bairro-para-45-mil-moradores-na-zona-leste\/","url_meta":{"origin":40134,"position":5},"title":"Prefeitura de Ribeir\u00e3o aprova novo bairro para 4,5 mil moradores na zona Leste","author":"noticiasribeiraopreto.com.br","date":"21 de May de 2025","format":false,"excerpt":"A Prefeitura de Ribeir\u00e3o Preto publicou decreto que autoriza um novo bairro para 4,5 mil moradores na zona Leste. O decreto foi publicado no DOM (Di\u00e1rio Oficial do Munic\u00edpio) da \u00faltima ter\u00e7a-feira (21). Segundo o documento, o novo bairro vai se chamar Jardim Solare tem frente para rua Heron Domingues\u2026","rel":"","context":"In &quot;Not\u00edcias de Ribeir\u00e3o Preto-SP e Regi\u00e3o&quot;","block_context":{"text":"Not\u00edcias de Ribeir\u00e3o Preto-SP e Regi\u00e3o","link":"https:\/\/noticiasribeiraopreto.com.br\/index.php\/category\/noticias-de-ribeirao-preto-sp-e-regiao-ismael-colosi\/"},"img":{"alt_text":"","src":"https:\/\/i0.wp.com\/noticiasribeiraopreto.com.br\/wp-content\/uploads\/2025\/05\/jardim-solare_2025-05-21_17-00-32.webp.webp?fit=1065%2C708&ssl=1&resize=350%2C200","width":350,"height":200,"srcset":"https:\/\/i0.wp.com\/noticiasribeiraopreto.com.br\/wp-content\/uploads\/2025\/05\/jardim-solare_2025-05-21_17-00-32.webp.webp?fit=1065%2C708&ssl=1&resize=350%2C200 1x, https:\/\/i0.wp.com\/noticiasribeiraopreto.com.br\/wp-content\/uploads\/2025\/05\/jardim-solare_2025-05-21_17-00-32.webp.webp?fit=1065%2C708&ssl=1&resize=525%2C300 1.5x, https:\/\/i0.wp.com\/noticiasribeiraopreto.com.br\/wp-content\/uploads\/2025\/05\/jardim-solare_2025-05-21_17-00-32.webp.webp?fit=1065%2C708&ssl=1&resize=700%2C400 2x, https:\/\/i0.wp.com\/noticiasribeiraopreto.com.br\/wp-content\/uploads\/2025\/05\/jardim-solare_2025-05-21_17-00-32.webp.webp?fit=1065%2C708&ssl=1&resize=1050%2C600 3x"},"classes":[]}],"jetpack_sharing_enabled":true,"jetpack_shortlink":"https:\/\/wp.me\/peQAOb-ark","_links":{"self":[{"href":"https:\/\/noticiasribeiraopreto.com.br\/index.php\/wp-json\/wp\/v2\/posts\/40134","targetHints":{"allow":["GET"]}}],"collection":[{"href":"https:\/\/noticiasribeiraopreto.com.br\/index.php\/wp-json\/wp\/v2\/posts"}],"about":[{"href":"https:\/\/noticiasribeiraopreto.com.br\/index.php\/wp-json\/wp\/v2\/types\/post"}],"author":[{"embeddable":true,"href":"https:\/\/noticiasribeiraopreto.com.br\/index.php\/wp-json\/wp\/v2\/users\/1"}],"replies":[{"embeddable":true,"href":"https:\/\/noticiasribeiraopreto.com.br\/index.php\/wp-json\/wp\/v2\/comments?post=40134"}],"version-history":[{"count":0,"href":"https:\/\/noticiasribeiraopreto.com.br\/index.php\/wp-json\/wp\/v2\/posts\/40134\/revisions"}],"wp:featuredmedia":[{"embeddable":true,"href":"https:\/\/noticiasribeiraopreto.com.br\/index.php\/wp-json\/wp\/v2\/media\/40135"}],"wp:attachment":[{"href":"https:\/\/noticiasribeiraopreto.com.br\/index.php\/wp-json\/wp\/v2\/media?parent=40134"}],"wp:term":[{"taxonomy":"category","embeddable":true,"href":"https:\/\/noticiasribeiraopreto.com.br\/index.php\/wp-json\/wp\/v2\/categories?post=40134"},{"taxonomy":"post_tag","embeddable":true,"href":"https:\/\/noticiasribeiraopreto.com.br\/index.php\/wp-json\/wp\/v2\/tags?post=40134"}],"curies":[{"name":"wp","href":"https:\/\/api.w.org\/{rel}","templated":true}]}}