{"id":40172,"date":"2024-03-01T13:09:01","date_gmt":"2024-03-01T16:09:01","guid":{"rendered":"https:\/\/noticiasribeiraopreto.com.br\/index.php\/2024\/03\/01\/abrasmercado-tem-inflacao-de-140\/"},"modified":"2024-03-01T13:09:01","modified_gmt":"2024-03-01T16:09:01","slug":"abrasmercado-tem-inflacao-de-140","status":"publish","type":"post","link":"https:\/\/noticiasribeiraopreto.com.br\/index.php\/2024\/03\/01\/abrasmercado-tem-inflacao-de-140\/","title":{"rendered":"Abrasmercado tem infla\u00e7\u00e3o de 1,40% \u00a0"},"content":{"rendered":"<div class='code-block code-block-1' style='margin: 8px 0 8px auto; text-align: right; display: block; clear: both;'>\n<p><a href=\"https:\/\/wa.link\/vpicfd\"><img data-recalc-dims=\"1\" class=\"wp-image-4922\" style=\"aspect-ratio: 2.0253164556962027; width: 561px; height: auto;\" src=\"https:\/\/i0.wp.com\/ismaelcolosi.com.br\/wp-content\/uploads\/2023\/11\/grupo-de-empregos-whatsapp-e-facebook-ismael-colosi-vagas.jpg?ssl=1\" alt=\"\" \/><\/a><\/p>\n<!-- \/wp:image -->\n<\/div>\n<p> <br \/>\n<\/p>\n<div>\n<p><span data-contrast=\"auto\">A Abrasmercado \u2013 indicador que mede a varia\u00e7\u00e3o de pre\u00e7os nos supermercados \u2013, cesta composta por 35 produtos de largo consumo, dentre eles alimentos, bebidas, carnes, produtos de limpeza, itens de higiene e beleza, subiu 1,40% na passagem de dezembro para janeiro, de R$ 722,57 para R$ 732,69, acr\u00e9scimo de R$ 10,12.<\/span><\/p>\n<p><span data-contrast=\"auto\">\u00c9 o maior valor desde o \u00faltimo m\u00eas de junho (R$ 741,23). Em compara\u00e7\u00e3o com os R$ 754,98 de janeiro do ano passado, a queda chega a 2,95%, desconto de R$ 22,29. Em doze meses, em rela\u00e7\u00e3o aos R$ 752,04 de fevereiro de 2023, a defla\u00e7\u00e3o \u00e9 de 2,57%, abatimento de R$ 19,35. A cesta mais barata no per\u00edodo foi constatada em setembro (R$ 705,21)<\/span><\/p>\n<p><b><span data-contrast=\"auto\">Evolu\u00e7\u00e3o \u2013<\/span><\/b><span data-contrast=\"auto\"> Fechou o ano passado com defla\u00e7\u00e3o de 4,22% em doze meses, maior queda anual registrada desde 2017, quando ficou em -7,05%. Em dezembro, registrou infla\u00e7\u00e3o de 1,35% em rela\u00e7\u00e3o a novembro, saltando de R$ 712,94 para R$ 722,57, acr\u00e9scimo de R$ 9,63. A pesquisa \u00e9 elaborada e divulgada pela Associa\u00e7\u00e3o Brasileira de Supermercados (Abras). <\/span><\/p>\n<p><b><span data-contrast=\"auto\">Fatores \u2013 <\/span><\/b><span data-contrast=\"auto\">Na cesta de itens b\u00e1sicos as principais altas vieram do feij\u00e3o (+9,70%), do arroz (+6,39%), do \u00f3leo de soja (+2,84%), da farinha de mandioca (+2,27%), a\u00e7\u00facar refinado (+0,85%), do caf\u00e9 torrado e mo\u00eddo (+0,80%), do leite longa vida (+0,71%). <\/span><\/p>\n<p><span data-contrast=\"auto\">Dos produtos da cesta de hortifruti, que vem sendo impactada por redu\u00e7\u00e3o na oferta devido a problemas clim\u00e1ticos, as principais altas foram batata (+29,45%) e tomate (+2,96%).J\u00e1 a queda foi puxada por cebola (-5,57%). Na cesta de prote\u00edna animal os recuos vieram da carne bovina \u2013 cortes do dianteiro (-2,02%) e do ovo (-1,81%).\u00a0 <\/span><\/p>\n<p><span data-contrast=\"auto\">O pre\u00e7o do pernil registrou estabilidade no m\u00eas. No acumulado de doze meses o corte su\u00edno registra queda de -2,74%. Dentre os l\u00e1cteos as principais quedas foram leite em p\u00f3 integral (-0,48%), margarina cremosa (-0,94%). As altas foram registradas nos queijos mu\u00e7arela e prato (+0,95%).<\/span><\/p>\n<p><span data-contrast=\"auto\">Na categoria de higiene e beleza, o recuo foi registrado em papel higi\u00eanico (-0,97%). As demais varia\u00e7\u00f5es foram: creme dental (+0,46%), xampu (+0,42%), sabonete (+0,24%). Na cesta de limpeza houve retra\u00e7\u00e3o em \u00e1gua sanit\u00e1ria (-0,90%) e sab\u00e3o em p\u00f3 (-0,59%). As altas foram registradas em detergente l\u00edquido para lou\u00e7as (+0,48%) e desinfetante (+0,22%).<\/span><\/p>\n<p><b><span data-contrast=\"none\">B\u00e1sicos <\/span><\/b><b><span data-contrast=\"auto\">\u2013 <\/span><\/b><span data-contrast=\"auto\">Na cesta de alimentos b\u00e1sicos (que monitora doze produtos), a infla\u00e7\u00e3o registrada foi de infla\u00e7\u00e3o de 1,28% em janeiro, passando de R$ 302,24 para R$ 306,11, acr\u00e9scimo de R$ 3,87. Na compara\u00e7\u00e3o anual, em rela\u00e7\u00e3o aos R$ 318,35 de janeiro de 2023, a defla\u00e7\u00e3o chega a 3,84%, abatimento de R$ 12,24. <\/span><\/p>\n<p><span data-contrast=\"auto\">Em doze meses, em rela\u00e7\u00e3o aos R$ 320,22 de fevereiro do ano passado, a defla\u00e7\u00e3o acumulada chega a 4,41%, ante 4,82% at\u00e9 dezembro. S\u00e3o R$ 14,11 a menos. Havia subido 1,45% no m\u00eas anterior contra os R$ 297,92 de novembro, aporte de R$ 4,32. O valor mais baixo em doze meses pertence a outubro (R$ 296,09). O mais alto \u00e9 de abril (R$ 322,46).<\/span><\/p>\n<p><span data-contrast=\"auto\">A principais altas de pre\u00e7os em janeiro foram registradas em feij\u00e3o (+9,70%), arroz (+6,39%), do \u00f3leo de soja (+2,84%), farinha de mandioca (+2,27%), a\u00e7\u00facar refinado (+0,85%), caf\u00e9 torrado e mo\u00eddo (+0,80%), leite longa vida (+0,71%), massa s\u00eamola de espaguete (+0,12%). Dentre as quedas est\u00e3o farinha de trigo (-1,78%), a carne bovina \u2013 corte do dianteiro (-2,02%) e margarina cremosa (-0,94%).<\/span><span data-ccp-props=\"{&quot;201341983&quot;:0,&quot;335559739&quot;:200,&quot;335559740&quot;:276}\">\u00a0<\/span><\/p>\n<p><b><span data-contrast=\"auto\">Sudeste \u2013 <\/span><\/b><span data-contrast=\"auto\">Na Regi\u00e3o Sudeste, subiu de R$ 732,67 em dezembro para R$ 742,73 em janeiro, acr\u00e9scimo de R$ 10,06 e alta de 1,37%. No primeiro bimestre deste ano, segundo a Abras, o setor abriu 41 novas lojas no pa\u00eds, sendo que 34 s\u00e3o novas e sete foram reinauguradas.<\/span><\/p>\n<p><span data-contrast=\"auto\">Dentre as novas lojas, 21 s\u00e3o supermercados e 13, atacarejos. Em 2023, o setor supermercadista aportou recursos em 158 lojas a mais do que no ano anterior encerrando o per\u00edodo com 666 lojas, sendo 382 novas e 284 reinauguradas. <\/span><\/p>\n<p><span data-contrast=\"auto\">Os formatos reinaugurados somam 117 lojas a mais do que no ano anterior (167 lojas). Registra-se ainda um crescimento maior do formato supermercado (220 lojas) em rela\u00e7\u00e3o ao atacarejo (162) na compara\u00e7\u00e3o com o ano anterior. Em 2022, foram inaugurados 174 supermercados e 167 atacarejos.<\/span><\/p>\n<\/div>\n<p><br \/>\n<br \/><a href=\"https:\/\/www.tribunaribeirao.com.br\/site\/abrasmercado-tem-inflacao-de-140\/\">Source link <\/a><\/p>\n<!-- CONTENT END 1 -->\n","protected":false},"excerpt":{"rendered":"<p>A Abrasmercado \u2013 indicador que mede a varia\u00e7\u00e3o de pre\u00e7os nos supermercados \u2013, cesta composta por 35 produtos de largo consumo, dentre eles alimentos, bebidas,&#8230;<\/p>\n","protected":false},"author":1,"featured_media":40173,"comment_status":"open","ping_status":"open","sticky":false,"template":"","format":"standard","meta":{"advanced_seo_description":"","jetpack_seo_html_title":"","jetpack_seo_noindex":false,"jetpack_post_was_ever_published":false,"_jetpack_newsletter_access":"","_jetpack_dont_email_post_to_subs":false,"_jetpack_newsletter_tier_id":0,"_jetpack_memberships_contains_paywalled_content":false,"_jetpack_memberships_contains_paid_content":false,"footnotes":"","jetpack_publicize_message":"","jetpack_publicize_feature_enabled":true,"jetpack_social_post_already_shared":true,"jetpack_social_options":{"image_generator_settings":{"template":"highway","default_image_id":0,"font":"","enabled":false},"version":2}},"categories":[11],"tags":[3878,510,162],"class_list":["post-40172","post","type-post","status-publish","format-standard","has-post-thumbnail","hentry","category-noticias-de-ribeirao-preto-sp-e-regiao-ismael-colosi","tag-abrasmercado","tag-inflacao","tag-tem"],"jetpack_publicize_connections":[],"jetpack_featured_media_url":"https:\/\/i0.wp.com\/noticiasribeiraopreto.com.br\/wp-content\/uploads\/2024\/03\/Abras-Pra-Redes-sociais-Reproducao-scaled.jpg?fit=966%2C645&ssl=1","jetpack-related-posts":[{"id":32650,"url":"https:\/\/noticiasribeiraopreto.com.br\/index.php\/2024\/01\/25\/abrasmercado-tem-deflacao-de-422\/","url_meta":{"origin":40172,"position":0},"title":"Abrasmercado tem defla\u00e7\u00e3o de 4,22% \u00a0","author":"noticiasribeiraopreto.com.br","date":"25 de January de 2024","format":false,"excerpt":"A Abrasmercado \u2013 indicador que mede a varia\u00e7\u00e3o de pre\u00e7os nos supermercados \u2013, cesta composta por 35 produtos de largo consumo, dentre eles alimentos, bebidas, carnes, produtos de limpeza, itens de higiene e beleza, fechou o ano passado com defla\u00e7\u00e3o de 4,22% em doze meses, maior queda anual registrada desde\u2026","rel":"","context":"In &quot;Not\u00edcias de Ribeir\u00e3o Preto-SP e Regi\u00e3o&quot;","block_context":{"text":"Not\u00edcias de Ribeir\u00e3o Preto-SP e Regi\u00e3o","link":"https:\/\/noticiasribeiraopreto.com.br\/index.php\/category\/noticias-de-ribeirao-preto-sp-e-regiao-ismael-colosi\/"},"img":{"alt_text":"","src":"https:\/\/i0.wp.com\/noticiasribeiraopreto.com.br\/wp-content\/uploads\/2024\/01\/Abras-Acu-Alfredo-Risk-scaled.jpg?fit=860%2C645&ssl=1&resize=350%2C200","width":350,"height":200,"srcset":"https:\/\/i0.wp.com\/noticiasribeiraopreto.com.br\/wp-content\/uploads\/2024\/01\/Abras-Acu-Alfredo-Risk-scaled.jpg?fit=860%2C645&ssl=1&resize=350%2C200 1x, https:\/\/i0.wp.com\/noticiasribeiraopreto.com.br\/wp-content\/uploads\/2024\/01\/Abras-Acu-Alfredo-Risk-scaled.jpg?fit=860%2C645&ssl=1&resize=525%2C300 1.5x, https:\/\/i0.wp.com\/noticiasribeiraopreto.com.br\/wp-content\/uploads\/2024\/01\/Abras-Acu-Alfredo-Risk-scaled.jpg?fit=860%2C645&ssl=1&resize=700%2C400 2x"},"classes":[]},{"id":74616,"url":"https:\/\/noticiasribeiraopreto.com.br\/index.php\/2025\/07\/25\/cesta-abrasmercado-cai-043-em-junho\/","url_meta":{"origin":40172,"position":1},"title":"Cesta Abrasmercado cai 0,43% em junho","author":"noticiasribeiraopreto.com.br","date":"25 de July de 2025","format":false,"excerpt":"A infla\u00e7\u00e3o medida pela Abrasmercado \u2013 cesta composta por 35 produtos de largo consumo, dentre eles alimentos, bebidas, carnes, produtos de limpeza, itens de higiene e beleza \u2013, que mede a varia\u00e7\u00e3o de pre\u00e7os nos supermercados, registrou defla\u00e7\u00e3o de 0,43% em junho, ap\u00f3s nove altas consecutivas. At\u00e9 ent\u00e3o, a \u00faltima\u2026","rel":"","context":"In &quot;Not\u00edcias de Ribeir\u00e3o Preto-SP e Regi\u00e3o&quot;","block_context":{"text":"Not\u00edcias de Ribeir\u00e3o Preto-SP e Regi\u00e3o","link":"https:\/\/noticiasribeiraopreto.com.br\/index.php\/category\/noticias-de-ribeirao-preto-sp-e-regiao-ismael-colosi\/"},"img":{"alt_text":"","src":"https:\/\/i0.wp.com\/noticiasribeiraopreto.com.br\/wp-content\/uploads\/2025\/07\/Abras-Aro-Pixabay.jpg?fit=593%2C851&ssl=1&resize=350%2C200","width":350,"height":200,"srcset":"https:\/\/i0.wp.com\/noticiasribeiraopreto.com.br\/wp-content\/uploads\/2025\/07\/Abras-Aro-Pixabay.jpg?fit=593%2C851&ssl=1&resize=350%2C200 1x, https:\/\/i0.wp.com\/noticiasribeiraopreto.com.br\/wp-content\/uploads\/2025\/07\/Abras-Aro-Pixabay.jpg?fit=593%2C851&ssl=1&resize=525%2C300 1.5x"},"classes":[]},{"id":69039,"url":"https:\/\/noticiasribeiraopreto.com.br\/index.php\/2025\/05\/01\/cesta-abrasmercado-avanca-074-no-mes\/","url_meta":{"origin":40172,"position":2},"title":"Cesta Abrasmercado avan\u00e7a 0,74% no m\u00eas \u00a0","author":"noticiasribeiraopreto.com.br","date":"1 de May de 2025","format":false,"excerpt":"A infla\u00e7\u00e3o medida pela Abrasmercado \u2013 cesta composta por 35 produtos de largo consumo, dentre eles alimentos, bebidas, carnes, produtos de limpeza, itens de higiene e beleza \u2013, que mede a varia\u00e7\u00e3o de pre\u00e7os nos supermercados, acelerou de 0,73% em fevereiro para 0,74% em mar\u00e7o, ap\u00f3s alta de 0,78% em\u2026","rel":"","context":"In &quot;Not\u00edcias de Ribeir\u00e3o Preto-SP e Regi\u00e3o&quot;","block_context":{"text":"Not\u00edcias de Ribeir\u00e3o Preto-SP e Regi\u00e3o","link":"https:\/\/noticiasribeiraopreto.com.br\/index.php\/category\/noticias-de-ribeirao-preto-sp-e-regiao-ismael-colosi\/"},"img":{"alt_text":"","src":"https:\/\/i0.wp.com\/noticiasribeiraopreto.com.br\/wp-content\/uploads\/2025\/05\/Abras-Tom-Pexels.jpg?fit=371%2C500&ssl=1&resize=350%2C200","width":350,"height":200},"classes":[]},{"id":26721,"url":"https:\/\/noticiasribeiraopreto.com.br\/index.php\/2024\/01\/10\/cesta-basica-recua-em-15-de-17-capitais-2\/","url_meta":{"origin":40172,"position":3},"title":"Cesta b\u00e1sica recua em 15 de 17 capitais \u00a0","author":"noticiasribeiraopreto.com.br","date":"10 de January de 2024","format":false,"excerpt":"O valor da cesta b\u00e1sica encerrou o ano passado em queda em 15 das 17 capitais pesquisadas pelo Departamento Intersindical de Estat\u00edsticas e Estudos Socioecon\u00f4micos (Dieese). S\u00f3 Bel\u00e9m (PA) e Porto Alegre (RS) caminharam na contram\u00e3o das demais no per\u00edodo, com altas de 0,94% e 0,12%, respectivamente.Campo Grande (MS) liderou\u2026","rel":"","context":"In &quot;Not\u00edcias de Ribeir\u00e3o Preto-SP e Regi\u00e3o&quot;","block_context":{"text":"Not\u00edcias de Ribeir\u00e3o Preto-SP e Regi\u00e3o","link":"https:\/\/noticiasribeiraopreto.com.br\/index.php\/category\/noticias-de-ribeirao-preto-sp-e-regiao-ismael-colosi\/"},"img":{"alt_text":"","src":"https:\/\/i0.wp.com\/noticiasribeiraopreto.com.br\/wp-content\/uploads\/2024\/01\/Cesta-Geraldo-Bubniak-AEN-1-scaled.jpg?fit=1000%2C598&ssl=1&resize=350%2C200","width":350,"height":200,"srcset":"https:\/\/i0.wp.com\/noticiasribeiraopreto.com.br\/wp-content\/uploads\/2024\/01\/Cesta-Geraldo-Bubniak-AEN-1-scaled.jpg?fit=1000%2C598&ssl=1&resize=350%2C200 1x, https:\/\/i0.wp.com\/noticiasribeiraopreto.com.br\/wp-content\/uploads\/2024\/01\/Cesta-Geraldo-Bubniak-AEN-1-scaled.jpg?fit=1000%2C598&ssl=1&resize=525%2C300 1.5x, https:\/\/i0.wp.com\/noticiasribeiraopreto.com.br\/wp-content\/uploads\/2024\/01\/Cesta-Geraldo-Bubniak-AEN-1-scaled.jpg?fit=1000%2C598&ssl=1&resize=700%2C400 2x"},"classes":[]},{"id":81961,"url":"https:\/\/noticiasribeiraopreto.com.br\/index.php\/2026\/01\/31\/cesta-basica-sobe-e-atinge-r-73101\/","url_meta":{"origin":40172,"position":4},"title":"Cesta b\u00e1sica sobe e atinge R$ 731,01","author":"noticiasribeiraopreto.com.br","date":"31 de January de 2026","format":false,"excerpt":"O pre\u00e7o da cesta b\u00e1sica de alimentos essenciais nos mercados de Ribeir\u00e3o Preto avan\u00e7ou 0,97% em janeiro, terceira alta seguida \u2013 subiu 0,47% em dezembro e 2,10% em novembro, ap\u00f3s sequ\u00eancia de cinco quedas consecutivas: 0,55% em outubro, 1,91% em setembro, 1,46% em agosto, 1,64% em julho e 1,87% em\u2026","rel":"","context":"In &quot;Not\u00edcias de Ribeir\u00e3o Preto-SP e Regi\u00e3o&quot;","block_context":{"text":"Not\u00edcias de Ribeir\u00e3o Preto-SP e Regi\u00e3o","link":"https:\/\/noticiasribeiraopreto.com.br\/index.php\/category\/noticias-de-ribeirao-preto-sp-e-regiao-ismael-colosi\/"},"img":{"alt_text":"","src":"https:\/\/i0.wp.com\/noticiasribeiraopreto.com.br\/wp-content\/uploads\/2026\/01\/CestaRP-Canva-01-scaled.jpg?fit=1200%2C618&ssl=1&resize=350%2C200","width":350,"height":200,"srcset":"https:\/\/i0.wp.com\/noticiasribeiraopreto.com.br\/wp-content\/uploads\/2026\/01\/CestaRP-Canva-01-scaled.jpg?fit=1200%2C618&ssl=1&resize=350%2C200 1x, https:\/\/i0.wp.com\/noticiasribeiraopreto.com.br\/wp-content\/uploads\/2026\/01\/CestaRP-Canva-01-scaled.jpg?fit=1200%2C618&ssl=1&resize=525%2C300 1.5x, https:\/\/i0.wp.com\/noticiasribeiraopreto.com.br\/wp-content\/uploads\/2026\/01\/CestaRP-Canva-01-scaled.jpg?fit=1200%2C618&ssl=1&resize=700%2C400 2x, https:\/\/i0.wp.com\/noticiasribeiraopreto.com.br\/wp-content\/uploads\/2026\/01\/CestaRP-Canva-01-scaled.jpg?fit=1200%2C618&ssl=1&resize=1050%2C600 3x"},"classes":[]},{"id":68359,"url":"https:\/\/noticiasribeiraopreto.com.br\/index.php\/2025\/04\/24\/ingredientes-do-pf-recuam-no-estado\/","url_meta":{"origin":40172,"position":5},"title":"Ingredientes do PF recuam no estado \u00a0","author":"noticiasribeiraopreto.com.br","date":"24 de April de 2025","format":false,"excerpt":"Levantamento da Associa\u00e7\u00e3o Paulista de Supermercados (Apas), em parceria com a Funda\u00e7\u00e3o Instituto de Pesquisas Econ\u00f4micas (Fipe), mostra que, em mar\u00e7o, o pre\u00e7o dos principais ingredientes do prato feito caiu no estado de S\u00e3o Paulo.\u00a0\u00a0A carne bovina, item de maior peso na composi\u00e7\u00e3o do prato, registrou recuo de 1,16%. No\u2026","rel":"","context":"In &quot;Not\u00edcias de Ribeir\u00e3o Preto-SP e Regi\u00e3o&quot;","block_context":{"text":"Not\u00edcias de Ribeir\u00e3o Preto-SP e Regi\u00e3o","link":"https:\/\/noticiasribeiraopreto.com.br\/index.php\/category\/noticias-de-ribeirao-preto-sp-e-regiao-ismael-colosi\/"},"img":{"alt_text":"","src":"https:\/\/i0.wp.com\/noticiasribeiraopreto.com.br\/wp-content\/uploads\/2025\/04\/AlmocoRP-Reproducao.jpg?fit=1200%2C675&ssl=1&resize=350%2C200","width":350,"height":200,"srcset":"https:\/\/i0.wp.com\/noticiasribeiraopreto.com.br\/wp-content\/uploads\/2025\/04\/AlmocoRP-Reproducao.jpg?fit=1200%2C675&ssl=1&resize=350%2C200 1x, https:\/\/i0.wp.com\/noticiasribeiraopreto.com.br\/wp-content\/uploads\/2025\/04\/AlmocoRP-Reproducao.jpg?fit=1200%2C675&ssl=1&resize=525%2C300 1.5x, https:\/\/i0.wp.com\/noticiasribeiraopreto.com.br\/wp-content\/uploads\/2025\/04\/AlmocoRP-Reproducao.jpg?fit=1200%2C675&ssl=1&resize=700%2C400 2x, https:\/\/i0.wp.com\/noticiasribeiraopreto.com.br\/wp-content\/uploads\/2025\/04\/AlmocoRP-Reproducao.jpg?fit=1200%2C675&ssl=1&resize=1050%2C600 3x"},"classes":[]}],"jetpack_sharing_enabled":true,"jetpack_shortlink":"https:\/\/wp.me\/peQAOb-arW","_links":{"self":[{"href":"https:\/\/noticiasribeiraopreto.com.br\/index.php\/wp-json\/wp\/v2\/posts\/40172","targetHints":{"allow":["GET"]}}],"collection":[{"href":"https:\/\/noticiasribeiraopreto.com.br\/index.php\/wp-json\/wp\/v2\/posts"}],"about":[{"href":"https:\/\/noticiasribeiraopreto.com.br\/index.php\/wp-json\/wp\/v2\/types\/post"}],"author":[{"embeddable":true,"href":"https:\/\/noticiasribeiraopreto.com.br\/index.php\/wp-json\/wp\/v2\/users\/1"}],"replies":[{"embeddable":true,"href":"https:\/\/noticiasribeiraopreto.com.br\/index.php\/wp-json\/wp\/v2\/comments?post=40172"}],"version-history":[{"count":0,"href":"https:\/\/noticiasribeiraopreto.com.br\/index.php\/wp-json\/wp\/v2\/posts\/40172\/revisions"}],"wp:featuredmedia":[{"embeddable":true,"href":"https:\/\/noticiasribeiraopreto.com.br\/index.php\/wp-json\/wp\/v2\/media\/40173"}],"wp:attachment":[{"href":"https:\/\/noticiasribeiraopreto.com.br\/index.php\/wp-json\/wp\/v2\/media?parent=40172"}],"wp:term":[{"taxonomy":"category","embeddable":true,"href":"https:\/\/noticiasribeiraopreto.com.br\/index.php\/wp-json\/wp\/v2\/categories?post=40172"},{"taxonomy":"post_tag","embeddable":true,"href":"https:\/\/noticiasribeiraopreto.com.br\/index.php\/wp-json\/wp\/v2\/tags?post=40172"}],"curies":[{"name":"wp","href":"https:\/\/api.w.org\/{rel}","templated":true}]}}