{"id":40196,"date":"2024-03-01T14:38:45","date_gmt":"2024-03-01T17:38:45","guid":{"rendered":"https:\/\/noticiasribeiraopreto.com.br\/index.php\/2024\/03\/01\/teatro-de-arena-de-ribeirao-recebe-atividades-culturais-gratuitas-neste-sabado\/"},"modified":"2024-03-01T14:38:45","modified_gmt":"2024-03-01T17:38:45","slug":"teatro-de-arena-de-ribeirao-recebe-atividades-culturais-gratuitas-neste-sabado","status":"publish","type":"post","link":"https:\/\/noticiasribeiraopreto.com.br\/index.php\/2024\/03\/01\/teatro-de-arena-de-ribeirao-recebe-atividades-culturais-gratuitas-neste-sabado\/","title":{"rendered":"Teatro de Arena de Ribeir\u00e3o recebe atividades culturais gratuitas neste s\u00e1bado"},"content":{"rendered":"<div class='code-block code-block-1' style='margin: 8px 0 8px auto; text-align: right; display: block; clear: both;'>\n<p><a href=\"https:\/\/wa.link\/vpicfd\"><img data-recalc-dims=\"1\" class=\"wp-image-4922\" style=\"aspect-ratio: 2.0253164556962027; width: 561px; height: auto;\" src=\"https:\/\/i0.wp.com\/ismaelcolosi.com.br\/wp-content\/uploads\/2023\/11\/grupo-de-empregos-whatsapp-e-facebook-ismael-colosi-vagas.jpg?ssl=1\" alt=\"\" \/><\/a><\/p>\n<!-- \/wp:image -->\n<\/div>\n<p> <br \/>\n<\/p>\n<div data-td-block-uid=\"tdi_101\">\n<div class=\"tdb-block-inner td-fix-index\">\n<p><strong>Neste s\u00e1bado (2), acontece a reabertura do Teatro de Arena de Ribeir\u00e3o Preto e o projeto \u201cCultura em Todo Lugar\u201d levar\u00e1 atividades culturais gratuitas ao espa\u00e7o p\u00fablico,  localizado no Morro do S\u00e3o Bento, a partir das 9h.<\/strong><\/p>\n<p>Entre as <strong>atra\u00e7\u00f5es<\/strong>, haver\u00e1 <strong>brinquedos infl\u00e1veis, oficinas de desenho, pintura facial, conta\u00e7\u00e3o de hist\u00f3rias sobre o Meio Ambiente, atividades interativas<\/strong> com <strong>Viajando com Hist\u00f3rias<\/strong> e performance <strong>Piratas do Caribe<\/strong>, com <strong>L\u00ea Ferreirinha<\/strong>.<\/p>\n<p>As atividades acontecem at\u00e9<strong> as 12h<\/strong>. O <strong>Teatro de Arena<\/strong> est\u00e1 <strong>localizado<\/strong> na <strong>Via S\u00e3o Bento, s\/n\u00ba, no Morro do S\u00e3o Bento<\/strong>.<\/p>\n<p>\u00a0O projeto<strong> \u201cCultura em Todo Lugar\u201d<\/strong> \u00e9 uma iniciativa da\u00a0<strong><a href=\"https:\/\/www.ribeiraopreto.sp.gov.br\/portal\/culturaeturismo\/\" target=\"_blank\" rel=\"noreferrer noopener\">Secretaria Municipal da Cultura e Turismo de Ribeir\u00e3o Preto<\/a><\/strong>\u00a0com objetivo de descentralizar as atividades culturais e art\u00edsticas da cidade.<\/p>\n<h4 class=\"wp-block-heading\"><strong>SERVI\u00c7O<\/strong><\/h4>\n<p><em>Cultura em Todo Lugar no Teatro de Arena<\/em><\/p>\n<p><strong>Data:<\/strong> Dia 2 de mar\u00e7o (s\u00e1bado)<br \/><strong>Hor\u00e1rio:<\/strong> Das 9h \u00e0s 12h<br \/><strong>Local:<\/strong> Teatro de Arena Jaime Zeiger<br \/><strong>Endere\u00e7o: <\/strong>Via S\u00e3o Bento, s\/n\u00ba \u2013 Morro do S\u00e3o Bento<br \/><strong>Bairro:<\/strong> Jardim Mosteiro<\/p>\n<p>SAIBA MAIS<br \/>Veja as vagas abertas no concurso p\u00fablico do HC de Ribeir\u00e3o Preto<\/p>\n<p><strong>FIQUE ON<\/strong><\/p>\n<p>Fique ligado em tudo que acontece em Ribeir\u00e3o Preto e regi\u00e3o. Siga os perfis do <strong>acidade on<\/strong> no <a href=\"https:\/\/www.instagram.com\/acidadeonribeirao\/?igsh=MTUzeTBnamJyM2g0dw%3D%3D\">Instagram<\/a> e no <a href=\"https:\/\/www.facebook.com\/acidadeonribeirao\">Facebook<\/a>.<\/p>\n<p>Receba not\u00edcias do acidade on no WhatsApp. Para entrar no grupo, basta <a href=\"https:\/\/chat.whatsapp.com\/Bnv2w66ZT4VDyZW3oiZ69n\">clicar aqui<\/a>.<\/p>\n<p>Fa\u00e7a uma den\u00fancia ou sugira uma reportagem sobre Ribeir\u00e3o Preto e regi\u00e3o pelo WhatsApp: 16\u00a0 99117 7802.<\/p>\n<p>VEJA TAMB\u00c9M<br \/>BBB 24: quem est\u00e1 no VIP e na Xepa? Veja divis\u00e3o do L\u00edder Lucas<\/p>\n<p><!-- AI CONTENT END 1 -->\n<\/div>\n<\/div>\n<p><script async src=\"\/\/www.instagram.com\/embed.js\"><\/script><br \/>\n<br \/><br \/>\n<br \/><a href=\"https:\/\/www.acidadeon.com\/ribeiraopreto\/lazer-e-cultura\/teatro-de-arena-de-ribeirao-recebe-atividades-culturais-gratuitas-neste-sabado\/\">Source link <\/a><\/p>\n<!-- CONTENT END 1 -->\n","protected":false},"excerpt":{"rendered":"<p>Neste s\u00e1bado (2), acontece a reabertura do Teatro de Arena de Ribeir\u00e3o Preto e o projeto \u201cCultura em Todo Lugar\u201d levar\u00e1 atividades culturais gratuitas ao&#8230;<\/p>\n","protected":false},"author":1,"featured_media":40197,"comment_status":"open","ping_status":"open","sticky":false,"template":"","format":"standard","meta":{"advanced_seo_description":"","jetpack_seo_html_title":"","jetpack_seo_noindex":false,"jetpack_post_was_ever_published":false,"_jetpack_newsletter_access":"","_jetpack_dont_email_post_to_subs":false,"_jetpack_newsletter_tier_id":0,"_jetpack_memberships_contains_paywalled_content":false,"_jetpack_memberships_contains_paid_content":false,"footnotes":"","jetpack_publicize_message":"","jetpack_publicize_feature_enabled":true,"jetpack_social_post_already_shared":true,"jetpack_social_options":{"image_generator_settings":{"template":"highway","default_image_id":0,"font":"","enabled":false},"version":2}},"categories":[11],"tags":[],"class_list":["post-40196","post","type-post","status-publish","format-standard","has-post-thumbnail","hentry","category-noticias-de-ribeirao-preto-sp-e-regiao-ismael-colosi"],"jetpack_publicize_connections":[],"jetpack_featured_media_url":"https:\/\/i0.wp.com\/noticiasribeiraopreto.com.br\/wp-content\/uploads\/2024\/03\/cultura_em_todo_lugar_foto_max_mesquita_2.jpeg?fit=1500%2C1000&ssl=1","jetpack-related-posts":[{"id":40013,"url":"https:\/\/noticiasribeiraopreto.com.br\/index.php\/2024\/02\/29\/prefeitura-de-ribeirao-marca-data-da-reabertura-do-teatro-de-arena\/","url_meta":{"origin":40196,"position":0},"title":"Prefeitura de Ribeir\u00e3o marca data da reabertura do Teatro de Arena","author":"noticiasribeiraopreto.com.br","date":"29 de February de 2024","format":false,"excerpt":"A Prefeitura Municipal de Ribeir\u00e3o Preto anunciou a data de reabertura do Teatro de Arena Jaime Zeiger de Ribeir\u00e3o Preto. Segundo a Administra\u00e7\u00e3o, haver\u00e1 uma cerim\u00f4nia oficial neste s\u00e1bado (2), \u00e0s 9h, e, no domingo (3), \u00e0s 18h30, um show com a cantora Rachel Reis. O teatro retorna as atividades\u2026","rel":"","context":"In &quot;Not\u00edcias de Ribeir\u00e3o Preto-SP e Regi\u00e3o&quot;","block_context":{"text":"Not\u00edcias de Ribeir\u00e3o Preto-SP e Regi\u00e3o","link":"https:\/\/noticiasribeiraopreto.com.br\/index.php\/category\/noticias-de-ribeirao-preto-sp-e-regiao-ismael-colosi\/"},"img":{"alt_text":"","src":"https:\/\/i0.wp.com\/noticiasribeiraopreto.com.br\/wp-content\/uploads\/2024\/02\/teatro_de_arena_1003.jpeg?fit=1200%2C800&ssl=1&resize=350%2C200","width":350,"height":200,"srcset":"https:\/\/i0.wp.com\/noticiasribeiraopreto.com.br\/wp-content\/uploads\/2024\/02\/teatro_de_arena_1003.jpeg?fit=1200%2C800&ssl=1&resize=350%2C200 1x, https:\/\/i0.wp.com\/noticiasribeiraopreto.com.br\/wp-content\/uploads\/2024\/02\/teatro_de_arena_1003.jpeg?fit=1200%2C800&ssl=1&resize=525%2C300 1.5x, https:\/\/i0.wp.com\/noticiasribeiraopreto.com.br\/wp-content\/uploads\/2024\/02\/teatro_de_arena_1003.jpeg?fit=1200%2C800&ssl=1&resize=700%2C400 2x, https:\/\/i0.wp.com\/noticiasribeiraopreto.com.br\/wp-content\/uploads\/2024\/02\/teatro_de_arena_1003.jpeg?fit=1200%2C800&ssl=1&resize=1050%2C600 3x"},"classes":[]},{"id":45715,"url":"https:\/\/noticiasribeiraopreto.com.br\/index.php\/2024\/04\/05\/cultura-em-todo-lugar-zona-norte-de-ribeirao-recebe-atividades-culturais-gratuitas\/","url_meta":{"origin":40196,"position":1},"title":"Cultura em Todo Lugar: zona Norte de Ribeir\u00e3o recebe atividades culturais gratuitas","author":"noticiasribeiraopreto.com.br","date":"5 de April de 2024","format":false,"excerpt":"Neste s\u00e1bado (6), o projeto \u201cCultura em Todo Lugar\u201d acontece na zona Norte de Ribeir\u00e3o Preto, na Arena Marcelinho, localizada na rua Top\u00e1zio, 881, nos Campos El\u00edseos. O evento acontece das 9 horas \u00e0s 12 horas e \u00e9 gratuito. O evento traz em sua programa\u00e7\u00e3o atividades culturais como oficinas de\u2026","rel":"","context":"In &quot;Not\u00edcias de Ribeir\u00e3o Preto-SP e Regi\u00e3o&quot;","block_context":{"text":"Not\u00edcias de Ribeir\u00e3o Preto-SP e Regi\u00e3o","link":"https:\/\/noticiasribeiraopreto.com.br\/index.php\/category\/noticias-de-ribeirao-preto-sp-e-regiao-ismael-colosi\/"},"img":{"alt_text":"","src":"https:\/\/i0.wp.com\/noticiasribeiraopreto.com.br\/wp-content\/uploads\/2024\/04\/culturaa_em_todo_lugar_22-1.jpeg?fit=1200%2C800&ssl=1&resize=350%2C200","width":350,"height":200,"srcset":"https:\/\/i0.wp.com\/noticiasribeiraopreto.com.br\/wp-content\/uploads\/2024\/04\/culturaa_em_todo_lugar_22-1.jpeg?fit=1200%2C800&ssl=1&resize=350%2C200 1x, https:\/\/i0.wp.com\/noticiasribeiraopreto.com.br\/wp-content\/uploads\/2024\/04\/culturaa_em_todo_lugar_22-1.jpeg?fit=1200%2C800&ssl=1&resize=525%2C300 1.5x, https:\/\/i0.wp.com\/noticiasribeiraopreto.com.br\/wp-content\/uploads\/2024\/04\/culturaa_em_todo_lugar_22-1.jpeg?fit=1200%2C800&ssl=1&resize=700%2C400 2x, https:\/\/i0.wp.com\/noticiasribeiraopreto.com.br\/wp-content\/uploads\/2024\/04\/culturaa_em_todo_lugar_22-1.jpeg?fit=1200%2C800&ssl=1&resize=1050%2C600 3x"},"classes":[]},{"id":57359,"url":"https:\/\/noticiasribeiraopreto.com.br\/index.php\/2024\/08\/29\/teatro-oficinas-e-brinquedos-praca-de-ribeirao-preto-tem-atividades-gratuitas\/","url_meta":{"origin":40196,"position":2},"title":"Teatro, oficinas e brinquedos: pra\u00e7a de Ribeir\u00e3o Preto tem atividades gratuitas","author":"noticiasribeiraopreto.com.br","date":"29 de August de 2024","format":false,"excerpt":"O projeto \u201cCultura em Todo Lugar\u201d acontece neste s\u00e1bado (31), desta vez na pra\u00e7a Pedro Biagi, no Ipiranga, zona Norte da de Ribeir\u00e3o Preto. As atividades s\u00e3o gratuitas e acontecem das 9h \u00e0s 12h. Dentro da programa\u00e7\u00e3o est\u00e3o oficinas de desenho, pintura facial, atividade interativa com o \u2018Viajando com as\u2026","rel":"","context":"In &quot;Not\u00edcias de Ribeir\u00e3o Preto-SP e Regi\u00e3o&quot;","block_context":{"text":"Not\u00edcias de Ribeir\u00e3o Preto-SP e Regi\u00e3o","link":"https:\/\/noticiasribeiraopreto.com.br\/index.php\/category\/noticias-de-ribeirao-preto-sp-e-regiao-ismael-colosi\/"},"img":{"alt_text":"","src":"https:\/\/i0.wp.com\/noticiasribeiraopreto.com.br\/wp-content\/uploads\/2024\/08\/Copia-de-Copia-de-Copia-de-TAMANHO-EXATO-PARA-FOTOS-NO-SISTEMA-NOVO-11_2024-08-29_16-01-54_jpg_2024-08-29_16-01-54.webp.webp?fit=1200%2C675&ssl=1&resize=350%2C200","width":350,"height":200,"srcset":"https:\/\/i0.wp.com\/noticiasribeiraopreto.com.br\/wp-content\/uploads\/2024\/08\/Copia-de-Copia-de-Copia-de-TAMANHO-EXATO-PARA-FOTOS-NO-SISTEMA-NOVO-11_2024-08-29_16-01-54_jpg_2024-08-29_16-01-54.webp.webp?fit=1200%2C675&ssl=1&resize=350%2C200 1x, https:\/\/i0.wp.com\/noticiasribeiraopreto.com.br\/wp-content\/uploads\/2024\/08\/Copia-de-Copia-de-Copia-de-TAMANHO-EXATO-PARA-FOTOS-NO-SISTEMA-NOVO-11_2024-08-29_16-01-54_jpg_2024-08-29_16-01-54.webp.webp?fit=1200%2C675&ssl=1&resize=525%2C300 1.5x, https:\/\/i0.wp.com\/noticiasribeiraopreto.com.br\/wp-content\/uploads\/2024\/08\/Copia-de-Copia-de-Copia-de-TAMANHO-EXATO-PARA-FOTOS-NO-SISTEMA-NOVO-11_2024-08-29_16-01-54_jpg_2024-08-29_16-01-54.webp.webp?fit=1200%2C675&ssl=1&resize=700%2C400 2x, https:\/\/i0.wp.com\/noticiasribeiraopreto.com.br\/wp-content\/uploads\/2024\/08\/Copia-de-Copia-de-Copia-de-TAMANHO-EXATO-PARA-FOTOS-NO-SISTEMA-NOVO-11_2024-08-29_16-01-54_jpg_2024-08-29_16-01-54.webp.webp?fit=1200%2C675&ssl=1&resize=1050%2C600 3x"},"classes":[]},{"id":32806,"url":"https:\/\/noticiasribeiraopreto.com.br\/index.php\/2024\/01\/26\/bairro-da-zona-leste-de-ribeirao-recebe-atividades-culturais-gratuitas-neste-sabado-2\/","url_meta":{"origin":40196,"position":3},"title":"Bairro da zona Leste de Ribeir\u00e3o recebe atividades culturais gratuitas neste s\u00e1bado","author":"noticiasribeiraopreto.com.br","date":"26 de January de 2024","format":false,"excerpt":"Neste s\u00e1bado (27), o projeto \u201cCultura em Todo Lugar\u201d, da Secretaria Municipal da Cultura e Turismo de Ribeir\u00e3o Preto, chega ao bairro Jardim Manoel Penna. O evento \u00e9 gratuito e acontecer\u00e1 das 9h \u00e0s 12h, na Pra\u00e7a Leopoldo Lima, localizada na rua Alfredo Faria de Souza, 290, na zona Leste.\u2026","rel":"","context":"In &quot;Not\u00edcias de Ribeir\u00e3o Preto-SP e Regi\u00e3o&quot;","block_context":{"text":"Not\u00edcias de Ribeir\u00e3o Preto-SP e Regi\u00e3o","link":"https:\/\/noticiasribeiraopreto.com.br\/index.php\/category\/noticias-de-ribeirao-preto-sp-e-regiao-ismael-colosi\/"},"img":{"alt_text":"","src":"https:\/\/i0.wp.com\/noticiasribeiraopreto.com.br\/wp-content\/uploads\/2024\/01\/cultura_jardim_manoel_penna_1.jpeg?fit=1200%2C992&ssl=1&resize=350%2C200","width":350,"height":200,"srcset":"https:\/\/i0.wp.com\/noticiasribeiraopreto.com.br\/wp-content\/uploads\/2024\/01\/cultura_jardim_manoel_penna_1.jpeg?fit=1200%2C992&ssl=1&resize=350%2C200 1x, https:\/\/i0.wp.com\/noticiasribeiraopreto.com.br\/wp-content\/uploads\/2024\/01\/cultura_jardim_manoel_penna_1.jpeg?fit=1200%2C992&ssl=1&resize=525%2C300 1.5x, https:\/\/i0.wp.com\/noticiasribeiraopreto.com.br\/wp-content\/uploads\/2024\/01\/cultura_jardim_manoel_penna_1.jpeg?fit=1200%2C992&ssl=1&resize=700%2C400 2x, https:\/\/i0.wp.com\/noticiasribeiraopreto.com.br\/wp-content\/uploads\/2024\/01\/cultura_jardim_manoel_penna_1.jpeg?fit=1200%2C992&ssl=1&resize=1050%2C600 3x"},"classes":[]},{"id":47395,"url":"https:\/\/noticiasribeiraopreto.com.br\/index.php\/2024\/04\/25\/praca-da-zona-leste-de-ribeirao-recebe-atividades-culturais-gratuitas-neste-sabado\/","url_meta":{"origin":40196,"position":4},"title":"Pra\u00e7a da zona Leste de Ribeir\u00e3o recebe atividades culturais gratuitas neste s\u00e1bado","author":"noticiasribeiraopreto.com.br","date":"25 de April de 2024","format":false,"excerpt":"O projeto \u201cCultura em Todo Lugar\u201d ser\u00e1 realizado neste s\u00e1bado (27), entre 9h e 12h, na Pra\u00e7a Professor C\u00e1ssio Bottura, no Jardim Anhanguera, zona Leste de Ribeir\u00e3o Preto. O evento \u00e9 gratuito e oferece m\u00fasica, dan\u00e7a, oficinas de desenho, pintura facial, atividade interativa com o Viajando com as Hist\u00f3rias, brinquedos\u2026","rel":"","context":"In &quot;Not\u00edcias de Ribeir\u00e3o Preto-SP e Regi\u00e3o&quot;","block_context":{"text":"Not\u00edcias de Ribeir\u00e3o Preto-SP e Regi\u00e3o","link":"https:\/\/noticiasribeiraopreto.com.br\/index.php\/category\/noticias-de-ribeirao-preto-sp-e-regiao-ismael-colosi\/"},"img":{"alt_text":"","src":"https:\/\/i0.wp.com\/noticiasribeiraopreto.com.br\/wp-content\/uploads\/2024\/04\/cultura_em_todo_lugar_vila_elisa2_-_foto_guilherme_sircili_60_2024-04-25_14-47-00_jpg.webp.webp?fit=1200%2C800&ssl=1&resize=350%2C200","width":350,"height":200,"srcset":"https:\/\/i0.wp.com\/noticiasribeiraopreto.com.br\/wp-content\/uploads\/2024\/04\/cultura_em_todo_lugar_vila_elisa2_-_foto_guilherme_sircili_60_2024-04-25_14-47-00_jpg.webp.webp?fit=1200%2C800&ssl=1&resize=350%2C200 1x, https:\/\/i0.wp.com\/noticiasribeiraopreto.com.br\/wp-content\/uploads\/2024\/04\/cultura_em_todo_lugar_vila_elisa2_-_foto_guilherme_sircili_60_2024-04-25_14-47-00_jpg.webp.webp?fit=1200%2C800&ssl=1&resize=525%2C300 1.5x, https:\/\/i0.wp.com\/noticiasribeiraopreto.com.br\/wp-content\/uploads\/2024\/04\/cultura_em_todo_lugar_vila_elisa2_-_foto_guilherme_sircili_60_2024-04-25_14-47-00_jpg.webp.webp?fit=1200%2C800&ssl=1&resize=700%2C400 2x, https:\/\/i0.wp.com\/noticiasribeiraopreto.com.br\/wp-content\/uploads\/2024\/04\/cultura_em_todo_lugar_vila_elisa2_-_foto_guilherme_sircili_60_2024-04-25_14-47-00_jpg.webp.webp?fit=1200%2C800&ssl=1&resize=1050%2C600 3x"},"classes":[]},{"id":34554,"url":"https:\/\/noticiasribeiraopreto.com.br\/index.php\/2024\/02\/02\/projeto-leva-atividades-culturais-gratuitas-a-bairro-da-zona-oeste-de-ribeirao\/","url_meta":{"origin":40196,"position":5},"title":"Projeto leva atividades culturais gratuitas a bairro da zona Oeste de Ribeir\u00e3o","author":"noticiasribeiraopreto.com.br","date":"2 de February de 2024","format":false,"excerpt":"O projeto \u201cCultura em Todo Lugar\u201d chega neste s\u00e1bado (3) ao bairro Parque Ribeir\u00e3o, na zona Oeste de Ribeir\u00e3o Preto. O evento acontece na rua Em\u00edlio Gullaci, 600, entre 9h e 12h, com atividades culturais e art\u00edsticas gratuitas. Entre as atividades est\u00e3o oficinas de desenho, pintura facial, conta\u00e7\u00f5es de hist\u00f3rias,\u2026","rel":"","context":"In &quot;Not\u00edcias de Ribeir\u00e3o Preto-SP e Regi\u00e3o&quot;","block_context":{"text":"Not\u00edcias de Ribeir\u00e3o Preto-SP e Regi\u00e3o","link":"https:\/\/noticiasribeiraopreto.com.br\/index.php\/category\/noticias-de-ribeirao-preto-sp-e-regiao-ismael-colosi\/"},"img":{"alt_text":"","src":"https:\/\/i0.wp.com\/noticiasribeiraopreto.com.br\/wp-content\/uploads\/2024\/02\/cultura_parque_ribeirao_preto11.jpeg?fit=1200%2C800&ssl=1&resize=350%2C200","width":350,"height":200,"srcset":"https:\/\/i0.wp.com\/noticiasribeiraopreto.com.br\/wp-content\/uploads\/2024\/02\/cultura_parque_ribeirao_preto11.jpeg?fit=1200%2C800&ssl=1&resize=350%2C200 1x, https:\/\/i0.wp.com\/noticiasribeiraopreto.com.br\/wp-content\/uploads\/2024\/02\/cultura_parque_ribeirao_preto11.jpeg?fit=1200%2C800&ssl=1&resize=525%2C300 1.5x, https:\/\/i0.wp.com\/noticiasribeiraopreto.com.br\/wp-content\/uploads\/2024\/02\/cultura_parque_ribeirao_preto11.jpeg?fit=1200%2C800&ssl=1&resize=700%2C400 2x, https:\/\/i0.wp.com\/noticiasribeiraopreto.com.br\/wp-content\/uploads\/2024\/02\/cultura_parque_ribeirao_preto11.jpeg?fit=1200%2C800&ssl=1&resize=1050%2C600 3x"},"classes":[]}],"jetpack_sharing_enabled":true,"jetpack_shortlink":"https:\/\/wp.me\/peQAOb-ask","_links":{"self":[{"href":"https:\/\/noticiasribeiraopreto.com.br\/index.php\/wp-json\/wp\/v2\/posts\/40196","targetHints":{"allow":["GET"]}}],"collection":[{"href":"https:\/\/noticiasribeiraopreto.com.br\/index.php\/wp-json\/wp\/v2\/posts"}],"about":[{"href":"https:\/\/noticiasribeiraopreto.com.br\/index.php\/wp-json\/wp\/v2\/types\/post"}],"author":[{"embeddable":true,"href":"https:\/\/noticiasribeiraopreto.com.br\/index.php\/wp-json\/wp\/v2\/users\/1"}],"replies":[{"embeddable":true,"href":"https:\/\/noticiasribeiraopreto.com.br\/index.php\/wp-json\/wp\/v2\/comments?post=40196"}],"version-history":[{"count":0,"href":"https:\/\/noticiasribeiraopreto.com.br\/index.php\/wp-json\/wp\/v2\/posts\/40196\/revisions"}],"wp:featuredmedia":[{"embeddable":true,"href":"https:\/\/noticiasribeiraopreto.com.br\/index.php\/wp-json\/wp\/v2\/media\/40197"}],"wp:attachment":[{"href":"https:\/\/noticiasribeiraopreto.com.br\/index.php\/wp-json\/wp\/v2\/media?parent=40196"}],"wp:term":[{"taxonomy":"category","embeddable":true,"href":"https:\/\/noticiasribeiraopreto.com.br\/index.php\/wp-json\/wp\/v2\/categories?post=40196"},{"taxonomy":"post_tag","embeddable":true,"href":"https:\/\/noticiasribeiraopreto.com.br\/index.php\/wp-json\/wp\/v2\/tags?post=40196"}],"curies":[{"name":"wp","href":"https:\/\/api.w.org\/{rel}","templated":true}]}}