{"id":40211,"date":"2024-03-01T15:53:25","date_gmt":"2024-03-01T18:53:25","guid":{"rendered":"https:\/\/noticiasribeiraopreto.com.br\/index.php\/2024\/03\/01\/rp-vai-investir-r-175-mi-em-pocos\/"},"modified":"2024-03-01T15:53:25","modified_gmt":"2024-03-01T18:53:25","slug":"rp-vai-investir-r-175-mi-em-pocos","status":"publish","type":"post","link":"https:\/\/noticiasribeiraopreto.com.br\/index.php\/2024\/03\/01\/rp-vai-investir-r-175-mi-em-pocos\/","title":{"rendered":"RP vai investir R$ 17,5 mi em po\u00e7os \u00a0"},"content":{"rendered":"<div class='code-block code-block-1' style='margin: 8px 0 8px auto; text-align: right; display: block; clear: both;'>\n<p><a href=\"https:\/\/wa.link\/vpicfd\"><img data-recalc-dims=\"1\" class=\"wp-image-4922\" style=\"aspect-ratio: 2.0253164556962027; width: 561px; height: auto;\" src=\"https:\/\/i0.wp.com\/ismaelcolosi.com.br\/wp-content\/uploads\/2023\/11\/grupo-de-empregos-whatsapp-e-facebook-ismael-colosi-vagas.jpg?ssl=1\" alt=\"\" \/><\/a><\/p>\n<!-- \/wp:image -->\n<\/div>\n<p> <br \/>\n<\/p>\n<div id=\"\">\n<p> <span class=\"entry-meta-item penci-posted-on\"><i class=\"fa fa-clock-o\"\/><time class=\"entry-date published\" datetime=\"2024-03-01T15:30:24-03:00\">1 de mar\u00e7o de 2024 | 15:30<\/time><time class=\"updated\" datetime=\"2024-03-01T09:20:38-03:00\">1 de mar\u00e7o de 2024 | 9:20<\/time><\/span><\/p>\n<p> <span class=\"penci-social-buttons penci-social-share-footer\"><a href=\"#\" class=\"penci-post-like penci_post-meta_item  single-like-button penci-social-item like\" data-post_id=\"375572\" title=\"Like\" data-like=\"Like\" data-unlike=\"Unlike\"><i class=\"fa fa-thumbs-o-up\"\/><span class=\"penci-share-number\">0<\/span><\/a><i class=\"fa fa-facebook\"\/><a class=\"penci-social-item twitter\" target=\"_blank\" rel=\"noopener\" title=\"\" href=\"https:\/\/twitter.com\/intent\/tweet?text=RP%20vai%20investir%20R$%2017,5%20mi%20em%20po\u00e7os%20\u00a0%20-%20https:\/\/www.tribunaribeirao.com.br\/site\/rp-vai-investir-r-175-mi-em-pocos\/\"><i class=\"fa fa-twitter\"\/><\/a><i class=\"fa fa-whatsapp\"\/><\/span><\/div>\n<div>\n<p><span data-contrast=\"auto\">Projeto da prefeitura de Ribeir\u00e3o Preto enviado \u00e1 C\u00e2mara prev\u00ea aberturara de cr\u00e9dito especial no valor de R$ 17,5 milh\u00f5es para a Secretaria Municipal de \u00c1gua e Esgoto (Saerp) perfurar tr\u00eas novos po\u00e7os artesianos. Os recursos ser\u00e3o provenientes de opera\u00e7\u00e3o de cr\u00e9dito da prefeitura junto \u00e0 Caixa Econ\u00f4mica Federal, por meio do Programa Financiamento \u00e0 Infraestrutura e ao Saneamento (Finisa). <\/span><\/p>\n<p><span data-contrast=\"auto\">Os novos po\u00e7os ser\u00e3o perfurados no Alto da Boa Vista \u2013 em substitui\u00e7\u00e3o a existente na avenida Portugal \u2013, em \u00e1rea da Funda\u00e7\u00e3o Educand\u00e1rio Quinto Junqueira, no Jardim Independ\u00eancia (troca), e na Vila Tib\u00e9rio \u2013 em substitui\u00e7\u00e3o ao que fica ao lado da caixa d\u2019\u00e1gua, na esquina das ruas Vinte e Um de abril e Aurora.<\/span><\/p>\n<p><span data-contrast=\"auto\">Em janeiro, o Conselho de Preserva\u00e7\u00e3o do Patrim\u00f4nio Cultural (Conppac) de Ribeir\u00e3o Preto anunciou que vai pedir o tombamento da caixa d\u2019\u00e1gua como patrim\u00f4nio hist\u00f3rico. Segundo o presidente do colegiado, Lucas Gabriel Pereira, o tombamento \u00e9 necess\u00e1rio porque o local \u00e9 um importante marco edificado para a popula\u00e7\u00e3o da Zona Oeste da cidade. <\/span><\/p>\n<p><span data-contrast=\"auto\">Para embasar o processo, o \u00f3rg\u00e3o solicitou um parecer t\u00e9cnico para a arquiteta e urbanista Ana Carolina Gleria Lima. De acordo com o parecer, o reservat\u00f3rio, com capacidade de 500 mil litros e 27 metros, foi constru\u00eddo em 1962 pelo ent\u00e3o prefeito Alfredo Condeixa Filho (1914-1990). A constru\u00e7\u00e3o foi publicada em mat\u00e9ria do ent\u00e3o Di\u00e1rio da Manh\u00e3 de 30 de setembro de 1962.\u00a0\u00a0<\/span><span data-ccp-props=\"{&quot;201341983&quot;:0,&quot;335559739&quot;:200,&quot;335559740&quot;:276}\">\u00a0<\/span><\/p>\n<p><span data-contrast=\"auto\">\u00a0O relat\u00f3rio afirma tamb\u00e9m que n\u00e3o foram localizados no Arquivo P\u00fablico e Hist\u00f3rico de Ribeir\u00e3o Preto (APHRP) as plantas e desenhos t\u00e9cnicos da edifica\u00e7\u00e3o. A caixa d\u2019\u00e1gua pode ser avistada de diversos pontos da cidade. O parecer cita o jornalista Ant\u00f4nio Fernando Gon\u00e7alves Braga.\u00a0<\/span><span data-ccp-props=\"{&quot;201341983&quot;:0,&quot;335559739&quot;:200,&quot;335559740&quot;:276}\">\u00a0<\/span><\/p>\n<p><span data-contrast=\"auto\">\u00a0Ele \u00e9 morador da Vila Tib\u00e9rio e editor de importante publica\u00e7\u00e3o da regi\u00e3o, o Jornal da Vila. Segundo o jornalista, \u201cos moradores do bairro t\u00eam uma liga\u00e7\u00e3o afetiva e de orgulho com o reservat\u00f3rio, que pela altura e por sua forma de c\u00e1lice tem um status de monumento, sendo considerado \u201cum s\u00edmbolo de identidade do bairro\u201d. <\/span><\/p>\n<p><span data-contrast=\"auto\">O parecer ressalta ainda a import\u00e2ncia hist\u00f3rica e arquitet\u00f4nica da edifica\u00e7\u00e3o como marco para a popula\u00e7\u00e3o local. Como argumento favor\u00e1vel para o tombamento cita, como exemplo, o reservat\u00f3rio de \u00e1gua da Vila Mariana, na rua Vergueiro n\u00ba 2.713, em S\u00e3o Paulo. De semelhan\u00e7a arquitet\u00f4nica e simb\u00f3lica, foi tombado em 2011 pelo Conselho Municipal de Preserva\u00e7\u00e3o do Patrim\u00f4nio Hist\u00f3rico, Cultural e Ambiental da capital paulista.<\/span><\/p>\n<p><span data-contrast=\"auto\">O Tribuna apurou que para n\u00e3o atrasar a perfura\u00e7\u00e3o do po\u00e7o no local, o Conppac teria feito um acordo com a prefeitura, que se comprometeu a n\u00e3o destruir e em restaurar o reservat\u00f3rio. O acerto foi fechado porque se o pedido de tombamento fosse feito e aprovado pelo conselho antes da perfura\u00e7\u00e3o, os tr\u00e2mites legais poderiam atrasar aobra, prejudicando a disponibiliza\u00e7\u00e3o de uma nova op\u00e7\u00e3o de abastecimento de \u00e1gua para a popula\u00e7\u00e3o da regi\u00e3o.<\/span><span data-ccp-props=\"{&quot;201341983&quot;:0,&quot;335559739&quot;:200,&quot;335559740&quot;:276}\">\u00a0<\/span><\/p>\n<p><span data-ccp-props=\"{&quot;201341983&quot;:0,&quot;335559739&quot;:200,&quot;335559740&quot;:276}\">\u00a0<\/span><\/p>\n<\/div>\n<p><script async src=\"\/\/platform.twitter.com\/widgets.js\" charset=\"utf-8\"><\/script><br \/>\n<br \/><br \/>\n<br \/><a href=\"https:\/\/www.tribunaribeirao.com.br\/site\/rp-vai-investir-r-175-mi-em-pocos\/\">Source link <\/a><\/p>\n<!-- CONTENT END 1 -->\n","protected":false},"excerpt":{"rendered":"<p>1 de mar\u00e7o de 2024 | 15:301 de mar\u00e7o de 2024 | 9:20 0 Projeto da prefeitura de Ribeir\u00e3o Preto enviado \u00e1 C\u00e2mara prev\u00ea aberturara&#8230;<\/p>\n","protected":false},"author":1,"featured_media":40212,"comment_status":"open","ping_status":"open","sticky":false,"template":"","format":"standard","meta":{"advanced_seo_description":"","jetpack_seo_html_title":"","jetpack_seo_noindex":false,"jetpack_post_was_ever_published":false,"_jetpack_newsletter_access":"","_jetpack_dont_email_post_to_subs":false,"_jetpack_newsletter_tier_id":0,"_jetpack_memberships_contains_paywalled_content":false,"_jetpack_memberships_contains_paid_content":false,"footnotes":"","jetpack_publicize_message":"","jetpack_publicize_feature_enabled":true,"jetpack_social_post_already_shared":true,"jetpack_social_options":{"image_generator_settings":{"template":"highway","default_image_id":0,"font":"","enabled":false},"version":2}},"categories":[11],"tags":[2546,4668,529],"class_list":["post-40211","post","type-post","status-publish","format-standard","has-post-thumbnail","hentry","category-noticias-de-ribeirao-preto-sp-e-regiao-ismael-colosi","tag-investir","tag-pocos","tag-vai"],"jetpack_publicize_connections":[],"jetpack_featured_media_url":"https:\/\/i0.wp.com\/noticiasribeiraopreto.com.br\/wp-content\/uploads\/2024\/03\/PocosRP-Detalhe-Fernando-Braga-02-scaled.jpg?fit=735%2C645&ssl=1","jetpack-related-posts":[{"id":19480,"url":"https:\/\/noticiasribeiraopreto.com.br\/index.php\/2023\/12\/22\/prefeitura-vai-investir-r-7-mi-na-compra-de-hidrometros\/","url_meta":{"origin":40211,"position":0},"title":"Prefeitura vai investir R$ 7 mi na compra de hidr\u00f4metros\u00a0","author":"noticiasribeiraopreto.com.br","date":"22 de December de 2023","format":false,"excerpt":"Ser\u00e3o adquiridos 42.370 hidr\u00f4metros que ser\u00e3o instalados em resid\u00eancias com\u00e9rcios e condom\u00ednios; legisla\u00e7\u00e3o estabelece que hidr\u00f4metros com mais de cinco anos de uso devem ser substitu\u00eddos\u00a0 22 de dezembro de 2023 | 14:0022 de dezembro de 2023 | 13:48 0A Prefeitura de Ribeir\u00e3o Preto, por meio da Secretaria Municipal de\u2026","rel":"","context":"In &quot;Not\u00edcias de Ribeir\u00e3o Preto-SP e Regi\u00e3o&quot;","block_context":{"text":"Not\u00edcias de Ribeir\u00e3o Preto-SP e Regi\u00e3o","link":"https:\/\/noticiasribeiraopreto.com.br\/index.php\/category\/noticias-de-ribeirao-preto-sp-e-regiao-ismael-colosi\/"},"img":{"alt_text":"","src":"https:\/\/i0.wp.com\/noticiasribeiraopreto.com.br\/wp-content\/uploads\/2023\/12\/1-hidrometros-risk-2-scaled.jpg?fit=967%2C645&ssl=1&resize=350%2C200","width":350,"height":200,"srcset":"https:\/\/i0.wp.com\/noticiasribeiraopreto.com.br\/wp-content\/uploads\/2023\/12\/1-hidrometros-risk-2-scaled.jpg?fit=967%2C645&ssl=1&resize=350%2C200 1x, https:\/\/i0.wp.com\/noticiasribeiraopreto.com.br\/wp-content\/uploads\/2023\/12\/1-hidrometros-risk-2-scaled.jpg?fit=967%2C645&ssl=1&resize=525%2C300 1.5x, https:\/\/i0.wp.com\/noticiasribeiraopreto.com.br\/wp-content\/uploads\/2023\/12\/1-hidrometros-risk-2-scaled.jpg?fit=967%2C645&ssl=1&resize=700%2C400 2x"},"classes":[]},{"id":84043,"url":"https:\/\/noticiasribeiraopreto.com.br\/index.php\/2026\/03\/31\/falta-dagua-em-ribeirao-preto-vai-parar-na-justica-entenda\/","url_meta":{"origin":40211,"position":1},"title":"Falta d&#8217;\u00e1gua em Ribeir\u00e3o Preto vai parar na Justi\u00e7a; entenda","author":"noticiasribeiraopreto.com.br","date":"31 de March de 2026","format":false,"excerpt":"Ler o resumo da not\u00edcia Morador do Jardim Nova Alian\u00e7a, em Ribeir\u00e3o Preto, acionou a Justi\u00e7a pela falta de \u00e1gua que ocorre desde junho de 2024. A ju\u00edza Lucilene Aparecida Canella de Melo determinou o restabelecimento do abastecimento em outubro de 2025, com multa di\u00e1ria de R$ 500 em caso\u2026","rel":"","context":"In &quot;Not\u00edcias de Ribeir\u00e3o Preto-SP e Regi\u00e3o&quot;","block_context":{"text":"Not\u00edcias de Ribeir\u00e3o Preto-SP e Regi\u00e3o","link":"https:\/\/noticiasribeiraopreto.com.br\/index.php\/category\/noticias-de-ribeirao-preto-sp-e-regiao-ismael-colosi\/"},"img":{"alt_text":"","src":"https:\/\/i0.wp.com\/noticiasribeiraopreto.com.br\/wp-content\/uploads\/2026\/03\/WhatsApp-Image-2025-11-04-at-08.52.24_2025-11-04_11-52-40.webp.webp?fit=861%2C470&ssl=1&resize=350%2C200","width":350,"height":200,"srcset":"https:\/\/i0.wp.com\/noticiasribeiraopreto.com.br\/wp-content\/uploads\/2026\/03\/WhatsApp-Image-2025-11-04-at-08.52.24_2025-11-04_11-52-40.webp.webp?fit=861%2C470&ssl=1&resize=350%2C200 1x, https:\/\/i0.wp.com\/noticiasribeiraopreto.com.br\/wp-content\/uploads\/2026\/03\/WhatsApp-Image-2025-11-04-at-08.52.24_2025-11-04_11-52-40.webp.webp?fit=861%2C470&ssl=1&resize=525%2C300 1.5x, https:\/\/i0.wp.com\/noticiasribeiraopreto.com.br\/wp-content\/uploads\/2026\/03\/WhatsApp-Image-2025-11-04-at-08.52.24_2025-11-04_11-52-40.webp.webp?fit=861%2C470&ssl=1&resize=700%2C400 2x"},"classes":[]},{"id":57171,"url":"https:\/\/noticiasribeiraopreto.com.br\/index.php\/2024\/08\/24\/saerp-emite-alerta-de-falta-dagua-em-ribeirao-preto-veja-pocos-afetados\/","url_meta":{"origin":40211,"position":2},"title":"Saerp emite alerta de falta d&#8217;\u00e1gua em Ribeir\u00e3o Preto; Veja po\u00e7os afetados","author":"noticiasribeiraopreto.com.br","date":"24 de August de 2024","format":false,"excerpt":"A Saerp (Secretaria de \u00c1gua e Esgoto de Ribeir\u00e3o Preto) informou neste s\u00e1bado (24) que ao menos 16 po\u00e7os e esta\u00e7\u00f5es elevat\u00f3rias sofreram falhas ou desligamentos, ap\u00f3s oscila\u00e7\u00f5es na energia durante a madrugada, o que poder\u00e1 causar falta d\u2019\u00e1gua. Veja as esta\u00e7\u00f5es e po\u00e7os atingidos: Distrito Empresarial Costa e Silva\u2026","rel":"","context":"In &quot;Not\u00edcias de Ribeir\u00e3o Preto-SP e Regi\u00e3o&quot;","block_context":{"text":"Not\u00edcias de Ribeir\u00e3o Preto-SP e Regi\u00e3o","link":"https:\/\/noticiasribeiraopreto.com.br\/index.php\/category\/noticias-de-ribeirao-preto-sp-e-regiao-ismael-colosi\/"},"img":{"alt_text":"","src":"https:\/\/i0.wp.com\/noticiasribeiraopreto.com.br\/wp-content\/uploads\/2024\/08\/agua_torneira_1024x576_09122020082201.jpg?fit=1024%2C576&ssl=1&resize=350%2C200","width":350,"height":200,"srcset":"https:\/\/i0.wp.com\/noticiasribeiraopreto.com.br\/wp-content\/uploads\/2024\/08\/agua_torneira_1024x576_09122020082201.jpg?fit=1024%2C576&ssl=1&resize=350%2C200 1x, https:\/\/i0.wp.com\/noticiasribeiraopreto.com.br\/wp-content\/uploads\/2024\/08\/agua_torneira_1024x576_09122020082201.jpg?fit=1024%2C576&ssl=1&resize=525%2C300 1.5x, https:\/\/i0.wp.com\/noticiasribeiraopreto.com.br\/wp-content\/uploads\/2024\/08\/agua_torneira_1024x576_09122020082201.jpg?fit=1024%2C576&ssl=1&resize=700%2C400 2x"},"classes":[]},{"id":63087,"url":"https:\/\/noticiasribeiraopreto.com.br\/index.php\/2025\/02\/02\/saerp-pretende-implantar-novos-pocos-e-reservatorios-para-abastecimento-de-ribeirao-preto\/","url_meta":{"origin":40211,"position":3},"title":"Saerp pretende implantar novos po\u00e7os e reservat\u00f3rios para abastecimento de Ribeir\u00e3o Preto","author":"noticiasribeiraopreto.com.br","date":"2 de February de 2025","format":false,"excerpt":"A Saerp (Secretaria de \u00c1gua e Esgoto de Ribeir\u00e3o Preto) planeja investir na constru\u00e7\u00e3o de novos po\u00e7os e esta\u00e7\u00f5es de reserva\u00e7\u00e3o a longo prazo, para suprir a necessidade de \u00e1gua do munic\u00edpio. A afirma\u00e7\u00e3o foi feita ao portal acidade on, durante entrevista com o novo secret\u00e1rio da pasta, Jos\u00e9 Rui\u2026","rel":"","context":"In &quot;Not\u00edcias de Ribeir\u00e3o Preto-SP e Regi\u00e3o&quot;","block_context":{"text":"Not\u00edcias de Ribeir\u00e3o Preto-SP e Regi\u00e3o","link":"https:\/\/noticiasribeiraopreto.com.br\/index.php\/category\/noticias-de-ribeirao-preto-sp-e-regiao-ismael-colosi\/"},"img":{"alt_text":"","src":"https:\/\/i0.wp.com\/noticiasribeiraopreto.com.br\/wp-content\/uploads\/2025\/02\/saerp.png?fit=1200%2C800&ssl=1&resize=350%2C200","width":350,"height":200,"srcset":"https:\/\/i0.wp.com\/noticiasribeiraopreto.com.br\/wp-content\/uploads\/2025\/02\/saerp.png?fit=1200%2C800&ssl=1&resize=350%2C200 1x, https:\/\/i0.wp.com\/noticiasribeiraopreto.com.br\/wp-content\/uploads\/2025\/02\/saerp.png?fit=1200%2C800&ssl=1&resize=525%2C300 1.5x, https:\/\/i0.wp.com\/noticiasribeiraopreto.com.br\/wp-content\/uploads\/2025\/02\/saerp.png?fit=1200%2C800&ssl=1&resize=700%2C400 2x, https:\/\/i0.wp.com\/noticiasribeiraopreto.com.br\/wp-content\/uploads\/2025\/02\/saerp.png?fit=1200%2C800&ssl=1&resize=1050%2C600 3x"},"classes":[]},{"id":26642,"url":"https:\/\/noticiasribeiraopreto.com.br\/index.php\/2024\/01\/10\/camara-vai-investir-r-490-mil-em-novo-portal\/","url_meta":{"origin":40211,"position":4},"title":"C\u00e2mara vai investir R$ 490 mil em novo portal\u00a0","author":"noticiasribeiraopreto.com.br","date":"10 de January de 2024","format":false,"excerpt":"10 de janeiro de 2024 | 13:3010 de janeiro de 2024 | 13:18 0A C\u00e2mara de Ribeir\u00e3o Preto vai investir at\u00e9 R$ R$ 490.173,97 na constru\u00e7\u00e3o, manuten\u00e7\u00e3o, hospedagem e implementa\u00e7\u00e3o de novas tecnologias de seu novo portal na internet. O extrato de contrato com a empresa respons\u00e1vel pelo empreendimento foi\u2026","rel":"","context":"In &quot;Not\u00edcias de Ribeir\u00e3o Preto-SP e Regi\u00e3o&quot;","block_context":{"text":"Not\u00edcias de Ribeir\u00e3o Preto-SP e Regi\u00e3o","link":"https:\/\/noticiasribeiraopreto.com.br\/index.php\/category\/noticias-de-ribeirao-preto-sp-e-regiao-ismael-colosi\/"},"img":{"alt_text":"","src":"https:\/\/i0.wp.com\/noticiasribeiraopreto.com.br\/wp-content\/uploads\/2024\/01\/Camara-Reproducao-scaled.jpg?fit=1000%2C540&ssl=1&resize=350%2C200","width":350,"height":200,"srcset":"https:\/\/i0.wp.com\/noticiasribeiraopreto.com.br\/wp-content\/uploads\/2024\/01\/Camara-Reproducao-scaled.jpg?fit=1000%2C540&ssl=1&resize=350%2C200 1x, https:\/\/i0.wp.com\/noticiasribeiraopreto.com.br\/wp-content\/uploads\/2024\/01\/Camara-Reproducao-scaled.jpg?fit=1000%2C540&ssl=1&resize=525%2C300 1.5x, https:\/\/i0.wp.com\/noticiasribeiraopreto.com.br\/wp-content\/uploads\/2024\/01\/Camara-Reproducao-scaled.jpg?fit=1000%2C540&ssl=1&resize=700%2C400 2x"},"classes":[]},{"id":37983,"url":"https:\/\/noticiasribeiraopreto.com.br\/index.php\/2024\/02\/19\/falha-em-poco-pode-deixar-condominios-em-bonfim-paulista-sem-agua-ate-amanha\/","url_meta":{"origin":40211,"position":5},"title":"Falha em po\u00e7o pode deixar condom\u00ednios em Bonfim Paulista sem \u00e1gua at\u00e9 amanh\u00e3","author":"noticiasribeiraopreto.com.br","date":"19 de February de 2024","format":false,"excerpt":"Por conta da substitui\u00e7\u00e3o emergencial de uma bomba do po\u00e7o Alphaville, no distrito de Bonfim Paulista, em Ribeir\u00e3o Preto, tr\u00eas condom\u00ednios podem ficar sem \u00e1gua at\u00e9 a pr\u00f3xima ter\u00e7a-feira (20). Equipes da Saerp (Secretaria de \u00c1gua e Esgoto de Ribeir\u00e3o Preto) trabalham, nesta segunda-feira (19), a substitui\u00e7\u00e3o emergencial da bomba,\u2026","rel":"","context":"In &quot;Not\u00edcias de Ribeir\u00e3o Preto-SP e Regi\u00e3o&quot;","block_context":{"text":"Not\u00edcias de Ribeir\u00e3o Preto-SP e Regi\u00e3o","link":"https:\/\/noticiasribeiraopreto.com.br\/index.php\/category\/noticias-de-ribeirao-preto-sp-e-regiao-ismael-colosi\/"},"img":{"alt_text":"","src":"https:\/\/i0.wp.com\/noticiasribeiraopreto.com.br\/wp-content\/uploads\/2024\/02\/torneira-2.jpg?fit=1200%2C801&ssl=1&resize=350%2C200","width":350,"height":200,"srcset":"https:\/\/i0.wp.com\/noticiasribeiraopreto.com.br\/wp-content\/uploads\/2024\/02\/torneira-2.jpg?fit=1200%2C801&ssl=1&resize=350%2C200 1x, https:\/\/i0.wp.com\/noticiasribeiraopreto.com.br\/wp-content\/uploads\/2024\/02\/torneira-2.jpg?fit=1200%2C801&ssl=1&resize=525%2C300 1.5x, https:\/\/i0.wp.com\/noticiasribeiraopreto.com.br\/wp-content\/uploads\/2024\/02\/torneira-2.jpg?fit=1200%2C801&ssl=1&resize=700%2C400 2x, https:\/\/i0.wp.com\/noticiasribeiraopreto.com.br\/wp-content\/uploads\/2024\/02\/torneira-2.jpg?fit=1200%2C801&ssl=1&resize=1050%2C600 3x"},"classes":[]}],"jetpack_sharing_enabled":true,"jetpack_shortlink":"https:\/\/wp.me\/peQAOb-asz","_links":{"self":[{"href":"https:\/\/noticiasribeiraopreto.com.br\/index.php\/wp-json\/wp\/v2\/posts\/40211","targetHints":{"allow":["GET"]}}],"collection":[{"href":"https:\/\/noticiasribeiraopreto.com.br\/index.php\/wp-json\/wp\/v2\/posts"}],"about":[{"href":"https:\/\/noticiasribeiraopreto.com.br\/index.php\/wp-json\/wp\/v2\/types\/post"}],"author":[{"embeddable":true,"href":"https:\/\/noticiasribeiraopreto.com.br\/index.php\/wp-json\/wp\/v2\/users\/1"}],"replies":[{"embeddable":true,"href":"https:\/\/noticiasribeiraopreto.com.br\/index.php\/wp-json\/wp\/v2\/comments?post=40211"}],"version-history":[{"count":0,"href":"https:\/\/noticiasribeiraopreto.com.br\/index.php\/wp-json\/wp\/v2\/posts\/40211\/revisions"}],"wp:featuredmedia":[{"embeddable":true,"href":"https:\/\/noticiasribeiraopreto.com.br\/index.php\/wp-json\/wp\/v2\/media\/40212"}],"wp:attachment":[{"href":"https:\/\/noticiasribeiraopreto.com.br\/index.php\/wp-json\/wp\/v2\/media?parent=40211"}],"wp:term":[{"taxonomy":"category","embeddable":true,"href":"https:\/\/noticiasribeiraopreto.com.br\/index.php\/wp-json\/wp\/v2\/categories?post=40211"},{"taxonomy":"post_tag","embeddable":true,"href":"https:\/\/noticiasribeiraopreto.com.br\/index.php\/wp-json\/wp\/v2\/tags?post=40211"}],"curies":[{"name":"wp","href":"https:\/\/api.w.org\/{rel}","templated":true}]}}