{"id":40237,"date":"2024-03-01T17:43:57","date_gmt":"2024-03-01T20:43:57","guid":{"rendered":"https:\/\/noticiasribeiraopreto.com.br\/index.php\/2024\/03\/01\/entenda-como-sera-o-novo-bom-prato-no-centro-de-ribeirao-preto\/"},"modified":"2024-03-01T17:43:57","modified_gmt":"2024-03-01T20:43:57","slug":"entenda-como-sera-o-novo-bom-prato-no-centro-de-ribeirao-preto","status":"publish","type":"post","link":"https:\/\/noticiasribeiraopreto.com.br\/index.php\/2024\/03\/01\/entenda-como-sera-o-novo-bom-prato-no-centro-de-ribeirao-preto\/","title":{"rendered":"Entenda como ser\u00e1 o Novo Bom Prato no Centro de Ribeir\u00e3o Preto"},"content":{"rendered":"<div class='code-block code-block-1' style='margin: 8px 0 8px auto; text-align: right; display: block; clear: both;'>\n<p><a href=\"https:\/\/wa.link\/vpicfd\"><img data-recalc-dims=\"1\" class=\"wp-image-4922\" style=\"aspect-ratio: 2.0253164556962027; width: 561px; height: auto;\" src=\"https:\/\/i0.wp.com\/ismaelcolosi.com.br\/wp-content\/uploads\/2023\/11\/grupo-de-empregos-whatsapp-e-facebook-ismael-colosi-vagas.jpg?ssl=1\" alt=\"\" \/><\/a><\/p>\n<!-- \/wp:image -->\n<\/div>\n<p> <br \/>\n<\/p>\n<div data-td-block-uid=\"tdi_101\">\n<div class=\"tdb-block-inner td-fix-index\">\n<p>O <strong>Novo Bom Prato Centro<\/strong> que ser\u00e1 constru\u00eddo na<strong> rua Lafaiete<\/strong>, pr\u00f3ximo ao terminal de \u00f4nibus, na <strong>\u00e1rea central <\/strong>de <strong>Ribeir\u00e3o Preto<\/strong>, ir\u00e1 <strong>substituir<\/strong> a <strong>primeira unidade<\/strong> do <strong>restaurante popular<\/strong> instalada pelo Governo do Estado de S\u00e3o Paulo na cidade, que atualmente fica na rua Saldanha Marinho.<\/p>\n<p>A <strong>nova unidade <\/strong>ir\u00e1 funcionar em uma <strong>\u00e1rea de mais de 1,8 mil metros quadrados<\/strong> e <span style=\"background-color:#f7cc62\" class=\"td_text_highlight_marker\">vai oferecer aos usu\u00e1rios, al\u00e9m das refei\u00e7\u00f5es di\u00e1rias, servi\u00e7os de higiene como banho, corte de cabelo e barbearia e, tamb\u00e9m, um espa\u00e7o para doa\u00e7\u00e3o de roupas e espa\u00e7o pet<\/span>.<\/p>\n<p>Apesar de <strong>n\u00e3o<\/strong> ter <strong>data marcada<\/strong> para o<strong> in\u00edcio das obras<\/strong>, <strong>nesta sexta-feira <\/strong>(1), o prefeito Duarte Nogueira <strong>assinou a Ordem de Servi\u00e7o<\/strong> para a empresa vencedora da licita\u00e7\u00e3o <strong>dar in\u00edcio a constru\u00e7\u00e3o<\/strong>. O <strong>valor<\/strong> do projeto \u00e9 de <strong>R$ 5.615.177,81<\/strong>.<\/p>\n<h4 class=\"wp-block-heading\"><strong>Unidades Bom Prato Centro e HC<\/strong><\/h4>\n<p>Ribeir\u00e3o Preto conta atualmente com duas unidades do restaurante popular. A primeira fica na rua Saldanha Marinho, 765 e a segunda pr\u00f3xima ao Hospital das Cl\u00ednicas Campus. <\/p>\n<p>SAIBA MAIS<\/p>\n<p>O que se sabe sobre a quadrilha do falso sequestro em Ribeir\u00e3o Preto e regi\u00e3o<\/p>\n<h4 class=\"wp-block-heading\"><strong><mark>FIQUE ON<\/mark><\/strong><\/h4>\n<p>Fique ligado em tudo que acontece em Ribeir\u00e3o Preto e regi\u00e3o. Siga os perfis do\u00a0<strong>acidade on\u00a0<\/strong>no\u00a0<a href=\"https:\/\/www.instagram.com\/acidadeonribeirao\" target=\"_blank\" rel=\"noreferrer noopener\">Instagram\u00a0<\/a>e no<a href=\"https:\/\/www.facebook.com\/acidadeonribeirao\" target=\"_blank\" rel=\"noreferrer noopener\">\u00a0Facebook<\/a>.<\/p>\n<p>Receba not\u00edcias do\u00a0<strong>acidade on<\/strong>\u00a0no WhatsApp.<a href=\"https:\/\/chat.whatsapp.com\/Bnv2w66ZT4VDyZW3oiZ69n\" target=\"_blank\" rel=\"noreferrer noopener\">\u00a0Para entrar no grupo, basta clicar aqui.<\/a><\/p>\n<p>Fa\u00e7a uma den\u00fancia ou sugira uma reportagem sobre Ribeir\u00e3o Preto e regi\u00e3o pelo WhatsApp: 16 99117 7802.<\/p>\n<p>VEJA TAMB\u00c9M<\/p>\n<p>Por que Isabelle Drummond est\u00e1 sendo processada?<\/p>\n<p><!-- AI CONTENT END 1 -->\n<\/div>\n<\/div>\n<p><script async src=\"\/\/www.instagram.com\/embed.js\"><\/script><br \/>\n<br \/><br \/>\n<br \/><a href=\"https:\/\/www.acidadeon.com\/ribeiraopreto\/cotidiano\/entenda-como-sera-novo-bom-prato-no-centro-de-ribeirao-preto\/\">Source link <\/a><\/p>\n<!-- CONTENT END 1 -->\n","protected":false},"excerpt":{"rendered":"<p>O Novo Bom Prato Centro que ser\u00e1 constru\u00eddo na rua Lafaiete, pr\u00f3ximo ao terminal de \u00f4nibus, na \u00e1rea central de Ribeir\u00e3o Preto, ir\u00e1 substituir a&#8230;<\/p>\n","protected":false},"author":1,"featured_media":40238,"comment_status":"open","ping_status":"open","sticky":false,"template":"","format":"standard","meta":{"advanced_seo_description":"","jetpack_seo_html_title":"","jetpack_seo_noindex":false,"jetpack_post_was_ever_published":false,"_jetpack_newsletter_access":"","_jetpack_dont_email_post_to_subs":false,"_jetpack_newsletter_tier_id":0,"_jetpack_memberships_contains_paywalled_content":false,"_jetpack_memberships_contains_paid_content":false,"footnotes":"","jetpack_publicize_message":"","jetpack_publicize_feature_enabled":true,"jetpack_social_post_already_shared":true,"jetpack_social_options":{"image_generator_settings":{"template":"highway","default_image_id":0,"font":"","enabled":false},"version":2}},"categories":[11],"tags":[],"class_list":["post-40237","post","type-post","status-publish","format-standard","has-post-thumbnail","hentry","category-noticias-de-ribeirao-preto-sp-e-regiao-ismael-colosi"],"jetpack_publicize_connections":[],"jetpack_featured_media_url":"https:\/\/i0.wp.com\/noticiasribeiraopreto.com.br\/wp-content\/uploads\/2024\/03\/Copia-de-Copia-de-TAMANHO-EXATO-PARA-FOTOS-NO-SISTEMA-NOVO-20.jpg?fit=1200%2C675&ssl=1","jetpack-related-posts":[{"id":40324,"url":"https:\/\/noticiasribeiraopreto.com.br\/index.php\/2024\/03\/02\/comeca-obra-do-bom-prato-centro\/","url_meta":{"origin":40237,"position":0},"title":"Come\u00e7a obra do Bom Prato Centro\u00a0","author":"noticiasribeiraopreto.com.br","date":"2 de March de 2024","format":false,"excerpt":"Na manh\u00e3 desta sexta-feira, 1\u00ba de mar\u00e7o, a prefeitura de Ribeir\u00e3o Preto anunciou o in\u00edcio das obras para a constru\u00e7\u00e3o do novo Bom Prato Centro. O prefeito Duarte Nogueira (PSDB) assinou a ordem de servi\u00e7o. O projeto visa atender \u00e0s necessidades alimentares e de assist\u00eancia b\u00e1sica da popula\u00e7\u00e3o em situa\u00e7\u00e3o\u2026","rel":"","context":"In &quot;Not\u00edcias de Ribeir\u00e3o Preto-SP e Regi\u00e3o&quot;","block_context":{"text":"Not\u00edcias de Ribeir\u00e3o Preto-SP e Regi\u00e3o","link":"https:\/\/noticiasribeiraopreto.com.br\/index.php\/category\/noticias-de-ribeirao-preto-sp-e-regiao-ismael-colosi\/"},"img":{"alt_text":"","src":"https:\/\/i0.wp.com\/noticiasribeiraopreto.com.br\/wp-content\/uploads\/2024\/03\/BomPrato-Bom-Detalhe-Divulgacao-scaled.jpeg?fit=1000%2C563&ssl=1&resize=350%2C200","width":350,"height":200,"srcset":"https:\/\/i0.wp.com\/noticiasribeiraopreto.com.br\/wp-content\/uploads\/2024\/03\/BomPrato-Bom-Detalhe-Divulgacao-scaled.jpeg?fit=1000%2C563&ssl=1&resize=350%2C200 1x, https:\/\/i0.wp.com\/noticiasribeiraopreto.com.br\/wp-content\/uploads\/2024\/03\/BomPrato-Bom-Detalhe-Divulgacao-scaled.jpeg?fit=1000%2C563&ssl=1&resize=525%2C300 1.5x, https:\/\/i0.wp.com\/noticiasribeiraopreto.com.br\/wp-content\/uploads\/2024\/03\/BomPrato-Bom-Detalhe-Divulgacao-scaled.jpeg?fit=1000%2C563&ssl=1&resize=700%2C400 2x"},"classes":[]},{"id":27451,"url":"https:\/\/noticiasribeiraopreto.com.br\/index.php\/2024\/01\/12\/licitacao-para-a-construcao-do-novo-predio-do-bom-prato-e-homologada\/","url_meta":{"origin":40237,"position":1},"title":"Licita\u00e7\u00e3o para a constru\u00e7\u00e3o do novo pr\u00e9dio do Bom Prato \u00e9 homologada \u2013 Folha de Ribeir\u00e3o","author":"noticiasribeiraopreto.com.br","date":"12 de January de 2024","format":false,"excerpt":"Uma boa not\u00edcia para os frequentadores da unidade do Bom Prato no centro de Ribeir\u00e3o Preto. A licita\u00e7\u00e3o para a constru\u00e7\u00e3o do novo pr\u00e9dio do Restaurante Popular Bom Prato, foi homologada nesta quinta-feira, 11 de janeiro. A disputa de pre\u00e7os foi vencida pela empresa ASF ENGENHARIA E NEG\u00d3CIOS LTDA EPP,\u2026","rel":"","context":"In &quot;Not\u00edcias de Ribeir\u00e3o Preto-SP e Regi\u00e3o&quot;","block_context":{"text":"Not\u00edcias de Ribeir\u00e3o Preto-SP e Regi\u00e3o","link":"https:\/\/noticiasribeiraopreto.com.br\/index.php\/category\/noticias-de-ribeirao-preto-sp-e-regiao-ismael-colosi\/"},"img":{"alt_text":"","src":"https:\/\/i0.wp.com\/noticiasribeiraopreto.com.br\/wp-content\/uploads\/2024\/01\/licitacao_bom_prato4.jpeg?fit=1184%2C885&ssl=1&resize=350%2C200","width":350,"height":200,"srcset":"https:\/\/i0.wp.com\/noticiasribeiraopreto.com.br\/wp-content\/uploads\/2024\/01\/licitacao_bom_prato4.jpeg?fit=1184%2C885&ssl=1&resize=350%2C200 1x, https:\/\/i0.wp.com\/noticiasribeiraopreto.com.br\/wp-content\/uploads\/2024\/01\/licitacao_bom_prato4.jpeg?fit=1184%2C885&ssl=1&resize=525%2C300 1.5x, https:\/\/i0.wp.com\/noticiasribeiraopreto.com.br\/wp-content\/uploads\/2024\/01\/licitacao_bom_prato4.jpeg?fit=1184%2C885&ssl=1&resize=700%2C400 2x, https:\/\/i0.wp.com\/noticiasribeiraopreto.com.br\/wp-content\/uploads\/2024\/01\/licitacao_bom_prato4.jpeg?fit=1184%2C885&ssl=1&resize=1050%2C600 3x"},"classes":[]},{"id":24410,"url":"https:\/\/noticiasribeiraopreto.com.br\/index.php\/2024\/01\/04\/novo-bom-prato-no-centro-de-ribeirao-preto-vai-custar-r-4-milhoes\/","url_meta":{"origin":40237,"position":2},"title":"Novo Bom Prato no Centro de Ribeir\u00e3o Preto vai custar R$ 4 milh\u00f5es","author":"noticiasribeiraopreto.com.br","date":"4 de January de 2024","format":false,"excerpt":"A Prefeitura de Ribeir\u00e3o Preto publicou no Di\u00e1rio Oficial do Munic\u00edpio de quarta-feira (3) que o pr\u00e9dio do novo Bom Prato no Centro deve custar R$ 4.688.494,38. O novo pr\u00e9dio vai substituir a atual unidade, que fica na rua Saldanha Marinho, 765. De acordo com o aviso de julgamento, a\u2026","rel":"","context":"In &quot;Not\u00edcias de Ribeir\u00e3o Preto-SP e Regi\u00e3o&quot;","block_context":{"text":"Not\u00edcias de Ribeir\u00e3o Preto-SP e Regi\u00e3o","link":"https:\/\/noticiasribeiraopreto.com.br\/index.php\/category\/noticias-de-ribeirao-preto-sp-e-regiao-ismael-colosi\/"},"img":{"alt_text":"","src":"https:\/\/i0.wp.com\/noticiasribeiraopreto.com.br\/wp-content\/uploads\/2024\/01\/bom-prato.jpg?fit=887%2C601&ssl=1&resize=350%2C200","width":350,"height":200,"srcset":"https:\/\/i0.wp.com\/noticiasribeiraopreto.com.br\/wp-content\/uploads\/2024\/01\/bom-prato.jpg?fit=887%2C601&ssl=1&resize=350%2C200 1x, https:\/\/i0.wp.com\/noticiasribeiraopreto.com.br\/wp-content\/uploads\/2024\/01\/bom-prato.jpg?fit=887%2C601&ssl=1&resize=525%2C300 1.5x, https:\/\/i0.wp.com\/noticiasribeiraopreto.com.br\/wp-content\/uploads\/2024\/01\/bom-prato.jpg?fit=887%2C601&ssl=1&resize=700%2C400 2x"},"classes":[]},{"id":45320,"url":"https:\/\/noticiasribeiraopreto.com.br\/index.php\/2024\/04\/03\/veja-quando-o-novo-bom-prato-em-ribeirao-preto-sera-entregue\/","url_meta":{"origin":40237,"position":3},"title":"Veja quando o \u2018novo\u2019 Bom Prato em Ribeir\u00e3o Preto ser\u00e1 entregue","author":"noticiasribeiraopreto.com.br","date":"3 de April de 2024","format":false,"excerpt":"A constru\u00e7\u00e3o do \u201cnovo\u201d Bom Prato de Ribeir\u00e3o Preto est\u00e1 em fase inicial com a realiza\u00e7\u00e3o dos servi\u00e7os de terraplanagem e estrutura\u00e7\u00e3o do local. A previs\u00e3o \u00e9 de que a conclus\u00e3o da obra seja em um ano, a contar do in\u00edcio dos trabalhos, segundo a administra\u00e7\u00e3o municipal. O novo pr\u00e9dio,\u2026","rel":"","context":"In &quot;Not\u00edcias de Ribeir\u00e3o Preto-SP e Regi\u00e3o&quot;","block_context":{"text":"Not\u00edcias de Ribeir\u00e3o Preto-SP e Regi\u00e3o","link":"https:\/\/noticiasribeiraopreto.com.br\/index.php\/category\/noticias-de-ribeirao-preto-sp-e-regiao-ismael-colosi\/"},"img":{"alt_text":"","src":"https:\/\/i0.wp.com\/noticiasribeiraopreto.com.br\/wp-content\/uploads\/2024\/04\/Copia-de-Copia-de-TAMANHO-EXATO-PARA-FOTOS-NO-SISTEMA-NOVO-23.jpg?fit=1200%2C675&ssl=1&resize=350%2C200","width":350,"height":200,"srcset":"https:\/\/i0.wp.com\/noticiasribeiraopreto.com.br\/wp-content\/uploads\/2024\/04\/Copia-de-Copia-de-TAMANHO-EXATO-PARA-FOTOS-NO-SISTEMA-NOVO-23.jpg?fit=1200%2C675&ssl=1&resize=350%2C200 1x, https:\/\/i0.wp.com\/noticiasribeiraopreto.com.br\/wp-content\/uploads\/2024\/04\/Copia-de-Copia-de-TAMANHO-EXATO-PARA-FOTOS-NO-SISTEMA-NOVO-23.jpg?fit=1200%2C675&ssl=1&resize=525%2C300 1.5x, https:\/\/i0.wp.com\/noticiasribeiraopreto.com.br\/wp-content\/uploads\/2024\/04\/Copia-de-Copia-de-TAMANHO-EXATO-PARA-FOTOS-NO-SISTEMA-NOVO-23.jpg?fit=1200%2C675&ssl=1&resize=700%2C400 2x, https:\/\/i0.wp.com\/noticiasribeiraopreto.com.br\/wp-content\/uploads\/2024\/04\/Copia-de-Copia-de-TAMANHO-EXATO-PARA-FOTOS-NO-SISTEMA-NOVO-23.jpg?fit=1200%2C675&ssl=1&resize=1050%2C600 3x"},"classes":[]},{"id":1320,"url":"https:\/\/noticiasribeiraopreto.com.br\/index.php\/2023\/11\/11\/preco-do-bom-prato-deve-avancar-142-em-rp\/","url_meta":{"origin":40237,"position":4},"title":"Pre\u00e7o do Bom Prato deve avan\u00e7ar 14,2% em RP","author":"noticiasribeiraopreto.com.br","date":"11 de November de 2023","format":false,"excerpt":"A prefeitura de Ribeir\u00e3o Preto reabriu na quinta-feira, 9 de novembro, a a licita\u00e7\u00e3o para contratar empresa respons\u00e1vel pela constru\u00e7\u00e3o da nova unidade do restaurante Bom Prato Centro. A decis\u00e3o foi publicada no Di\u00e1rio Oficial do Munic\u00edpio (DOM). A concorr\u00eancia p\u00fablica havia sido suspensa em 19 de outubro para corre\u00e7\u00e3o\u2026","rel":"","context":"In &quot;Not\u00edcias de Ribeir\u00e3o Preto-SP e Regi\u00e3o&quot;","block_context":{"text":"Not\u00edcias de Ribeir\u00e3o Preto-SP e Regi\u00e3o","link":"https:\/\/noticiasribeiraopreto.com.br\/index.php\/category\/noticias-de-ribeirao-preto-sp-e-regiao-ismael-colosi\/"},"img":{"alt_text":"","src":"https:\/\/i0.wp.com\/noticiasribeiraopreto.com.br\/wp-content\/uploads\/2023\/11\/bom-prato-scaled.jpeg?fit=1000%2C563&ssl=1&resize=350%2C200","width":350,"height":200,"srcset":"https:\/\/i0.wp.com\/noticiasribeiraopreto.com.br\/wp-content\/uploads\/2023\/11\/bom-prato-scaled.jpeg?fit=1000%2C563&ssl=1&resize=350%2C200 1x, https:\/\/i0.wp.com\/noticiasribeiraopreto.com.br\/wp-content\/uploads\/2023\/11\/bom-prato-scaled.jpeg?fit=1000%2C563&ssl=1&resize=525%2C300 1.5x, https:\/\/i0.wp.com\/noticiasribeiraopreto.com.br\/wp-content\/uploads\/2023\/11\/bom-prato-scaled.jpeg?fit=1000%2C563&ssl=1&resize=700%2C400 2x"},"classes":[]},{"id":16546,"url":"https:\/\/noticiasribeiraopreto.com.br\/index.php\/2023\/12\/15\/bom-prato-catorze-empresas-disputam-unidade\/","url_meta":{"origin":40237,"position":5},"title":"Bom Prato: catorze empresas disputam unidade","author":"noticiasribeiraopreto.com.br","date":"15 de December de 2023","format":false,"excerpt":"A prefeitura de Ribeir\u00e3o Preto reabriu, em 9 de novembro, a licita\u00e7\u00e3o para contratar empresa respons\u00e1vel pela constru\u00e7\u00e3o da nova unidade do restaurante Bom Prato Centro. A decis\u00e3o foi publicada no Di\u00e1rio Oficial do Munic\u00edpio (DOM). A concorr\u00eancia p\u00fablica havia sido suspensa em 19 de outubro para corre\u00e7\u00e3o de planilhas\u2026","rel":"","context":"In &quot;Not\u00edcias de Ribeir\u00e3o Preto-SP e Regi\u00e3o&quot;","block_context":{"text":"Not\u00edcias de Ribeir\u00e3o Preto-SP e Regi\u00e3o","link":"https:\/\/noticiasribeiraopreto.com.br\/index.php\/category\/noticias-de-ribeirao-preto-sp-e-regiao-ismael-colosi\/"},"img":{"alt_text":"","src":"https:\/\/i0.wp.com\/noticiasribeiraopreto.com.br\/wp-content\/uploads\/2023\/12\/BomPrato-Divulgacao-02-scaled.jpeg?fit=863%2C645&ssl=1&resize=350%2C200","width":350,"height":200,"srcset":"https:\/\/i0.wp.com\/noticiasribeiraopreto.com.br\/wp-content\/uploads\/2023\/12\/BomPrato-Divulgacao-02-scaled.jpeg?fit=863%2C645&ssl=1&resize=350%2C200 1x, https:\/\/i0.wp.com\/noticiasribeiraopreto.com.br\/wp-content\/uploads\/2023\/12\/BomPrato-Divulgacao-02-scaled.jpeg?fit=863%2C645&ssl=1&resize=525%2C300 1.5x, https:\/\/i0.wp.com\/noticiasribeiraopreto.com.br\/wp-content\/uploads\/2023\/12\/BomPrato-Divulgacao-02-scaled.jpeg?fit=863%2C645&ssl=1&resize=700%2C400 2x"},"classes":[]}],"jetpack_sharing_enabled":true,"jetpack_shortlink":"https:\/\/wp.me\/peQAOb-asZ","_links":{"self":[{"href":"https:\/\/noticiasribeiraopreto.com.br\/index.php\/wp-json\/wp\/v2\/posts\/40237","targetHints":{"allow":["GET"]}}],"collection":[{"href":"https:\/\/noticiasribeiraopreto.com.br\/index.php\/wp-json\/wp\/v2\/posts"}],"about":[{"href":"https:\/\/noticiasribeiraopreto.com.br\/index.php\/wp-json\/wp\/v2\/types\/post"}],"author":[{"embeddable":true,"href":"https:\/\/noticiasribeiraopreto.com.br\/index.php\/wp-json\/wp\/v2\/users\/1"}],"replies":[{"embeddable":true,"href":"https:\/\/noticiasribeiraopreto.com.br\/index.php\/wp-json\/wp\/v2\/comments?post=40237"}],"version-history":[{"count":0,"href":"https:\/\/noticiasribeiraopreto.com.br\/index.php\/wp-json\/wp\/v2\/posts\/40237\/revisions"}],"wp:featuredmedia":[{"embeddable":true,"href":"https:\/\/noticiasribeiraopreto.com.br\/index.php\/wp-json\/wp\/v2\/media\/40238"}],"wp:attachment":[{"href":"https:\/\/noticiasribeiraopreto.com.br\/index.php\/wp-json\/wp\/v2\/media?parent=40237"}],"wp:term":[{"taxonomy":"category","embeddable":true,"href":"https:\/\/noticiasribeiraopreto.com.br\/index.php\/wp-json\/wp\/v2\/categories?post=40237"},{"taxonomy":"post_tag","embeddable":true,"href":"https:\/\/noticiasribeiraopreto.com.br\/index.php\/wp-json\/wp\/v2\/tags?post=40237"}],"curies":[{"name":"wp","href":"https:\/\/api.w.org\/{rel}","templated":true}]}}