{"id":40239,"date":"2024-03-01T17:50:13","date_gmt":"2024-03-01T20:50:13","guid":{"rendered":"https:\/\/noticiasribeiraopreto.com.br\/index.php\/2024\/03\/01\/camara-de-rp-quer-convocar-secretario\/"},"modified":"2024-03-01T17:50:13","modified_gmt":"2024-03-01T20:50:13","slug":"camara-de-rp-quer-convocar-secretario","status":"publish","type":"post","link":"https:\/\/noticiasribeiraopreto.com.br\/index.php\/2024\/03\/01\/camara-de-rp-quer-convocar-secretario\/","title":{"rendered":"C\u00e2mara de RP quer convocar secret\u00e1rio \u00a0"},"content":{"rendered":"<div class='code-block code-block-1' style='margin: 8px 0 8px auto; text-align: right; display: block; clear: both;'>\n<p><a href=\"https:\/\/wa.link\/vpicfd\"><img data-recalc-dims=\"1\" class=\"wp-image-4922\" style=\"aspect-ratio: 2.0253164556962027; width: 561px; height: auto;\" src=\"https:\/\/i0.wp.com\/ismaelcolosi.com.br\/wp-content\/uploads\/2023\/11\/grupo-de-empregos-whatsapp-e-facebook-ismael-colosi-vagas.jpg?ssl=1\" alt=\"\" \/><\/a><\/p>\n<!-- \/wp:image -->\n<\/div>\n<p> <br \/>\n<\/p>\n<div id=\"\">\n<p> <span class=\"entry-meta-item penci-posted-on\"><i class=\"fa fa-clock-o\"\/><time class=\"entry-date published\" datetime=\"2024-03-01T17:30:39-03:00\">1 de mar\u00e7o de 2024 | 17:30<\/time><time class=\"updated\" datetime=\"2024-03-01T16:07:15-03:00\">1 de mar\u00e7o de 2024 | 16:07<\/time><\/span><\/p>\n<p> <span class=\"penci-social-buttons penci-social-share-footer\"><a href=\"#\" class=\"penci-post-like penci_post-meta_item  single-like-button penci-social-item like\" data-post_id=\"375565\" title=\"Like\" data-like=\"Like\" data-unlike=\"Unlike\"><i class=\"fa fa-thumbs-o-up\"\/><span class=\"penci-share-number\">0<\/span><\/a><i class=\"fa fa-facebook\"\/><a class=\"penci-social-item twitter\" target=\"_blank\" rel=\"noopener\" title=\"\" href=\"https:\/\/twitter.com\/intent\/tweet?text=C\u00e2mara%20de%20RP%20quer%20convocar%20secret\u00e1rio%20\u00a0%20-%20https:\/\/www.tribunaribeirao.com.br\/site\/camara-de-rp-quer-convocar-secretario\/\"><i class=\"fa fa-twitter\"\/><\/a><i class=\"fa fa-whatsapp\"\/><\/span><\/div>\n<div>\n<p><span data-contrast=\"auto\">A C\u00e2mara de Ribeir\u00e3o Preto deve votar, nas pr\u00f3ximas sess\u00f5es, projeto de resolu\u00e7\u00e3o da Mesa Diretora que convoca o secret\u00e1rio municipal de Obras P\u00fablicas, Pedro Luiz Pegoraro, para prestar esclarecimentos aos parlamentares. <\/span><\/p>\n<p><span data-contrast=\"auto\">Eles querem saber os motivos do atraso na recupera\u00e7\u00e3o de uma ponte sobre o c\u00f3rrego na avenida Ubirajara de Souza Roxo, que interliga a Rodovia Jos\u00e9 Fregonesi (SP-328) ao Condom\u00ednio Royal Park, entre Ribeir\u00e3o Preto e o distrito de Bonfim Paulista, na Zona Sul da cidade. O requerimento que deu origem a convoca\u00e7\u00e3o \u00e9 de Jean Corauci (PSB). <\/span><\/p>\n<p><span data-contrast=\"auto\">A prefeitura de Ribeir\u00e3o Preto publicou, em 22 de fevereiro, no Di\u00e1rio Oficial do Munic\u00edpio, aviso de licita\u00e7\u00e3o para reconstru\u00e7\u00e3o da ponte. O processo licitat\u00f3rio ser\u00e1 aberto em 13 de mar\u00e7o, com um m\u00eas de atraso. O investimento estimado \u00e9 de R$ 2.389.079,54. Em 25 de janeiro, aviso publicado no DOM indicava que a licita\u00e7\u00e3o seria aberta em 15 de fevereiro. <\/span><\/p>\n<p><span data-contrast=\"auto\">O equipamento est\u00e1 com problemas estruturais em uma das pistas. As falhas foram causadas pelas fortes chuvas que atingiram Ribeir\u00e3o Preto entre o final de 2022 e o come\u00e7o do ano passado.\u00a0 <\/span><span data-contrast=\"none\">Segundo a Secretaria Municipal da Administra\u00e7\u00e3o, a abertura dos envelopes est\u00e1 prevista para as nove horas de 13 de mar\u00e7o. <\/span><\/p>\n<p><span data-contrast=\"none\">As empresas interessadas em participar do certame <\/span><span data-contrast=\"auto\">\u2013<\/span><span data-contrast=\"none\"> tomada de pre\u00e7os <\/span><span data-contrast=\"auto\">\u2013<\/span><span data-contrast=\"none\"> podem retirar o edital no Departamento de Materiais e Licita\u00e7\u00f5es <\/span><span data-contrast=\"auto\">\u2013<\/span><span data-contrast=\"none\"> Divis\u00e3o de Licita\u00e7\u00e3o (rua Jacira n\u00ba 50, Jardim Macedo), das oito \u00e0s 17 horas (a custo zero \u2013 gratuito) ou (na \u00edntegra) pelo site da prefeitura de Ribeir\u00e3o Preto (www.ribeiraopreto.sp.gov.br.).<\/span><\/p>\n<p><span data-contrast=\"auto\">Segundo moradores da regi\u00e3o e motoristas que utilizam a avenida, existe o risco de desabamento de parte da ponte. Uma das pistas da avenida est\u00e1 com problemas estruturais e interditada desde o final de 2022. A prefeitura chegou a divulgar, por meio da Secretaria Municipal de Obras P\u00fablicas, que a recupera\u00e7\u00e3o da ponte levaria seis meses contados a partir da data de interdi\u00e7\u00e3o. <\/span><\/p>\n<p><span data-contrast=\"auto\">Entretanto, estudos t\u00e9cnicos no local demonstram que os danos causados pelas chuvas exigir\u00e3o profunda reforma estrutural. Houve infiltra\u00e7\u00e3o nas laterais e, ao abrir para consertar os danos provocados pelas eros\u00f5es, os t\u00e9cnicos descobriram uma trinca. <\/span><\/p>\n<p><span data-contrast=\"auto\">Em nota enviada ao Tribuna em 23 de janeiro, a secretaria informava que a reconstru\u00e7\u00e3o da ponte \u2013 um novo equipamento ser\u00e1 erguido no mesmo local \u2013 tem custo estimado em R$ 2.389.079,54. \u201cOs trabalhos no local, dever\u00e3o come\u00e7ar assim que a obra em quest\u00e3o for licitada\u201d, diz o texto. Ser\u00e1 constru\u00edda no mesmo local da atual<\/span><\/p>\n<p><span data-contrast=\"auto\">A licita\u00e7\u00e3o do projeto executivo da obra foi realizada pelo governo Duarte Nogueira (PSDB) em agosto do ano passado, quando foi emitida a ordem de servi\u00e7o para a empresa Engemost, vencedora da concorr\u00eancia p\u00fablica. <\/span><br \/><span data-contrast=\"auto\">No ano passado, dois grandes eventos foram realizados na regi\u00e3o, mesmo com a ponte interditada, e muita gente reclamou de lentid\u00e3o no tr\u00e1fego na via alternativa.<\/span><\/p>\n<p>\u00a0<\/p>\n<p>\u00a0<\/p>\n<\/div>\n<p><script async src=\"\/\/platform.twitter.com\/widgets.js\" charset=\"utf-8\"><\/script><br \/>\n<br \/><br \/>\n<br \/><a href=\"https:\/\/www.tribunaribeirao.com.br\/site\/camara-de-rp-quer-convocar-secretario\/\">Source link <\/a><\/p>\n<!-- CONTENT END 1 -->\n","protected":false},"excerpt":{"rendered":"<p>1 de mar\u00e7o de 2024 | 17:301 de mar\u00e7o de 2024 | 16:07 0 A C\u00e2mara de Ribeir\u00e3o Preto deve votar, nas pr\u00f3ximas sess\u00f5es, projeto&#8230;<\/p>\n","protected":false},"author":1,"featured_media":40240,"comment_status":"open","ping_status":"open","sticky":false,"template":"","format":"standard","meta":{"advanced_seo_description":"","jetpack_seo_html_title":"","jetpack_seo_noindex":false,"jetpack_post_was_ever_published":false,"_jetpack_newsletter_access":"","_jetpack_dont_email_post_to_subs":false,"_jetpack_newsletter_tier_id":0,"_jetpack_memberships_contains_paywalled_content":false,"_jetpack_memberships_contains_paid_content":false,"footnotes":"","jetpack_publicize_message":"","jetpack_publicize_feature_enabled":true,"jetpack_social_post_already_shared":true,"jetpack_social_options":{"image_generator_settings":{"template":"highway","default_image_id":0,"font":"","enabled":false},"version":2}},"categories":[11],"tags":[154,4673,796,3960],"class_list":["post-40239","post","type-post","status-publish","format-standard","has-post-thumbnail","hentry","category-noticias-de-ribeirao-preto-sp-e-regiao-ismael-colosi","tag-camara","tag-convocar","tag-quer","tag-secretario"],"jetpack_publicize_connections":[],"jetpack_featured_media_url":"https:\/\/i0.wp.com\/noticiasribeiraopreto.com.br\/wp-content\/uploads\/2024\/03\/PonteRP-Fernando-Gonzaga-scaled.jpg?fit=967%2C645&ssl=1","jetpack-related-posts":[{"id":41577,"url":"https:\/\/noticiasribeiraopreto.com.br\/index.php\/2024\/03\/09\/camara-notifica-loja-de-veiculos-que-quer-entregar-carros-brancos\/","url_meta":{"origin":40239,"position":0},"title":"C\u00e2mara notifica loja de ve\u00edculos que quer entregar carros brancos","author":"noticiasribeiraopreto.com.br","date":"9 de March de 2024","format":false,"excerpt":"9 de mar\u00e7o de 2024 | 9:008 de mar\u00e7o de 2024 | 19:39 0A C\u00e2mara de Ribeir\u00e3o Preto notificou, nesta sexta-feira, 8 de mar\u00e7o, a concession\u00e1ria GT8 Ve\u00edculos, de Franca, para que entregue, em prazo m\u00e1ximo de cinco dias \u00fateis, a documenta\u00e7\u00e3o exigida envolvendo a compra de doze ve\u00edculos zero\u2026","rel":"","context":"In &quot;Not\u00edcias de Ribeir\u00e3o Preto-SP e Regi\u00e3o&quot;","block_context":{"text":"Not\u00edcias de Ribeir\u00e3o Preto-SP e Regi\u00e3o","link":"https:\/\/noticiasribeiraopreto.com.br\/index.php\/category\/noticias-de-ribeirao-preto-sp-e-regiao-ismael-colosi\/"},"img":{"alt_text":"","src":"https:\/\/i0.wp.com\/noticiasribeiraopreto.com.br\/wp-content\/uploads\/2024\/03\/CarroCAM-Bra-Reproducao-02-scaled.jpg?fit=1000%2C481&ssl=1&resize=350%2C200","width":350,"height":200,"srcset":"https:\/\/i0.wp.com\/noticiasribeiraopreto.com.br\/wp-content\/uploads\/2024\/03\/CarroCAM-Bra-Reproducao-02-scaled.jpg?fit=1000%2C481&ssl=1&resize=350%2C200 1x, https:\/\/i0.wp.com\/noticiasribeiraopreto.com.br\/wp-content\/uploads\/2024\/03\/CarroCAM-Bra-Reproducao-02-scaled.jpg?fit=1000%2C481&ssl=1&resize=525%2C300 1.5x, https:\/\/i0.wp.com\/noticiasribeiraopreto.com.br\/wp-content\/uploads\/2024\/03\/CarroCAM-Bra-Reproducao-02-scaled.jpg?fit=1000%2C481&ssl=1&resize=700%2C400 2x"},"classes":[]},{"id":73572,"url":"https:\/\/noticiasribeiraopreto.com.br\/index.php\/2025\/07\/04\/jean-vicente-e-nomeado-novo-secretario-de-governo-de-ribeirao-preto\/","url_meta":{"origin":40239,"position":1},"title":"Jean Vicente \u00e9 nomeado novo secret\u00e1rio de Governo de Ribeir\u00e3o Preto","author":"noticiasribeiraopreto.com.br","date":"4 de July de 2025","format":false,"excerpt":"O prefeito Ricardo Silva (PSD) nomeou o jornalista Jean Vicente como novo secret\u00e1rio de Governo da Prefeitura de Ribeir\u00e3o Preto, nesta sexta-feira (4). Ele ocupava a fun\u00e7\u00e3o de secret\u00e1rio adjunto da pasta e agora assume oficialmente o comando da Secretaria. Jean vai substituir o ex-secret\u00e1rio Jo\u00e3o Augusto do Carmo, que\u2026","rel":"","context":"In &quot;Not\u00edcias de Ribeir\u00e3o Preto-SP e Regi\u00e3o&quot;","block_context":{"text":"Not\u00edcias de Ribeir\u00e3o Preto-SP e Regi\u00e3o","link":"https:\/\/noticiasribeiraopreto.com.br\/index.php\/category\/noticias-de-ribeirao-preto-sp-e-regiao-ismael-colosi\/"},"img":{"alt_text":"","src":"https:\/\/i0.wp.com\/noticiasribeiraopreto.com.br\/wp-content\/uploads\/2025\/07\/Copia-de-Copia-de-Copia-de-TAMANHO-EXATO-PARA-FOTOS-NO-SISTEMA-NOVO-2025-07-04T164454.070_2025-07-04_19-45-04.webp.webp?fit=1200%2C675&ssl=1&resize=350%2C200","width":350,"height":200,"srcset":"https:\/\/i0.wp.com\/noticiasribeiraopreto.com.br\/wp-content\/uploads\/2025\/07\/Copia-de-Copia-de-Copia-de-TAMANHO-EXATO-PARA-FOTOS-NO-SISTEMA-NOVO-2025-07-04T164454.070_2025-07-04_19-45-04.webp.webp?fit=1200%2C675&ssl=1&resize=350%2C200 1x, https:\/\/i0.wp.com\/noticiasribeiraopreto.com.br\/wp-content\/uploads\/2025\/07\/Copia-de-Copia-de-Copia-de-TAMANHO-EXATO-PARA-FOTOS-NO-SISTEMA-NOVO-2025-07-04T164454.070_2025-07-04_19-45-04.webp.webp?fit=1200%2C675&ssl=1&resize=525%2C300 1.5x, https:\/\/i0.wp.com\/noticiasribeiraopreto.com.br\/wp-content\/uploads\/2025\/07\/Copia-de-Copia-de-Copia-de-TAMANHO-EXATO-PARA-FOTOS-NO-SISTEMA-NOVO-2025-07-04T164454.070_2025-07-04_19-45-04.webp.webp?fit=1200%2C675&ssl=1&resize=700%2C400 2x, https:\/\/i0.wp.com\/noticiasribeiraopreto.com.br\/wp-content\/uploads\/2025\/07\/Copia-de-Copia-de-Copia-de-TAMANHO-EXATO-PARA-FOTOS-NO-SISTEMA-NOVO-2025-07-04T164454.070_2025-07-04_19-45-04.webp.webp?fit=1200%2C675&ssl=1&resize=1050%2C600 3x"},"classes":[]},{"id":62960,"url":"https:\/\/noticiasribeiraopreto.com.br\/index.php\/2025\/01\/29\/conheca-os-candidatos-a-presidencia-da-camara-dos-deputados\/","url_meta":{"origin":40239,"position":2},"title":"Conhe\u00e7a os candidatos \u00e0 presid\u00eancia da C\u00e2mara dos Deputados","author":"noticiasribeiraopreto.com.br","date":"29 de January de 2025","format":false,"excerpt":"Acontece neste s\u00e1bado (1\u00ba de fevereiro) a elei\u00e7\u00e3o que definir\u00e1 a Mesa Diretora da C\u00e2mara dos Deputados, em Bras\u00edlia. O principal cargo em disputa \u00e9 o do presidente, que substituir\u00e1 Arthur Lira (PP), ap\u00f3s quatro anos. S\u00e3o os candidatos a presidir \u00e0 C\u00e2mara dos Deputados: Hugo Motta (REP), Marcel Van\u2026","rel":"","context":"In &quot;Not\u00edcias de Ribeir\u00e3o Preto-SP e Regi\u00e3o&quot;","block_context":{"text":"Not\u00edcias de Ribeir\u00e3o Preto-SP e Regi\u00e3o","link":"https:\/\/noticiasribeiraopreto.com.br\/index.php\/category\/noticias-de-ribeirao-preto-sp-e-regiao-ismael-colosi\/"},"img":{"alt_text":"","src":"https:\/\/i0.wp.com\/noticiasribeiraopreto.com.br\/wp-content\/uploads\/2025\/01\/hugo-motta-henrique-vieira-van-hattem_2025-01-29_19-02-05_jpeg_2025-01-29_19-02-05.webp.webp?fit=1200%2C674&ssl=1&resize=350%2C200","width":350,"height":200,"srcset":"https:\/\/i0.wp.com\/noticiasribeiraopreto.com.br\/wp-content\/uploads\/2025\/01\/hugo-motta-henrique-vieira-van-hattem_2025-01-29_19-02-05_jpeg_2025-01-29_19-02-05.webp.webp?fit=1200%2C674&ssl=1&resize=350%2C200 1x, https:\/\/i0.wp.com\/noticiasribeiraopreto.com.br\/wp-content\/uploads\/2025\/01\/hugo-motta-henrique-vieira-van-hattem_2025-01-29_19-02-05_jpeg_2025-01-29_19-02-05.webp.webp?fit=1200%2C674&ssl=1&resize=525%2C300 1.5x, https:\/\/i0.wp.com\/noticiasribeiraopreto.com.br\/wp-content\/uploads\/2025\/01\/hugo-motta-henrique-vieira-van-hattem_2025-01-29_19-02-05_jpeg_2025-01-29_19-02-05.webp.webp?fit=1200%2C674&ssl=1&resize=700%2C400 2x, https:\/\/i0.wp.com\/noticiasribeiraopreto.com.br\/wp-content\/uploads\/2025\/01\/hugo-motta-henrique-vieira-van-hattem_2025-01-29_19-02-05_jpeg_2025-01-29_19-02-05.webp.webp?fit=1200%2C674&ssl=1&resize=1050%2C600 3x"},"classes":[]},{"id":61948,"url":"https:\/\/noticiasribeiraopreto.com.br\/index.php\/2024\/12\/29\/veja-como-vai-ser-a-posse-de-ricardo-silva-e-dos-vereadores-eleitos-em-ribeirao-preto\/","url_meta":{"origin":40239,"position":3},"title":"Veja como vai ser a posse de Ricardo Silva e dos vereadores eleitos em Ribeir\u00e3o Preto","author":"noticiasribeiraopreto.com.br","date":"29 de December de 2024","format":false,"excerpt":"A posse dos vereadores, do prefeito e vice eleitos em Ribeir\u00e3o Preto acontecer\u00e1 na pr\u00f3xima quarta-feira, 1\u00ba de janeiro de 2025, \u00e0s 9h, no Plen\u00e1rio da C\u00e2mara Municipal. Primeiro, ser\u00e1 a posse dos vereadores. Na sequ\u00eancia, os parlamentares dar\u00e3o posse a Ricardo Silva (PSD) e a seu vice, Maraca. Em\u2026","rel":"","context":"In &quot;Not\u00edcias de Ribeir\u00e3o Preto-SP e Regi\u00e3o&quot;","block_context":{"text":"Not\u00edcias de Ribeir\u00e3o Preto-SP e Regi\u00e3o","link":"https:\/\/noticiasribeiraopreto.com.br\/index.php\/category\/noticias-de-ribeirao-preto-sp-e-regiao-ismael-colosi\/"},"img":{"alt_text":"","src":"https:\/\/i0.wp.com\/noticiasribeiraopreto.com.br\/wp-content\/uploads\/2024\/12\/ricardo-silva_2024-12-04_18-01-28_jpg_2024-12-04_18-01-28.webp.webp?fit=1200%2C802&ssl=1&resize=350%2C200","width":350,"height":200,"srcset":"https:\/\/i0.wp.com\/noticiasribeiraopreto.com.br\/wp-content\/uploads\/2024\/12\/ricardo-silva_2024-12-04_18-01-28_jpg_2024-12-04_18-01-28.webp.webp?fit=1200%2C802&ssl=1&resize=350%2C200 1x, https:\/\/i0.wp.com\/noticiasribeiraopreto.com.br\/wp-content\/uploads\/2024\/12\/ricardo-silva_2024-12-04_18-01-28_jpg_2024-12-04_18-01-28.webp.webp?fit=1200%2C802&ssl=1&resize=525%2C300 1.5x, https:\/\/i0.wp.com\/noticiasribeiraopreto.com.br\/wp-content\/uploads\/2024\/12\/ricardo-silva_2024-12-04_18-01-28_jpg_2024-12-04_18-01-28.webp.webp?fit=1200%2C802&ssl=1&resize=700%2C400 2x, https:\/\/i0.wp.com\/noticiasribeiraopreto.com.br\/wp-content\/uploads\/2024\/12\/ricardo-silva_2024-12-04_18-01-28_jpg_2024-12-04_18-01-28.webp.webp?fit=1200%2C802&ssl=1&resize=1050%2C600 3x"},"classes":[]},{"id":84108,"url":"https:\/\/noticiasribeiraopreto.com.br\/index.php\/2026\/04\/01\/daniel-gobbi-e-eleito-novo-presidente-da-camara\/","url_meta":{"origin":40239,"position":4},"title":"Daniel Gobbi \u00e9 eleito novo presidente da C\u00e2mara","author":"noticiasribeiraopreto.com.br","date":"1 de April de 2026","format":false,"excerpt":"O vereador Daniel Gobbi (PP) foi eleito nesta quarta-feira, 1 de abril, o novo presidente da C\u00e2mara de Vereadores de Ribeir\u00e3o Preto. A elei\u00e7\u00e3o suplementar foi necess\u00e1ria ap\u00f3s a ren\u00fancia de Isaac Antunes (PL) que deixou o cargo, por recomenda\u00e7\u00e3o do Minist\u00e9rio P\u00fablico do Estado de S\u00e3o Paulo (MP\/SP). Ele\u2026","rel":"","context":"In &quot;Not\u00edcias de Ribeir\u00e3o Preto-SP e Regi\u00e3o&quot;","block_context":{"text":"Not\u00edcias de Ribeir\u00e3o Preto-SP e Regi\u00e3o","link":"https:\/\/noticiasribeiraopreto.com.br\/index.php\/category\/noticias-de-ribeirao-preto-sp-e-regiao-ismael-colosi\/"},"img":{"alt_text":"","src":"https:\/\/i0.wp.com\/noticiasribeiraopreto.com.br\/wp-content\/uploads\/2026\/04\/WhatsApp-Image-2026-04-01-at-19.18.04-scaled.jpeg?fit=1200%2C645&ssl=1&resize=350%2C200","width":350,"height":200,"srcset":"https:\/\/i0.wp.com\/noticiasribeiraopreto.com.br\/wp-content\/uploads\/2026\/04\/WhatsApp-Image-2026-04-01-at-19.18.04-scaled.jpeg?fit=1200%2C645&ssl=1&resize=350%2C200 1x, https:\/\/i0.wp.com\/noticiasribeiraopreto.com.br\/wp-content\/uploads\/2026\/04\/WhatsApp-Image-2026-04-01-at-19.18.04-scaled.jpeg?fit=1200%2C645&ssl=1&resize=525%2C300 1.5x, https:\/\/i0.wp.com\/noticiasribeiraopreto.com.br\/wp-content\/uploads\/2026\/04\/WhatsApp-Image-2026-04-01-at-19.18.04-scaled.jpeg?fit=1200%2C645&ssl=1&resize=700%2C400 2x, https:\/\/i0.wp.com\/noticiasribeiraopreto.com.br\/wp-content\/uploads\/2026\/04\/WhatsApp-Image-2026-04-01-at-19.18.04-scaled.jpeg?fit=1200%2C645&ssl=1&resize=1050%2C600 3x"},"classes":[]},{"id":84008,"url":"https:\/\/noticiasribeiraopreto.com.br\/index.php\/2026\/03\/30\/isaac-antunes-renuncia-a-presidencia-da-camara\/","url_meta":{"origin":40239,"position":5},"title":"Isaac Antunes renuncia \u00e0 presid\u00eancia da C\u00e2mara","author":"noticiasribeiraopreto.com.br","date":"30 de March de 2026","format":false,"excerpt":"\r \r \r 30 de mar\u00e7o de 2026 20:32 \r Compartilhar0 O Tribuna apurou que a decis\u00e3o ocorreu ap\u00f3s reuni\u00e3o na tarde desta segunda-feira, 30 de mar\u00e7o, com o promotor de Justi\u00e7a Alexandre Padilha Isaac Antunes (PL) renunciou \u00e0 presid\u00eancia da C\u00e2mara de Ribeir\u00e3o Preto. A decis\u00e3o foi anunciada ao\u2026","rel":"","context":"In &quot;Not\u00edcias de Ribeir\u00e3o Preto-SP e Regi\u00e3o&quot;","block_context":{"text":"Not\u00edcias de Ribeir\u00e3o Preto-SP e Regi\u00e3o","link":"https:\/\/noticiasribeiraopreto.com.br\/index.php\/category\/noticias-de-ribeirao-preto-sp-e-regiao-ismael-colosi\/"},"img":{"alt_text":"","src":"https:\/\/i0.wp.com\/noticiasribeiraopreto.com.br\/wp-content\/uploads\/2026\/03\/3-ISAAC-ANTUNES-MAX-GAL-2-scaled.jpg?fit=800%2C531&ssl=1&resize=350%2C200","width":350,"height":200,"srcset":"https:\/\/i0.wp.com\/noticiasribeiraopreto.com.br\/wp-content\/uploads\/2026\/03\/3-ISAAC-ANTUNES-MAX-GAL-2-scaled.jpg?fit=800%2C531&ssl=1&resize=350%2C200 1x, https:\/\/i0.wp.com\/noticiasribeiraopreto.com.br\/wp-content\/uploads\/2026\/03\/3-ISAAC-ANTUNES-MAX-GAL-2-scaled.jpg?fit=800%2C531&ssl=1&resize=525%2C300 1.5x, https:\/\/i0.wp.com\/noticiasribeiraopreto.com.br\/wp-content\/uploads\/2026\/03\/3-ISAAC-ANTUNES-MAX-GAL-2-scaled.jpg?fit=800%2C531&ssl=1&resize=700%2C400 2x"},"classes":[]}],"jetpack_sharing_enabled":true,"jetpack_shortlink":"https:\/\/wp.me\/peQAOb-at1","_links":{"self":[{"href":"https:\/\/noticiasribeiraopreto.com.br\/index.php\/wp-json\/wp\/v2\/posts\/40239","targetHints":{"allow":["GET"]}}],"collection":[{"href":"https:\/\/noticiasribeiraopreto.com.br\/index.php\/wp-json\/wp\/v2\/posts"}],"about":[{"href":"https:\/\/noticiasribeiraopreto.com.br\/index.php\/wp-json\/wp\/v2\/types\/post"}],"author":[{"embeddable":true,"href":"https:\/\/noticiasribeiraopreto.com.br\/index.php\/wp-json\/wp\/v2\/users\/1"}],"replies":[{"embeddable":true,"href":"https:\/\/noticiasribeiraopreto.com.br\/index.php\/wp-json\/wp\/v2\/comments?post=40239"}],"version-history":[{"count":0,"href":"https:\/\/noticiasribeiraopreto.com.br\/index.php\/wp-json\/wp\/v2\/posts\/40239\/revisions"}],"wp:featuredmedia":[{"embeddable":true,"href":"https:\/\/noticiasribeiraopreto.com.br\/index.php\/wp-json\/wp\/v2\/media\/40240"}],"wp:attachment":[{"href":"https:\/\/noticiasribeiraopreto.com.br\/index.php\/wp-json\/wp\/v2\/media?parent=40239"}],"wp:term":[{"taxonomy":"category","embeddable":true,"href":"https:\/\/noticiasribeiraopreto.com.br\/index.php\/wp-json\/wp\/v2\/categories?post=40239"},{"taxonomy":"post_tag","embeddable":true,"href":"https:\/\/noticiasribeiraopreto.com.br\/index.php\/wp-json\/wp\/v2\/tags?post=40239"}],"curies":[{"name":"wp","href":"https:\/\/api.w.org\/{rel}","templated":true}]}}