{"id":40241,"date":"2024-03-01T17:53:17","date_gmt":"2024-03-01T20:53:17","guid":{"rendered":"https:\/\/noticiasribeiraopreto.com.br\/index.php\/2024\/03\/01\/com-atuacao-em-ribeirao-preto-empresa-planeja-investimentos-de-r-500-milhoes\/"},"modified":"2024-03-01T17:53:17","modified_gmt":"2024-03-01T20:53:17","slug":"com-atuacao-em-ribeirao-preto-empresa-planeja-investimentos-de-r-500-milhoes","status":"publish","type":"post","link":"https:\/\/noticiasribeiraopreto.com.br\/index.php\/2024\/03\/01\/com-atuacao-em-ribeirao-preto-empresa-planeja-investimentos-de-r-500-milhoes\/","title":{"rendered":"Com atua\u00e7\u00e3o em Ribeir\u00e3o Preto, empresa planeja investimentos de R$ 500 milh\u00f5es"},"content":{"rendered":"<div class='code-block code-block-1' style='margin: 8px 0 8px auto; text-align: right; display: block; clear: both;'>\n<p><a href=\"https:\/\/wa.link\/vpicfd\"><img data-recalc-dims=\"1\" class=\"wp-image-4922\" style=\"aspect-ratio: 2.0253164556962027; width: 561px; height: auto;\" src=\"https:\/\/i0.wp.com\/ismaelcolosi.com.br\/wp-content\/uploads\/2023\/11\/grupo-de-empregos-whatsapp-e-facebook-ismael-colosi-vagas.jpg?ssl=1\" alt=\"\" \/><\/a><\/p>\n<!-- \/wp:image -->\n<\/div>\n<p> <br \/>\n<\/p>\n<div data-td-block-uid=\"tdi_101\">\n<div class=\"tdb-block-inner td-fix-index\">\n<p>Com atua\u00e7\u00e3o em <strong>Ribeir\u00e3o Preto<\/strong>, o Grupo Tracbel assumiu 10 concession\u00e1rias da John Deere no Estado de S\u00e3o Paulo e <mark style=\"background-color:#fcb900\" class=\"has-inline-color has-black-color\">planeja investimentos de R$ 500 milh\u00f5es at\u00e9 2026<\/mark>. A empresa tamb\u00e9m anunciou a cria\u00e7\u00e3o da unidade Agro, com sede em Ribeir\u00e3o Preto.<\/p>\n<p>A nova unidade de neg\u00f3cios \u00e9 voltada para o setor de m\u00e1quinas e implementos agr\u00edcolas. \u201cQueremos oferecer o que h\u00e1 de mais avan\u00e7ado em tecnologia e contribuir com o aumento da produtividade no campo e com a rentabilidade do produtor rural\u201d, diz o CEO da unidade, Victor Franco.<\/p>\n<p>A empresa v\u00ea com otimismo o potencial da nova \u00e1rea de atua\u00e7\u00e3o em Ribeir\u00e3o Preto. Isso porque, a regi\u00e3o concentra um parque de destilarias de etanol e usinas de a\u00e7\u00facar, al\u00e9m de produtores de cana, laranja, gr\u00e3os, amendoim, carnes e caf\u00e9.<\/p>\n<h4 class=\"wp-block-heading\"><strong>Central de servi\u00e7os na regi\u00e3o<\/strong><\/h4>\n<p>O grupo tamb\u00e9m abriu uma nova central de servi\u00e7os e treinamento para m\u00e1quinas John Deere em <strong>Bebedouro<\/strong>, na regi\u00e3o de Ribeir\u00e3o Preto. A central prestar\u00e1 atendimento voltado a m\u00e1quinas e produtos da marca para clientes de 200 munic\u00edpios.<\/p>\n<p>O empreendimento de 4,2 mil metros quadrados fica na avenida Mara Cely Rocha Pereira, 952, no Distrito Industrial.<\/p>\n<p>SAIBA MAIS<br \/>Ribeir\u00e3o Preto abre inscri\u00e7\u00e3o para programa de inova\u00e7\u00e3o para empresas<\/p>\n<h4 class=\"wp-block-heading\"><strong>FIQUE ON<\/strong><\/h4>\n<p>Fique ligado em tudo que acontece em Ribeir\u00e3o Preto e regi\u00e3o. Siga os perfis do<strong> acidade on <\/strong>no <a href=\"https:\/\/www.instagram.com\/acidadeonribeirao\" target=\"_blank\" rel=\"noreferrer noopener nofollow\">Instagram <\/a>e no <a href=\"https:\/\/www.facebook.com\/acidadeonribeirao\" target=\"_blank\" rel=\"noreferrer noopener nofollow\">Facebook<\/a>.<\/p>\n<p>Receba not\u00edcias do<strong> acidade on <\/strong>no WhatsApp. <a href=\"https:\/\/chat.whatsapp.com\/Bnv2w66ZT4VDyZW3oiZ69n\" target=\"_blank\" rel=\"noreferrer noopener nofollow\">Para entrar no grupo, basta clicar aqui.<\/a><\/p>\n<p>Fa\u00e7a uma den\u00fancia ou sugira uma reportagem sobre Ribeir\u00e3o Preto e regi\u00e3o pelo WhatsApp: 16 99117 7802.<\/p>\n<p>VEJA TAMB\u00c9M<br \/>BBB 24: quem atendeu ao segundo toque do Big Fone?<\/p>\n<p><!-- AI CONTENT END 1 -->\n<\/div>\n<\/div>\n<p><script async src=\"\/\/www.instagram.com\/embed.js\"><\/script><br \/>\n<br \/><br \/>\n<br \/><a href=\"https:\/\/www.acidadeon.com\/ribeiraopreto\/economia\/com-atuacao-ribeirao-preto-empresa-planeja-investimentos-de-r-500-milhoes\/\">Source link <\/a><\/p>\n<!-- CONTENT END 1 -->\n","protected":false},"excerpt":{"rendered":"<p>Com atua\u00e7\u00e3o em Ribeir\u00e3o Preto, o Grupo Tracbel assumiu 10 concession\u00e1rias da John Deere no Estado de S\u00e3o Paulo e planeja investimentos de R$ 500&#8230;<\/p>\n","protected":false},"author":1,"featured_media":40242,"comment_status":"open","ping_status":"open","sticky":false,"template":"","format":"standard","meta":{"advanced_seo_description":"","jetpack_seo_html_title":"","jetpack_seo_noindex":false,"jetpack_post_was_ever_published":false,"_jetpack_newsletter_access":"","_jetpack_dont_email_post_to_subs":false,"_jetpack_newsletter_tier_id":0,"_jetpack_memberships_contains_paywalled_content":false,"_jetpack_memberships_contains_paid_content":false,"footnotes":"","jetpack_publicize_message":"","jetpack_publicize_feature_enabled":true,"jetpack_social_post_already_shared":true,"jetpack_social_options":{"image_generator_settings":{"template":"highway","default_image_id":0,"font":"","enabled":false},"version":2}},"categories":[11],"tags":[],"class_list":["post-40241","post","type-post","status-publish","format-standard","has-post-thumbnail","hentry","category-noticias-de-ribeirao-preto-sp-e-regiao-ismael-colosi"],"jetpack_publicize_connections":[],"jetpack_featured_media_url":"https:\/\/i0.wp.com\/noticiasribeiraopreto.com.br\/wp-content\/uploads\/2024\/03\/AnyConv.com__maquinas-john-deere.webp.webp?fit=1280%2C855&ssl=1","jetpack-related-posts":[{"id":77592,"url":"https:\/\/noticiasribeiraopreto.com.br\/index.php\/2025\/09\/22\/empresa-confirma-investimento-de-r-100-milhoes-em-fabrica-na-regiao-de-ribeirao\/","url_meta":{"origin":40241,"position":0},"title":"Empresa confirma investimento de R$ 100 milh\u00f5es em f\u00e1brica na regi\u00e3o de Ribeir\u00e3o","author":"noticiasribeiraopreto.com.br","date":"22 de September de 2025","format":false,"excerpt":"A Aditek, empresa brasileira especializada em solu\u00e7\u00f5es ortod\u00f4nticas, confirmou o investimento de R$ 100 milh\u00f5es na unidade de Cravinhos, na regi\u00e3o de Ribeir\u00e3o Preto. O investimento \u00e9 necess\u00e1rio para o in\u00edcio da produ\u00e7\u00e3o nacional dos alinhadores Angel Aligner, que dever\u00e3o ser produzidos no local ainda neste ano. O investimento na\u2026","rel":"","context":"In &quot;Not\u00edcias de Ribeir\u00e3o Preto-SP e Regi\u00e3o&quot;","block_context":{"text":"Not\u00edcias de Ribeir\u00e3o Preto-SP e Regi\u00e3o","link":"https:\/\/noticiasribeiraopreto.com.br\/index.php\/category\/noticias-de-ribeirao-preto-sp-e-regiao-ismael-colosi\/"},"img":{"alt_text":"","src":"https:\/\/i0.wp.com\/noticiasribeiraopreto.com.br\/wp-content\/uploads\/2025\/09\/aditek_2025-09-22_17-13-10.webp.webp?fit=1200%2C900&ssl=1&resize=350%2C200","width":350,"height":200,"srcset":"https:\/\/i0.wp.com\/noticiasribeiraopreto.com.br\/wp-content\/uploads\/2025\/09\/aditek_2025-09-22_17-13-10.webp.webp?fit=1200%2C900&ssl=1&resize=350%2C200 1x, https:\/\/i0.wp.com\/noticiasribeiraopreto.com.br\/wp-content\/uploads\/2025\/09\/aditek_2025-09-22_17-13-10.webp.webp?fit=1200%2C900&ssl=1&resize=525%2C300 1.5x, https:\/\/i0.wp.com\/noticiasribeiraopreto.com.br\/wp-content\/uploads\/2025\/09\/aditek_2025-09-22_17-13-10.webp.webp?fit=1200%2C900&ssl=1&resize=700%2C400 2x, https:\/\/i0.wp.com\/noticiasribeiraopreto.com.br\/wp-content\/uploads\/2025\/09\/aditek_2025-09-22_17-13-10.webp.webp?fit=1200%2C900&ssl=1&resize=1050%2C600 3x"},"classes":[]},{"id":74425,"url":"https:\/\/noticiasribeiraopreto.com.br\/index.php\/2025\/07\/22\/empresa-de-ribeirao-preto-anuncia-investimento-milionario-do-bndes\/","url_meta":{"origin":40241,"position":1},"title":"Empresa de Ribeir\u00e3o Preto anuncia investimento milion\u00e1rio do BNDES","author":"noticiasribeiraopreto.com.br","date":"22 de July de 2025","format":false,"excerpt":"O Grupo Santa Clara, empresa de fertilizantes e biodefensivos sediada em Ribeir\u00e3o Preto, anunciou nesta ter\u00e7a-feira (22) a entrada da BNDESPAR como novo s\u00f3cio da companhia. O BNDES (Banco Nacional de Desenvolvimento Econ\u00f4mico e Social) realizou investimentos de R$ 114 milh\u00f5es e passa a contar com 19,9% de participa\u00e7\u00e3o societ\u00e1ria\u2026","rel":"","context":"In &quot;Not\u00edcias de Ribeir\u00e3o Preto-SP e Regi\u00e3o&quot;","block_context":{"text":"Not\u00edcias de Ribeir\u00e3o Preto-SP e Regi\u00e3o","link":"https:\/\/noticiasribeiraopreto.com.br\/index.php\/category\/noticias-de-ribeirao-preto-sp-e-regiao-ismael-colosi\/"},"img":{"alt_text":"","src":"https:\/\/i0.wp.com\/noticiasribeiraopreto.com.br\/wp-content\/uploads\/2025\/07\/Santa-Clara-Ribeirao-Preto_2025-07-22_15-18-18.webp.webp?fit=1200%2C879&ssl=1&resize=350%2C200","width":350,"height":200,"srcset":"https:\/\/i0.wp.com\/noticiasribeiraopreto.com.br\/wp-content\/uploads\/2025\/07\/Santa-Clara-Ribeirao-Preto_2025-07-22_15-18-18.webp.webp?fit=1200%2C879&ssl=1&resize=350%2C200 1x, https:\/\/i0.wp.com\/noticiasribeiraopreto.com.br\/wp-content\/uploads\/2025\/07\/Santa-Clara-Ribeirao-Preto_2025-07-22_15-18-18.webp.webp?fit=1200%2C879&ssl=1&resize=525%2C300 1.5x, https:\/\/i0.wp.com\/noticiasribeiraopreto.com.br\/wp-content\/uploads\/2025\/07\/Santa-Clara-Ribeirao-Preto_2025-07-22_15-18-18.webp.webp?fit=1200%2C879&ssl=1&resize=700%2C400 2x, https:\/\/i0.wp.com\/noticiasribeiraopreto.com.br\/wp-content\/uploads\/2025\/07\/Santa-Clara-Ribeirao-Preto_2025-07-22_15-18-18.webp.webp?fit=1200%2C879&ssl=1&resize=1050%2C600 3x"},"classes":[]},{"id":78272,"url":"https:\/\/noticiasribeiraopreto.com.br\/index.php\/2025\/10\/07\/empresa-confirma-investimento-milionario-para-expansao-de-unidade-em-ribeirao-preto\/","url_meta":{"origin":40241,"position":2},"title":"Empresa confirma investimento milion\u00e1rio para expans\u00e3o de unidade em Ribeir\u00e3o Preto","author":"noticiasribeiraopreto.com.br","date":"7 de October de 2025","format":false,"excerpt":"A Campo Limpo, empresa especializada em reciclagem de embalagens de defensivos agr\u00edcolas, anunciou a amplia\u00e7\u00e3o de sua planta industrial em Ribeir\u00e3o Preto com investimento superior a R$ 20 milh\u00f5es. De acordo com a empresa, a expans\u00e3o permitir\u00e1 aumentar a capacidade produtiva da unidade, que, junto \u00e0 f\u00e1brica de Taubat\u00e9, passar\u00e1\u2026","rel":"","context":"In &quot;Not\u00edcias de Ribeir\u00e3o Preto-SP e Regi\u00e3o&quot;","block_context":{"text":"Not\u00edcias de Ribeir\u00e3o Preto-SP e Regi\u00e3o","link":"https:\/\/noticiasribeiraopreto.com.br\/index.php\/category\/noticias-de-ribeirao-preto-sp-e-regiao-ismael-colosi\/"},"img":{"alt_text":"","src":"https:\/\/i0.wp.com\/noticiasribeiraopreto.com.br\/wp-content\/uploads\/2025\/10\/Copia-de-Copia-de-Copia-de-TAMANHO-EXATO-PARA-FOTOS-NO-SISTEMA-NOVO-2025-10-07T185612.714_2025-10-07_21-56-27.webp.webp?fit=1200%2C675&ssl=1&resize=350%2C200","width":350,"height":200,"srcset":"https:\/\/i0.wp.com\/noticiasribeiraopreto.com.br\/wp-content\/uploads\/2025\/10\/Copia-de-Copia-de-Copia-de-TAMANHO-EXATO-PARA-FOTOS-NO-SISTEMA-NOVO-2025-10-07T185612.714_2025-10-07_21-56-27.webp.webp?fit=1200%2C675&ssl=1&resize=350%2C200 1x, https:\/\/i0.wp.com\/noticiasribeiraopreto.com.br\/wp-content\/uploads\/2025\/10\/Copia-de-Copia-de-Copia-de-TAMANHO-EXATO-PARA-FOTOS-NO-SISTEMA-NOVO-2025-10-07T185612.714_2025-10-07_21-56-27.webp.webp?fit=1200%2C675&ssl=1&resize=525%2C300 1.5x, https:\/\/i0.wp.com\/noticiasribeiraopreto.com.br\/wp-content\/uploads\/2025\/10\/Copia-de-Copia-de-Copia-de-TAMANHO-EXATO-PARA-FOTOS-NO-SISTEMA-NOVO-2025-10-07T185612.714_2025-10-07_21-56-27.webp.webp?fit=1200%2C675&ssl=1&resize=700%2C400 2x, https:\/\/i0.wp.com\/noticiasribeiraopreto.com.br\/wp-content\/uploads\/2025\/10\/Copia-de-Copia-de-Copia-de-TAMANHO-EXATO-PARA-FOTOS-NO-SISTEMA-NOVO-2025-10-07T185612.714_2025-10-07_21-56-27.webp.webp?fit=1200%2C675&ssl=1&resize=1050%2C600 3x"},"classes":[]},{"id":40320,"url":"https:\/\/noticiasribeiraopreto.com.br\/index.php\/2024\/03\/02\/mega-sena-pode-pagar-r-185-milhoes-neste-sabado-veja-como-apostar\/","url_meta":{"origin":40241,"position":3},"title":"Mega-Sena pode pagar R$ 185 milh\u00f5es neste s\u00e1bado; Veja como apostar","author":"noticiasribeiraopreto.com.br","date":"2 de March de 2024","format":false,"excerpt":"A Mega-Sena sorteia neste s\u00e1bado (2), o pr\u00eamio acumulado no concurso 2695 de R$ 185 milh\u00f5es, o maior pr\u00eamio da loteria neste ano, \u00e0s 20h. O sorteio \u00e9 transmitido de forma on-line nas redes sociais da caixa. Para ganhar, o apostador precisa acertar as seis dezenas premiadas. No \u00faltimo concurso\u2026","rel":"","context":"In &quot;Not\u00edcias de Ribeir\u00e3o Preto-SP e Regi\u00e3o&quot;","block_context":{"text":"Not\u00edcias de Ribeir\u00e3o Preto-SP e Regi\u00e3o","link":"https:\/\/noticiasribeiraopreto.com.br\/index.php\/category\/noticias-de-ribeirao-preto-sp-e-regiao-ismael-colosi\/"},"img":{"alt_text":"","src":"https:\/\/i0.wp.com\/noticiasribeiraopreto.com.br\/wp-content\/uploads\/2024\/03\/quina-loteria.jpg?fit=1170%2C700&ssl=1&resize=350%2C200","width":350,"height":200,"srcset":"https:\/\/i0.wp.com\/noticiasribeiraopreto.com.br\/wp-content\/uploads\/2024\/03\/quina-loteria.jpg?fit=1170%2C700&ssl=1&resize=350%2C200 1x, https:\/\/i0.wp.com\/noticiasribeiraopreto.com.br\/wp-content\/uploads\/2024\/03\/quina-loteria.jpg?fit=1170%2C700&ssl=1&resize=525%2C300 1.5x, https:\/\/i0.wp.com\/noticiasribeiraopreto.com.br\/wp-content\/uploads\/2024\/03\/quina-loteria.jpg?fit=1170%2C700&ssl=1&resize=700%2C400 2x, https:\/\/i0.wp.com\/noticiasribeiraopreto.com.br\/wp-content\/uploads\/2024\/03\/quina-loteria.jpg?fit=1170%2C700&ssl=1&resize=1050%2C600 3x"},"classes":[]},{"id":82443,"url":"https:\/\/noticiasribeiraopreto.com.br\/index.php\/2026\/02\/14\/empresa-anuncia-investimento-de-r-100-milhoes-para-duplicacao-de-fabrica-em-ribeirao\/","url_meta":{"origin":40241,"position":4},"title":"Empresa anuncia investimento de R$ 100 milh\u00f5es para duplica\u00e7\u00e3o de f\u00e1brica em Ribeir\u00e3o","author":"noticiasribeiraopreto.com.br","date":"14 de February de 2026","format":false,"excerpt":"A Netafim, empresa de sistemas de irriga\u00e7\u00e3o, anunciou o investimento de R$ 100 milh\u00f5es para a duplica\u00e7\u00e3o da f\u00e1brica em Ribeir\u00e3o Preto. De acordo com o CEO da companhia, Ricardo Almeida, a decis\u00e3o de ampliar a planta est\u00e1 vinculada ao desempenho da opera\u00e7\u00e3o brasileira em 2025. O executivo explica que,\u2026","rel":"","context":"In &quot;Not\u00edcias de Ribeir\u00e3o Preto-SP e Regi\u00e3o&quot;","block_context":{"text":"Not\u00edcias de Ribeir\u00e3o Preto-SP e Regi\u00e3o","link":"https:\/\/noticiasribeiraopreto.com.br\/index.php\/category\/noticias-de-ribeirao-preto-sp-e-regiao-ismael-colosi\/"},"img":{"alt_text":"","src":"https:\/\/i0.wp.com\/noticiasribeiraopreto.com.br\/wp-content\/uploads\/2026\/02\/fabrica-ribeirao_2026-02-13_18-59-36.webp.webp?fit=1200%2C675&ssl=1&resize=350%2C200","width":350,"height":200,"srcset":"https:\/\/i0.wp.com\/noticiasribeiraopreto.com.br\/wp-content\/uploads\/2026\/02\/fabrica-ribeirao_2026-02-13_18-59-36.webp.webp?fit=1200%2C675&ssl=1&resize=350%2C200 1x, https:\/\/i0.wp.com\/noticiasribeiraopreto.com.br\/wp-content\/uploads\/2026\/02\/fabrica-ribeirao_2026-02-13_18-59-36.webp.webp?fit=1200%2C675&ssl=1&resize=525%2C300 1.5x, https:\/\/i0.wp.com\/noticiasribeiraopreto.com.br\/wp-content\/uploads\/2026\/02\/fabrica-ribeirao_2026-02-13_18-59-36.webp.webp?fit=1200%2C675&ssl=1&resize=700%2C400 2x, https:\/\/i0.wp.com\/noticiasribeiraopreto.com.br\/wp-content\/uploads\/2026\/02\/fabrica-ribeirao_2026-02-13_18-59-36.webp.webp?fit=1200%2C675&ssl=1&resize=1050%2C600 3x"},"classes":[]},{"id":77363,"url":"https:\/\/noticiasribeiraopreto.com.br\/index.php\/2025\/09\/16\/governo-de-sp-anuncia-investimento-de-r-45-milhoes-em-habitacao-na-regiao-de-ribeirao\/","url_meta":{"origin":40241,"position":5},"title":"Governo de SP anuncia investimento de R$ 45 milh\u00f5es em habita\u00e7\u00e3o na regi\u00e3o de Ribeir\u00e3o","author":"noticiasribeiraopreto.com.br","date":"16 de September de 2025","format":false,"excerpt":"O Governo do Estado de S\u00e3o Paulo autorizou, nesta ter\u00e7a-feira (16), o in\u00edcio das obras de 251 unidades habitacionais da CDHU e a libera\u00e7\u00e3o de 66 Cartas de Cr\u00e9dito Imobili\u00e1rio (CCI) para fam\u00edlias com renda de at\u00e9 tr\u00eas sal\u00e1rios m\u00ednimos na regi\u00e3o de Ribeir\u00e3o Preto. O investimento total \u00e9 de\u2026","rel":"","context":"In &quot;Not\u00edcias de Ribeir\u00e3o Preto-SP e Regi\u00e3o&quot;","block_context":{"text":"Not\u00edcias de Ribeir\u00e3o Preto-SP e Regi\u00e3o","link":"https:\/\/noticiasribeiraopreto.com.br\/index.php\/category\/noticias-de-ribeirao-preto-sp-e-regiao-ismael-colosi\/"},"img":{"alt_text":"","src":"https:\/\/i0.wp.com\/noticiasribeiraopreto.com.br\/wp-content\/uploads\/2025\/09\/WhatsApp-Image-2025-09-16-at-16.37.51-1024x683-1_2025-09-16_23-31-17.webp.webp?fit=1024%2C683&ssl=1&resize=350%2C200","width":350,"height":200,"srcset":"https:\/\/i0.wp.com\/noticiasribeiraopreto.com.br\/wp-content\/uploads\/2025\/09\/WhatsApp-Image-2025-09-16-at-16.37.51-1024x683-1_2025-09-16_23-31-17.webp.webp?fit=1024%2C683&ssl=1&resize=350%2C200 1x, https:\/\/i0.wp.com\/noticiasribeiraopreto.com.br\/wp-content\/uploads\/2025\/09\/WhatsApp-Image-2025-09-16-at-16.37.51-1024x683-1_2025-09-16_23-31-17.webp.webp?fit=1024%2C683&ssl=1&resize=525%2C300 1.5x, https:\/\/i0.wp.com\/noticiasribeiraopreto.com.br\/wp-content\/uploads\/2025\/09\/WhatsApp-Image-2025-09-16-at-16.37.51-1024x683-1_2025-09-16_23-31-17.webp.webp?fit=1024%2C683&ssl=1&resize=700%2C400 2x"},"classes":[]}],"jetpack_sharing_enabled":true,"jetpack_shortlink":"https:\/\/wp.me\/peQAOb-at3","_links":{"self":[{"href":"https:\/\/noticiasribeiraopreto.com.br\/index.php\/wp-json\/wp\/v2\/posts\/40241","targetHints":{"allow":["GET"]}}],"collection":[{"href":"https:\/\/noticiasribeiraopreto.com.br\/index.php\/wp-json\/wp\/v2\/posts"}],"about":[{"href":"https:\/\/noticiasribeiraopreto.com.br\/index.php\/wp-json\/wp\/v2\/types\/post"}],"author":[{"embeddable":true,"href":"https:\/\/noticiasribeiraopreto.com.br\/index.php\/wp-json\/wp\/v2\/users\/1"}],"replies":[{"embeddable":true,"href":"https:\/\/noticiasribeiraopreto.com.br\/index.php\/wp-json\/wp\/v2\/comments?post=40241"}],"version-history":[{"count":0,"href":"https:\/\/noticiasribeiraopreto.com.br\/index.php\/wp-json\/wp\/v2\/posts\/40241\/revisions"}],"wp:featuredmedia":[{"embeddable":true,"href":"https:\/\/noticiasribeiraopreto.com.br\/index.php\/wp-json\/wp\/v2\/media\/40242"}],"wp:attachment":[{"href":"https:\/\/noticiasribeiraopreto.com.br\/index.php\/wp-json\/wp\/v2\/media?parent=40241"}],"wp:term":[{"taxonomy":"category","embeddable":true,"href":"https:\/\/noticiasribeiraopreto.com.br\/index.php\/wp-json\/wp\/v2\/categories?post=40241"},{"taxonomy":"post_tag","embeddable":true,"href":"https:\/\/noticiasribeiraopreto.com.br\/index.php\/wp-json\/wp\/v2\/tags?post=40241"}],"curies":[{"name":"wp","href":"https:\/\/api.w.org\/{rel}","templated":true}]}}