{"id":40253,"date":"2024-03-01T18:48:15","date_gmt":"2024-03-01T21:48:15","guid":{"rendered":"https:\/\/noticiasribeiraopreto.com.br\/index.php\/2024\/03\/01\/esgotados-ingressos-da-pre-venda-do-festival-joao-rock\/"},"modified":"2024-03-01T18:48:15","modified_gmt":"2024-03-01T21:48:15","slug":"esgotados-ingressos-da-pre-venda-do-festival-joao-rock","status":"publish","type":"post","link":"https:\/\/noticiasribeiraopreto.com.br\/index.php\/2024\/03\/01\/esgotados-ingressos-da-pre-venda-do-festival-joao-rock\/","title":{"rendered":"Esgotados ingressos da pr\u00e9-venda do Festival Jo\u00e3o Rock"},"content":{"rendered":"<div class='code-block code-block-1' style='margin: 8px 0 8px auto; text-align: right; display: block; clear: both;'>\n<p><a href=\"https:\/\/wa.link\/vpicfd\"><img data-recalc-dims=\"1\" class=\"wp-image-4922\" style=\"aspect-ratio: 2.0253164556962027; width: 561px; height: auto;\" src=\"https:\/\/i0.wp.com\/ismaelcolosi.com.br\/wp-content\/uploads\/2023\/11\/grupo-de-empregos-whatsapp-e-facebook-ismael-colosi-vagas.jpg?ssl=1\" alt=\"\" \/><\/a><\/p>\n<!-- \/wp:image -->\n<\/div>\n<p> <br \/>\n<\/p>\n<div data-td-block-uid=\"tdi_101\">\n<div class=\"tdb-block-inner td-fix-index\">\n<p>Os<strong> ingressos do lote promocional<\/strong> do Festival <strong>Jo\u00e3o Rock<\/strong>, que come\u00e7aram a ser vendidos na \u00faltima ter\u00e7a-feira (27), est\u00e3o <strong>esgotados<\/strong>.<\/p>\n<p>As <strong>vendas <\/strong>do <strong>primeiro lote<\/strong> do <strong>21\u00ba Festival Jo\u00e3o Rock<\/strong>, que acontece no Parque Permanente de Exposi\u00e7\u00f5es, no dia <strong>8 de junho<\/strong> <strong>come\u00e7am na ter\u00e7a-feira (5)<\/strong>, quando tamb\u00e9m ser\u00e1 <strong>anunciado o line-up<\/strong>.<\/p>\n<p>Segundo a organiza\u00e7\u00e3o do evento, a partir de ter\u00e7a estar\u00e3o dispon\u00edveis para compras todos os setores: pista, pista premium e camarotes Jo\u00e3o Rock e Lagunitas e, tamb\u00e9m ser\u00e3o anunciados os valores para cada \u00e1rea.<\/p>\n<h4 class=\"wp-block-heading\"><strong>Alerta contra golpes<\/strong><\/h4>\n<p>A organiza\u00e7\u00e3o do evento refor\u00e7a que as vendas dos ingressos para o festival acontecem somente no <strong><a href=\"https:\/\/www.joaorock.com.br\/ingressos\/\" target=\"_blank\" rel=\"noreferrer noopener nofollow\">site oficial do Jo\u00e3o Rock<\/a><\/strong> e nas <strong>lojas f\u00edsicas da Ophicina<\/strong> em todos os <strong>shoppings de Ribeir\u00e3o Preto<\/strong>.<\/p>\n<p>SAIBA MAIS<\/p>\n<p>Mar\u00e7o deve ter quatro frentes frias no estado de SP<\/p>\n<h4 class=\"wp-block-heading\"><strong><mark>FIQUE ON<\/mark><\/strong><\/h4>\n<p>Fique ligado em tudo que acontece em Ribeir\u00e3o Preto e regi\u00e3o. Siga os perfis do\u00a0<strong>acidade on\u00a0<\/strong>no\u00a0<a href=\"https:\/\/www.instagram.com\/acidadeonribeirao\" target=\"_blank\" rel=\"noreferrer noopener\">Instagram\u00a0<\/a>e no<a href=\"https:\/\/www.facebook.com\/acidadeonribeirao\" target=\"_blank\" rel=\"noreferrer noopener\">\u00a0Facebook<\/a>.<\/p>\n<p>Receba not\u00edcias do\u00a0<strong>acidade on<\/strong>\u00a0no WhatsApp.<a href=\"https:\/\/chat.whatsapp.com\/Bnv2w66ZT4VDyZW3oiZ69n\" target=\"_blank\" rel=\"noreferrer noopener\">\u00a0Para entrar no grupo, basta clicar aqui.<\/a><\/p>\n<p>Fa\u00e7a uma den\u00fancia ou sugira uma reportagem sobre Ribeir\u00e3o Preto e regi\u00e3o pelo WhatsApp: 16 99117 7802.<\/p>\n<p>VEJA TAMB\u00c9M<\/p>\n<p>Quando acaba o Ver\u00e3o de 2024?<\/p>\n<p><!-- AI CONTENT END 1 -->\n<\/div>\n<\/div>\n<p><script async src=\"\/\/www.instagram.com\/embed.js\"><\/script><br \/>\n<br \/><br \/>\n<br \/><a href=\"https:\/\/www.acidadeon.com\/ribeiraopreto\/lazer-e-cultura\/esgotados-ingressos-da-pre-venda-do-festival-joao-rock\/\">Source link <\/a><\/p>\n<!-- CONTENT END 1 -->\n","protected":false},"excerpt":{"rendered":"<p>Os ingressos do lote promocional do Festival Jo\u00e3o Rock, que come\u00e7aram a ser vendidos na \u00faltima ter\u00e7a-feira (27), est\u00e3o esgotados. As vendas do primeiro lote&#8230;<\/p>\n","protected":false},"author":1,"featured_media":40254,"comment_status":"open","ping_status":"open","sticky":false,"template":"","format":"standard","meta":{"advanced_seo_description":"","jetpack_seo_html_title":"","jetpack_seo_noindex":false,"jetpack_post_was_ever_published":false,"_jetpack_newsletter_access":"","_jetpack_dont_email_post_to_subs":false,"_jetpack_newsletter_tier_id":0,"_jetpack_memberships_contains_paywalled_content":false,"_jetpack_memberships_contains_paid_content":false,"footnotes":"","jetpack_publicize_message":"","jetpack_publicize_feature_enabled":true,"jetpack_social_post_already_shared":true,"jetpack_social_options":{"image_generator_settings":{"template":"highway","default_image_id":0,"font":"","enabled":false},"version":2}},"categories":[11],"tags":[],"class_list":["post-40253","post","type-post","status-publish","format-standard","has-post-thumbnail","hentry","category-noticias-de-ribeirao-preto-sp-e-regiao-ismael-colosi"],"jetpack_publicize_connections":[],"jetpack_featured_media_url":"https:\/\/i0.wp.com\/noticiasribeiraopreto.com.br\/wp-content\/uploads\/2024\/03\/3.jpg?fit=1200%2C675&ssl=1","jetpack-related-posts":[{"id":39741,"url":"https:\/\/noticiasribeiraopreto.com.br\/index.php\/2024\/02\/27\/ingressos-para-camarote-e-pista-premium-do-joao-rock-estao-esgotados-veja-quando-e-o-proximo-lote\/","url_meta":{"origin":40253,"position":0},"title":"Ingressos para camarote e pista premium do Jo\u00e3o Rock est\u00e3o esgotados; Veja quando \u00e9 o pr\u00f3ximo lote","author":"noticiasribeiraopreto.com.br","date":"27 de February de 2024","format":false,"excerpt":"A pr\u00e9-venda dos ingressos do Festival Jo\u00e3o Rock, que acontece em Ribeir\u00e3o Preto, no dia 8 de junho, segue apenas com o setor pista dispon\u00edvel para venda. A compra foi aberta \u00e0s 12h desta ter\u00e7a-feira (27), no site oficial do evento (clique aqui), e os convites antecipados e com descontos\u2026","rel":"","context":"In &quot;Not\u00edcias de Ribeir\u00e3o Preto-SP e Regi\u00e3o&quot;","block_context":{"text":"Not\u00edcias de Ribeir\u00e3o Preto-SP e Regi\u00e3o","link":"https:\/\/noticiasribeiraopreto.com.br\/index.php\/category\/noticias-de-ribeirao-preto-sp-e-regiao-ismael-colosi\/"},"img":{"alt_text":"","src":"https:\/\/i0.wp.com\/noticiasribeiraopreto.com.br\/wp-content\/uploads\/2024\/02\/1709083337_joao-rock-scaled.jpg?fit=1200%2C675&ssl=1&resize=350%2C200","width":350,"height":200,"srcset":"https:\/\/i0.wp.com\/noticiasribeiraopreto.com.br\/wp-content\/uploads\/2024\/02\/1709083337_joao-rock-scaled.jpg?fit=1200%2C675&ssl=1&resize=350%2C200 1x, https:\/\/i0.wp.com\/noticiasribeiraopreto.com.br\/wp-content\/uploads\/2024\/02\/1709083337_joao-rock-scaled.jpg?fit=1200%2C675&ssl=1&resize=525%2C300 1.5x, https:\/\/i0.wp.com\/noticiasribeiraopreto.com.br\/wp-content\/uploads\/2024\/02\/1709083337_joao-rock-scaled.jpg?fit=1200%2C675&ssl=1&resize=700%2C400 2x, https:\/\/i0.wp.com\/noticiasribeiraopreto.com.br\/wp-content\/uploads\/2024\/02\/1709083337_joao-rock-scaled.jpg?fit=1200%2C675&ssl=1&resize=1050%2C600 3x"},"classes":[]},{"id":39027,"url":"https:\/\/noticiasribeiraopreto.com.br\/index.php\/2024\/02\/22\/pre-venda-de-ingressos-para-o-joao-rock-em-ribeirao-preto-comeca-no-dia-27\/","url_meta":{"origin":40253,"position":1},"title":"Pr\u00e9-venda de ingressos para o Jo\u00e3o Rock em Ribeir\u00e3o Preto come\u00e7a no dia 27","author":"noticiasribeiraopreto.com.br","date":"22 de February de 2024","format":false,"excerpt":"A pr\u00e9-venda dos ingressos para o 21\u00ba Festival Jo\u00e3o Rock 2024 come\u00e7a \u00e0s 12h de ter\u00e7a-feira (27). O evento acontece no dia 8 de junho, no Parque Permanente de Exposi\u00e7\u00f5es de Ribeir\u00e3o Preto. O lote de antecipa\u00e7\u00e3o de venda para um dos principais festivais de m\u00fasica do pa\u00eds acontece sempre\u2026","rel":"","context":"In &quot;Not\u00edcias de Ribeir\u00e3o Preto-SP e Regi\u00e3o&quot;","block_context":{"text":"Not\u00edcias de Ribeir\u00e3o Preto-SP e Regi\u00e3o","link":"https:\/\/noticiasribeiraopreto.com.br\/index.php\/category\/noticias-de-ribeirao-preto-sp-e-regiao-ismael-colosi\/"},"img":{"alt_text":"","src":"https:\/\/i0.wp.com\/noticiasribeiraopreto.com.br\/wp-content\/uploads\/2024\/02\/3-13.jpg?fit=1200%2C675&ssl=1&resize=350%2C200","width":350,"height":200,"srcset":"https:\/\/i0.wp.com\/noticiasribeiraopreto.com.br\/wp-content\/uploads\/2024\/02\/3-13.jpg?fit=1200%2C675&ssl=1&resize=350%2C200 1x, https:\/\/i0.wp.com\/noticiasribeiraopreto.com.br\/wp-content\/uploads\/2024\/02\/3-13.jpg?fit=1200%2C675&ssl=1&resize=525%2C300 1.5x, https:\/\/i0.wp.com\/noticiasribeiraopreto.com.br\/wp-content\/uploads\/2024\/02\/3-13.jpg?fit=1200%2C675&ssl=1&resize=700%2C400 2x, https:\/\/i0.wp.com\/noticiasribeiraopreto.com.br\/wp-content\/uploads\/2024\/02\/3-13.jpg?fit=1200%2C675&ssl=1&resize=1050%2C600 3x"},"classes":[]},{"id":40435,"url":"https:\/\/noticiasribeiraopreto.com.br\/index.php\/2024\/03\/03\/saiba-quando-sera-anunciado-line-up-do-joao-rock-em-ribeirao-preto\/","url_meta":{"origin":40253,"position":2},"title":"Saiba quando ser\u00e1 anunciado line up do Jo\u00e3o Rock em Ribeir\u00e3o Preto","author":"noticiasribeiraopreto.com.br","date":"3 de March de 2024","format":false,"excerpt":"O line up do 21\u00ba Festival Jo\u00e3o Rock ser\u00e1 anunciado pela organiza\u00e7\u00e3o do evento, a partir do meio-dia de ter\u00e7a-feira (5), quando tamb\u00e9m ser\u00e3o abertas as vendas do primeiro lote de ingressos. Os valores ser\u00e3o anunciados juntamente com a abertura das vendas. A pr\u00e9-venda do Jo\u00e3o Rock aconteceu de 27\u2026","rel":"","context":"In &quot;Not\u00edcias de Ribeir\u00e3o Preto-SP e Regi\u00e3o&quot;","block_context":{"text":"Not\u00edcias de Ribeir\u00e3o Preto-SP e Regi\u00e3o","link":"https:\/\/noticiasribeiraopreto.com.br\/index.php\/category\/noticias-de-ribeirao-preto-sp-e-regiao-ismael-colosi\/"},"img":{"alt_text":"","src":"https:\/\/i0.wp.com\/noticiasribeiraopreto.com.br\/wp-content\/uploads\/2024\/03\/1709500105_3.jpg?fit=1200%2C675&ssl=1&resize=350%2C200","width":350,"height":200,"srcset":"https:\/\/i0.wp.com\/noticiasribeiraopreto.com.br\/wp-content\/uploads\/2024\/03\/1709500105_3.jpg?fit=1200%2C675&ssl=1&resize=350%2C200 1x, https:\/\/i0.wp.com\/noticiasribeiraopreto.com.br\/wp-content\/uploads\/2024\/03\/1709500105_3.jpg?fit=1200%2C675&ssl=1&resize=525%2C300 1.5x, https:\/\/i0.wp.com\/noticiasribeiraopreto.com.br\/wp-content\/uploads\/2024\/03\/1709500105_3.jpg?fit=1200%2C675&ssl=1&resize=700%2C400 2x, https:\/\/i0.wp.com\/noticiasribeiraopreto.com.br\/wp-content\/uploads\/2024\/03\/1709500105_3.jpg?fit=1200%2C675&ssl=1&resize=1050%2C600 3x"},"classes":[]},{"id":39660,"url":"https:\/\/noticiasribeiraopreto.com.br\/index.php\/2024\/02\/27\/festival-joao-rock-alerta-para-ingressos-falsos\/","url_meta":{"origin":40253,"position":3},"title":"Festival Jo\u00e3o Rock alerta para ingressos falsos","author":"noticiasribeiraopreto.com.br","date":"27 de February de 2024","format":false,"excerpt":"27 de fevereiro de 2024 | 14:02 0Come\u00e7ou nesta ter\u00e7a-feira, 27 de fevereiro, a pr\u00e9-venda de ingressos para um dos principais festivais de m\u00fasica do pa\u00eds, o Jo\u00e3o Rock. A 21\u00aa edi\u00e7\u00e3o do evento acontece em 8 de junho, no Parque Permanente de Exposi\u00e7\u00f5es de Ribeir\u00e3o Preto. A organiza\u00e7\u00e3o, no\u2026","rel":"","context":"In &quot;Not\u00edcias de Ribeir\u00e3o Preto-SP e Regi\u00e3o&quot;","block_context":{"text":"Not\u00edcias de Ribeir\u00e3o Preto-SP e Regi\u00e3o","link":"https:\/\/noticiasribeiraopreto.com.br\/index.php\/category\/noticias-de-ribeirao-preto-sp-e-regiao-ismael-colosi\/"},"img":{"alt_text":"","src":"https:\/\/i0.wp.com\/noticiasribeiraopreto.com.br\/wp-content\/uploads\/2024\/02\/JoaRock-Divulgacao-scaled.jpg?fit=1000%2C634&ssl=1&resize=350%2C200","width":350,"height":200,"srcset":"https:\/\/i0.wp.com\/noticiasribeiraopreto.com.br\/wp-content\/uploads\/2024\/02\/JoaRock-Divulgacao-scaled.jpg?fit=1000%2C634&ssl=1&resize=350%2C200 1x, https:\/\/i0.wp.com\/noticiasribeiraopreto.com.br\/wp-content\/uploads\/2024\/02\/JoaRock-Divulgacao-scaled.jpg?fit=1000%2C634&ssl=1&resize=525%2C300 1.5x, https:\/\/i0.wp.com\/noticiasribeiraopreto.com.br\/wp-content\/uploads\/2024\/02\/JoaRock-Divulgacao-scaled.jpg?fit=1000%2C634&ssl=1&resize=700%2C400 2x"},"classes":[]},{"id":62892,"url":"https:\/\/noticiasribeiraopreto.com.br\/index.php\/2025\/01\/27\/joao-rock-anuncia-pre-venda-de-ingressos-com-lote-promocional-saiba-como-comprar\/","url_meta":{"origin":40253,"position":4},"title":"Jo\u00e3o Rock anuncia pr\u00e9-venda de ingressos com lote promocional; saiba como comprar","author":"noticiasribeiraopreto.com.br","date":"27 de January de 2025","format":false,"excerpt":"A 22\u00aa edi\u00e7\u00e3o do Jo\u00e3o Rock acontece no dia 14 de junho, em Ribeir\u00e3o Preto, e os f\u00e3s do festival j\u00e1 podem garantir seus ingressos durante o per\u00edodo de pr\u00e9-venda, que come\u00e7a nesta ter\u00e7a-feira (28), a partir das 12h. O lote promocional vai at\u00e9 o dia 3 de fevereiro, \u00e0s\u2026","rel":"","context":"In &quot;Not\u00edcias de Ribeir\u00e3o Preto-SP e Regi\u00e3o&quot;","block_context":{"text":"Not\u00edcias de Ribeir\u00e3o Preto-SP e Regi\u00e3o","link":"https:\/\/noticiasribeiraopreto.com.br\/index.php\/category\/noticias-de-ribeirao-preto-sp-e-regiao-ismael-colosi\/"},"img":{"alt_text":"","src":"https:\/\/i0.wp.com\/noticiasribeiraopreto.com.br\/wp-content\/uploads\/2025\/01\/Imagem-do-WhatsApp-de-2025-01-27-as-18.05.46_992e34a1_2025-01-27_21-19-54_jpg_2025-01-27_21-19-54.webp.webp?fit=800%2C450&ssl=1&resize=350%2C200","width":350,"height":200,"srcset":"https:\/\/i0.wp.com\/noticiasribeiraopreto.com.br\/wp-content\/uploads\/2025\/01\/Imagem-do-WhatsApp-de-2025-01-27-as-18.05.46_992e34a1_2025-01-27_21-19-54_jpg_2025-01-27_21-19-54.webp.webp?fit=800%2C450&ssl=1&resize=350%2C200 1x, https:\/\/i0.wp.com\/noticiasribeiraopreto.com.br\/wp-content\/uploads\/2025\/01\/Imagem-do-WhatsApp-de-2025-01-27-as-18.05.46_992e34a1_2025-01-27_21-19-54_jpg_2025-01-27_21-19-54.webp.webp?fit=800%2C450&ssl=1&resize=525%2C300 1.5x, https:\/\/i0.wp.com\/noticiasribeiraopreto.com.br\/wp-content\/uploads\/2025\/01\/Imagem-do-WhatsApp-de-2025-01-27-as-18.05.46_992e34a1_2025-01-27_21-19-54_jpg_2025-01-27_21-19-54.webp.webp?fit=800%2C450&ssl=1&resize=700%2C400 2x"},"classes":[]},{"id":62896,"url":"https:\/\/noticiasribeiraopreto.com.br\/index.php\/2025\/01\/27\/joao-rock-anuncia-pre-venda-de-ingressos-saiba-como-comprar\/","url_meta":{"origin":40253,"position":5},"title":"Jo\u00e3o Rock anuncia pr\u00e9-venda de ingressos; saiba como comprar","author":"noticiasribeiraopreto.com.br","date":"27 de January de 2025","format":false,"excerpt":"A 22\u00aa edi\u00e7\u00e3o do Jo\u00e3o Rock acontece no dia 14 de junho, em Ribeir\u00e3o Preto, e os f\u00e3s do festival j\u00e1 podem garantir seus ingressos durante o per\u00edodo de pr\u00e9-venda, que come\u00e7a nesta ter\u00e7a-feira (28), a partir das 12h. O lote promocional vai at\u00e9 o dia 3 de fevereiro, \u00e0s\u2026","rel":"","context":"In &quot;Not\u00edcias de Ribeir\u00e3o Preto-SP e Regi\u00e3o&quot;","block_context":{"text":"Not\u00edcias de Ribeir\u00e3o Preto-SP e Regi\u00e3o","link":"https:\/\/noticiasribeiraopreto.com.br\/index.php\/category\/noticias-de-ribeirao-preto-sp-e-regiao-ismael-colosi\/"},"img":{"alt_text":"","src":"https:\/\/i0.wp.com\/noticiasribeiraopreto.com.br\/wp-content\/uploads\/2025\/01\/Imagem-do-WhatsApp-de-2025-01-27-as-18.05.46_992e34a1_2025-01-27_21-19-54_jpg_2025-01-27_21-19-54.webp.webp?fit=800%2C450&ssl=1&resize=350%2C200","width":350,"height":200,"srcset":"https:\/\/i0.wp.com\/noticiasribeiraopreto.com.br\/wp-content\/uploads\/2025\/01\/Imagem-do-WhatsApp-de-2025-01-27-as-18.05.46_992e34a1_2025-01-27_21-19-54_jpg_2025-01-27_21-19-54.webp.webp?fit=800%2C450&ssl=1&resize=350%2C200 1x, https:\/\/i0.wp.com\/noticiasribeiraopreto.com.br\/wp-content\/uploads\/2025\/01\/Imagem-do-WhatsApp-de-2025-01-27-as-18.05.46_992e34a1_2025-01-27_21-19-54_jpg_2025-01-27_21-19-54.webp.webp?fit=800%2C450&ssl=1&resize=525%2C300 1.5x, https:\/\/i0.wp.com\/noticiasribeiraopreto.com.br\/wp-content\/uploads\/2025\/01\/Imagem-do-WhatsApp-de-2025-01-27-as-18.05.46_992e34a1_2025-01-27_21-19-54_jpg_2025-01-27_21-19-54.webp.webp?fit=800%2C450&ssl=1&resize=700%2C400 2x"},"classes":[]}],"jetpack_sharing_enabled":true,"jetpack_shortlink":"https:\/\/wp.me\/peQAOb-atf","_links":{"self":[{"href":"https:\/\/noticiasribeiraopreto.com.br\/index.php\/wp-json\/wp\/v2\/posts\/40253","targetHints":{"allow":["GET"]}}],"collection":[{"href":"https:\/\/noticiasribeiraopreto.com.br\/index.php\/wp-json\/wp\/v2\/posts"}],"about":[{"href":"https:\/\/noticiasribeiraopreto.com.br\/index.php\/wp-json\/wp\/v2\/types\/post"}],"author":[{"embeddable":true,"href":"https:\/\/noticiasribeiraopreto.com.br\/index.php\/wp-json\/wp\/v2\/users\/1"}],"replies":[{"embeddable":true,"href":"https:\/\/noticiasribeiraopreto.com.br\/index.php\/wp-json\/wp\/v2\/comments?post=40253"}],"version-history":[{"count":0,"href":"https:\/\/noticiasribeiraopreto.com.br\/index.php\/wp-json\/wp\/v2\/posts\/40253\/revisions"}],"wp:featuredmedia":[{"embeddable":true,"href":"https:\/\/noticiasribeiraopreto.com.br\/index.php\/wp-json\/wp\/v2\/media\/40254"}],"wp:attachment":[{"href":"https:\/\/noticiasribeiraopreto.com.br\/index.php\/wp-json\/wp\/v2\/media?parent=40253"}],"wp:term":[{"taxonomy":"category","embeddable":true,"href":"https:\/\/noticiasribeiraopreto.com.br\/index.php\/wp-json\/wp\/v2\/categories?post=40253"},{"taxonomy":"post_tag","embeddable":true,"href":"https:\/\/noticiasribeiraopreto.com.br\/index.php\/wp-json\/wp\/v2\/tags?post=40253"}],"curies":[{"name":"wp","href":"https:\/\/api.w.org\/{rel}","templated":true}]}}