{"id":40255,"date":"2024-03-01T18:54:07","date_gmt":"2024-03-01T21:54:07","guid":{"rendered":"https:\/\/noticiasribeiraopreto.com.br\/index.php\/2024\/03\/01\/dorival-jr-faz-1a-convocacao-da-selecao-brasileira\/"},"modified":"2024-03-01T18:54:07","modified_gmt":"2024-03-01T21:54:07","slug":"dorival-jr-faz-1a-convocacao-da-selecao-brasileira","status":"publish","type":"post","link":"https:\/\/noticiasribeiraopreto.com.br\/index.php\/2024\/03\/01\/dorival-jr-faz-1a-convocacao-da-selecao-brasileira\/","title":{"rendered":"Dorival Jr faz 1\u00aa convoca\u00e7\u00e3o da sele\u00e7\u00e3o brasileira"},"content":{"rendered":"<div class='code-block code-block-1' style='margin: 8px 0 8px auto; text-align: right; display: block; clear: both;'>\n<p><a href=\"https:\/\/wa.link\/vpicfd\"><img data-recalc-dims=\"1\" class=\"wp-image-4922\" style=\"aspect-ratio: 2.0253164556962027; width: 561px; height: auto;\" src=\"https:\/\/i0.wp.com\/ismaelcolosi.com.br\/wp-content\/uploads\/2023\/11\/grupo-de-empregos-whatsapp-e-facebook-ismael-colosi-vagas.jpg?ssl=1\" alt=\"\" \/><\/a><\/p>\n<!-- \/wp:image -->\n<\/div>\n<p> <br \/>\n<\/p>\n<div>\n<p>O t\u00e9cnico Dorival J\u00fanior, h\u00e1 quase dois meses no comando da sele\u00e7\u00e3o brasileira masculina de futebol, fez a primeira convoca\u00e7\u00e3o de jogadores nesta sexta-feira (1\u00ba) na sede da CBF, no Rio de Janeiro. Dos 26 atletas anunciados, oito s\u00e3o estreantes: o atacante Savinho (Girona\/Espanha), o lateral-esquerdo Wendell (Porto\/Portugal),\u00a0 os meio-campista Pablo Maia (S\u00e3o Paulo),\u00a0 Andreas Pereira (Fulham\/Inglaterra) e Jo\u00e3o Gomes (Wolverhampton\/Inglaterra), os zagueiros Beraldo (Paris Saint-Germain) e Murilo (Palmeiras), al\u00e9m do goleiro Rafael (S\u00e3o Paulo), que vestir\u00e1 a amarelinha pela primeira vez aos 34 anos.<\/p>\n<p>Os primeiros compromissos da sele\u00e7\u00e3o ser\u00e3o amistosos contra a Inglaterra e Espanha, nos dias 23 e 26 de mar\u00e7o, respectivamente, nos est\u00e1dios de Wembley (Londres) e Santiago Bernab\u00e9u (Madri). na Europa. Os jogos valem de prepara\u00e7\u00e3o para a Copa Am\u00e9rica, que come\u00e7a em 20 de junho, nos Estados Unidos.<\/p>\n<p>\u201cQuero colocar que nenhuma reformula\u00e7\u00e3o pode ser feita de maneira radical. Ela necessita de uma mudan\u00e7a cont\u00ednua e pautada em cima do reconhecimento que alguns dos atletas fizeram ao longo dos anos por merecerem estar onde estiveram e naturalmente v\u00e3o continuar. Observarmos muito bem a chegada de jovens, oriundos de algumas de nossas sele\u00e7\u00f5es, como nas equipes que jogam nossos campeonatos nacionais\u201d, disse o treinador, antes de anunciar os convocados.<\/p>\n<p>Do cen\u00e1rio nacional, Dorival elencou apenas sete jogadores. Al\u00e9m de Rafael, Pablo Maia e Murilo, foram chamados o lateral-esquerdo Ayrton Lucas (Flamengo), o meio-campista Andr\u00e9 (Fluminense), e o atacante Endrick (Palmeiras).<\/p>\n<p>\u201cTemos de ter cuidados sempre, mexemos com profissionais de excelente n\u00edvel, cada um deles buscando um espa\u00e7o, e \u00e9 natural que dos muitos nomes levantados s\u00f3 podemos contar com 26 num primeiro momento. \u00c9 uma rela\u00e7\u00e3o inicial, espero que todos entendam que o trabalho continua. Hoje mesmo vamos observar jogos de competi\u00e7\u00f5es e os nomes podem alterar com o tempo. Temos uma pr\u00e9-lista que pode aumentar, ao mesmo tempo que alguns nomes sa\u00edrem, mas todos ser\u00e3o monitorados, \u00e9 uma obriga\u00e7\u00e3o de todos n\u00f3s. N\u00e3o fugiremos desta responsabilidade. N\u00e3o foi f\u00e1cil elaborar a lista, temos de pensar em muitos detalhes al\u00e9m do principal, que \u00e9 o encaixe t\u00e1tico que buscaremos neste curto espa\u00e7o de tempo\u201d, explicou Dorival J\u00fanior.<\/p>\n<p>Quem est\u00e1 de volta \u00e0 sele\u00e7\u00e3o \u00e9 o meio-campista Lucas Paquet\u00e1 (West Ham\/Inglaterra), que n\u00e3o veste a amarelinha desde junho. Ele seria convocado em agosto passado pelo ent\u00e3o t\u00e9cnico-interino Fernando Diniz, mas ficou ausente na lista devido \u00e0 uma investiga\u00e7\u00e3o sobre manipula\u00e7\u00e3o de apostas esportivas na Gr\u00e3-Bretanha.<\/p>\n<p>\u201cEle segue jogando normalmente, n\u00e3o tem puni\u00e7\u00f5es e n\u00e3o tem qualquer tipo de acusa\u00e7\u00e3o e investiga\u00e7\u00e3o em curso conta ele\u201d, afirmou Dorival.<\/p>\n<p>Ao lado do t\u00e9cnico Dorival J\u00fanior na coletiva \u00e0 imprensa, o diretor de sele\u00e7\u00f5es da CBF Rodrigo Caetano esclareceu a inclus\u00e3o de Paquet\u00e1 na lista de convocados.<\/p>\n<p>\u201c\u00c9 simples o caso do Paquet\u00e1. Ele segue jogando normalmente, n\u00e3o teve puni\u00e7\u00e3o, portanto uma situa\u00e7\u00e3o que n\u00e3o cabe a n\u00f3s julgar. Atleta de alt\u00edssimo n\u00edvel, n\u00e3o tem qualquer investiga\u00e7\u00e3o ou acusa\u00e7\u00e3o em curso, pelo menos por ora. N\u00e3o somos n\u00f3s que vamos determinar isso, pelo contr\u00e1rio. Eu particularmente o conhe\u00e7o, quando estava no Flamengo, ele fez a transi\u00e7\u00e3o e fico feliz pela maturidade e a confirma\u00e7\u00e3o como atleta extraclasse que se tornou. Na parte t\u00e9cnica, se faz por merecer, aqui ele est\u00e1 e seguir\u00e1 se confirmar o que se espera dele\u201d, afirmou.<\/p>\n<p>Presente na lista de Dorival J\u00fanior, o atacante Richarlison (Tottenham\/Inglaterra) sofreu uma les\u00e3o no joelho nesta sexta (1\u00ba) e a previs\u00e3o \u00e9 de que fique longe dos gramados por at\u00e9 tr\u00eas semanas. O nome de Richarlison foi mantido na rela\u00e7\u00e3o de Dorival, ap\u00f3s contato da CBF com o departamento m\u00e9dico do clube brit\u00e2nico.<\/p>\n<p>\u00a0<\/p>\n<p><strong>Convocados<\/strong><\/p>\n<p><strong>GOLEIROS<\/strong><\/p>\n<p>Bento \u2013 Athletico-PR<\/p>\n<p>Ederson- Manchester City (ING)<\/p>\n<p>Rafael \u2013 S\u00e3o Paulo<\/p>\n<p><strong>LATERAIS<\/strong><\/p>\n<p>Danilo \u2013 Juventus (ITA)<\/p>\n<p>Yan Couto \u2013 Girona (ESP)<\/p>\n<p>Ayrton Lucas \u2013 Flamengo<\/p>\n<p>Wendell \u2013 Porto<\/p>\n<p><strong>ZAGUEIROS<\/strong><\/p>\n<p>Beraldo \u2013 PSG (FRA)<\/p>\n<p>Gabriel Magalh\u00e3es \u2013 Arsenal (ING)<\/p>\n<p>Marquinhos \u2013 PSG (FRA)<\/p>\n<p>Murilo \u2013 Palmeiras<\/p>\n<p><strong>MEIO-CAMPISTAS<\/strong><\/p>\n<p>Andr\u00e9 \u2013 Fluminense<\/p>\n<p>Andreas Pereira \u2013 Fulham (ING)<\/p>\n<p>Casemiro \u2013 Manchester United (ING)<\/p>\n<p>Jo\u00e3o Gomes \u2013 Wolverhampton (ING<\/p>\n<p>Bruno Guimar\u00e3es \u2013 Newcastle (ING)<\/p>\n<p>Douglas Luiz \u2013 Aston Villa (ING)<\/p>\n<p>Lucas Paquet\u00e1 \u2013 West Ham (ING)<\/p>\n<p>Pablo Maia \u2013 S\u00e3o Paulo<\/p>\n<p><strong>ATACANTES<\/strong><\/p>\n<p>Endrick \u2013 Palmeiras<\/p>\n<p>Rodrygo \u2013 Real Madrid (ESP)<\/p>\n<p>Gabriel Martinelli \u2013 Arsenal (ING)<\/p>\n<p>Raphinha \u2013 Barcelona (ESP)<\/p>\n<p>Richarlison \u2013 Tottenham (ING)<\/p>\n<p>Savinho \u2013 Girona (ESP)<\/p>\n<p>Vinicius Junior \u2013 Real Madrid (ESP)<\/p>\n<\/div>\n<p><br \/>\n<br \/><a href=\"https:\/\/www.tribunaribeirao.com.br\/site\/dorival-jr-faz-1a-convocacao-da-selecao-brasileira\/\">Source link <\/a><\/p>\n<!-- CONTENT END 1 -->\n","protected":false},"excerpt":{"rendered":"<p>O t\u00e9cnico Dorival J\u00fanior, h\u00e1 quase dois meses no comando da sele\u00e7\u00e3o brasileira masculina de futebol, fez a primeira convoca\u00e7\u00e3o de jogadores nesta sexta-feira (1\u00ba)&#8230;<\/p>\n","protected":false},"author":1,"featured_media":40256,"comment_status":"open","ping_status":"open","sticky":false,"template":"","format":"standard","meta":{"advanced_seo_description":"","jetpack_seo_html_title":"","jetpack_seo_noindex":false,"jetpack_post_was_ever_published":false,"_jetpack_newsletter_access":"","_jetpack_dont_email_post_to_subs":false,"_jetpack_newsletter_tier_id":0,"_jetpack_memberships_contains_paywalled_content":false,"_jetpack_memberships_contains_paid_content":false,"footnotes":"","jetpack_publicize_message":"","jetpack_publicize_feature_enabled":true,"jetpack_social_post_already_shared":true,"jetpack_social_options":{"image_generator_settings":{"template":"highway","default_image_id":0,"font":"","enabled":false},"version":2}},"categories":[11],"tags":[4366,743,949,3179,365,460],"class_list":["post-40255","post","type-post","status-publish","format-standard","has-post-thumbnail","hentry","category-noticias-de-ribeirao-preto-sp-e-regiao-ismael-colosi","tag-1a","tag-brasileira","tag-convocacao","tag-dorival","tag-faz","tag-selecao"],"jetpack_publicize_connections":[],"jetpack_featured_media_url":"https:\/\/i0.wp.com\/noticiasribeiraopreto.com.br\/wp-content\/uploads\/2024\/03\/dorival_jr_apresentacao_cbf-scaled.jpg?fit=1000%2C598&ssl=1","jetpack-related-posts":[{"id":41907,"url":"https:\/\/noticiasribeiraopreto.com.br\/index.php\/2024\/03\/11\/goleiro-nascido-em-ribeirao-preto-e-convocado-para-a-selecao-brasileira\/","url_meta":{"origin":40255,"position":0},"title":"Goleiro nascido em Ribeir\u00e3o Preto \u00e9 convocado para a Sele\u00e7\u00e3o Brasileira","author":"noticiasribeiraopreto.com.br","date":"11 de March de 2024","format":false,"excerpt":"O t\u00e9cnico Dorival J\u00fanior, da Sele\u00e7\u00e3o Brasileira, anunciou nesta segunda-feira (11), a convoca\u00e7\u00e3o do goleiro L\u00e9o Jardim, do Vasco, natural de Ribeir\u00e3o Preto. Al\u00e9m dele, o zagueiro Fabr\u00edcio Bruno, do Flamengo, e o atacante Galeno, do Porto, tamb\u00e9m foram chamados. Os tr\u00eas jogadores v\u00e3o substituir Ederson, goleiro do Manchester City\u2026","rel":"","context":"In &quot;Not\u00edcias de Ribeir\u00e3o Preto-SP e Regi\u00e3o&quot;","block_context":{"text":"Not\u00edcias de Ribeir\u00e3o Preto-SP e Regi\u00e3o","link":"https:\/\/noticiasribeiraopreto.com.br\/index.php\/category\/noticias-de-ribeirao-preto-sp-e-regiao-ismael-colosi\/"},"img":{"alt_text":"","src":"https:\/\/i0.wp.com\/noticiasribeiraopreto.com.br\/wp-content\/uploads\/2024\/03\/53316077893_9132faf2fd_h-1024x683-1.webp.webp?fit=1024%2C683&ssl=1&resize=350%2C200","width":350,"height":200,"srcset":"https:\/\/i0.wp.com\/noticiasribeiraopreto.com.br\/wp-content\/uploads\/2024\/03\/53316077893_9132faf2fd_h-1024x683-1.webp.webp?fit=1024%2C683&ssl=1&resize=350%2C200 1x, https:\/\/i0.wp.com\/noticiasribeiraopreto.com.br\/wp-content\/uploads\/2024\/03\/53316077893_9132faf2fd_h-1024x683-1.webp.webp?fit=1024%2C683&ssl=1&resize=525%2C300 1.5x, https:\/\/i0.wp.com\/noticiasribeiraopreto.com.br\/wp-content\/uploads\/2024\/03\/53316077893_9132faf2fd_h-1024x683-1.webp.webp?fit=1024%2C683&ssl=1&resize=700%2C400 2x"},"classes":[]},{"id":70463,"url":"https:\/\/noticiasribeiraopreto.com.br\/index.php\/2025\/05\/26\/ao-vivo-veja-a-primeira-convocacao-de-carlo-ancelotti-na-selecao-brasileira\/","url_meta":{"origin":40255,"position":1},"title":"AO VIVO: Veja a primeira convoca\u00e7\u00e3o de Carlo Ancelotti na sele\u00e7\u00e3o brasileira","author":"noticiasribeiraopreto.com.br","date":"26 de May de 2025","format":false,"excerpt":"O novo treinador da sele\u00e7\u00e3o brasileira, Carlo Ancelotti, realiza sua primeira convoca\u00e7\u00e3o nesta segunda-feira (26), a partir das 15h \u2013 veja no player acima. O italiano ser\u00e1 apresentado oficialmente em um hotel na zona Oeste do Rio de Janeiro. O ex-t\u00e9cnico do Real Madrid desembarcou no Brasil na noite desse\u2026","rel":"","context":"In &quot;Not\u00edcias de Ribeir\u00e3o Preto-SP e Regi\u00e3o&quot;","block_context":{"text":"Not\u00edcias de Ribeir\u00e3o Preto-SP e Regi\u00e3o","link":"https:\/\/noticiasribeiraopreto.com.br\/index.php\/category\/noticias-de-ribeirao-preto-sp-e-regiao-ismael-colosi\/"},"img":{"alt_text":"","src":"https:\/\/i0.wp.com\/noticiasribeiraopreto.com.br\/wp-content\/uploads\/2025\/05\/CARLO-ANCELOTTI_2025-05-26_14-59-16.webp.webp?fit=1087%2C760&ssl=1&resize=350%2C200","width":350,"height":200,"srcset":"https:\/\/i0.wp.com\/noticiasribeiraopreto.com.br\/wp-content\/uploads\/2025\/05\/CARLO-ANCELOTTI_2025-05-26_14-59-16.webp.webp?fit=1087%2C760&ssl=1&resize=350%2C200 1x, https:\/\/i0.wp.com\/noticiasribeiraopreto.com.br\/wp-content\/uploads\/2025\/05\/CARLO-ANCELOTTI_2025-05-26_14-59-16.webp.webp?fit=1087%2C760&ssl=1&resize=525%2C300 1.5x, https:\/\/i0.wp.com\/noticiasribeiraopreto.com.br\/wp-content\/uploads\/2025\/05\/CARLO-ANCELOTTI_2025-05-26_14-59-16.webp.webp?fit=1087%2C760&ssl=1&resize=700%2C400 2x, https:\/\/i0.wp.com\/noticiasribeiraopreto.com.br\/wp-content\/uploads\/2025\/05\/CARLO-ANCELOTTI_2025-05-26_14-59-16.webp.webp?fit=1087%2C760&ssl=1&resize=1050%2C600 3x"},"classes":[]},{"id":25696,"url":"https:\/\/noticiasribeiraopreto.com.br\/index.php\/2024\/01\/08\/tecnico-dorival-jr-deixa-o-sao-paulo-para-assumir-selecao-brasileira-2\/","url_meta":{"origin":40255,"position":2},"title":"T\u00e9cnico Dorival Jr deixa o S\u00e3o Paulo para assumir sele\u00e7\u00e3o brasileira","author":"noticiasribeiraopreto.com.br","date":"8 de January de 2024","format":false,"excerpt":"8 de janeiro de 2024 | 8:307 de janeiro de 2024 | 20:32 0O treinador Dorival J\u00fanior, atual campe\u00e3o da Copa do Brasil pelo S\u00e3o Paulo, assumir\u00e1 o comando t\u00e9cnico da sele\u00e7\u00e3o brasileira masculina de futebol. Por meio do Twitter, o pr\u00f3prio Tricolor Paulista confirmou a sa\u00edda do treinador, ap\u00f3s\u2026","rel":"","context":"In &quot;Not\u00edcias de Ribeir\u00e3o Preto-SP e Regi\u00e3o&quot;","block_context":{"text":"Not\u00edcias de Ribeir\u00e3o Preto-SP e Regi\u00e3o","link":"https:\/\/noticiasribeiraopreto.com.br\/index.php\/category\/noticias-de-ribeirao-preto-sp-e-regiao-ismael-colosi\/"},"img":{"alt_text":"","src":"https:\/\/i0.wp.com\/noticiasribeiraopreto.com.br\/wp-content\/uploads\/2024\/01\/portalcbncampinascombr-tecnico-dorival-junior-acredita-que-volta-do-futebol-vai-demorar-dorival.jpg?fit=984%2C628&ssl=1&resize=350%2C200","width":350,"height":200,"srcset":"https:\/\/i0.wp.com\/noticiasribeiraopreto.com.br\/wp-content\/uploads\/2024\/01\/portalcbncampinascombr-tecnico-dorival-junior-acredita-que-volta-do-futebol-vai-demorar-dorival.jpg?fit=984%2C628&ssl=1&resize=350%2C200 1x, https:\/\/i0.wp.com\/noticiasribeiraopreto.com.br\/wp-content\/uploads\/2024\/01\/portalcbncampinascombr-tecnico-dorival-junior-acredita-que-volta-do-futebol-vai-demorar-dorival.jpg?fit=984%2C628&ssl=1&resize=525%2C300 1.5x, https:\/\/i0.wp.com\/noticiasribeiraopreto.com.br\/wp-content\/uploads\/2024\/01\/portalcbncampinascombr-tecnico-dorival-junior-acredita-que-volta-do-futebol-vai-demorar-dorival.jpg?fit=984%2C628&ssl=1&resize=700%2C400 2x"},"classes":[]},{"id":25571,"url":"https:\/\/noticiasribeiraopreto.com.br\/index.php\/2024\/01\/07\/tecnico-dorival-jr-deixa-o-sao-paulo-para-assumir-selecao-brasileira\/","url_meta":{"origin":40255,"position":3},"title":"T\u00e9cnico Dorival Jr deixa o S\u00e3o Paulo para assumir sele\u00e7\u00e3o brasileira","author":"noticiasribeiraopreto.com.br","date":"7 de January de 2024","format":false,"excerpt":"O treinador Dorival J\u00fanior, atual campe\u00e3o da Copa do Brasil pelo S\u00e3o Paulo, assumir\u00e1 o comando t\u00e9cnico da sele\u00e7\u00e3o brasileira masculina de futebol. Por meio do Twitter, o pr\u00f3prio\u00a0Tricolor Paulista confirmou a sa\u00edda do treinador,\u00a0ap\u00f3s o desligamento do clube.Dorival ser\u00e1 anunciado nos pr\u00f3ximos dias pela CBF como novo treinador da\u2026","rel":"","context":"In &quot;Not\u00edcias de Ribeir\u00e3o Preto-SP e Regi\u00e3o&quot;","block_context":{"text":"Not\u00edcias de Ribeir\u00e3o Preto-SP e Regi\u00e3o","link":"https:\/\/noticiasribeiraopreto.com.br\/index.php\/category\/noticias-de-ribeirao-preto-sp-e-regiao-ismael-colosi\/"},"img":{"alt_text":"","src":"https:\/\/i0.wp.com\/noticiasribeiraopreto.com.br\/wp-content\/uploads\/2024\/01\/dorival.jpg?fit=800%2C500&ssl=1&resize=350%2C200","width":350,"height":200,"srcset":"https:\/\/i0.wp.com\/noticiasribeiraopreto.com.br\/wp-content\/uploads\/2024\/01\/dorival.jpg?fit=800%2C500&ssl=1&resize=350%2C200 1x, https:\/\/i0.wp.com\/noticiasribeiraopreto.com.br\/wp-content\/uploads\/2024\/01\/dorival.jpg?fit=800%2C500&ssl=1&resize=525%2C300 1.5x, https:\/\/i0.wp.com\/noticiasribeiraopreto.com.br\/wp-content\/uploads\/2024\/01\/dorival.jpg?fit=800%2C500&ssl=1&resize=700%2C400 2x"},"classes":[]},{"id":43885,"url":"https:\/\/noticiasribeiraopreto.com.br\/index.php\/2024\/03\/23\/com-gol-de-endrick-brasil-vence-inglaterra-em-wembley-na-estreia-de-dorival\/","url_meta":{"origin":40255,"position":4},"title":"Com gol de Endrick, Brasil vence Inglaterra em Wembley na estreia de Dorival","author":"noticiasribeiraopreto.com.br","date":"23 de March de 2024","format":false,"excerpt":"Com gol do atacante Endrick, do Palmeiras, a sele\u00e7\u00e3o brasileira venceu a Inglaterra por 1 a 0 no est\u00e1dio de Wembley, em Londres, nesta s\u00e1bado (23). A partida marcou a estreia do t\u00e9cnico Dorival J\u00fanior no comando da amarelinha. Endrick marcou o gol do Brasil aos 34 minutos do segundo\u2026","rel":"","context":"In &quot;Not\u00edcias de Ribeir\u00e3o Preto-SP e Regi\u00e3o&quot;","block_context":{"text":"Not\u00edcias de Ribeir\u00e3o Preto-SP e Regi\u00e3o","link":"https:\/\/noticiasribeiraopreto.com.br\/index.php\/category\/noticias-de-ribeirao-preto-sp-e-regiao-ismael-colosi\/"},"img":{"alt_text":"","src":"https:\/\/i0.wp.com\/noticiasribeiraopreto.com.br\/wp-content\/uploads\/2024\/03\/endrick.jpg?fit=1200%2C788&ssl=1&resize=350%2C200","width":350,"height":200,"srcset":"https:\/\/i0.wp.com\/noticiasribeiraopreto.com.br\/wp-content\/uploads\/2024\/03\/endrick.jpg?fit=1200%2C788&ssl=1&resize=350%2C200 1x, https:\/\/i0.wp.com\/noticiasribeiraopreto.com.br\/wp-content\/uploads\/2024\/03\/endrick.jpg?fit=1200%2C788&ssl=1&resize=525%2C300 1.5x, https:\/\/i0.wp.com\/noticiasribeiraopreto.com.br\/wp-content\/uploads\/2024\/03\/endrick.jpg?fit=1200%2C788&ssl=1&resize=700%2C400 2x, https:\/\/i0.wp.com\/noticiasribeiraopreto.com.br\/wp-content\/uploads\/2024\/03\/endrick.jpg?fit=1200%2C788&ssl=1&resize=1050%2C600 3x"},"classes":[]},{"id":65601,"url":"https:\/\/noticiasribeiraopreto.com.br\/index.php\/2025\/03\/21\/joao-gomes-beraldo-ederson-e-weverton-sao-convocados-para-a-selecao-brasileira\/","url_meta":{"origin":40255,"position":5},"title":"Jo\u00e3o Gomes, Beraldo, Ederson e Weverton S\u00e3o Convocados para a Sele\u00e7\u00e3o Brasileira","author":"noticiasribeiraopreto.com.br","date":"21 de March de 2025","format":false,"excerpt":"A Sele\u00e7\u00e3o Brasileira ganhou novos refor\u00e7os para os pr\u00f3ximos compromissos internacionais. O t\u00e9cnico da equipe anunciou a convoca\u00e7\u00e3o do volante Jo\u00e3o Gomes, do zagueiro Beraldo, do goleiro Weverton e do meio-campista Ederson para integrarem o elenco que disputar\u00e1 os amistosos preparat\u00f3rios. Os jogadores foram chamados para substituir atletas que foram\u2026","rel":"","context":"In &quot;Not\u00edcias de Ribeir\u00e3o Preto-SP e Regi\u00e3o&quot;","block_context":{"text":"Not\u00edcias de Ribeir\u00e3o Preto-SP e Regi\u00e3o","link":"https:\/\/noticiasribeiraopreto.com.br\/index.php\/category\/noticias-de-ribeirao-preto-sp-e-regiao-ismael-colosi\/"},"img":{"alt_text":"","src":"https:\/\/i0.wp.com\/noticiasribeiraopreto.com.br\/wp-content\/uploads\/2025\/03\/quarteto_convocado_brasil_x_argentina_2025.webp.webp?fit=1170%2C700&ssl=1&resize=350%2C200","width":350,"height":200,"srcset":"https:\/\/i0.wp.com\/noticiasribeiraopreto.com.br\/wp-content\/uploads\/2025\/03\/quarteto_convocado_brasil_x_argentina_2025.webp.webp?fit=1170%2C700&ssl=1&resize=350%2C200 1x, https:\/\/i0.wp.com\/noticiasribeiraopreto.com.br\/wp-content\/uploads\/2025\/03\/quarteto_convocado_brasil_x_argentina_2025.webp.webp?fit=1170%2C700&ssl=1&resize=525%2C300 1.5x, https:\/\/i0.wp.com\/noticiasribeiraopreto.com.br\/wp-content\/uploads\/2025\/03\/quarteto_convocado_brasil_x_argentina_2025.webp.webp?fit=1170%2C700&ssl=1&resize=700%2C400 2x, https:\/\/i0.wp.com\/noticiasribeiraopreto.com.br\/wp-content\/uploads\/2025\/03\/quarteto_convocado_brasil_x_argentina_2025.webp.webp?fit=1170%2C700&ssl=1&resize=1050%2C600 3x"},"classes":[]}],"jetpack_sharing_enabled":true,"jetpack_shortlink":"https:\/\/wp.me\/peQAOb-ath","_links":{"self":[{"href":"https:\/\/noticiasribeiraopreto.com.br\/index.php\/wp-json\/wp\/v2\/posts\/40255","targetHints":{"allow":["GET"]}}],"collection":[{"href":"https:\/\/noticiasribeiraopreto.com.br\/index.php\/wp-json\/wp\/v2\/posts"}],"about":[{"href":"https:\/\/noticiasribeiraopreto.com.br\/index.php\/wp-json\/wp\/v2\/types\/post"}],"author":[{"embeddable":true,"href":"https:\/\/noticiasribeiraopreto.com.br\/index.php\/wp-json\/wp\/v2\/users\/1"}],"replies":[{"embeddable":true,"href":"https:\/\/noticiasribeiraopreto.com.br\/index.php\/wp-json\/wp\/v2\/comments?post=40255"}],"version-history":[{"count":0,"href":"https:\/\/noticiasribeiraopreto.com.br\/index.php\/wp-json\/wp\/v2\/posts\/40255\/revisions"}],"wp:featuredmedia":[{"embeddable":true,"href":"https:\/\/noticiasribeiraopreto.com.br\/index.php\/wp-json\/wp\/v2\/media\/40256"}],"wp:attachment":[{"href":"https:\/\/noticiasribeiraopreto.com.br\/index.php\/wp-json\/wp\/v2\/media?parent=40255"}],"wp:term":[{"taxonomy":"category","embeddable":true,"href":"https:\/\/noticiasribeiraopreto.com.br\/index.php\/wp-json\/wp\/v2\/categories?post=40255"},{"taxonomy":"post_tag","embeddable":true,"href":"https:\/\/noticiasribeiraopreto.com.br\/index.php\/wp-json\/wp\/v2\/tags?post=40255"}],"curies":[{"name":"wp","href":"https:\/\/api.w.org\/{rel}","templated":true}]}}