{"id":40257,"date":"2024-03-01T18:57:44","date_gmt":"2024-03-01T21:57:44","guid":{"rendered":"https:\/\/noticiasribeiraopreto.com.br\/index.php\/2024\/03\/01\/marco-deve-ter-quatro-frentes-frias-no-estado-de-sp\/"},"modified":"2024-03-01T18:57:44","modified_gmt":"2024-03-01T21:57:44","slug":"marco-deve-ter-quatro-frentes-frias-no-estado-de-sp","status":"publish","type":"post","link":"https:\/\/noticiasribeiraopreto.com.br\/index.php\/2024\/03\/01\/marco-deve-ter-quatro-frentes-frias-no-estado-de-sp\/","title":{"rendered":"Mar\u00e7o deve ter quatro frentes frias no estado de SP"},"content":{"rendered":"<div class='code-block code-block-1' style='margin: 8px 0 8px auto; text-align: right; display: block; clear: both;'>\n<p><a href=\"https:\/\/wa.link\/vpicfd\"><img data-recalc-dims=\"1\" class=\"wp-image-4922\" style=\"aspect-ratio: 2.0253164556962027; width: 561px; height: auto;\" src=\"https:\/\/i0.wp.com\/ismaelcolosi.com.br\/wp-content\/uploads\/2023\/11\/grupo-de-empregos-whatsapp-e-facebook-ismael-colosi-vagas.jpg?ssl=1\" alt=\"\" \/><\/a><\/p>\n<!-- \/wp:image -->\n<\/div>\n<p> <br \/>\n<\/p>\n<div data-td-block-uid=\"tdi_101\">\n<div class=\"tdb-block-inner td-fix-index\">\n<p>De acordo com a plataforma <strong>Climatempo<\/strong>, s\u00e3o esperadas de <strong>tr\u00eas <\/strong>a <strong>quatro frentes frias<\/strong> no <strong>Estado de S\u00e3o Paulo<\/strong>, ao longo do m\u00eas de <strong>mar\u00e7o<\/strong>, que teve in\u00edcio nesta sexta-feira.<\/p>\n<p>Os meteorologistas explicam que as <strong>frentes frias<\/strong> previstas ser\u00e3o <strong>oce\u00e2nicas<\/strong>, ou seja, <mark style=\"background-color:#fcb900\" class=\"has-inline-color\">o ar frio de origem polar, n\u00e3o vai conseguir avan\u00e7ar pelo interior do estado para provocar quedas de temperaturas relevantes.<\/mark><\/p>\n<figure class=\"wp-block-pullquote\">\n<blockquote>\n<p>Mar\u00e7o ser\u00e1 um m\u00eas predominantemente abafado para os paulistas. Teremos uma cara de outono, realmente, mais para o final do m\u00eas<\/p>\n<p><cite>Climatempo<\/cite><\/p><\/blockquote>\n<\/figure>\n<p>Eles ainda informaram que no final do m\u00eas, a entrada de massas de ar frio pode trazer caracter\u00edstica de noites mais frescas e com sensa\u00e7\u00e3o de frio, mas, em geral, manh\u00e3s e tardes v\u00e3o seguir com temperaturas mais elevadas.<\/p>\n<h4 class=\"wp-block-heading\"><strong>Como fica o tempo em Ribeir\u00e3o nos primeiros dias de mar\u00e7o?<\/strong><\/h4>\n<p>A previs\u00e3o do tempo para o <strong>Ribeir\u00e3o Preto<\/strong>, neste final de semana, \u00e9 de sol com algumas nuvens, contudo, sem chances de chuva.<\/p>\n<p>No<strong> s\u00e1bado (2)<\/strong>, os term\u00f4metros devem registrar cerca de 22\u00baC pela manh\u00e3. A temperatura deve subir durante o dia e chegar aos 36\u00baC.<\/p>\n<p>O cen\u00e1rio \u00e9 parecido no <strong>domingo (3)<\/strong>. De acordo com a meteorologia, Ribeir\u00e3o Preto deve ter registrar temperatura m\u00ednima de 21\u00baC e m\u00e1xima de 36\u00baC.<\/p>\n<hr class=\"wp-block-separator has-alpha-channel-opacity\"\/>\n<p>SAIBA MAIS<\/p>\n<p>Entenda como ser\u00e1 o Novo Bom Prato no Centro de Ribeir\u00e3o Preto<\/p>\n<h4 class=\"wp-block-heading\"><strong><mark style=\"background-color:#fcb900\" class=\"has-inline-color\">FIQUE ON<\/mark><\/strong><\/h4>\n<p>Fique ligado em tudo que acontece em Ribeir\u00e3o Preto e regi\u00e3o. Siga os perfis do\u00a0<strong>acidade on\u00a0<\/strong>no\u00a0<a href=\"https:\/\/www.instagram.com\/acidadeonribeirao\" target=\"_blank\" rel=\"noreferrer noopener\">Instagram\u00a0<\/a>e no<a href=\"https:\/\/www.facebook.com\/acidadeonribeirao\" target=\"_blank\" rel=\"noreferrer noopener\">\u00a0Facebook<\/a>.<\/p>\n<p>Receba not\u00edcias do\u00a0<strong>acidade on<\/strong>\u00a0no WhatsApp.<a href=\"https:\/\/chat.whatsapp.com\/Bnv2w66ZT4VDyZW3oiZ69n\" target=\"_blank\" rel=\"noreferrer noopener\">\u00a0Para entrar no grupo, basta clicar aqui.<\/a><\/p>\n<p>Fa\u00e7a uma den\u00fancia ou sugira uma reportagem sobre Ribeir\u00e3o Preto e regi\u00e3o pelo WhatsApp: 16 99117 7802.<\/p>\n<p>VEJA TAMB\u00c9M<\/p>\n<p>Quando acaba o Ver\u00e3o de 2024?<\/p>\n<p><!-- AI CONTENT END 1 -->\n<\/div>\n<\/div>\n<p><script async src=\"\/\/www.instagram.com\/embed.js\"><\/script><br \/>\n<br \/><br \/>\n<br \/><a href=\"https:\/\/www.acidadeon.com\/ribeiraopreto\/cotidiano\/marco-deve-ter-quatro-frentes-frias-no-estado-de-sp\/\">Source link <\/a><\/p>\n<!-- CONTENT END 1 -->\n","protected":false},"excerpt":{"rendered":"<p>De acordo com a plataforma Climatempo, s\u00e3o esperadas de tr\u00eas a quatro frentes frias no Estado de S\u00e3o Paulo, ao longo do m\u00eas de mar\u00e7o,&#8230;<\/p>\n","protected":false},"author":1,"featured_media":40258,"comment_status":"open","ping_status":"open","sticky":false,"template":"","format":"standard","meta":{"advanced_seo_description":"","jetpack_seo_html_title":"","jetpack_seo_noindex":false,"jetpack_post_was_ever_published":false,"_jetpack_newsletter_access":"","_jetpack_dont_email_post_to_subs":false,"_jetpack_newsletter_tier_id":0,"_jetpack_memberships_contains_paywalled_content":false,"_jetpack_memberships_contains_paid_content":false,"footnotes":"","jetpack_publicize_message":"","jetpack_publicize_feature_enabled":true,"jetpack_social_post_already_shared":true,"jetpack_social_options":{"image_generator_settings":{"template":"highway","default_image_id":0,"font":"","enabled":false},"version":2}},"categories":[11],"tags":[],"class_list":["post-40257","post","type-post","status-publish","format-standard","has-post-thumbnail","hentry","category-noticias-de-ribeirao-preto-sp-e-regiao-ismael-colosi"],"jetpack_publicize_connections":[],"jetpack_featured_media_url":"https:\/\/i0.wp.com\/noticiasribeiraopreto.com.br\/wp-content\/uploads\/2024\/03\/reasdeinstabilidadeefrentefriaemSPVejaaprevisoemRibeiroPretoeregio_Tamanho_2_image.jpg?fit=1200%2C900&ssl=1","jetpack-related-posts":[{"id":46128,"url":"https:\/\/noticiasribeiraopreto.com.br\/index.php\/2024\/04\/09\/entenda-a-frente-fria-que-deve-atingir-o-estado-de-sp\/","url_meta":{"origin":40257,"position":0},"title":"Entenda a frente fria que deve atingir o estado de SP","author":"noticiasribeiraopreto.com.br","date":"9 de April de 2024","format":false,"excerpt":"Uma nova frente fria deve atingir o estado de S\u00e3o Paulo, a partir desta quinta-feira (11), trazendo mais umidade e maiores condi\u00e7\u00f5es de chuva no final desta semana, de acordo com a Climatempo. A previs\u00e3o indica que esse sistema come\u00e7a a avan\u00e7ar da Argentina, nesta ter\u00e7a-feira (09), e \u00e0 noite\u2026","rel":"","context":"In &quot;Not\u00edcias de Ribeir\u00e3o Preto-SP e Regi\u00e3o&quot;","block_context":{"text":"Not\u00edcias de Ribeir\u00e3o Preto-SP e Regi\u00e3o","link":"https:\/\/noticiasribeiraopreto.com.br\/index.php\/category\/noticias-de-ribeirao-preto-sp-e-regiao-ismael-colosi\/"},"img":{"alt_text":"","src":"https:\/\/i0.wp.com\/noticiasribeiraopreto.com.br\/wp-content\/uploads\/2024\/04\/AnyConv.com__WhatsApp-Image-2024-04-05-at-15.03.28.webp.webp?fit=1200%2C553&ssl=1&resize=350%2C200","width":350,"height":200,"srcset":"https:\/\/i0.wp.com\/noticiasribeiraopreto.com.br\/wp-content\/uploads\/2024\/04\/AnyConv.com__WhatsApp-Image-2024-04-05-at-15.03.28.webp.webp?fit=1200%2C553&ssl=1&resize=350%2C200 1x, https:\/\/i0.wp.com\/noticiasribeiraopreto.com.br\/wp-content\/uploads\/2024\/04\/AnyConv.com__WhatsApp-Image-2024-04-05-at-15.03.28.webp.webp?fit=1200%2C553&ssl=1&resize=525%2C300 1.5x, https:\/\/i0.wp.com\/noticiasribeiraopreto.com.br\/wp-content\/uploads\/2024\/04\/AnyConv.com__WhatsApp-Image-2024-04-05-at-15.03.28.webp.webp?fit=1200%2C553&ssl=1&resize=700%2C400 2x, https:\/\/i0.wp.com\/noticiasribeiraopreto.com.br\/wp-content\/uploads\/2024\/04\/AnyConv.com__WhatsApp-Image-2024-04-05-at-15.03.28.webp.webp?fit=1200%2C553&ssl=1&resize=1050%2C600 3x"},"classes":[]},{"id":73327,"url":"https:\/\/noticiasribeiraopreto.com.br\/index.php\/2025\/06\/30\/frente-fria-muda-o-tempo-no-estado-de-sp-veja-regioes-atingidas\/","url_meta":{"origin":40257,"position":1},"title":"Frente fria muda o tempo no estado de SP; Veja regi\u00f5es atingidas","author":"noticiasribeiraopreto.com.br","date":"30 de June de 2025","format":false,"excerpt":"O deslocamento de uma nova frente fria deve provocar mudan\u00e7as no tempo nesta segunda-feira (30), no estado de S\u00e3o Paulo. De acordo com a Climatempo, esse sistema traz o aumento de umidade em \u00e1reas do extremo sul e leste paulista. H\u00e1 risco de chuva forte e temporais no Vale do\u2026","rel":"","context":"In &quot;Not\u00edcias de Ribeir\u00e3o Preto-SP e Regi\u00e3o&quot;","block_context":{"text":"Not\u00edcias de Ribeir\u00e3o Preto-SP e Regi\u00e3o","link":"https:\/\/noticiasribeiraopreto.com.br\/index.php\/category\/noticias-de-ribeirao-preto-sp-e-regiao-ismael-colosi\/"},"img":{"alt_text":"","src":"https:\/\/i0.wp.com\/noticiasribeiraopreto.com.br\/wp-content\/uploads\/2025\/06\/nuvens_2025-01-01_18-54-37_jpeg_2025-01-01_18-54-38.webp.webp?fit=1200%2C900&ssl=1&resize=350%2C200","width":350,"height":200,"srcset":"https:\/\/i0.wp.com\/noticiasribeiraopreto.com.br\/wp-content\/uploads\/2025\/06\/nuvens_2025-01-01_18-54-37_jpeg_2025-01-01_18-54-38.webp.webp?fit=1200%2C900&ssl=1&resize=350%2C200 1x, https:\/\/i0.wp.com\/noticiasribeiraopreto.com.br\/wp-content\/uploads\/2025\/06\/nuvens_2025-01-01_18-54-37_jpeg_2025-01-01_18-54-38.webp.webp?fit=1200%2C900&ssl=1&resize=525%2C300 1.5x, https:\/\/i0.wp.com\/noticiasribeiraopreto.com.br\/wp-content\/uploads\/2025\/06\/nuvens_2025-01-01_18-54-37_jpeg_2025-01-01_18-54-38.webp.webp?fit=1200%2C900&ssl=1&resize=700%2C400 2x, https:\/\/i0.wp.com\/noticiasribeiraopreto.com.br\/wp-content\/uploads\/2025\/06\/nuvens_2025-01-01_18-54-37_jpeg_2025-01-01_18-54-38.webp.webp?fit=1200%2C900&ssl=1&resize=1050%2C600 3x"},"classes":[]},{"id":79189,"url":"https:\/\/noticiasribeiraopreto.com.br\/index.php\/2025\/10\/26\/chuva-e-frio-incomum-chegam-nesta-semana-veja-previsao-no-estado-de-sp\/","url_meta":{"origin":40257,"position":2},"title":"Chuva e frio incomum chegam nesta semana; Veja previs\u00e3o no estado de SP","author":"noticiasribeiraopreto.com.br","date":"26 de October de 2025","format":false,"excerpt":"Uma frente fria dever\u00e1 mudar o tempo no estado de S\u00e3o Paulo durante esta semana. Segundo a Meteored, al\u00e9m da chuva, o estado paulista tamb\u00e9m dever\u00e1 receber influ\u00eancia de uma massa de ar frio at\u00edpica, que traz temperaturas abaixo da m\u00e9dia para est\u00e1 \u00e9poca do ano. Na segunda-feira (27), o\u2026","rel":"","context":"In &quot;Not\u00edcias de Ribeir\u00e3o Preto-SP e Regi\u00e3o&quot;","block_context":{"text":"Not\u00edcias de Ribeir\u00e3o Preto-SP e Regi\u00e3o","link":"https:\/\/noticiasribeiraopreto.com.br\/index.php\/category\/noticias-de-ribeirao-preto-sp-e-regiao-ismael-colosi\/"},"img":{"alt_text":"","src":"https:\/\/i0.wp.com\/noticiasribeiraopreto.com.br\/wp-content\/uploads\/2025\/10\/MAPA_2025-10-26_20-55-57.webp.webp?fit=1200%2C816&ssl=1&resize=350%2C200","width":350,"height":200,"srcset":"https:\/\/i0.wp.com\/noticiasribeiraopreto.com.br\/wp-content\/uploads\/2025\/10\/MAPA_2025-10-26_20-55-57.webp.webp?fit=1200%2C816&ssl=1&resize=350%2C200 1x, https:\/\/i0.wp.com\/noticiasribeiraopreto.com.br\/wp-content\/uploads\/2025\/10\/MAPA_2025-10-26_20-55-57.webp.webp?fit=1200%2C816&ssl=1&resize=525%2C300 1.5x, https:\/\/i0.wp.com\/noticiasribeiraopreto.com.br\/wp-content\/uploads\/2025\/10\/MAPA_2025-10-26_20-55-57.webp.webp?fit=1200%2C816&ssl=1&resize=700%2C400 2x, https:\/\/i0.wp.com\/noticiasribeiraopreto.com.br\/wp-content\/uploads\/2025\/10\/MAPA_2025-10-26_20-55-57.webp.webp?fit=1200%2C816&ssl=1&resize=1050%2C600 3x"},"classes":[]},{"id":65894,"url":"https:\/\/noticiasribeiraopreto.com.br\/index.php\/2025\/03\/25\/com-entrada-de-ar-polar-abril-chega-com-o-primeiro-pico-de-frio-de-2025\/","url_meta":{"origin":40257,"position":3},"title":"Com entrada de ar polar, abril chega com o primeiro pico de frio de 2025","author":"noticiasribeiraopreto.com.br","date":"25 de March de 2025","format":false,"excerpt":"O m\u00eas de abril promete o primeiro pico de frio em 2025 no Pa\u00eds, de acordo com a Climatempo. Os meteorologistas apontam para chegada de duas frentes frias e a entrada do ar polar, a partir do primeiro fim de semana do m\u00eas. A Climatempo informa que est\u00e3o previstas as\u2026","rel":"","context":"In &quot;Not\u00edcias de Ribeir\u00e3o Preto-SP e Regi\u00e3o&quot;","block_context":{"text":"Not\u00edcias de Ribeir\u00e3o Preto-SP e Regi\u00e3o","link":"https:\/\/noticiasribeiraopreto.com.br\/index.php\/category\/noticias-de-ribeirao-preto-sp-e-regiao-ismael-colosi\/"},"img":{"alt_text":"","src":"https:\/\/i0.wp.com\/noticiasribeiraopreto.com.br\/wp-content\/uploads\/2025\/03\/AnyConv.com__frio-corredor-polar_2024-06-28_16-28-30.webp.webp?fit=1200%2C800&ssl=1&resize=350%2C200","width":350,"height":200,"srcset":"https:\/\/i0.wp.com\/noticiasribeiraopreto.com.br\/wp-content\/uploads\/2025\/03\/AnyConv.com__frio-corredor-polar_2024-06-28_16-28-30.webp.webp?fit=1200%2C800&ssl=1&resize=350%2C200 1x, https:\/\/i0.wp.com\/noticiasribeiraopreto.com.br\/wp-content\/uploads\/2025\/03\/AnyConv.com__frio-corredor-polar_2024-06-28_16-28-30.webp.webp?fit=1200%2C800&ssl=1&resize=525%2C300 1.5x, https:\/\/i0.wp.com\/noticiasribeiraopreto.com.br\/wp-content\/uploads\/2025\/03\/AnyConv.com__frio-corredor-polar_2024-06-28_16-28-30.webp.webp?fit=1200%2C800&ssl=1&resize=700%2C400 2x, https:\/\/i0.wp.com\/noticiasribeiraopreto.com.br\/wp-content\/uploads\/2025\/03\/AnyConv.com__frio-corredor-polar_2024-06-28_16-28-30.webp.webp?fit=1200%2C800&ssl=1&resize=1050%2C600 3x"},"classes":[]},{"id":79103,"url":"https:\/\/noticiasribeiraopreto.com.br\/index.php\/2025\/10\/24\/o-que-esperar-da-nova-frente-fria-no-estado-de-sp-veja-a-previsao\/","url_meta":{"origin":40257,"position":4},"title":"O que esperar da nova frente fria no estado de SP; Veja a previs\u00e3o","author":"noticiasribeiraopreto.com.br","date":"24 de October de 2025","format":false,"excerpt":"Uma nova frente fria est\u00e1 prevista para mudar o tempo novamente ao longo da pr\u00f3xima semana. Segundo a Meteored, esse sistema n\u00e3o deve ser t\u00e3o intenso quanto a frente fria que atuou no pa\u00eds nos \u00faltimos dias, mas trar\u00e1 chuva e queda na temperatura. Ainda conforme a previs\u00e3o, S\u00e3o Paulo\u2026","rel":"","context":"In &quot;Not\u00edcias de Ribeir\u00e3o Preto-SP e Regi\u00e3o&quot;","block_context":{"text":"Not\u00edcias de Ribeir\u00e3o Preto-SP e Regi\u00e3o","link":"https:\/\/noticiasribeiraopreto.com.br\/index.php\/category\/noticias-de-ribeirao-preto-sp-e-regiao-ismael-colosi\/"},"img":{"alt_text":"","src":"https:\/\/i0.wp.com\/noticiasribeiraopreto.com.br\/wp-content\/uploads\/2025\/10\/CHUVA_2025-10-24_11-33-42.webp.webp?fit=1200%2C786&ssl=1&resize=350%2C200","width":350,"height":200,"srcset":"https:\/\/i0.wp.com\/noticiasribeiraopreto.com.br\/wp-content\/uploads\/2025\/10\/CHUVA_2025-10-24_11-33-42.webp.webp?fit=1200%2C786&ssl=1&resize=350%2C200 1x, https:\/\/i0.wp.com\/noticiasribeiraopreto.com.br\/wp-content\/uploads\/2025\/10\/CHUVA_2025-10-24_11-33-42.webp.webp?fit=1200%2C786&ssl=1&resize=525%2C300 1.5x, https:\/\/i0.wp.com\/noticiasribeiraopreto.com.br\/wp-content\/uploads\/2025\/10\/CHUVA_2025-10-24_11-33-42.webp.webp?fit=1200%2C786&ssl=1&resize=700%2C400 2x, https:\/\/i0.wp.com\/noticiasribeiraopreto.com.br\/wp-content\/uploads\/2025\/10\/CHUVA_2025-10-24_11-33-42.webp.webp?fit=1200%2C786&ssl=1&resize=1050%2C600 3x"},"classes":[]},{"id":75592,"url":"https:\/\/noticiasribeiraopreto.com.br\/index.php\/2025\/08\/12\/nova-frente-fria-avanca-nesta-semana-veja-previsao-no-interior-de-sp\/","url_meta":{"origin":40257,"position":5},"title":"Nova frente fria avan\u00e7a nesta semana; Veja previs\u00e3o no interior de SP","author":"noticiasribeiraopreto.com.br","date":"12 de August de 2025","format":false,"excerpt":"Uma nova frente fria deve avan\u00e7ar ainda nesta semana. Segundo a Climatempo, esse sistema deve passar pela costa do estado de S\u00e3o Paulo na pr\u00f3xima quinta-feira (14), em alto mar. Com isso, a condi\u00e7\u00e3o de chuva fraca fica restrita apenas \u00e0 faixa litor\u00e2nea. Vem mais frio? A Meteored informou que\u2026","rel":"","context":"In &quot;Not\u00edcias de Ribeir\u00e3o Preto-SP e Regi\u00e3o&quot;","block_context":{"text":"Not\u00edcias de Ribeir\u00e3o Preto-SP e Regi\u00e3o","link":"https:\/\/noticiasribeiraopreto.com.br\/index.php\/category\/noticias-de-ribeirao-preto-sp-e-regiao-ismael-colosi\/"},"img":{"alt_text":"","src":"https:\/\/i0.wp.com\/noticiasribeiraopreto.com.br\/wp-content\/uploads\/2025\/07\/WhatsApp-Image-2024-07-13-at-19.42.17_2024-07-13_22-42-51_jpeg_2024-07-13_22-42-51.webp.webp?fit=1200%2C553&ssl=1&resize=350%2C200","width":350,"height":200,"srcset":"https:\/\/i0.wp.com\/noticiasribeiraopreto.com.br\/wp-content\/uploads\/2025\/07\/WhatsApp-Image-2024-07-13-at-19.42.17_2024-07-13_22-42-51_jpeg_2024-07-13_22-42-51.webp.webp?fit=1200%2C553&ssl=1&resize=350%2C200 1x, https:\/\/i0.wp.com\/noticiasribeiraopreto.com.br\/wp-content\/uploads\/2025\/07\/WhatsApp-Image-2024-07-13-at-19.42.17_2024-07-13_22-42-51_jpeg_2024-07-13_22-42-51.webp.webp?fit=1200%2C553&ssl=1&resize=525%2C300 1.5x, https:\/\/i0.wp.com\/noticiasribeiraopreto.com.br\/wp-content\/uploads\/2025\/07\/WhatsApp-Image-2024-07-13-at-19.42.17_2024-07-13_22-42-51_jpeg_2024-07-13_22-42-51.webp.webp?fit=1200%2C553&ssl=1&resize=700%2C400 2x, https:\/\/i0.wp.com\/noticiasribeiraopreto.com.br\/wp-content\/uploads\/2025\/07\/WhatsApp-Image-2024-07-13-at-19.42.17_2024-07-13_22-42-51_jpeg_2024-07-13_22-42-51.webp.webp?fit=1200%2C553&ssl=1&resize=1050%2C600 3x"},"classes":[]}],"jetpack_sharing_enabled":true,"jetpack_shortlink":"https:\/\/wp.me\/peQAOb-atj","_links":{"self":[{"href":"https:\/\/noticiasribeiraopreto.com.br\/index.php\/wp-json\/wp\/v2\/posts\/40257","targetHints":{"allow":["GET"]}}],"collection":[{"href":"https:\/\/noticiasribeiraopreto.com.br\/index.php\/wp-json\/wp\/v2\/posts"}],"about":[{"href":"https:\/\/noticiasribeiraopreto.com.br\/index.php\/wp-json\/wp\/v2\/types\/post"}],"author":[{"embeddable":true,"href":"https:\/\/noticiasribeiraopreto.com.br\/index.php\/wp-json\/wp\/v2\/users\/1"}],"replies":[{"embeddable":true,"href":"https:\/\/noticiasribeiraopreto.com.br\/index.php\/wp-json\/wp\/v2\/comments?post=40257"}],"version-history":[{"count":0,"href":"https:\/\/noticiasribeiraopreto.com.br\/index.php\/wp-json\/wp\/v2\/posts\/40257\/revisions"}],"wp:featuredmedia":[{"embeddable":true,"href":"https:\/\/noticiasribeiraopreto.com.br\/index.php\/wp-json\/wp\/v2\/media\/40258"}],"wp:attachment":[{"href":"https:\/\/noticiasribeiraopreto.com.br\/index.php\/wp-json\/wp\/v2\/media?parent=40257"}],"wp:term":[{"taxonomy":"category","embeddable":true,"href":"https:\/\/noticiasribeiraopreto.com.br\/index.php\/wp-json\/wp\/v2\/categories?post=40257"},{"taxonomy":"post_tag","embeddable":true,"href":"https:\/\/noticiasribeiraopreto.com.br\/index.php\/wp-json\/wp\/v2\/tags?post=40257"}],"curies":[{"name":"wp","href":"https:\/\/api.w.org\/{rel}","templated":true}]}}