{"id":40259,"date":"2024-03-01T20:00:20","date_gmt":"2024-03-01T23:00:20","guid":{"rendered":"https:\/\/noticiasribeiraopreto.com.br\/index.php\/2024\/03\/01\/mato-invade-trecho-de-acesso-a-hospital-e-universidade-de-ribeirao-veja-video\/"},"modified":"2024-03-01T20:00:20","modified_gmt":"2024-03-01T23:00:20","slug":"mato-invade-trecho-de-acesso-a-hospital-e-universidade-de-ribeirao-veja-video","status":"publish","type":"post","link":"https:\/\/noticiasribeiraopreto.com.br\/index.php\/2024\/03\/01\/mato-invade-trecho-de-acesso-a-hospital-e-universidade-de-ribeirao-veja-video\/","title":{"rendered":"Mato invade trecho de acesso a hospital e universidade de Ribeir\u00e3o; Veja v\u00eddeo"},"content":{"rendered":"<div class='code-block code-block-1' style='margin: 8px 0 8px auto; text-align: right; display: block; clear: both;'>\n<p><a href=\"https:\/\/wa.link\/vpicfd\"><img data-recalc-dims=\"1\" class=\"wp-image-4922\" style=\"aspect-ratio: 2.0253164556962027; width: 561px; height: auto;\" src=\"https:\/\/i0.wp.com\/ismaelcolosi.com.br\/wp-content\/uploads\/2023\/11\/grupo-de-empregos-whatsapp-e-facebook-ismael-colosi-vagas.jpg?ssl=1\" alt=\"\" \/><\/a><\/p>\n<!-- \/wp:image -->\n<\/div>\n<p> <br \/>\n<\/p>\n<div data-td-block-uid=\"tdi_101\">\n<div class=\"tdb-block-inner td-fix-index\">\n<p>Um<strong> v\u00eddeo<\/strong> feito por uma estudante que n\u00e3o quis se identificar mostra um trecho da <strong>avenida Le\u00e3o XIII<\/strong>, no bairro Ribeir\u00e2nia, zona Leste de Ribeir\u00e3o Preto <strong>tomado<\/strong> por <strong>mato alto<\/strong> e <strong>sem cal\u00e7ada<\/strong>. <\/p>\n<p>O <strong>local<\/strong> que d\u00e1 <strong>acesso<\/strong> a um <strong>hospital<\/strong> e uma <strong>universidade<\/strong> \u00e9 a \u00fanica op\u00e7\u00e3o para os <strong>pedestres<\/strong> que precisam <strong>atravessar <\/strong>a <strong>via<\/strong> <strong>(veja v\u00eddeo abaixo<\/strong>).<\/p>\n<p>Pelas imagens \u00e9 poss\u00edvel ver a altura do mato e apenas um caminho de terra para quem est\u00e1 na avenida sentido bairro Centro e precisa atravessar a via.<\/p>\n<h4 class=\"wp-block-heading\"><strong>Manuten\u00e7\u00e3o do local<\/strong><\/h4>\n<p>Em contato com a <strong>Prefeitura de Ribeir\u00e3o Preto<\/strong>, o portal <strong>acidade on<\/strong> Ribeir\u00e3o foi informado de que a <strong>responsabilidade<\/strong> pela <strong>manuten\u00e7\u00e3o<\/strong> daquela \u00e1rea \u00e9 da <strong>CPFL<\/strong>.<\/p>\n<p>Procurada, a<strong> CPFL<\/strong> informou, em <strong>nota<\/strong>, que ser\u00e3o <strong>encaminhadas<\/strong> <strong>equipes<\/strong> ao local para inspecionar o local e, <strong>se necess\u00e1rio<\/strong>, ir\u00e1 <strong>realizar<\/strong> os servi\u00e7os de <strong>limpeza<\/strong>.<\/p>\n<blockquote class=\"twitter-tweet\" data-media-max-width=\"560\">\n<p lang=\"pt\" dir=\"ltr\">V\u00eddeo mostra um trecho da avenida Le\u00e3o XIII, no bairro Ribeir\u00e2nia, em Ribeir\u00e3o Preto tomado por mato alto e sem cal\u00e7ada. O local d\u00e1 acesso a um hospital e uma universidade na zona Leste da cidade. <a href=\"https:\/\/t.co\/IEj20CjlsL\">pic.twitter.com\/IEj20CjlsL<\/a><\/p>\n<p>\u2014 acidade on Ribeir\u00e3o e Regi\u00e3o (@acidadeonrp) <a href=\"https:\/\/twitter.com\/acidadeonrp\/status\/1763695319848497417?ref_src=twsrc%5Etfw\">March 1, 2024<\/a><\/p><\/blockquote>\n<p>SAIBA MAIS<\/p>\n<p>Sorteio de R$ 6,7 milh\u00f5es da Nota Fiscal Paulista: veja como consultar<\/p>\n<h4 class=\"wp-block-heading\"><strong><mark>FIQUE ON<\/mark><\/strong><\/h4>\n<p>Fique ligado em tudo que acontece em Ribeir\u00e3o Preto e regi\u00e3o. Siga os perfis do<strong>\u00a0acidade on\u00a0<\/strong>no\u00a0<a href=\"https:\/\/www.instagram.com\/acidadeonribeirao\" target=\"_blank\" rel=\"noreferrer noopener\">Instagram\u00a0<\/a>e no\u00a0<a href=\"https:\/\/www.facebook.com\/acidadeonribeirao\" target=\"_blank\" rel=\"noreferrer noopener\">Facebook<\/a>.<\/p>\n<p>Receba not\u00edcias do<strong>\u00a0acidade on\u00a0<\/strong>no WhatsApp.\u00a0<a href=\"https:\/\/chat.whatsapp.com\/Bnv2w66ZT4VDyZW3oiZ69n\" target=\"_blank\" rel=\"noreferrer noopener\">Para entrar no grupo, basta clicar aqui.<\/a><\/p>\n<p>Fa\u00e7a uma den\u00fancia ou sugira uma reportagem sobre Ribeir\u00e3o Preto e regi\u00e3o pelo WhatsApp: 16 99117 7802.<\/p>\n<p>VEJA TAMB\u00c9M<\/p>\n<p>BBB 24: quanto Michel j\u00e1 ganhou em pr\u00eamios?<\/p>\n<p><!-- AI CONTENT END 1 -->\n<\/div>\n<\/div>\n<p><script async src=\"\/\/platform.twitter.com\/widgets.js\" charset=\"utf-8\"><\/script><script async src=\"\/\/www.instagram.com\/embed.js\"><\/script><br \/>\n<br \/><br \/>\n<br \/><a href=\"https:\/\/www.acidadeon.com\/ribeiraopreto\/cotidiano\/mato-invade-trecho-de-acesso-a-hospital-e-universidade-de-ribeirao-veja-video\/\">Source link <\/a><\/p>\n<!-- CONTENT END 1 -->\n","protected":false},"excerpt":{"rendered":"<p>Um v\u00eddeo feito por uma estudante que n\u00e3o quis se identificar mostra um trecho da avenida Le\u00e3o XIII, no bairro Ribeir\u00e2nia, zona Leste de Ribeir\u00e3o&#8230;<\/p>\n","protected":false},"author":1,"featured_media":40260,"comment_status":"open","ping_status":"open","sticky":false,"template":"","format":"standard","meta":{"advanced_seo_description":"","jetpack_seo_html_title":"","jetpack_seo_noindex":false,"jetpack_post_was_ever_published":false,"_jetpack_newsletter_access":"","_jetpack_dont_email_post_to_subs":false,"_jetpack_newsletter_tier_id":0,"_jetpack_memberships_contains_paywalled_content":false,"_jetpack_memberships_contains_paid_content":false,"footnotes":"","jetpack_publicize_message":"","jetpack_publicize_feature_enabled":true,"jetpack_social_post_already_shared":true,"jetpack_social_options":{"image_generator_settings":{"template":"highway","default_image_id":0,"font":"","enabled":false},"version":2}},"categories":[11],"tags":[],"class_list":["post-40259","post","type-post","status-publish","format-standard","has-post-thumbnail","hentry","category-noticias-de-ribeirao-preto-sp-e-regiao-ismael-colosi"],"jetpack_publicize_connections":[],"jetpack_featured_media_url":"https:\/\/i0.wp.com\/noticiasribeiraopreto.com.br\/wp-content\/uploads\/2024\/03\/3-1.jpg?fit=1200%2C675&ssl=1","jetpack-related-posts":[{"id":83372,"url":"https:\/\/noticiasribeiraopreto.com.br\/index.php\/2026\/03\/17\/trecho-da-avenida-nove-de-julho-e-interditado-para-conserto-do-paralelepipedo\/","url_meta":{"origin":40259,"position":0},"title":"Trecho da avenida Nove de Julho \u00e9 interditado para conserto do paralelep\u00edpedo","author":"noticiasribeiraopreto.com.br","date":"17 de March de 2026","format":false,"excerpt":"O acesso \u00e0 avenida Independ\u00eancia pela pista Centro-bairro da avenida Nove de Julho, a partir da rua Floriano Peixoto, foi interditado emergencialmente na manh\u00e3 desta ter\u00e7a-feira (17), em Ribeir\u00e3o Preto. Segundo a RP Mobi, a medida \u00e9 necess\u00e1ria para a realiza\u00e7\u00e3o de obras de manuten\u00e7\u00e3o vi\u00e1ria no local. Os paralelep\u00edpedos\u2026","rel":"","context":"In &quot;Not\u00edcias de Ribeir\u00e3o Preto-SP e Regi\u00e3o&quot;","block_context":{"text":"Not\u00edcias de Ribeir\u00e3o Preto-SP e Regi\u00e3o","link":"https:\/\/noticiasribeiraopreto.com.br\/index.php\/category\/noticias-de-ribeirao-preto-sp-e-regiao-ismael-colosi\/"},"img":{"alt_text":"","src":"https:\/\/i0.wp.com\/noticiasribeiraopreto.com.br\/wp-content\/uploads\/2024\/04\/Copia-de-Copia-de-TAMANHO-EXATO-PARA-FOTOS-NO-SISTEMA-NOVO-24-1_2024-04-30_19-23-42_jpg.webp.webp?fit=1200%2C675&ssl=1&resize=350%2C200","width":350,"height":200,"srcset":"https:\/\/i0.wp.com\/noticiasribeiraopreto.com.br\/wp-content\/uploads\/2024\/04\/Copia-de-Copia-de-TAMANHO-EXATO-PARA-FOTOS-NO-SISTEMA-NOVO-24-1_2024-04-30_19-23-42_jpg.webp.webp?fit=1200%2C675&ssl=1&resize=350%2C200 1x, https:\/\/i0.wp.com\/noticiasribeiraopreto.com.br\/wp-content\/uploads\/2024\/04\/Copia-de-Copia-de-TAMANHO-EXATO-PARA-FOTOS-NO-SISTEMA-NOVO-24-1_2024-04-30_19-23-42_jpg.webp.webp?fit=1200%2C675&ssl=1&resize=525%2C300 1.5x, https:\/\/i0.wp.com\/noticiasribeiraopreto.com.br\/wp-content\/uploads\/2024\/04\/Copia-de-Copia-de-TAMANHO-EXATO-PARA-FOTOS-NO-SISTEMA-NOVO-24-1_2024-04-30_19-23-42_jpg.webp.webp?fit=1200%2C675&ssl=1&resize=700%2C400 2x, https:\/\/i0.wp.com\/noticiasribeiraopreto.com.br\/wp-content\/uploads\/2024\/04\/Copia-de-Copia-de-TAMANHO-EXATO-PARA-FOTOS-NO-SISTEMA-NOVO-24-1_2024-04-30_19-23-42_jpg.webp.webp?fit=1200%2C675&ssl=1&resize=1050%2C600 3x"},"classes":[]},{"id":62424,"url":"https:\/\/noticiasribeiraopreto.com.br\/index.php\/2025\/01\/14\/trecho-de-avenida-sera-interditado-por-10-dias-em-ribeirao-preto-veja-desvios\/","url_meta":{"origin":40259,"position":1},"title":"Trecho de avenida ser\u00e1 interditado por 10 dias em Ribeir\u00e3o Preto; Veja desvios","author":"noticiasribeiraopreto.com.br","date":"14 de January de 2025","format":false,"excerpt":"O trecho da pista Centro-bairro da avenida Ant\u00f4nio e Helena Zerrenner, do cruzamento da via com a avenida Paranapanema at\u00e9 a esquina com a rua Monte Alegre, ser\u00e1 totalmente interditado nesta quarta-feira (15). Segundo a RP Mobi, o bloqueio ter\u00e1 dura\u00e7\u00e3o prevista de dez dias para obra de rede de\u2026","rel":"","context":"In &quot;Not\u00edcias de Ribeir\u00e3o Preto-SP e Regi\u00e3o&quot;","block_context":{"text":"Not\u00edcias de Ribeir\u00e3o Preto-SP e Regi\u00e3o","link":"https:\/\/noticiasribeiraopreto.com.br\/index.php\/category\/noticias-de-ribeirao-preto-sp-e-regiao-ismael-colosi\/"},"img":{"alt_text":"","src":"https:\/\/i0.wp.com\/noticiasribeiraopreto.com.br\/wp-content\/uploads\/2024\/12\/OBRAS_2024-12-03_17-36-39_jpg_2024-12-03_17-36-40.webp.webp?fit=1200%2C712&ssl=1&resize=350%2C200","width":350,"height":200,"srcset":"https:\/\/i0.wp.com\/noticiasribeiraopreto.com.br\/wp-content\/uploads\/2024\/12\/OBRAS_2024-12-03_17-36-39_jpg_2024-12-03_17-36-40.webp.webp?fit=1200%2C712&ssl=1&resize=350%2C200 1x, https:\/\/i0.wp.com\/noticiasribeiraopreto.com.br\/wp-content\/uploads\/2024\/12\/OBRAS_2024-12-03_17-36-39_jpg_2024-12-03_17-36-40.webp.webp?fit=1200%2C712&ssl=1&resize=525%2C300 1.5x, https:\/\/i0.wp.com\/noticiasribeiraopreto.com.br\/wp-content\/uploads\/2024\/12\/OBRAS_2024-12-03_17-36-39_jpg_2024-12-03_17-36-40.webp.webp?fit=1200%2C712&ssl=1&resize=700%2C400 2x, https:\/\/i0.wp.com\/noticiasribeiraopreto.com.br\/wp-content\/uploads\/2024\/12\/OBRAS_2024-12-03_17-36-39_jpg_2024-12-03_17-36-40.webp.webp?fit=1200%2C712&ssl=1&resize=1050%2C600 3x"},"classes":[]},{"id":62985,"url":"https:\/\/noticiasribeiraopreto.com.br\/index.php\/2025\/01\/30\/trecho-da-avenida-maurilio-biagi-sera-interditado-por-dois-meses-entenda\/","url_meta":{"origin":40259,"position":2},"title":"Trecho da avenida Maur\u00edlio Biagi ser\u00e1 interditado por dois meses; Entenda","author":"noticiasribeiraopreto.com.br","date":"30 de January de 2025","format":false,"excerpt":"Um trecho do avenida Maur\u00edlio Biagi, em Ribeir\u00e3o Preto, ser\u00e1 interditado por dois meses. A interdi\u00e7\u00e3o ser\u00e1 realizada no sentido Centro\/bairro, na altura da rua Olderige Margarido, come\u00e7a na pr\u00f3xima ter\u00e7a-feira (4). De acordo com a RP Mobi, o local ser\u00e1 bloqueado para constru\u00e7\u00e3o de duas pontes que vai ligar\u2026","rel":"","context":"In &quot;Not\u00edcias de Ribeir\u00e3o Preto-SP e Regi\u00e3o&quot;","block_context":{"text":"Not\u00edcias de Ribeir\u00e3o Preto-SP e Regi\u00e3o","link":"https:\/\/noticiasribeiraopreto.com.br\/index.php\/category\/noticias-de-ribeirao-preto-sp-e-regiao-ismael-colosi\/"},"img":{"alt_text":"","src":"https:\/\/i0.wp.com\/noticiasribeiraopreto.com.br\/wp-content\/uploads\/2025\/01\/interdicao-maurilio-biagi_2025-01-30_13-08-51_jpg_2025-01-30_13-08-51.webp.webp?fit=1115%2C701&ssl=1&resize=350%2C200","width":350,"height":200,"srcset":"https:\/\/i0.wp.com\/noticiasribeiraopreto.com.br\/wp-content\/uploads\/2025\/01\/interdicao-maurilio-biagi_2025-01-30_13-08-51_jpg_2025-01-30_13-08-51.webp.webp?fit=1115%2C701&ssl=1&resize=350%2C200 1x, https:\/\/i0.wp.com\/noticiasribeiraopreto.com.br\/wp-content\/uploads\/2025\/01\/interdicao-maurilio-biagi_2025-01-30_13-08-51_jpg_2025-01-30_13-08-51.webp.webp?fit=1115%2C701&ssl=1&resize=525%2C300 1.5x, https:\/\/i0.wp.com\/noticiasribeiraopreto.com.br\/wp-content\/uploads\/2025\/01\/interdicao-maurilio-biagi_2025-01-30_13-08-51_jpg_2025-01-30_13-08-51.webp.webp?fit=1115%2C701&ssl=1&resize=700%2C400 2x, https:\/\/i0.wp.com\/noticiasribeiraopreto.com.br\/wp-content\/uploads\/2025\/01\/interdicao-maurilio-biagi_2025-01-30_13-08-51_jpg_2025-01-30_13-08-51.webp.webp?fit=1115%2C701&ssl=1&resize=1050%2C600 3x"},"classes":[]},{"id":63348,"url":"https:\/\/noticiasribeiraopreto.com.br\/index.php\/2025\/02\/11\/trecho-da-avenida-maurilio-biagi-e-interditado-por-dois-meses-veja-rotas\/","url_meta":{"origin":40259,"position":3},"title":"Trecho da avenida Maur\u00edlio Biagi \u00e9 interditado por dois meses; Veja rotas","author":"noticiasribeiraopreto.com.br","date":"11 de February de 2025","format":false,"excerpt":"Come\u00e7ou nesta ter\u00e7a-feira (11), a interdi\u00e7\u00e3o da avenida Maur\u00edlio Biagi na altura da rua Olderige Margarido no sentido Centro\/bairro. O local ficar\u00e1 interditado por dois meses. O bloqueio acontece para constru\u00e7\u00e3o de duas pontes que v\u00e3o ligar o Jardim Bot\u00e2nico, na zona Sul, \u00e0 avenida Le\u00e3o XIII, na Ribeir\u00e2nia, na\u2026","rel":"","context":"In &quot;Not\u00edcias de Ribeir\u00e3o Preto-SP e Regi\u00e3o&quot;","block_context":{"text":"Not\u00edcias de Ribeir\u00e3o Preto-SP e Regi\u00e3o","link":"https:\/\/noticiasribeiraopreto.com.br\/index.php\/category\/noticias-de-ribeirao-preto-sp-e-regiao-ismael-colosi\/"},"img":{"alt_text":"","src":"https:\/\/i0.wp.com\/noticiasribeiraopreto.com.br\/wp-content\/uploads\/2025\/02\/Copia-de-Copia-de-Copia-de-TAMANHO-EXATO-PARA-FOTOS-NO-SISTEMA-NOVO-2025-02-11T084841.839_2025-02-11_11-48-49_png_2025-02-11_11-48-49.webp.webp?fit=1200%2C675&ssl=1&resize=350%2C200","width":350,"height":200,"srcset":"https:\/\/i0.wp.com\/noticiasribeiraopreto.com.br\/wp-content\/uploads\/2025\/02\/Copia-de-Copia-de-Copia-de-TAMANHO-EXATO-PARA-FOTOS-NO-SISTEMA-NOVO-2025-02-11T084841.839_2025-02-11_11-48-49_png_2025-02-11_11-48-49.webp.webp?fit=1200%2C675&ssl=1&resize=350%2C200 1x, https:\/\/i0.wp.com\/noticiasribeiraopreto.com.br\/wp-content\/uploads\/2025\/02\/Copia-de-Copia-de-Copia-de-TAMANHO-EXATO-PARA-FOTOS-NO-SISTEMA-NOVO-2025-02-11T084841.839_2025-02-11_11-48-49_png_2025-02-11_11-48-49.webp.webp?fit=1200%2C675&ssl=1&resize=525%2C300 1.5x, https:\/\/i0.wp.com\/noticiasribeiraopreto.com.br\/wp-content\/uploads\/2025\/02\/Copia-de-Copia-de-Copia-de-TAMANHO-EXATO-PARA-FOTOS-NO-SISTEMA-NOVO-2025-02-11T084841.839_2025-02-11_11-48-49_png_2025-02-11_11-48-49.webp.webp?fit=1200%2C675&ssl=1&resize=700%2C400 2x, https:\/\/i0.wp.com\/noticiasribeiraopreto.com.br\/wp-content\/uploads\/2025\/02\/Copia-de-Copia-de-Copia-de-TAMANHO-EXATO-PARA-FOTOS-NO-SISTEMA-NOVO-2025-02-11T084841.839_2025-02-11_11-48-49_png_2025-02-11_11-48-49.webp.webp?fit=1200%2C675&ssl=1&resize=1050%2C600 3x"},"classes":[]},{"id":60897,"url":"https:\/\/noticiasribeiraopreto.com.br\/index.php\/2024\/11\/28\/mulher-e-atropelada-por-onibus-enquanto-aguardava-para-atravessar-em-ribeirao\/","url_meta":{"origin":40259,"position":4},"title":"Mulher \u00e9 atropelada por \u00f4nibus enquanto aguardava para atravessar em Ribeir\u00e3o","author":"noticiasribeiraopreto.com.br","date":"28 de November de 2024","format":false,"excerpt":"Uma mulher de 51 anos ficou em estado grave ap\u00f3s ser atropelada por um \u00f4nibus do transporte coletivo de Ribeir\u00e3o Preto, na \u00faltima segunda-feira (25), na avenida Independ\u00eancia. O acidente foi registrado por c\u00e2meras de seguran\u00e7a (veja abaixo) e mostram que Rosemeire Cristina Martins seguia pela rua Bernardino de Campos\u2026","rel":"","context":"In &quot;Not\u00edcias de Ribeir\u00e3o Preto-SP e Regi\u00e3o&quot;","block_context":{"text":"Not\u00edcias de Ribeir\u00e3o Preto-SP e Regi\u00e3o","link":"https:\/\/noticiasribeiraopreto.com.br\/index.php\/category\/noticias-de-ribeirao-preto-sp-e-regiao-ismael-colosi\/"},"img":{"alt_text":"","src":"https:\/\/i0.wp.com\/noticiasribeiraopreto.com.br\/wp-content\/uploads\/2024\/11\/Copia-de-Copia-de-Copia-de-TAMANHO-EXATO-PARA-FOTOS-NO-SISTEMA-NOVO-2024-11-28T130900.851_2024-11-28_16-09-19_png_2024-11-28_16-09-20.webp.webp?fit=1200%2C675&ssl=1&resize=350%2C200","width":350,"height":200,"srcset":"https:\/\/i0.wp.com\/noticiasribeiraopreto.com.br\/wp-content\/uploads\/2024\/11\/Copia-de-Copia-de-Copia-de-TAMANHO-EXATO-PARA-FOTOS-NO-SISTEMA-NOVO-2024-11-28T130900.851_2024-11-28_16-09-19_png_2024-11-28_16-09-20.webp.webp?fit=1200%2C675&ssl=1&resize=350%2C200 1x, https:\/\/i0.wp.com\/noticiasribeiraopreto.com.br\/wp-content\/uploads\/2024\/11\/Copia-de-Copia-de-Copia-de-TAMANHO-EXATO-PARA-FOTOS-NO-SISTEMA-NOVO-2024-11-28T130900.851_2024-11-28_16-09-19_png_2024-11-28_16-09-20.webp.webp?fit=1200%2C675&ssl=1&resize=525%2C300 1.5x, https:\/\/i0.wp.com\/noticiasribeiraopreto.com.br\/wp-content\/uploads\/2024\/11\/Copia-de-Copia-de-Copia-de-TAMANHO-EXATO-PARA-FOTOS-NO-SISTEMA-NOVO-2024-11-28T130900.851_2024-11-28_16-09-19_png_2024-11-28_16-09-20.webp.webp?fit=1200%2C675&ssl=1&resize=700%2C400 2x, https:\/\/i0.wp.com\/noticiasribeiraopreto.com.br\/wp-content\/uploads\/2024\/11\/Copia-de-Copia-de-Copia-de-TAMANHO-EXATO-PARA-FOTOS-NO-SISTEMA-NOVO-2024-11-28T130900.851_2024-11-28_16-09-19_png_2024-11-28_16-09-20.webp.webp?fit=1200%2C675&ssl=1&resize=1050%2C600 3x"},"classes":[]},{"id":60920,"url":"https:\/\/noticiasribeiraopreto.com.br\/index.php\/2024\/11\/28\/o-que-se-sabe-sobre-mulher-atropelada-por-onibus-em-avenida-de-ribeirao\/","url_meta":{"origin":40259,"position":5},"title":"O que se sabe sobre mulher atropelada por \u00f4nibus em avenida de Ribeir\u00e3o","author":"noticiasribeiraopreto.com.br","date":"28 de November de 2024","format":false,"excerpt":"Na segunda-feira (25), Rosimeire Cristiana Martins, de 51 anos, foi atropelada por um \u00f4nibus no cruzamento da avenida Independ\u00eancia com a rua Bernardino de Campos, em Ribeir\u00e3o Preto, enquanto tentava atravessar a faixa de pedestres. O acidente foi registrado pelas c\u00e2meras de seguran\u00e7a. De acordo com uma prima da v\u00edtima,\u2026","rel":"","context":"In &quot;Not\u00edcias de Ribeir\u00e3o Preto-SP e Regi\u00e3o&quot;","block_context":{"text":"Not\u00edcias de Ribeir\u00e3o Preto-SP e Regi\u00e3o","link":"https:\/\/noticiasribeiraopreto.com.br\/index.php\/category\/noticias-de-ribeirao-preto-sp-e-regiao-ismael-colosi\/"},"img":{"alt_text":"","src":"https:\/\/i0.wp.com\/noticiasribeiraopreto.com.br\/wp-content\/uploads\/2024\/11\/Copia-de-Copia-de-Copia-de-TAMANHO-EXATO-PARA-FOTOS-NO-SISTEMA-NOVO-2024-11-28T200802.615_2024-11-28_23-10-35_png_2024-11-28_23-10-35.webp.webp?fit=1200%2C675&ssl=1&resize=350%2C200","width":350,"height":200,"srcset":"https:\/\/i0.wp.com\/noticiasribeiraopreto.com.br\/wp-content\/uploads\/2024\/11\/Copia-de-Copia-de-Copia-de-TAMANHO-EXATO-PARA-FOTOS-NO-SISTEMA-NOVO-2024-11-28T200802.615_2024-11-28_23-10-35_png_2024-11-28_23-10-35.webp.webp?fit=1200%2C675&ssl=1&resize=350%2C200 1x, https:\/\/i0.wp.com\/noticiasribeiraopreto.com.br\/wp-content\/uploads\/2024\/11\/Copia-de-Copia-de-Copia-de-TAMANHO-EXATO-PARA-FOTOS-NO-SISTEMA-NOVO-2024-11-28T200802.615_2024-11-28_23-10-35_png_2024-11-28_23-10-35.webp.webp?fit=1200%2C675&ssl=1&resize=525%2C300 1.5x, https:\/\/i0.wp.com\/noticiasribeiraopreto.com.br\/wp-content\/uploads\/2024\/11\/Copia-de-Copia-de-Copia-de-TAMANHO-EXATO-PARA-FOTOS-NO-SISTEMA-NOVO-2024-11-28T200802.615_2024-11-28_23-10-35_png_2024-11-28_23-10-35.webp.webp?fit=1200%2C675&ssl=1&resize=700%2C400 2x, https:\/\/i0.wp.com\/noticiasribeiraopreto.com.br\/wp-content\/uploads\/2024\/11\/Copia-de-Copia-de-Copia-de-TAMANHO-EXATO-PARA-FOTOS-NO-SISTEMA-NOVO-2024-11-28T200802.615_2024-11-28_23-10-35_png_2024-11-28_23-10-35.webp.webp?fit=1200%2C675&ssl=1&resize=1050%2C600 3x"},"classes":[]}],"jetpack_sharing_enabled":true,"jetpack_shortlink":"https:\/\/wp.me\/peQAOb-atl","_links":{"self":[{"href":"https:\/\/noticiasribeiraopreto.com.br\/index.php\/wp-json\/wp\/v2\/posts\/40259","targetHints":{"allow":["GET"]}}],"collection":[{"href":"https:\/\/noticiasribeiraopreto.com.br\/index.php\/wp-json\/wp\/v2\/posts"}],"about":[{"href":"https:\/\/noticiasribeiraopreto.com.br\/index.php\/wp-json\/wp\/v2\/types\/post"}],"author":[{"embeddable":true,"href":"https:\/\/noticiasribeiraopreto.com.br\/index.php\/wp-json\/wp\/v2\/users\/1"}],"replies":[{"embeddable":true,"href":"https:\/\/noticiasribeiraopreto.com.br\/index.php\/wp-json\/wp\/v2\/comments?post=40259"}],"version-history":[{"count":0,"href":"https:\/\/noticiasribeiraopreto.com.br\/index.php\/wp-json\/wp\/v2\/posts\/40259\/revisions"}],"wp:featuredmedia":[{"embeddable":true,"href":"https:\/\/noticiasribeiraopreto.com.br\/index.php\/wp-json\/wp\/v2\/media\/40260"}],"wp:attachment":[{"href":"https:\/\/noticiasribeiraopreto.com.br\/index.php\/wp-json\/wp\/v2\/media?parent=40259"}],"wp:term":[{"taxonomy":"category","embeddable":true,"href":"https:\/\/noticiasribeiraopreto.com.br\/index.php\/wp-json\/wp\/v2\/categories?post=40259"},{"taxonomy":"post_tag","embeddable":true,"href":"https:\/\/noticiasribeiraopreto.com.br\/index.php\/wp-json\/wp\/v2\/tags?post=40259"}],"curies":[{"name":"wp","href":"https:\/\/api.w.org\/{rel}","templated":true}]}}