{"id":40269,"date":"2024-03-01T21:26:17","date_gmt":"2024-03-02T00:26:17","guid":{"rendered":"https:\/\/noticiasribeiraopreto.com.br\/index.php\/2024\/03\/01\/guarani-empata-com-o-botafogo-aos-50-minutos-do-segundo-tempo\/"},"modified":"2024-03-01T21:26:17","modified_gmt":"2024-03-02T00:26:17","slug":"guarani-empata-com-o-botafogo-aos-50-minutos-do-segundo-tempo","status":"publish","type":"post","link":"https:\/\/noticiasribeiraopreto.com.br\/index.php\/2024\/03\/01\/guarani-empata-com-o-botafogo-aos-50-minutos-do-segundo-tempo\/","title":{"rendered":"Guarani empata com o Botafogo aos 50 minutos do segundo tempo"},"content":{"rendered":"<div class='code-block code-block-1' style='margin: 8px 0 8px auto; text-align: right; display: block; clear: both;'>\n<p><a href=\"https:\/\/wa.link\/vpicfd\"><img data-recalc-dims=\"1\" class=\"wp-image-4922\" style=\"aspect-ratio: 2.0253164556962027; width: 561px; height: auto;\" src=\"https:\/\/i0.wp.com\/ismaelcolosi.com.br\/wp-content\/uploads\/2023\/11\/grupo-de-empregos-whatsapp-e-facebook-ismael-colosi-vagas.jpg?ssl=1\" alt=\"\" \/><\/a><\/p>\n<!-- \/wp:image -->\n<\/div>\n<p> <br \/>\n<\/p>\n<div data-td-block-uid=\"tdi_101\">\n<div class=\"tdb-block-inner td-fix-index\">\n<p>O <strong>Botafogo <\/strong>empatou em 1 a 1 com o <strong>Guarani<\/strong>, na noite desta sexta-feira (1\u00ba), em partida realizada no est\u00e1dio Santa Cruz Arena Nicnet, em <strong>Ribeir\u00e3o Preto<\/strong>. Essa foi a <strong>11\u00aa rodada do Campeonato Paulista.<\/strong><\/p>\n<p>O tricolor<strong> abriu o placar aos 27 minutos do primeiro tempo<\/strong>, com gol do atacante Alex Sandro. O Guarani tentou sair para o jogo ap\u00f3s o gol, por\u00e9m, esbarrou no sistema defensivo do time de Ribeir\u00e3o Preto.<\/p>\n<p><mark style=\"background-color:#fcb900\" class=\"has-inline-color\">Na reta final da partida, <strong>aos 50 minutos do segundo tempo<\/strong>, o lateral Diogo Mateus mudou o lado da cobran\u00e7a de p\u00eanalti e e<strong>mpatou para o Bugre.<\/strong><\/mark><\/p>\n<p>O empate <strong>pouco muda a situa\u00e7\u00e3o do Fog\u00e3o no campeonato<\/strong>, que vai a 12 pontos e est\u00e1 na \u00faltima coloca\u00e7\u00e3o do Grupo D, <strong>sem chance de classifica\u00e7\u00e3o.<\/strong><\/p>\n<p>J\u00e1 para o <strong>Guarani<\/strong>, o resultado \u00e9 importante na <strong>luta contra o rebaixamento<\/strong>. O time vai a sete pontos e \u00e9 o \u00faltimo colocado do Grupo B.<\/p>\n<h4 class=\"wp-block-heading\"><strong>\u00daltimo jogo<\/strong><\/h4>\n<p>O \u00faltimo jogo do <strong>Botafogo <\/strong>no <strong>Paulist\u00e3o <\/strong>acontece no domingo (10), \u00e0s 16h, contra o Palmeiras, em Barueri.<\/p>\n<hr class=\"wp-block-separator has-alpha-channel-opacity\"\/>\n<p>SAIBA MAIS<\/p>\n<p>Jogadores do S\u00e3o Paulo e Palmeiras est\u00e3o entre as novidades de Dorival J\u00fanior na sele\u00e7\u00e3o<\/p>\n<h4 class=\"wp-block-heading\"><strong><mark style=\"background-color:#fcb900\" class=\"has-inline-color\">FIQUE ON<\/mark><\/strong><\/h4>\n<p>Fique ligado em tudo que acontece em Ribeir\u00e3o Preto e regi\u00e3o. Siga os perfis do<strong>\u00a0acidade on<\/strong>\u00a0no\u00a0<a href=\"https:\/\/www.instagram.com\/acidadeonribeirao\" target=\"_blank\" rel=\"noreferrer noopener\">Instagram\u00a0<\/a>e no\u00a0<a href=\"https:\/\/www.facebook.com\/acidadeonribeirao\" target=\"_blank\" rel=\"noreferrer noopener\">Facebook<\/a>.<\/p>\n<p>Receba not\u00edcias do\u00a0<strong>acidade on\u00a0<\/strong>no WhatsApp.\u00a0<a href=\"https:\/\/chat.whatsapp.com\/Bnv2w66ZT4VDyZW3oiZ69n\" target=\"_blank\" rel=\"noreferrer noopener\">Para entrar no grupo, basta clicar aqui.<\/a><\/p>\n<p>Fa\u00e7a uma den\u00fancia ou sugira uma reportagem sobre Ribeir\u00e3o Preto e regi\u00e3o pelo WhatsApp: 16 99117 7802.<\/p>\n<p>VEJA TAMB\u00c9M<br \/>Davi mente sobre Big Fone e brothers especulam mensagem<\/p>\n<p><!-- AI CONTENT END 1 -->\n<\/div>\n<\/div>\n<p><script async src=\"\/\/www.instagram.com\/embed.js\"><\/script><br \/>\n<br \/><br \/>\n<br \/><a href=\"https:\/\/www.acidadeon.com\/ribeiraopreto\/esportes\/guarani-empata-com-o-botafogo-aos-50-minutos-do-segundo-tempo\/\">Source link <\/a><\/p>\n<!-- CONTENT END 1 -->\n","protected":false},"excerpt":{"rendered":"<p>O Botafogo empatou em 1 a 1 com o Guarani, na noite desta sexta-feira (1\u00ba), em partida realizada no est\u00e1dio Santa Cruz Arena Nicnet, em&#8230;<\/p>\n","protected":false},"author":1,"featured_media":40270,"comment_status":"open","ping_status":"open","sticky":false,"template":"","format":"standard","meta":{"advanced_seo_description":"","jetpack_seo_html_title":"","jetpack_seo_noindex":false,"jetpack_post_was_ever_published":false,"_jetpack_newsletter_access":"","_jetpack_dont_email_post_to_subs":false,"_jetpack_newsletter_tier_id":0,"_jetpack_memberships_contains_paywalled_content":false,"_jetpack_memberships_contains_paid_content":false,"footnotes":"","jetpack_publicize_message":"","jetpack_publicize_feature_enabled":true,"jetpack_social_post_already_shared":true,"jetpack_social_options":{"image_generator_settings":{"template":"highway","default_image_id":0,"font":"","enabled":false},"version":2}},"categories":[11],"tags":[],"class_list":["post-40269","post","type-post","status-publish","format-standard","has-post-thumbnail","hentry","category-noticias-de-ribeirao-preto-sp-e-regiao-ismael-colosi"],"jetpack_publicize_connections":[],"jetpack_featured_media_url":"https:\/\/i0.wp.com\/noticiasribeiraopreto.com.br\/wp-content\/uploads\/2024\/03\/AnyConv.com__WhatsApp-Image-2024-03-01-at-19.26.12.webp.webp?fit=1600%2C1066&ssl=1","jetpack-related-posts":[{"id":58939,"url":"https:\/\/noticiasribeiraopreto.com.br\/index.php\/2024\/10\/09\/com-gol-no-ultimo-minuto-botafogo-vence-o-guarani-e-deixa-o-z-4-da-serie-b\/","url_meta":{"origin":40269,"position":0},"title":"Com gol no \u00faltimo minuto, Botafogo vence o Guarani e deixa o Z-4 da S\u00e9rie B","author":"noticiasribeiraopreto.com.br","date":"9 de October de 2024","format":false,"excerpt":"O Botafogo ganhou do Guarani, no Est\u00e1dio Santa Cruz, na noite desta quarta-feira (9), em jogo v\u00e1lido pela 23\u00aa rodada da S\u00e9rie B\u00a0do Campeonato Brasileiro. O gol que deu a vit\u00f3ria para o Pantera saiu no \u00faltimo minuto da partida, dos p\u00e9s do atacante Alexandre Jesus. Aos 2 minutos de\u2026","rel":"","context":"In &quot;Not\u00edcias de Ribeir\u00e3o Preto-SP e Regi\u00e3o&quot;","block_context":{"text":"Not\u00edcias de Ribeir\u00e3o Preto-SP e Regi\u00e3o","link":"https:\/\/noticiasribeiraopreto.com.br\/index.php\/category\/noticias-de-ribeirao-preto-sp-e-regiao-ismael-colosi\/"},"img":{"alt_text":"","src":"https:\/\/i0.wp.com\/noticiasribeiraopreto.com.br\/wp-content\/uploads\/2024\/10\/WhatsApp-Image-2024-10-09-at-22.07.18_2024-10-10_01-07-52_jpeg_2024-10-10_01-07-54-scaled.webp.webp?fit=1200%2C800&ssl=1&resize=350%2C200","width":350,"height":200,"srcset":"https:\/\/i0.wp.com\/noticiasribeiraopreto.com.br\/wp-content\/uploads\/2024\/10\/WhatsApp-Image-2024-10-09-at-22.07.18_2024-10-10_01-07-52_jpeg_2024-10-10_01-07-54-scaled.webp.webp?fit=1200%2C800&ssl=1&resize=350%2C200 1x, https:\/\/i0.wp.com\/noticiasribeiraopreto.com.br\/wp-content\/uploads\/2024\/10\/WhatsApp-Image-2024-10-09-at-22.07.18_2024-10-10_01-07-52_jpeg_2024-10-10_01-07-54-scaled.webp.webp?fit=1200%2C800&ssl=1&resize=525%2C300 1.5x, https:\/\/i0.wp.com\/noticiasribeiraopreto.com.br\/wp-content\/uploads\/2024\/10\/WhatsApp-Image-2024-10-09-at-22.07.18_2024-10-10_01-07-52_jpeg_2024-10-10_01-07-54-scaled.webp.webp?fit=1200%2C800&ssl=1&resize=700%2C400 2x, https:\/\/i0.wp.com\/noticiasribeiraopreto.com.br\/wp-content\/uploads\/2024\/10\/WhatsApp-Image-2024-10-09-at-22.07.18_2024-10-10_01-07-52_jpeg_2024-10-10_01-07-54-scaled.webp.webp?fit=1200%2C800&ssl=1&resize=1050%2C600 3x"},"classes":[]},{"id":40267,"url":"https:\/\/noticiasribeiraopreto.com.br\/index.php\/2024\/03\/01\/botafogo-sofre-gol-no-fim-e-empata-com-o-guarani-em-casa\/","url_meta":{"origin":40269,"position":1},"title":"Botafogo sofre gol no fim e empata com o Guarani em casa","author":"noticiasribeiraopreto.com.br","date":"1 de March de 2024","format":false,"excerpt":"O Botafogo empatou com o Guarani, nesta sexta-feira, em partida v\u00e1lida pela pen\u00faltima rodada do Campeonato Paulista, por 1 a 1, em Ribeir\u00e3o Preto (SP). O Pantera saiu na frente com gol de Alex Sandro ainda no primeiro tempo, e sofreu o empate j\u00e1 nos acr\u00e9scimos da etapa final, com\u2026","rel":"","context":"In &quot;Not\u00edcias de Ribeir\u00e3o Preto-SP e Regi\u00e3o&quot;","block_context":{"text":"Not\u00edcias de Ribeir\u00e3o Preto-SP e Regi\u00e3o","link":"https:\/\/noticiasribeiraopreto.com.br\/index.php\/category\/noticias-de-ribeirao-preto-sp-e-regiao-ismael-colosi\/"},"img":{"alt_text":"","src":"https:\/\/i0.wp.com\/noticiasribeiraopreto.com.br\/wp-content\/uploads\/2024\/03\/WhatsApp-Image-2024-03-01-at-20.58.51-scaled.jpeg?fit=967%2C645&ssl=1&resize=350%2C200","width":350,"height":200,"srcset":"https:\/\/i0.wp.com\/noticiasribeiraopreto.com.br\/wp-content\/uploads\/2024\/03\/WhatsApp-Image-2024-03-01-at-20.58.51-scaled.jpeg?fit=967%2C645&ssl=1&resize=350%2C200 1x, https:\/\/i0.wp.com\/noticiasribeiraopreto.com.br\/wp-content\/uploads\/2024\/03\/WhatsApp-Image-2024-03-01-at-20.58.51-scaled.jpeg?fit=967%2C645&ssl=1&resize=525%2C300 1.5x, https:\/\/i0.wp.com\/noticiasribeiraopreto.com.br\/wp-content\/uploads\/2024\/03\/WhatsApp-Image-2024-03-01-at-20.58.51-scaled.jpeg?fit=967%2C645&ssl=1&resize=700%2C400 2x"},"classes":[]},{"id":62494,"url":"https:\/\/noticiasribeiraopreto.com.br\/index.php\/2025\/01\/15\/botafogo-estreia-com-derrota-para-o-guarani-no-campeonato-paulista\/","url_meta":{"origin":40269,"position":2},"title":"Botafogo estreia com derrota para o Guarani no Campeonato Paulista","author":"noticiasribeiraopreto.com.br","date":"15 de January de 2025","format":false,"excerpt":"O Botafogo perdeu para o Guarani por 2 a 0 na noite desta quarta-feira (15), no est\u00e1dio Brinco de Ouro da Princesa, em Campinas.\u00a0O jogo marcou a\u00a0estreia\u00a0do\u00a0Pantera\u00a0no Campeonato Paulista. Aos 6 minutos do primeiro tempo, Emerson Barbosa fez um cruzamento na \u00e1rea e Jean Victor, lateral do Botafogo, cabeceou para\u2026","rel":"","context":"In &quot;Not\u00edcias de Ribeir\u00e3o Preto-SP e Regi\u00e3o&quot;","block_context":{"text":"Not\u00edcias de Ribeir\u00e3o Preto-SP e Regi\u00e3o","link":"https:\/\/noticiasribeiraopreto.com.br\/index.php\/category\/noticias-de-ribeirao-preto-sp-e-regiao-ismael-colosi\/"},"img":{"alt_text":"","src":"https:\/\/i0.wp.com\/noticiasribeiraopreto.com.br\/wp-content\/uploads\/2025\/01\/Imagem-do-WhatsApp-de-2025-01-15-as-21.43.24_9a920385_2025-01-16_00-45-28_jpg_2025-01-16_00-45-29-scaled.webp.webp?fit=1200%2C800&ssl=1&resize=350%2C200","width":350,"height":200,"srcset":"https:\/\/i0.wp.com\/noticiasribeiraopreto.com.br\/wp-content\/uploads\/2025\/01\/Imagem-do-WhatsApp-de-2025-01-15-as-21.43.24_9a920385_2025-01-16_00-45-28_jpg_2025-01-16_00-45-29-scaled.webp.webp?fit=1200%2C800&ssl=1&resize=350%2C200 1x, https:\/\/i0.wp.com\/noticiasribeiraopreto.com.br\/wp-content\/uploads\/2025\/01\/Imagem-do-WhatsApp-de-2025-01-15-as-21.43.24_9a920385_2025-01-16_00-45-28_jpg_2025-01-16_00-45-29-scaled.webp.webp?fit=1200%2C800&ssl=1&resize=525%2C300 1.5x, https:\/\/i0.wp.com\/noticiasribeiraopreto.com.br\/wp-content\/uploads\/2025\/01\/Imagem-do-WhatsApp-de-2025-01-15-as-21.43.24_9a920385_2025-01-16_00-45-28_jpg_2025-01-16_00-45-29-scaled.webp.webp?fit=1200%2C800&ssl=1&resize=700%2C400 2x, https:\/\/i0.wp.com\/noticiasribeiraopreto.com.br\/wp-content\/uploads\/2025\/01\/Imagem-do-WhatsApp-de-2025-01-15-as-21.43.24_9a920385_2025-01-16_00-45-28_jpg_2025-01-16_00-45-29-scaled.webp.webp?fit=1200%2C800&ssl=1&resize=1050%2C600 3x"},"classes":[]},{"id":57053,"url":"https:\/\/noticiasribeiraopreto.com.br\/index.php\/2024\/08\/21\/de-virada-botafogo-vence-mirassol-fora-de-casa-pela-serie-b\/","url_meta":{"origin":40269,"position":3},"title":"De virada: Botafogo vence Mirassol fora de casa pela S\u00e9rie B","author":"noticiasribeiraopreto.com.br","date":"21 de August de 2024","format":false,"excerpt":"O Botafogo venceu o Mirassol, de virada, por 2 a 1, na noite desta quarta-feira (21), pela 22\u00aa rodada do Campeonato Brasileiro da S\u00e9rie B. A partida foi realizada no est\u00e1dio Jos\u00e9 Maria de Campos Maia, em Mirassol. Os gols O Mirassol abriu o placar com Fernandinho, aos 15 minutos\u2026","rel":"","context":"In &quot;Not\u00edcias de Ribeir\u00e3o Preto-SP e Regi\u00e3o&quot;","block_context":{"text":"Not\u00edcias de Ribeir\u00e3o Preto-SP e Regi\u00e3o","link":"https:\/\/noticiasribeiraopreto.com.br\/index.php\/category\/noticias-de-ribeirao-preto-sp-e-regiao-ismael-colosi\/"},"img":{"alt_text":"","src":"https:\/\/i0.wp.com\/noticiasribeiraopreto.com.br\/wp-content\/uploads\/2024\/08\/botafogo-mirassol_2024-08-21_23-49-08_jpeg_2024-08-21_23-49-09.webp.webp?fit=1200%2C800&ssl=1&resize=350%2C200","width":350,"height":200,"srcset":"https:\/\/i0.wp.com\/noticiasribeiraopreto.com.br\/wp-content\/uploads\/2024\/08\/botafogo-mirassol_2024-08-21_23-49-08_jpeg_2024-08-21_23-49-09.webp.webp?fit=1200%2C800&ssl=1&resize=350%2C200 1x, https:\/\/i0.wp.com\/noticiasribeiraopreto.com.br\/wp-content\/uploads\/2024\/08\/botafogo-mirassol_2024-08-21_23-49-08_jpeg_2024-08-21_23-49-09.webp.webp?fit=1200%2C800&ssl=1&resize=525%2C300 1.5x, https:\/\/i0.wp.com\/noticiasribeiraopreto.com.br\/wp-content\/uploads\/2024\/08\/botafogo-mirassol_2024-08-21_23-49-08_jpeg_2024-08-21_23-49-09.webp.webp?fit=1200%2C800&ssl=1&resize=700%2C400 2x, https:\/\/i0.wp.com\/noticiasribeiraopreto.com.br\/wp-content\/uploads\/2024\/08\/botafogo-mirassol_2024-08-21_23-49-08_jpeg_2024-08-21_23-49-09.webp.webp?fit=1200%2C800&ssl=1&resize=1050%2C600 3x"},"classes":[]},{"id":57436,"url":"https:\/\/noticiasribeiraopreto.com.br\/index.php\/2024\/08\/31\/chapecoense-sai-na-frente-mas-faz-gol-contra-e-empata-com-o-botafogo\/","url_meta":{"origin":40269,"position":4},"title":"Chapecoense sai na frente, mas faz gol contra e empata com o Botafogo","author":"noticiasribeiraopreto.com.br","date":"31 de August de 2024","format":false,"excerpt":"O Botafogo empatou em 1 a 1 com a Chapecoense na tarde deste s\u00e1bado (31) em disputa realizada na Arena Cond\u00e1, em Chapec\u00f3-SC, pela 24\u00aa rodada do Campeonato Brasileiro S\u00e9rie B. O atacante Rafael Carvalheira foi quem abriu o placar para os donos da casa aos 24 minutos da partida.\u2026","rel":"","context":"In &quot;Not\u00edcias de Ribeir\u00e3o Preto-SP e Regi\u00e3o&quot;","block_context":{"text":"Not\u00edcias de Ribeir\u00e3o Preto-SP e Regi\u00e3o","link":"https:\/\/noticiasribeiraopreto.com.br\/index.php\/category\/noticias-de-ribeirao-preto-sp-e-regiao-ismael-colosi\/"},"img":{"alt_text":"","src":"https:\/\/i0.wp.com\/noticiasribeiraopreto.com.br\/wp-content\/uploads\/2024\/08\/WhatsApp-Image-2024-08-31-at-17.48.29_2024-08-31_22-14-28_jpeg_2024-08-31_22-14-28.webp.webp?fit=1200%2C800&ssl=1&resize=350%2C200","width":350,"height":200,"srcset":"https:\/\/i0.wp.com\/noticiasribeiraopreto.com.br\/wp-content\/uploads\/2024\/08\/WhatsApp-Image-2024-08-31-at-17.48.29_2024-08-31_22-14-28_jpeg_2024-08-31_22-14-28.webp.webp?fit=1200%2C800&ssl=1&resize=350%2C200 1x, https:\/\/i0.wp.com\/noticiasribeiraopreto.com.br\/wp-content\/uploads\/2024\/08\/WhatsApp-Image-2024-08-31-at-17.48.29_2024-08-31_22-14-28_jpeg_2024-08-31_22-14-28.webp.webp?fit=1200%2C800&ssl=1&resize=525%2C300 1.5x, https:\/\/i0.wp.com\/noticiasribeiraopreto.com.br\/wp-content\/uploads\/2024\/08\/WhatsApp-Image-2024-08-31-at-17.48.29_2024-08-31_22-14-28_jpeg_2024-08-31_22-14-28.webp.webp?fit=1200%2C800&ssl=1&resize=700%2C400 2x, https:\/\/i0.wp.com\/noticiasribeiraopreto.com.br\/wp-content\/uploads\/2024\/08\/WhatsApp-Image-2024-08-31-at-17.48.29_2024-08-31_22-14-28_jpeg_2024-08-31_22-14-28.webp.webp?fit=1200%2C800&ssl=1&resize=1050%2C600 3x"},"classes":[]},{"id":59306,"url":"https:\/\/noticiasribeiraopreto.com.br\/index.php\/2024\/10\/20\/botafogo-e-derrotado-pelo-sport-no-brasileiro-da-serie-b\/","url_meta":{"origin":40269,"position":5},"title":"Botafogo \u00e9 derrotado pelo Sport no Brasileiro da S\u00e9rie B","author":"noticiasribeiraopreto.com.br","date":"20 de October de 2024","format":false,"excerpt":"O Botafogo perdeu por 3 a 1 para o Sport, no est\u00e1dio da Ilha do Retiro, em Recife. A partida foi v\u00e1lida pela 32\u00aa rodada do Campeonato Brasileiro da S\u00e9rie B. Os gols da partida foram marcados por Fabricio Dom\u00ednguez (20 minutos do 1\u00ba tempo), Chrystian Barletta (30 minutos do\u2026","rel":"","context":"In &quot;Not\u00edcias de Ribeir\u00e3o Preto-SP e Regi\u00e3o&quot;","block_context":{"text":"Not\u00edcias de Ribeir\u00e3o Preto-SP e Regi\u00e3o","link":"https:\/\/noticiasribeiraopreto.com.br\/index.php\/category\/noticias-de-ribeirao-preto-sp-e-regiao-ismael-colosi\/"},"img":{"alt_text":"","src":"https:\/\/i0.wp.com\/noticiasribeiraopreto.com.br\/wp-content\/uploads\/2024\/10\/unnamed-file_2024-10-21_00-26-32_jpeg_2024-10-21_00-26-33.webp.webp?fit=1200%2C1034&ssl=1&resize=350%2C200","width":350,"height":200,"srcset":"https:\/\/i0.wp.com\/noticiasribeiraopreto.com.br\/wp-content\/uploads\/2024\/10\/unnamed-file_2024-10-21_00-26-32_jpeg_2024-10-21_00-26-33.webp.webp?fit=1200%2C1034&ssl=1&resize=350%2C200 1x, https:\/\/i0.wp.com\/noticiasribeiraopreto.com.br\/wp-content\/uploads\/2024\/10\/unnamed-file_2024-10-21_00-26-32_jpeg_2024-10-21_00-26-33.webp.webp?fit=1200%2C1034&ssl=1&resize=525%2C300 1.5x, https:\/\/i0.wp.com\/noticiasribeiraopreto.com.br\/wp-content\/uploads\/2024\/10\/unnamed-file_2024-10-21_00-26-32_jpeg_2024-10-21_00-26-33.webp.webp?fit=1200%2C1034&ssl=1&resize=700%2C400 2x, https:\/\/i0.wp.com\/noticiasribeiraopreto.com.br\/wp-content\/uploads\/2024\/10\/unnamed-file_2024-10-21_00-26-32_jpeg_2024-10-21_00-26-33.webp.webp?fit=1200%2C1034&ssl=1&resize=1050%2C600 3x"},"classes":[]}],"jetpack_sharing_enabled":true,"jetpack_shortlink":"https:\/\/wp.me\/peQAOb-atv","_links":{"self":[{"href":"https:\/\/noticiasribeiraopreto.com.br\/index.php\/wp-json\/wp\/v2\/posts\/40269","targetHints":{"allow":["GET"]}}],"collection":[{"href":"https:\/\/noticiasribeiraopreto.com.br\/index.php\/wp-json\/wp\/v2\/posts"}],"about":[{"href":"https:\/\/noticiasribeiraopreto.com.br\/index.php\/wp-json\/wp\/v2\/types\/post"}],"author":[{"embeddable":true,"href":"https:\/\/noticiasribeiraopreto.com.br\/index.php\/wp-json\/wp\/v2\/users\/1"}],"replies":[{"embeddable":true,"href":"https:\/\/noticiasribeiraopreto.com.br\/index.php\/wp-json\/wp\/v2\/comments?post=40269"}],"version-history":[{"count":0,"href":"https:\/\/noticiasribeiraopreto.com.br\/index.php\/wp-json\/wp\/v2\/posts\/40269\/revisions"}],"wp:featuredmedia":[{"embeddable":true,"href":"https:\/\/noticiasribeiraopreto.com.br\/index.php\/wp-json\/wp\/v2\/media\/40270"}],"wp:attachment":[{"href":"https:\/\/noticiasribeiraopreto.com.br\/index.php\/wp-json\/wp\/v2\/media?parent=40269"}],"wp:term":[{"taxonomy":"category","embeddable":true,"href":"https:\/\/noticiasribeiraopreto.com.br\/index.php\/wp-json\/wp\/v2\/categories?post=40269"},{"taxonomy":"post_tag","embeddable":true,"href":"https:\/\/noticiasribeiraopreto.com.br\/index.php\/wp-json\/wp\/v2\/tags?post=40269"}],"curies":[{"name":"wp","href":"https:\/\/api.w.org\/{rel}","templated":true}]}}