{"id":40294,"date":"2024-03-02T09:36:10","date_gmt":"2024-03-02T12:36:10","guid":{"rendered":"https:\/\/noticiasribeiraopreto.com.br\/index.php\/2024\/03\/02\/mais-de-650-mil-empresas-aderem-ao-simples-em-2024\/"},"modified":"2024-03-02T09:36:10","modified_gmt":"2024-03-02T12:36:10","slug":"mais-de-650-mil-empresas-aderem-ao-simples-em-2024","status":"publish","type":"post","link":"https:\/\/noticiasribeiraopreto.com.br\/index.php\/2024\/03\/02\/mais-de-650-mil-empresas-aderem-ao-simples-em-2024\/","title":{"rendered":"Mais de 650 mil empresas aderem ao Simples em 2024"},"content":{"rendered":"<div class='code-block code-block-1' style='margin: 8px 0 8px auto; text-align: right; display: block; clear: both;'>\n<p><a href=\"https:\/\/wa.link\/vpicfd\"><img data-recalc-dims=\"1\" class=\"wp-image-4922\" style=\"aspect-ratio: 2.0253164556962027; width: 561px; height: auto;\" src=\"https:\/\/i0.wp.com\/ismaelcolosi.com.br\/wp-content\/uploads\/2023\/11\/grupo-de-empregos-whatsapp-e-facebook-ismael-colosi-vagas.jpg?ssl=1\" alt=\"\" \/><\/a><\/p>\n<!-- \/wp:image -->\n<\/div>\n<p> <br \/>\n<\/p>\n<div id=\"\">\n<p> <span class=\"entry-meta-item penci-posted-on\"><i class=\"fa fa-clock-o\"\/><time class=\"entry-date published\" datetime=\"2024-03-02T09:00:52-03:00\">2 de mar\u00e7o de 2024 | 9:00<\/time><time class=\"updated\" datetime=\"2024-03-01T19:08:31-03:00\">1 de mar\u00e7o de 2024 | 19:08<\/time><\/span><\/p>\n<p> <span class=\"penci-social-buttons penci-social-share-footer\"><a href=\"#\" class=\"penci-post-like penci_post-meta_item  single-like-button penci-social-item like\" data-post_id=\"375660\" title=\"Like\" data-like=\"Like\" data-unlike=\"Unlike\"><i class=\"fa fa-thumbs-o-up\"\/><span class=\"penci-share-number\">0<\/span><\/a><i class=\"fa fa-facebook\"\/><a class=\"penci-social-item twitter\" target=\"_blank\" rel=\"noopener\" title=\"\" href=\"https:\/\/twitter.com\/intent\/tweet?text=Mais%20de%20650%20mil%20empresas%20aderem%20ao%20Simples%20em%202024%20-%20https:\/\/www.tribunaribeirao.com.br\/site\/mais-de-650-mil-empresas-aderem-ao-simples-em-2024\/\"><i class=\"fa fa-twitter\"\/><\/a><i class=\"fa fa-whatsapp\"\/><\/span><\/div>\n<div>\n<p>Mais de 650 mil micro e pequenas empresas passaram a fazer parte do Simples Nacional em 2024, divulgou nesta sexta-feira (1\u00ba) a Receita Federal. Segundo o Fisco, foram recebidos 1.006.011 pedidos de op\u00e7\u00e3o pelo regime especial de tributa\u00e7\u00e3o at\u00e9 31 de janeiro.<noscript><img data-recalc-dims=\"1\" decoding=\"async\" src=\"https:\/\/i0.wp.com\/agenciabrasil.ebc.com.br\/ebc.png?ssl=1\"\/><\/noscript><img data-recalc-dims=\"1\" decoding=\"async\" src=\"https:\/\/i0.wp.com\/agenciabrasil.ebc.com.br\/ebc.gif?ssl=1\" class=\"lazyload\"\/><noscript><img data-recalc-dims=\"1\" decoding=\"async\" src=\"https:\/\/i0.wp.com\/agenciabrasil.ebc.com.br\/ebc.gif?ssl=1\"\/><\/noscript><\/p>\n<p>Desse total, 657.050 contribuintes tiveram o pedido aceito, 65,31% do total. No entanto, 348.961 (34,69%) est\u00e3o com pend\u00eancias e foram exclu\u00eddos do regime simplificado de tributa\u00e7\u00e3o, que unifica o pagamento de tributos federais, estaduais e municipais numa \u00fanica guia, com al\u00edquotas reduzidas.<\/p>\n<p>Em rela\u00e7\u00e3o aos microempreendedores individuais (MEI), foram registrados 77.362 pedidos de ades\u00e3o ao Simei, sistema espec\u00edfico para a categoria, dos quais 59.426 foram deferidos, 76,82% do total, e 17.936 indeferidos (23,18%).<\/p>\n<p>Segundo a Receita Federal, o percentual de aprova\u00e7\u00e3o aumentou entre as micro e pequenas empresas e diminuiu entre os MEI. Em 2023, os pedidos de ades\u00e3o aceitos chegaram a pouco mais de 52% para o Simples Nacional e ficaram em torno de 85% para o MEI.<\/p>\n<p>Tradicionalmente, quem n\u00e3o pagou os d\u00e9bitos \u00e9 retirado do Simples Nacional em 1\u00ba de janeiro de cada ano. As empresas exclu\u00eddas, no entanto, t\u00eam at\u00e9 31 de janeiro para pedir o regresso ao Simples Nacional, desde que resolvam as pend\u00eancias at\u00e9 essa data. Os pedidos e as regulariza\u00e7\u00f5es foram processados em fevereiro.<\/p>\n<p>A data limite de 31 de janeiro para\u00a0pedir a ades\u00e3o ou a reinclus\u00e3o no Simples Nacional n\u00e3o p\u00f4de ser prorrogada porque o prazo\u00a0\u00e9 definido pela\u00a0<a href=\"http:\/\/www.planalto.gov.br\/ccivil_03\/leis\/lcp\/lcp123.htm\" target=\"_blank\" rel=\"noopener\">Lei Complementar 123\/2006<\/a>, que criou o regime especial.<\/p>\n<p><strong>Contesta\u00e7\u00e3o<\/strong> \u2013 As empresas e os microempreendedores que tiveram o pedido rejeitado podem contestar a decis\u00e3o. O Fisco, no entanto, esclarece que a contesta\u00e7\u00e3o deve ser feita ao ente p\u00fablico a quem o contribuinte deve: Uni\u00e3o, estados, munic\u00edpios e Distrito Federal.<\/p>\n<p>No caso de pend\u00eancias com a Receita Federal, o contribuinte deve acessar o seguinte endere\u00e7o &lt;https:\/\/www.gov.br\/pt-br\/servicos\/impugnar-indeferimento-pelo-simples&gt; para receber orienta\u00e7\u00f5es sobre como contestar o termo de indeferimento.<\/p>\n<\/div>\n<p><script async src=\"\/\/platform.twitter.com\/widgets.js\" charset=\"utf-8\"><\/script><br \/>\n<br \/><br \/>\n<br \/><a href=\"https:\/\/www.tribunaribeirao.com.br\/site\/mais-de-650-mil-empresas-aderem-ao-simples-em-2024\/\">Source link <\/a><\/p>\n<!-- CONTENT END 1 -->\n","protected":false},"excerpt":{"rendered":"<p>2 de mar\u00e7o de 2024 | 9:001 de mar\u00e7o de 2024 | 19:08 0 Mais de 650 mil micro e pequenas empresas passaram a fazer&#8230;<\/p>\n","protected":false},"author":1,"featured_media":40295,"comment_status":"open","ping_status":"open","sticky":false,"template":"","format":"standard","meta":{"advanced_seo_description":"","jetpack_seo_html_title":"","jetpack_seo_noindex":false,"jetpack_post_was_ever_published":false,"_jetpack_newsletter_access":"","_jetpack_dont_email_post_to_subs":false,"_jetpack_newsletter_tier_id":0,"_jetpack_memberships_contains_paywalled_content":false,"_jetpack_memberships_contains_paid_content":false,"footnotes":"","jetpack_publicize_message":"","jetpack_publicize_feature_enabled":true,"jetpack_social_post_already_shared":true,"jetpack_social_options":{"image_generator_settings":{"template":"highway","default_image_id":0,"font":"","enabled":false},"version":2}},"categories":[11],"tags":[4679,1717,276,402,1901],"class_list":["post-40294","post","type-post","status-publish","format-standard","has-post-thumbnail","hentry","category-noticias-de-ribeirao-preto-sp-e-regiao-ismael-colosi","tag-aderem","tag-empresas","tag-mais","tag-mil","tag-simples"],"jetpack_publicize_connections":[],"jetpack_featured_media_url":"https:\/\/i0.wp.com\/noticiasribeiraopreto.com.br\/wp-content\/uploads\/2024\/03\/O-que-e-simei-1200x675-1-scaled.jpg?fit=1000%2C563&ssl=1","jetpack-related-posts":[{"id":43237,"url":"https:\/\/noticiasribeiraopreto.com.br\/index.php\/2024\/03\/20\/rp-abre-mais-215-empresas\/","url_meta":{"origin":40294,"position":0},"title":"RP abre mais 215 empresas \u00a0","author":"noticiasribeiraopreto.com.br","date":"20 de March de 2024","format":false,"excerpt":"20 de mar\u00e7o de 2024 | 8:3020 de mar\u00e7o de 2024 | 5:51 0A Secretaria Municipal de Inova\u00e7\u00e3o e Desenvolvimento divulgou, nesta ter\u00e7a-feira, 19 de mar\u00e7o, levantamento que \u00e9 realizado todos os meses sobre a abertura de empresas em Ribeir\u00e3o Preto. Em fevereiro foi constatado saldo positivo de 215 novos\u2026","rel":"","context":"In &quot;Not\u00edcias de Ribeir\u00e3o Preto-SP e Regi\u00e3o&quot;","block_context":{"text":"Not\u00edcias de Ribeir\u00e3o Preto-SP e Regi\u00e3o","link":"https:\/\/noticiasribeiraopreto.com.br\/index.php\/category\/noticias-de-ribeirao-preto-sp-e-regiao-ismael-colosi\/"},"img":{"alt_text":"","src":"https:\/\/i0.wp.com\/noticiasribeiraopreto.com.br\/wp-content\/uploads\/2024\/03\/Empresas-Alfredo-Risk-scaled.jpg?fit=1000%2C521&ssl=1&resize=350%2C200","width":350,"height":200,"srcset":"https:\/\/i0.wp.com\/noticiasribeiraopreto.com.br\/wp-content\/uploads\/2024\/03\/Empresas-Alfredo-Risk-scaled.jpg?fit=1000%2C521&ssl=1&resize=350%2C200 1x, https:\/\/i0.wp.com\/noticiasribeiraopreto.com.br\/wp-content\/uploads\/2024\/03\/Empresas-Alfredo-Risk-scaled.jpg?fit=1000%2C521&ssl=1&resize=525%2C300 1.5x, https:\/\/i0.wp.com\/noticiasribeiraopreto.com.br\/wp-content\/uploads\/2024\/03\/Empresas-Alfredo-Risk-scaled.jpg?fit=1000%2C521&ssl=1&resize=700%2C400 2x"},"classes":[]},{"id":70601,"url":"https:\/\/noticiasribeiraopreto.com.br\/index.php\/2025\/05\/28\/rp-ganha-94-mil-empresas\/","url_meta":{"origin":40294,"position":1},"title":"RP ganha 9,4 mil empresas\u00a0","author":"noticiasribeiraopreto.com.br","date":"28 de May de 2025","format":false,"excerpt":"28 de maio de 2025 09:3027 de maio de 2025 19:558 Compartilhar0 Estudo da Funda\u00e7\u00e3o Sistema Estadual de An\u00e1lise de Dados (Seade), com base nos dados do Cadastro Nacional de Pessoa Jur\u00eddica (CNPJ) da Receita Federal, aponta que, de abril de 2024 a mar\u00e7o deste ano (doze meses), Ribeir\u00e3o Preto\u2026","rel":"","context":"In &quot;Not\u00edcias de Ribeir\u00e3o Preto-SP e Regi\u00e3o&quot;","block_context":{"text":"Not\u00edcias de Ribeir\u00e3o Preto-SP e Regi\u00e3o","link":"https:\/\/noticiasribeiraopreto.com.br\/index.php\/category\/noticias-de-ribeirao-preto-sp-e-regiao-ismael-colosi\/"},"img":{"alt_text":"","src":"https:\/\/i0.wp.com\/noticiasribeiraopreto.com.br\/wp-content\/uploads\/2025\/05\/Empresas-Fernando-Gonzaga.jpg?fit=1200%2C799&ssl=1&resize=350%2C200","width":350,"height":200,"srcset":"https:\/\/i0.wp.com\/noticiasribeiraopreto.com.br\/wp-content\/uploads\/2025\/05\/Empresas-Fernando-Gonzaga.jpg?fit=1200%2C799&ssl=1&resize=350%2C200 1x, https:\/\/i0.wp.com\/noticiasribeiraopreto.com.br\/wp-content\/uploads\/2025\/05\/Empresas-Fernando-Gonzaga.jpg?fit=1200%2C799&ssl=1&resize=525%2C300 1.5x, https:\/\/i0.wp.com\/noticiasribeiraopreto.com.br\/wp-content\/uploads\/2025\/05\/Empresas-Fernando-Gonzaga.jpg?fit=1200%2C799&ssl=1&resize=700%2C400 2x, https:\/\/i0.wp.com\/noticiasribeiraopreto.com.br\/wp-content\/uploads\/2025\/05\/Empresas-Fernando-Gonzaga.jpg?fit=1200%2C799&ssl=1&resize=1050%2C600 3x"},"classes":[]},{"id":34298,"url":"https:\/\/noticiasribeiraopreto.com.br\/index.php\/2024\/02\/01\/rp-soma-mais-de-60-mil-empresas\/","url_meta":{"origin":40294,"position":2},"title":"RP soma mais de 60 mil empresas\u00a0","author":"noticiasribeiraopreto.com.br","date":"1 de February de 2024","format":false,"excerpt":"1 de fevereiro de 2024 | 16:001 de fevereiro de 2024 | 8:49 0Ribeir\u00e3o Preto fechou 2023 com o total de 60.283 empresas ativas, sendo 311 unidades abertas somente no m\u00eas de dezembro. Os dados, levantados pela Secretaria Municipal de Inova\u00e7\u00e3o e Desenvolvimento, apontam que a cidade \u00e9 a segunda\u2026","rel":"","context":"In &quot;Not\u00edcias de Ribeir\u00e3o Preto-SP e Regi\u00e3o&quot;","block_context":{"text":"Not\u00edcias de Ribeir\u00e3o Preto-SP e Regi\u00e3o","link":"https:\/\/noticiasribeiraopreto.com.br\/index.php\/category\/noticias-de-ribeirao-preto-sp-e-regiao-ismael-colosi\/"},"img":{"alt_text":"","src":"https:\/\/i0.wp.com\/noticiasribeiraopreto.com.br\/wp-content\/uploads\/2024\/02\/comercio1-scaled.jpg?fit=880%2C645&ssl=1&resize=350%2C200","width":350,"height":200,"srcset":"https:\/\/i0.wp.com\/noticiasribeiraopreto.com.br\/wp-content\/uploads\/2024\/02\/comercio1-scaled.jpg?fit=880%2C645&ssl=1&resize=350%2C200 1x, https:\/\/i0.wp.com\/noticiasribeiraopreto.com.br\/wp-content\/uploads\/2024\/02\/comercio1-scaled.jpg?fit=880%2C645&ssl=1&resize=525%2C300 1.5x, https:\/\/i0.wp.com\/noticiasribeiraopreto.com.br\/wp-content\/uploads\/2024\/02\/comercio1-scaled.jpg?fit=880%2C645&ssl=1&resize=700%2C400 2x"},"classes":[]},{"id":18837,"url":"https:\/\/noticiasribeiraopreto.com.br\/index.php\/2023\/12\/21\/como-ficam-as-acoes-das-empresas-apos-demissoes\/","url_meta":{"origin":40294,"position":3},"title":"Como ficam as a\u00e7\u00f5es das empresas ap\u00f3s demiss\u00f5es","author":"noticiasribeiraopreto.com.br","date":"21 de December de 2023","format":false,"excerpt":"Getty ImagesO portal Layoffs.fyi estima que 257.538 pessoas tenham sido desligadas de 1.154 empresas de tecnologia em 2023 No in\u00edcio deste m\u00eas, o Spotify anunciou que iria demitir 1,5 mil funcion\u00e1rios em um esfor\u00e7o de corte de gastos. No pr\u00e9-mercado do mesmo dia, as a\u00e7\u00f5es da empresa j\u00e1 haviam aumentado\u2026","rel":"","context":"In &quot;Blog&quot;","block_context":{"text":"Blog","link":"https:\/\/noticiasribeiraopreto.com.br\/index.php\/category\/blog\/"},"img":{"alt_text":"","src":"https:\/\/i0.wp.com\/noticiasribeiraopreto.com.br\/wp-content\/uploads\/2023\/12\/carreira-demissao-layoffs-1024x683.jpg?fit=1024%2C683&ssl=1&resize=350%2C200","width":350,"height":200,"srcset":"https:\/\/i0.wp.com\/noticiasribeiraopreto.com.br\/wp-content\/uploads\/2023\/12\/carreira-demissao-layoffs-1024x683.jpg?fit=1024%2C683&ssl=1&resize=350%2C200 1x, https:\/\/i0.wp.com\/noticiasribeiraopreto.com.br\/wp-content\/uploads\/2023\/12\/carreira-demissao-layoffs-1024x683.jpg?fit=1024%2C683&ssl=1&resize=525%2C300 1.5x, https:\/\/i0.wp.com\/noticiasribeiraopreto.com.br\/wp-content\/uploads\/2023\/12\/carreira-demissao-layoffs-1024x683.jpg?fit=1024%2C683&ssl=1&resize=700%2C400 2x"},"classes":[]},{"id":70005,"url":"https:\/\/noticiasribeiraopreto.com.br\/index.php\/2025\/05\/21\/saiba-como-funciona-a-venda-de-creditos-de-carbono-na-regiao-de-ribeirao-preto\/","url_meta":{"origin":40294,"position":4},"title":"Saiba como funciona a venda de cr\u00e9ditos de carbono na regi\u00e3o de Ribeir\u00e3o Preto","author":"noticiasribeiraopreto.com.br","date":"21 de May de 2025","format":false,"excerpt":"Na regi\u00e3o de Ribeir\u00e3o Preto, a recupera\u00e7\u00e3o de \u00e1reas degradadas e a compensa\u00e7\u00e3o das emiss\u00f5es de gases de efeito estufa s\u00e3o realizadas, entre outras formas, por meio do plantio de \u00e1rvores nativas em propriedades rurais. Esse plantio gera cr\u00e9ditos de carbono que podem ser vendidos no mercado. A venda desses\u2026","rel":"","context":"In &quot;Not\u00edcias de Ribeir\u00e3o Preto-SP e Regi\u00e3o&quot;","block_context":{"text":"Not\u00edcias de Ribeir\u00e3o Preto-SP e Regi\u00e3o","link":"https:\/\/noticiasribeiraopreto.com.br\/index.php\/category\/noticias-de-ribeirao-preto-sp-e-regiao-ismael-colosi\/"},"img":{"alt_text":"","src":"https:\/\/i0.wp.com\/noticiasribeiraopreto.com.br\/wp-content\/uploads\/2025\/05\/Imagem-do-WhatsApp-de-2025-05-21-as-12.19.28_0f01b3df_2025-05-21_21-47-12.webp.webp?fit=1200%2C800&ssl=1&resize=350%2C200","width":350,"height":200,"srcset":"https:\/\/i0.wp.com\/noticiasribeiraopreto.com.br\/wp-content\/uploads\/2025\/05\/Imagem-do-WhatsApp-de-2025-05-21-as-12.19.28_0f01b3df_2025-05-21_21-47-12.webp.webp?fit=1200%2C800&ssl=1&resize=350%2C200 1x, https:\/\/i0.wp.com\/noticiasribeiraopreto.com.br\/wp-content\/uploads\/2025\/05\/Imagem-do-WhatsApp-de-2025-05-21-as-12.19.28_0f01b3df_2025-05-21_21-47-12.webp.webp?fit=1200%2C800&ssl=1&resize=525%2C300 1.5x, https:\/\/i0.wp.com\/noticiasribeiraopreto.com.br\/wp-content\/uploads\/2025\/05\/Imagem-do-WhatsApp-de-2025-05-21-as-12.19.28_0f01b3df_2025-05-21_21-47-12.webp.webp?fit=1200%2C800&ssl=1&resize=700%2C400 2x, https:\/\/i0.wp.com\/noticiasribeiraopreto.com.br\/wp-content\/uploads\/2025\/05\/Imagem-do-WhatsApp-de-2025-05-21-as-12.19.28_0f01b3df_2025-05-21_21-47-12.webp.webp?fit=1200%2C800&ssl=1&resize=1050%2C600 3x"},"classes":[]},{"id":44389,"url":"https:\/\/noticiasribeiraopreto.com.br\/index.php\/2024\/03\/27\/rodoviaria-espera-por-27-mil-pessoas\/","url_meta":{"origin":40294,"position":5},"title":"Rodovi\u00e1ria espera por 27 mil pessoas\u00a0","author":"noticiasribeiraopreto.com.br","date":"27 de March de 2024","format":false,"excerpt":"27 de mar\u00e7o de 2024 | 16:0027 de mar\u00e7o de 2024 | 10:43 0 Muita gente pretende viajar de \u00f4nibus neste feriado prolongado da Semana Santa, celebrado a partir desta Sexta-Feira da Paix\u00e3o (29), passando pelo S\u00e1bado de Aleluia (30) e terminando no Domingo de P\u00e1scoa, 31 de mar\u00e7o. Por\u00e9m,\u2026","rel":"","context":"In &quot;Not\u00edcias de Ribeir\u00e3o Preto-SP e Regi\u00e3o&quot;","block_context":{"text":"Not\u00edcias de Ribeir\u00e3o Preto-SP e Regi\u00e3o","link":"https:\/\/noticiasribeiraopreto.com.br\/index.php\/category\/noticias-de-ribeirao-preto-sp-e-regiao-ismael-colosi\/"},"img":{"alt_text":"","src":"https:\/\/i0.wp.com\/noticiasribeiraopreto.com.br\/wp-content\/uploads\/2024\/03\/foto1.jpg?fit=534%2C400&ssl=1&resize=350%2C200","width":350,"height":200,"srcset":"https:\/\/i0.wp.com\/noticiasribeiraopreto.com.br\/wp-content\/uploads\/2024\/03\/foto1.jpg?fit=534%2C400&ssl=1&resize=350%2C200 1x, https:\/\/i0.wp.com\/noticiasribeiraopreto.com.br\/wp-content\/uploads\/2024\/03\/foto1.jpg?fit=534%2C400&ssl=1&resize=525%2C300 1.5x"},"classes":[]}],"jetpack_sharing_enabled":true,"jetpack_shortlink":"https:\/\/wp.me\/peQAOb-atU","_links":{"self":[{"href":"https:\/\/noticiasribeiraopreto.com.br\/index.php\/wp-json\/wp\/v2\/posts\/40294","targetHints":{"allow":["GET"]}}],"collection":[{"href":"https:\/\/noticiasribeiraopreto.com.br\/index.php\/wp-json\/wp\/v2\/posts"}],"about":[{"href":"https:\/\/noticiasribeiraopreto.com.br\/index.php\/wp-json\/wp\/v2\/types\/post"}],"author":[{"embeddable":true,"href":"https:\/\/noticiasribeiraopreto.com.br\/index.php\/wp-json\/wp\/v2\/users\/1"}],"replies":[{"embeddable":true,"href":"https:\/\/noticiasribeiraopreto.com.br\/index.php\/wp-json\/wp\/v2\/comments?post=40294"}],"version-history":[{"count":0,"href":"https:\/\/noticiasribeiraopreto.com.br\/index.php\/wp-json\/wp\/v2\/posts\/40294\/revisions"}],"wp:featuredmedia":[{"embeddable":true,"href":"https:\/\/noticiasribeiraopreto.com.br\/index.php\/wp-json\/wp\/v2\/media\/40295"}],"wp:attachment":[{"href":"https:\/\/noticiasribeiraopreto.com.br\/index.php\/wp-json\/wp\/v2\/media?parent=40294"}],"wp:term":[{"taxonomy":"category","embeddable":true,"href":"https:\/\/noticiasribeiraopreto.com.br\/index.php\/wp-json\/wp\/v2\/categories?post=40294"},{"taxonomy":"post_tag","embeddable":true,"href":"https:\/\/noticiasribeiraopreto.com.br\/index.php\/wp-json\/wp\/v2\/tags?post=40294"}],"curies":[{"name":"wp","href":"https:\/\/api.w.org\/{rel}","templated":true}]}}