{"id":40296,"date":"2024-03-02T09:58:28","date_gmt":"2024-03-02T12:58:28","guid":{"rendered":"https:\/\/noticiasribeiraopreto.com.br\/index.php\/2024\/03\/02\/debater-educacao-com-extremista-de-direita\/"},"modified":"2024-03-02T09:58:28","modified_gmt":"2024-03-02T12:58:28","slug":"debater-educacao-com-extremista-de-direita","status":"publish","type":"post","link":"https:\/\/noticiasribeiraopreto.com.br\/index.php\/2024\/03\/02\/debater-educacao-com-extremista-de-direita\/","title":{"rendered":"Debater educa\u00e7\u00e3o com extremista de direita&#8230; \u00a0"},"content":{"rendered":"<div class='code-block code-block-1' style='margin: 8px 0 8px auto; text-align: right; display: block; clear: both;'>\n<p><a href=\"https:\/\/wa.link\/vpicfd\"><img data-recalc-dims=\"1\" class=\"wp-image-4922\" style=\"aspect-ratio: 2.0253164556962027; width: 561px; height: auto;\" src=\"https:\/\/i0.wp.com\/ismaelcolosi.com.br\/wp-content\/uploads\/2023\/11\/grupo-de-empregos-whatsapp-e-facebook-ismael-colosi-vagas.jpg?ssl=1\" alt=\"\" \/><\/a><\/p>\n<!-- \/wp:image -->\n<\/div>\n<p> <br \/>\n<\/p>\n<div id=\"\">\n<p> <span class=\"entry-meta-item penci-posted-on\"><i class=\"fa fa-clock-o\"\/><time class=\"entry-date published\" datetime=\"2024-03-02T08:15:39-03:00\">2 de mar\u00e7o de 2024 | 8:15<\/time><time class=\"updated\" datetime=\"2024-03-01T17:14:06-03:00\">1 de mar\u00e7o de 2024 | 17:14<\/time><\/span><\/p>\n<p> <span class=\"penci-social-buttons penci-social-share-footer\"><a href=\"#\" class=\"penci-post-like penci_post-meta_item  single-like-button penci-social-item like\" data-post_id=\"375652\" title=\"Like\" data-like=\"Like\" data-unlike=\"Unlike\"><i class=\"fa fa-thumbs-o-up\"\/><span class=\"penci-share-number\">0<\/span><\/a><i class=\"fa fa-facebook\"\/><a class=\"penci-social-item twitter\" target=\"_blank\" rel=\"noopener\" title=\"\" href=\"https:\/\/twitter.com\/intent\/tweet?text=Debater%20educa\u00e7\u00e3o%20com%20extremista%20de%20direita-%20\u00a0%20-%20https:\/\/www.tribunaribeirao.com.br\/site\/debater-educacao-com-extremista-de-direita\/\"><i class=\"fa fa-twitter\"\/><\/a><i class=\"fa fa-whatsapp\"\/><\/span><\/div>\n<div>\n<p><span class=\"TextRun SCXW210516824 BCX0\" lang=\"PT-BR\" xml:lang=\"PT-BR\" data-contrast=\"none\"><span class=\"NormalTextRun SCXW210516824 BCX0\">\u2026 <\/span><span class=\"NormalTextRun SCXW210516824 BCX0\">\u00e9<\/span><span class=\"NormalTextRun SCXW210516824 BCX0\"> o mesmo que debater a volta dos que n\u00e3o foram! <\/span><\/span><span class=\"LineBreakBlob BlobObject DragDrop SCXW210516824 BCX0\"><span class=\"SCXW210516824 BCX0\">\u00a0<\/span><br class=\"SCXW210516824 BCX0\"\/><\/span><span class=\"LineBreakBlob BlobObject DragDrop SCXW210516824 BCX0\"><span class=\"SCXW210516824 BCX0\">\u00a0<\/span><br class=\"SCXW210516824 BCX0\"\/><\/span><span class=\"TextRun SCXW210516824 BCX0\" lang=\"PT-BR\" xml:lang=\"PT-BR\" data-contrast=\"none\"><span class=\"NormalTextRun SCXW210516824 BCX0\">Jos\u00e9 Eugenio <\/span><span class=\"NormalTextRun SpellingErrorV2Themed SCXW210516824 BCX0\">Ka\u00e7a<\/span><span class=\"NormalTextRun SCXW210516824 BCX0\"> * <\/span><\/span><span class=\"LineBreakBlob BlobObject DragDrop SCXW210516824 BCX0\"><span class=\"SCXW210516824 BCX0\">\u00a015<\/span><br class=\"SCXW210516824 BCX0\"\/><\/span><span class=\"TextRun Underlined SCXW210516824 BCX0\" lang=\"PT-BR\" xml:lang=\"PT-BR\" data-contrast=\"none\"><span class=\"NormalTextRun SCXW210516824 BCX0\" data-ccp-charstyle=\"Hyperlink\"><span class=\"__cf_email__\" data-cfemail=\"5a3035293f743f2f3d3f3433353d39391a3d373b333674393537\">[email\u00a0protected]<\/span><\/span><\/span><span class=\"LineBreakBlob BlobObject DragDrop SCXW210516824 BCX0\"><span class=\"SCXW210516824 BCX0\">\u00a0<\/span><br class=\"SCXW210516824 BCX0\"\/><\/span><span class=\"LineBreakBlob BlobObject DragDrop SCXW210516824 BCX0\"><span class=\"SCXW210516824 BCX0\">\u00a0<\/span><br class=\"SCXW210516824 BCX0\"\/><\/span><span class=\"TextRun SCXW210516824 BCX0\" lang=\"PT-BR\" xml:lang=\"PT-BR\" data-contrast=\"none\"><span class=\"NormalTextRun SCXW210516824 BCX0\">O educador Paulo Freire, observando <\/span><span class=\"NormalTextRun SCXW210516824 BCX0\">o<\/span><span class=\"NormalTextRun SCXW210516824 BCX0\">s efeitos <\/span><span class=\"NormalTextRun SCXW210516824 BCX0\">que o modelo de <\/span><span class=\"NormalTextRun SpellingErrorV2Themed SCXW210516824 BCX0\">educa\u00e7\u00e3o <\/span><span class=\"NormalTextRun SpellingErrorV2Themed SCXW210516824 BCX0\">tradicional<\/span> <span class=\"NormalTextRun SCXW210516824 BCX0\">e arcaico <\/span><span class=\"NormalTextRun SCXW210516824 BCX0\">faz com<\/span><span class=\"NormalTextRun SCXW210516824 BCX0\"> o <\/span><span class=\"NormalTextRun SCXW210516824 BCX0\">cognitivo <\/span><span class=\"NormalTextRun SCXW210516824 BCX0\">da popula\u00e7\u00e3o, produziu um<\/span><span class=\"NormalTextRun SCXW210516824 BCX0\"> texto <\/span><span class=\"NormalTextRun SpellingErrorV2Themed SCXW210516824 BCX0\">brilhante<\/span><span class=\"NormalTextRun SCXW210516824 BCX0\"> que retratou o comportamento <\/span><span class=\"NormalTextRun SCXW210516824 BCX0\">de uma parcela<\/span><span class=\"NormalTextRun SCXW210516824 BCX0\"> da popula\u00e7\u00e3o<\/span><span class=\"NormalTextRun SCXW210516824 BCX0\"> que sempre sofreu <\/span><span class=\"NormalTextRun SCXW210516824 BCX0\">humilha\u00e7\u00f5es e desprezos<\/span><span class=\"NormalTextRun SCXW210516824 BCX0\">, <\/span><span class=\"NormalTextRun SpellingErrorV2Themed SCXW210516824 BCX0\">e <\/span><span class=\"NormalTextRun SpellingErrorV2Themed SCXW210516824 BCX0\">quando<\/span><span class=\"NormalTextRun SCXW210516824 BCX0\"> alguns oriundos desta parcela da popula\u00e7\u00e3o <\/span><span class=\"NormalTextRun SCXW210516824 BCX0\">consegue<\/span><span class=\"NormalTextRun SCXW210516824 BCX0\">m<\/span><span class=\"NormalTextRun SCXW210516824 BCX0\"> se libertar da<\/span><span class=\"NormalTextRun SCXW210516824 BCX0\"> situa\u00e7\u00e3o de <\/span><span class=\"NormalTextRun SCXW210516824 BCX0\">semiescravid\u00e3o<\/span><span class=\"NormalTextRun SCXW210516824 BCX0\">, e muda<\/span><span class=\"NormalTextRun SCXW210516824 BCX0\">m<\/span><span class=\"NormalTextRun SCXW210516824 BCX0\"> de patamar social, espelha<\/span><span class=\"NormalTextRun SCXW210516824 BCX0\">m<\/span><span class=\"NormalTextRun SCXW210516824 BCX0\"> seu comportamento <\/span><span class=\"NormalTextRun SCXW210516824 BCX0\">no seu antigo opressor<\/span><span class=\"NormalTextRun SCXW210516824 BCX0\">. \u201cA educa\u00e7\u00e3o quando n\u00e3o \u00e9 <\/span><span class=\"NormalTextRun SCXW210516824 BCX0\">libertadora, o sonho do oprimido<\/span><span class=\"NormalTextRun SCXW210516824 BCX0\"> \u00e9 ser opressor\u201d<\/span><span class=\"NormalTextRun SCXW210516824 BCX0\">. Este texto aparentemente atingia somente os desvalidos<\/span><span class=\"NormalTextRun SCXW210516824 BCX0\">, que se deslumbravam com a nova situa\u00e7\u00e3o <\/span><span class=\"NormalTextRun SpellingErrorV2Themed SCXW210516824 BCX0\">social<\/span><span class=\"NormalTextRun SpellingErrorV2Themed SCXW210516824 BCX0\">. <\/span><span class=\"NormalTextRun SpellingErrorV2Themed SCXW210516824 BCX0\">A<\/span><span class=\"NormalTextRun SpellingErrorV2Themed SCXW210516824 BCX0\">contece que<\/span> <span class=\"NormalTextRun SCXW210516824 BCX0\">o extremismo de direita que estava a<\/span><span class=\"NormalTextRun SCXW210516824 BCX0\">prisionado <\/span><span class=\"NormalTextRun SCXW210516824 BCX0\">nas<\/span> <span class=\"NormalTextRun SpellingErrorV2Themed SCXW210516824 BCX0\">profundezas<\/span><span class=\"NormalTextRun SCXW210516824 BCX0\"> das<\/span><span class=\"NormalTextRun SCXW210516824 BCX0\"> catacumbas<\/span><span class=\"NormalTextRun SCXW210516824 BCX0\"> se libertou<\/span><span class=\"NormalTextRun SCXW210516824 BCX0\">,<\/span><span class=\"NormalTextRun SCXW210516824 BCX0\"> e as portas do inferno se abriram. <\/span><span class=\"NormalTextRun SCXW210516824 BCX0\">A situa\u00e7\u00e3o que vive<\/span><span class=\"NormalTextRun SCXW210516824 BCX0\">nciamos <\/span><span class=\"NormalTextRun SCXW210516824 BCX0\">atualmente mostra que <\/span><span class=\"NormalTextRun SpellingErrorV2Themed SCXW210516824 BCX0\">o <\/span><span class=\"NormalTextRun SpellingErrorV2Themed SCXW210516824 BCX0\">texto<\/span><span class=\"NormalTextRun SCXW210516824 BCX0\"> freiriano est\u00e1 comprovando que uma educa\u00e7\u00e3o quando n\u00e3o \u00e9 libertadora <\/span><span class=\"NormalTextRun SpellingErrorV2Themed SCXW210516824 BCX0\">produz<\/span><span class=\"NormalTextRun SCXW210516824 BCX0\"> efeitos <\/span><span class=\"NormalTextRun SpellingErrorV2Themed SCXW210516824 BCX0\">nefastos<\/span><span class=\"NormalTextRun SCXW210516824 BCX0\"> em toda a sociedade<\/span><span class=\"NormalTextRun SCXW210516824 BCX0\">.<\/span><\/span><span class=\"LineBreakBlob BlobObject DragDrop SCXW210516824 BCX0\"><span class=\"SCXW210516824 BCX0\">\u00a0<\/span><br class=\"SCXW210516824 BCX0\"\/><\/span><span class=\"LineBreakBlob BlobObject DragDrop SCXW210516824 BCX0\"><span class=\"SCXW210516824 BCX0\">\u00a0<\/span><br class=\"SCXW210516824 BCX0\"\/><\/span><span class=\"TextRun SCXW210516824 BCX0\" lang=\"PT-BR\" xml:lang=\"PT-BR\" data-contrast=\"none\"><span class=\"NormalTextRun SCXW210516824 BCX0\">O extremismo <\/span><span class=\"NormalTextRun SCXW210516824 BCX0\">de direita <\/span><span class=\"NormalTextRun SCXW210516824 BCX0\">desnud<\/span><span class=\"NormalTextRun SCXW210516824 BCX0\">ou<\/span> <span class=\"NormalTextRun SCXW210516824 BCX0\">a face oculta de uma classe<\/span><span class=\"NormalTextRun SCXW210516824 BCX0\"> m\u00e9dia <\/span><span class=\"NormalTextRun SCXW210516824 BCX0\">que aparent<\/span><span class=\"NormalTextRun SCXW210516824 BCX0\">a ser <\/span><span class=\"NormalTextRun SCXW210516824 BCX0\">letrada e culta<\/span><span class=\"NormalTextRun SCXW210516824 BCX0\">,<\/span><span class=\"NormalTextRun SCXW210516824 BCX0\"> no <\/span><span class=\"NormalTextRun SpellingErrorV2Themed SCXW210516824 BCX0\">entanto<\/span><span class=\"NormalTextRun SpellingErrorV2Themed SCXW210516824 BCX0\">, <\/span><span class=\"NormalTextRun SpellingErrorV2Themed SCXW210516824 BCX0\">ess<\/span><span class=\"NormalTextRun SpellingErrorV2Themed SCXW210516824 BCX0\">a <\/span><span class=\"NormalTextRun SpellingErrorV2Themed SCXW210516824 BCX0\">aparente<\/span> <span class=\"NormalTextRun SCXW210516824 BCX0\">superioridade se perde<\/span><span class=\"NormalTextRun SCXW210516824 BCX0\">u<\/span><span class=\"NormalTextRun SCXW210516824 BCX0\"> no fundamentalismo religioso. <\/span><span class=\"NormalTextRun SCXW210516824 BCX0\">Uma pesquisa realizada pela USP, junto aos manifestantes do domingo 25 de fevereiro<\/span><span class=\"NormalTextRun SCXW210516824 BCX0\">, mostrou que a maioria era de homens brancos com diploma universit\u00e1rio<\/span><span class=\"NormalTextRun SCXW210516824 BCX0\">, com idade entre 35 e 65 anos<\/span><span class=\"NormalTextRun SCXW210516824 BCX0\">, <\/span><span class=\"NormalTextRun SCXW210516824 BCX0\">e <\/span><span class=\"NormalTextRun SCXW210516824 BCX0\">com um entendimento obtuso da <\/span><span class=\"NormalTextRun SpellingErrorV2Themed SCXW210516824 BCX0\">realidade<\/span><span class=\"NormalTextRun SpellingErrorV2Themed SCXW210516824 BCX0\">. <\/span><span class=\"NormalTextRun SpellingErrorV2Themed SCXW210516824 BCX0\">O<\/span><span class=\"NormalTextRun SCXW210516824 BCX0\"> ato demostrou <\/span><span class=\"NormalTextRun SCXW210516824 BCX0\">que \u00e9 um<\/span><span class=\"NormalTextRun SCXW210516824 BCX0\">a fal\u00e1cia <\/span><span class=\"NormalTextRun SCXW210516824 BCX0\">que est\u00e3o lutando por<\/span><span class=\"NormalTextRun SCXW210516824 BCX0\"> Estado Democr\u00e1tico de Direito<\/span><span class=\"NormalTextRun SCXW210516824 BCX0\">, pois segundo a <\/span><span class=\"NormalTextRun SCXW210516824 BCX0\">pesquisa<\/span><span class=\"NormalTextRun SCXW210516824 BCX0\"> 94% dos participantes acredita que o Brasil vive <\/span><span class=\"NormalTextRun SCXW210516824 BCX0\">atualmente uma ditadura,<\/span><span class=\"NormalTextRun SCXW210516824 BCX0\"> (mas n\u00e3o era por uma ditadura que ficar<\/span><span class=\"NormalTextRun SCXW210516824 BCX0\">a<\/span><span class=\"NormalTextRun SCXW210516824 BCX0\">m acampados nas porta do quarteis)<\/span><span class=\"NormalTextRun SCXW210516824 BCX0\">8<\/span><span class=\"NormalTextRun SCXW210516824 BCX0\">8%<\/span><span class=\"NormalTextRun SCXW210516824 BCX0\"> que Bolsonaro venceu as elei\u00e7\u00f5es de 2022, 78<\/span><span class=\"NormalTextRun SCXW210516824 BCX0\">%<\/span><span class=\"NormalTextRun SCXW210516824 BCX0\"> se consideram <\/span><span class=\"NormalTextRun SCXW210516824 BCX0\">ultraconservadores<\/span><span class=\"NormalTextRun SCXW210516824 BCX0\">. <\/span><span class=\"NormalTextRun SCXW210516824 BCX0\">E este p\u00fablico<\/span><span class=\"NormalTextRun SCXW210516824 BCX0\">, <\/span><span class=\"NormalTextRun SCXW210516824 BCX0\">que <\/span><span class=\"NormalTextRun SCXW210516824 BCX0\">defende tanto a liberdade (mas somente para os seus), que <\/span><span class=\"NormalTextRun SCXW210516824 BCX0\">tem <\/span><span class=\"NormalTextRun SCXW210516824 BCX0\">uma <\/span><span class=\"NormalTextRun SCXW210516824 BCX0\">condi\u00e7\u00e3o social<\/span><span class=\"NormalTextRun SCXW210516824 BCX0\"> privilegiada<\/span><span class=\"NormalTextRun SCXW210516824 BCX0\">, <\/span><span class=\"NormalTextRun SCXW210516824 BCX0\">e foram educados n<\/span><span class=\"NormalTextRun SCXW210516824 BCX0\">as melhores escolas<\/span><span class=\"NormalTextRun SCXW210516824 BCX0\"> da rede privada<\/span><span class=\"NormalTextRun SCXW210516824 BCX0\">, com <\/span><span class=\"NormalTextRun SpellingErrorV2Themed SCXW210516824 BCX0\">n\u00edvel<\/span><span class=\"NormalTextRun SCXW210516824 BCX0\"> universit\u00e1rio<\/span><span class=\"NormalTextRun SCXW210516824 BCX0\">, <\/span><span class=\"NormalTextRun SCXW210516824 BCX0\">est\u00e1 comprovando <\/span><span class=\"NormalTextRun SCXW210516824 BCX0\">os <\/span><span class=\"NormalTextRun SpellingErrorV2Themed SCXW210516824 BCX0\">preju\u00edzos<\/span> <span class=\"NormalTextRun SCXW210516824 BCX0\">que uma educa\u00e7\u00e3o tradicionalista causa ao relacionamento humano, mostrando a <\/span><span class=\"NormalTextRun SpellingErrorV2Themed SCXW210516824 BCX0\">s\u00edndrome<\/span><span class=\"NormalTextRun SCXW210516824 BCX0\"> d<\/span><span class=\"NormalTextRun SCXW210516824 BCX0\">a <\/span><span class=\"NormalTextRun SCXW210516824 BCX0\">disson\u00e2ncia cognitiva que essa gente sofre.<\/span><\/span><span class=\"LineBreakBlob BlobObject DragDrop SCXW210516824 BCX0\"><span class=\"SCXW210516824 BCX0\">\u00a0<\/span><br class=\"SCXW210516824 BCX0\"\/><\/span><span class=\"LineBreakBlob BlobObject DragDrop SCXW210516824 BCX0\"><span class=\"SCXW210516824 BCX0\">\u00a0<\/span><br class=\"SCXW210516824 BCX0\"\/><\/span><span class=\"TextRun SCXW210516824 BCX0\" lang=\"PT-BR\" xml:lang=\"PT-BR\" data-contrast=\"none\"><span class=\"NormalTextRun SCXW210516824 BCX0\">A maioria da popula\u00e7\u00e3o <\/span><span class=\"NormalTextRun SpellingErrorV2Themed SCXW210516824 BCX0\">ribeir\u00e3o-pretana <\/span><span class=\"NormalTextRun SpellingErrorV2Themed SCXW210516824 BCX0\">sempre<\/span> <span class=\"NormalTextRun SCXW210516824 BCX0\">se identificou com as ideologias de direita,<\/span><span class=\"NormalTextRun SCXW210516824 BCX0\"> no entanto, a partir de 2013, os movimentos radicais d<\/span><span class=\"NormalTextRun SCXW210516824 BCX0\">a<\/span><span class=\"NormalTextRun SCXW210516824 BCX0\"> extrema direita<\/span><span class=\"NormalTextRun SCXW210516824 BCX0\">, escorado <\/span><span class=\"NormalTextRun SCXW210516824 BCX0\">no <\/span><span class=\"NormalTextRun SCXW210516824 BCX0\">fundamentalismo religioso <\/span><span class=\"NormalTextRun SCXW210516824 BCX0\">come\u00e7aram <\/span><span class=\"NormalTextRun SCXW210516824 BCX0\">a<\/span><span class=\"NormalTextRun SCXW210516824 BCX0\"> mostrar <\/span><span class=\"NormalTextRun SCXW210516824 BCX0\">sua face destruidora<\/span><span class=\"NormalTextRun SCXW210516824 BCX0\">, <\/span><span class=\"NormalTextRun SCXW210516824 BCX0\">e <\/span><span class=\"NormalTextRun SCXW210516824 BCX0\">o clima <\/span><span class=\"NormalTextRun SpellingErrorV2Themed SCXW210516824 BCX0\">favor\u00e1vel<\/span><span class=\"NormalTextRun SCXW210516824 BCX0\"> no Pa\u00eds facilitou o <\/span><span class=\"NormalTextRun SCXW210516824 BCX0\">alastr<\/span><span class=\"NormalTextRun SCXW210516824 BCX0\">amento deste movimento, <\/span><span class=\"NormalTextRun SCXW210516824 BCX0\">e <\/span><span class=\"NormalTextRun SCXW210516824 BCX0\">como<\/span><span class=\"NormalTextRun SCXW210516824 BCX0\"> acontece nas melhores fam\u00edlias<\/span><span class=\"NormalTextRun SCXW210516824 BCX0\">, parcela da popula\u00e7\u00e3o <\/span><span class=\"NormalTextRun SCXW210516824 BCX0\">de <\/span><span class=\"NormalTextRun SCXW210516824 BCX0\">Ribeir\u00e3o Preto <\/span><span class=\"NormalTextRun SCXW210516824 BCX0\">tamb\u00e9m foi <\/span><span class=\"NormalTextRun SpellingErrorV2Themed SCXW210516824 BCX0\">contaminad<\/span><span class=\"NormalTextRun SpellingErrorV2Themed SCXW210516824 BCX0\">a por<\/span><span class=\"NormalTextRun SCXW210516824 BCX0\"> este <\/span><span class=\"NormalTextRun SCXW210516824 BCX0\">v\u00edrus. <\/span><span class=\"NormalTextRun SCXW210516824 BCX0\">A <\/span><span class=\"NormalTextRun SCXW210516824 BCX0\">2\u00aa <\/span><span class=\"NormalTextRun SpellingErrorV2Themed SCXW210516824 BCX0\">Audi\u00eancia<\/span><span class=\"NormalTextRun SCXW210516824 BCX0\"> P\u00fablica <\/span><span class=\"NormalTextRun SCXW210516824 BCX0\">realizada na C\u00e2mara Municipal na <\/span><span class=\"NormalTextRun SpellingErrorV2Themed SCXW210516824 BCX0\">segunda-feira<\/span><span class=\"NormalTextRun SCXW210516824 BCX0\"> dia 26 de fevereiro,<\/span><span class=\"NormalTextRun SCXW210516824 BCX0\"> para debater o Plano Municipal de Educa\u00e7\u00e3o <\/span><span class=\"NormalTextRun SCXW210516824 BCX0\">mostrou o n\u00edvel de contamina\u00e7\u00e3o do Legislativo, e da parcela da popula\u00e7\u00e3o que se intitulam \u201cpatriotas\u201d<\/span><span class=\"NormalTextRun SCXW210516824 BCX0\">. <\/span><span class=\"NormalTextRun SCXW210516824 BCX0\">Os argumentos falaciosos e <\/span><span class=\"NormalTextRun AdvancedProofingIssueV2Themed SCXW210516824 BCX0\">ign\u00f3beis<\/span><span class=\"NormalTextRun SCXW210516824 BCX0\">, de que a educa\u00e7\u00e3o b\u00e1sica p\u00fablica brasileira \u00e9 uma constru\u00e7\u00e3o de esquerda, <\/span><span class=\"NormalTextRun SCXW210516824 BCX0\">que tem que tirar Paulo Freire das escolas, mesmo que <\/span><span class=\"NormalTextRun SCXW210516824 BCX0\">as <\/span><span class=\"NormalTextRun SCXW210516824 BCX0\">suas ideias nunca tenham ultrapassado os muros escolares. <\/span><\/span><span class=\"LineBreakBlob BlobObject DragDrop SCXW210516824 BCX0\"><span class=\"SCXW210516824 BCX0\">\u00a0<\/span><br class=\"SCXW210516824 BCX0\"\/><\/span><span class=\"LineBreakBlob BlobObject DragDrop SCXW210516824 BCX0\"><span class=\"SCXW210516824 BCX0\">\u00a0<\/span><br class=\"SCXW210516824 BCX0\"\/><\/span><span class=\"TextRun SCXW210516824 BCX0\" lang=\"PT-BR\" xml:lang=\"PT-BR\" data-contrast=\"none\"><span class=\"NormalTextRun SCXW210516824 BCX0\">O rescaldo da manifesta\u00e7\u00e3o da Av. Paulista chegou <\/span><span class=\"NormalTextRun SCXW210516824 BCX0\">a <\/span><span class=\"NormalTextRun SCXW210516824 BCX0\">Ribeir\u00e3o Preto, e <\/span><span class=\"NormalTextRun SCXW210516824 BCX0\">o Pl<\/span><span class=\"NormalTextRun SCXW210516824 BCX0\">e<\/span><span class=\"NormalTextRun SCXW210516824 BCX0\">n\u00e1rio <\/span><span class=\"NormalTextRun SCXW210516824 BCX0\">da C\u00e2mara Municipal<\/span><span class=\"NormalTextRun SCXW210516824 BCX0\"> que discutia o Plano Municipal de Educa\u00e7\u00e3o foi tomado pelos \u201cpatriotas\u201d. <\/span><span class=\"NormalTextRun SCXW210516824 BCX0\">Os argumentos criados criminosamente para depreciar e contaminar com mentiras <\/span><span class=\"NormalTextRun SCXW210516824 BCX0\">o<\/span><span class=\"NormalTextRun SCXW210516824 BCX0\"> j\u00e1 combalido ambiente escolar <\/span><span class=\"NormalTextRun SCXW210516824 BCX0\">foram<\/span><span class=\"NormalTextRun SCXW210516824 BCX0\"> colocadas em pr\u00e1tica. <\/span><span class=\"NormalTextRun SCXW210516824 BCX0\">Os \u201cpatri<\/span><span class=\"NormalTextRun SCXW210516824 BCX0\">o<\/span><span class=\"NormalTextRun SCXW210516824 BCX0\">tas\u201d<\/span><span class=\"NormalTextRun SCXW210516824 BCX0\">, que foram abduzidos pelas ideias da \u201cescola sem partido\u201d que proliferou as mentiras da mamadeira de piroca, <\/span><span class=\"NormalTextRun SCXW210516824 BCX0\">d<\/span><span class=\"NormalTextRun SCXW210516824 BCX0\">a identidade de g\u00eanero<\/span><span class=\"NormalTextRun SCXW210516824 BCX0\"> como indu\u00e7\u00e3o a <\/span><span class=\"NormalTextRun SpellingErrorV2Themed SCXW210516824 BCX0\">homossexualidade<\/span><span class=\"NormalTextRun SCXW210516824 BCX0\">, e o banheiro unissex<\/span><span class=\"NormalTextRun SCXW210516824 BCX0\"> apresentar<\/span><span class=\"NormalTextRun SCXW210516824 BCX0\">am<\/span><span class=\"NormalTextRun SCXW210516824 BCX0\"> suas credenciais ao <\/span><span class=\"NormalTextRun SpellingErrorV2Themed SCXW210516824 BCX0\">p\u00fablico. <\/span><span class=\"NormalTextRun SpellingErrorV2Themed SCXW210516824 BCX0\">Exigiram<\/span><span class=\"NormalTextRun SCXW210516824 BCX0\"> com trucul\u00eancia que a <\/span><span class=\"NormalTextRun SCXW210516824 BCX0\">palavra \u201c<\/span><span class=\"NormalTextRun SpellingErrorV2Themed SCXW210516824 BCX0\">g\u00eanero\u201d <\/span><span class=\"NormalTextRun SpellingErrorV2Themed SCXW210516824 BCX0\">fosse<\/span><span class=\"NormalTextRun SCXW210516824 BCX0\"> retirada do texto<\/span><span class=\"NormalTextRun SCXW210516824 BCX0\">, <\/span><span class=\"NormalTextRun SCXW210516824 BCX0\">assim como <\/span><span class=\"NormalTextRun SpellingErrorV2Themed SCXW210516824 BCX0\">as pol\u00edticas<\/span><span class=\"NormalTextRun SCXW210516824 BCX0\"> \u00e9tnico-raciais<\/span><span class=\"NormalTextRun SCXW210516824 BCX0\">, <\/span><span class=\"NormalTextRun SCXW210516824 BCX0\">a<\/span><span class=\"NormalTextRun SCXW210516824 BCX0\">s tem\u00e1ticas de sexualidade, diversidade e orienta\u00e7\u00e3o sexual, <\/span><span class=\"NormalTextRun SCXW210516824 BCX0\">at\u00e9 no <\/span><span class=\"NormalTextRun SCXW210516824 BCX0\">ensino m\u00e9dio e <\/span><span class=\"NormalTextRun SCXW210516824 BCX0\">n<\/span><span class=\"NormalTextRun SCXW210516824 BCX0\">a EJA<\/span><span class=\"NormalTextRun SCXW210516824 BCX0\">.<\/span><span class=\"NormalTextRun SCXW210516824 BCX0\"> Acontece que as leis no Brasil s\u00e3o <\/span><span class=\"NormalTextRun SpellingErrorV2Themed SCXW210516824 BCX0\">hier\u00e1rquicas<\/span><span class=\"NormalTextRun SCXW210516824 BCX0\">, e<\/span><span class=\"NormalTextRun SCXW210516824 BCX0\">, portanto,<\/span><span class=\"NormalTextRun SCXW210516824 BCX0\"> uma lei municipal n\u00e3o pode <\/span><span class=\"NormalTextRun SCXW210516824 BCX0\">se <\/span><span class=\"NormalTextRun SCXW210516824 BCX0\">contrapor<\/span> <span class=\"NormalTextRun SCXW210516824 BCX0\">as leis federais. <\/span><span class=\"NormalTextRun SCXW210516824 BCX0\">Como debater educa\u00e7\u00e3o, principalmente a educa\u00e7\u00e3o b\u00e1sica com gente que n\u00e3o aceita o contradit\u00f3rio,<\/span><span class=\"NormalTextRun SCXW210516824 BCX0\"> que vive num mundo paralelo e <\/span><span class=\"NormalTextRun SCXW210516824 BCX0\">caricato dominado por <\/span><span class=\"NormalTextRun SpellingErrorV2Themed SCXW210516824 BCX0\">ilus\u00f5es<\/span><span class=\"NormalTextRun SCXW210516824 BCX0\"> e mentiras<\/span><span class=\"NormalTextRun SCXW210516824 BCX0\">, e quem tenta furar esta bolha \u00e9 considerado inimigo e precisa ser eliminado. <\/span><\/span><span class=\"LineBreakBlob BlobObject DragDrop SCXW210516824 BCX0\"><span class=\"SCXW210516824 BCX0\">\u00a0<\/span><br class=\"SCXW210516824 BCX0\"\/><\/span><span class=\"LineBreakBlob BlobObject DragDrop SCXW210516824 BCX0\"><span class=\"SCXW210516824 BCX0\">\u00a0<\/span><br class=\"SCXW210516824 BCX0\"\/><\/span><span class=\"TextRun SCXW210516824 BCX0\" lang=\"PT-BR\" xml:lang=\"PT-BR\" data-contrast=\"none\"><span class=\"NormalTextRun SCXW210516824 BCX0\">Para termos uma educa\u00e7\u00e3o b\u00e1sica p\u00fablica de qualidade \u00e9 s\u00f3 cumprir as nossas leis, leis que est\u00e3o explicitas na Constitui\u00e7\u00e3o, na L<\/span><span class=\"NormalTextRun SCXW210516824 BCX0\">ei de Diretrizes e Base da Educa\u00e7\u00e3o <\/span><span class=\"NormalTextRun SpellingErrorV2Themed SCXW210516824 BCX0\">Nacional<\/span><span class=\"NormalTextRun SCXW210516824 BCX0\"> (L<\/span><span class=\"NormalTextRun SCXW210516824 BCX0\">DBEM<\/span><span class=\"NormalTextRun SCXW210516824 BCX0\">)<\/span><span class=\"NormalTextRun SCXW210516824 BCX0\">, <\/span><span class=\"NormalTextRun SCXW210516824 BCX0\">no Estatuto da Crian\u00e7a e do Adolescente (ECA), e na BNCC, e nos Par\u00e2metros Curriculares, o Plano de Educa\u00e7\u00e3o nada mais \u00e9 do que um documento que mostra como executar <\/span><span class=\"NormalTextRun SCXW210516824 BCX0\">o que j\u00e1 est<\/span><span class=\"NormalTextRun SCXW210516824 BCX0\">\u00e1<\/span><span class=\"NormalTextRun SCXW210516824 BCX0\"> nas leis. <\/span><span class=\"NormalTextRun SCXW210516824 BCX0\">\u201cA EDUCA\u00c7\u00c3O QUANDO N\u00c3O \u00c9 LIBERTADORA CORROBORA PARA A DISSON\u00c2NCIA COGNITIVA\u201d. <\/span><\/span><span class=\"LineBreakBlob BlobObject DragDrop SCXW210516824 BCX0\"><span class=\"SCXW210516824 BCX0\">\u00a0<\/span><br class=\"SCXW210516824 BCX0\"\/><\/span><span class=\"LineBreakBlob BlobObject DragDrop SCXW210516824 BCX0\"><span class=\"SCXW210516824 BCX0\">\u00a0<\/span><br class=\"SCXW210516824 BCX0\"\/><\/span><span class=\"TextRun SCXW210516824 BCX0\" lang=\"PT-BR\" xml:lang=\"PT-BR\" data-contrast=\"none\"><span class=\"NormalTextRun SCXW210516824 BCX0\">* Pe<\/span><span class=\"NormalTextRun SCXW210516824 BCX0\">dagogo, l\u00edder comunit\u00e1rio e <\/span><span class=\"NormalTextRun SpellingErrorV2Themed SCXW210516824 BCX0\">ex-<\/span><span class=\"NormalTextRun SpellingErrorV2Themed SCXW210516824 BCX0\">conselheiro<\/span><span class=\"NormalTextRun SCXW210516824 BCX0\"> da Educa\u00e7\u00e3o<\/span><\/span><span class=\"TextRun SCXW210516824 BCX0\" lang=\"PT-BR\" xml:lang=\"PT-BR\" data-contrast=\"none\"><span class=\"NormalTextRun SCXW210516824 BCX0\">\u00a0<\/span><\/span><span class=\"EOP SCXW210516824 BCX0\" data-ccp-props=\"{&quot;201341983&quot;:0,&quot;335559739&quot;:160,&quot;335559740&quot;:259}\">\u00a0<\/span><\/p>\n<\/div>\n<p><script async src=\"\/\/platform.twitter.com\/widgets.js\" charset=\"utf-8\"><\/script><br \/>\n<br \/><br \/>\n<br \/><a href=\"https:\/\/www.tribunaribeirao.com.br\/site\/debater-educacao-com-extremista-de-direita\/\">Source link <\/a><\/p>\n<!-- CONTENT END 1 -->\n","protected":false},"excerpt":{"rendered":"<p>2 de mar\u00e7o de 2024 | 8:151 de mar\u00e7o de 2024 | 17:14 0 \u2026 \u00e9 o mesmo que debater a volta dos que n\u00e3o&#8230;<\/p>\n","protected":false},"author":1,"featured_media":40297,"comment_status":"open","ping_status":"open","sticky":false,"template":"","format":"standard","meta":{"advanced_seo_description":"","jetpack_seo_html_title":"","jetpack_seo_noindex":false,"jetpack_post_was_ever_published":false,"_jetpack_newsletter_access":"","_jetpack_dont_email_post_to_subs":false,"_jetpack_newsletter_tier_id":0,"_jetpack_memberships_contains_paywalled_content":false,"_jetpack_memberships_contains_paid_content":false,"footnotes":"","jetpack_publicize_message":"","jetpack_publicize_feature_enabled":true,"jetpack_social_post_already_shared":true,"jetpack_social_options":{"image_generator_settings":{"template":"highway","default_image_id":0,"font":"","enabled":false},"version":2}},"categories":[11],"tags":[4680,4682,1033,4681],"class_list":["post-40296","post","type-post","status-publish","format-standard","has-post-thumbnail","hentry","category-noticias-de-ribeirao-preto-sp-e-regiao-ismael-colosi","tag-debater","tag-direita","tag-educacao","tag-extremista"],"jetpack_publicize_connections":[],"jetpack_featured_media_url":"https:\/\/i0.wp.com\/noticiasribeiraopreto.com.br\/wp-content\/uploads\/2024\/03\/joseeugeniokaca_jose-eugenio-kaca2.jpg?fit=700%2C450&ssl=1","jetpack-related-posts":[{"id":69340,"url":"https:\/\/noticiasribeiraopreto.com.br\/index.php\/2025\/05\/05\/jornal-da-franca-implantacao-de-escola-civico-militar-em-franca-e-tema-de-debates-na-camara-municipal\/","url_meta":{"origin":40296,"position":0},"title":"Jornal da Franca &#8211; Implanta\u00e7\u00e3o de escola c\u00edvico-militar em Franca \u00e9 tema de debates na C\u00e2mara Municipal","author":"noticiasribeiraopreto.com.br","date":"5 de May de 2025","format":false,"excerpt":"compartilhar no whatsapp compartilhar no telegram compartilhar no facebook compartilhar no linkedin Mun\u00edcipe agradece apoio de vereadores e parlamentares para que Franca fosse contemplada com o modelo educacional A implanta\u00e7\u00e3o do Programa das Escolas C\u00edvico-Militares em Franca, pauta defendida pela direita, foi tema abordado durante a sess\u00e3o ordin\u00e1ria da C\u00e2mara\u2026","rel":"","context":"In &quot;Not\u00edcias de Franca-SP&quot;","block_context":{"text":"Not\u00edcias de Franca-SP","link":"https:\/\/noticiasribeiraopreto.com.br\/index.php\/category\/noticias-de-ribeirao-preto-sp-e-regiao-ismael-colosi\/noticias-franca-sp\/"},"img":{"alt_text":"","src":"https:\/\/i0.wp.com\/noticiasribeiraopreto.com.br\/wp-content\/uploads\/2025\/05\/1746449336_plenariodiagonal_0.jpg?fit=930%2C558&ssl=1&resize=350%2C200","width":350,"height":200,"srcset":"https:\/\/i0.wp.com\/noticiasribeiraopreto.com.br\/wp-content\/uploads\/2025\/05\/1746449336_plenariodiagonal_0.jpg?fit=930%2C558&ssl=1&resize=350%2C200 1x, https:\/\/i0.wp.com\/noticiasribeiraopreto.com.br\/wp-content\/uploads\/2025\/05\/1746449336_plenariodiagonal_0.jpg?fit=930%2C558&ssl=1&resize=525%2C300 1.5x, https:\/\/i0.wp.com\/noticiasribeiraopreto.com.br\/wp-content\/uploads\/2025\/05\/1746449336_plenariodiagonal_0.jpg?fit=930%2C558&ssl=1&resize=700%2C400 2x"},"classes":[]},{"id":41754,"url":"https:\/\/noticiasribeiraopreto.com.br\/index.php\/2024\/03\/11\/oppenheimer-e-o-grande-vencedor-no-oscar-2024\/","url_meta":{"origin":40296,"position":1},"title":"&#8220;Oppenheimer&#8221; \u00e9 o grande vencedor no Oscar 2024","author":"noticiasribeiraopreto.com.br","date":"11 de March de 2024","format":false,"excerpt":"11 de mar\u00e7o de 2024 | 9:0011 de mar\u00e7o de 2024 | 8:39 0Com 13 indica\u00e7\u00f5es, Oppenheimer era o favorito na 96\u00aa premia\u00e7\u00e3o do Oscar da Academia de Ci\u00eancias e Artes Cinematogr\u00e1ficas de Hollywood, seguido de Pobres criaturas, indicado para 11 premia\u00e7\u00f5es, e de Barbie, com sete.Ao final da noite,\u2026","rel":"","context":"In &quot;Not\u00edcias de Ribeir\u00e3o Preto-SP e Regi\u00e3o&quot;","block_context":{"text":"Not\u00edcias de Ribeir\u00e3o Preto-SP e Regi\u00e3o","link":"https:\/\/noticiasribeiraopreto.com.br\/index.php\/category\/noticias-de-ribeirao-preto-sp-e-regiao-ismael-colosi\/"},"img":{"alt_text":"","src":"https:\/\/i0.wp.com\/noticiasribeiraopreto.com.br\/wp-content\/uploads\/2024\/03\/f5abe472-053c-4f37-bea6-2bd852aef980-scaled.jpg?fit=967%2C645&ssl=1&resize=350%2C200","width":350,"height":200,"srcset":"https:\/\/i0.wp.com\/noticiasribeiraopreto.com.br\/wp-content\/uploads\/2024\/03\/f5abe472-053c-4f37-bea6-2bd852aef980-scaled.jpg?fit=967%2C645&ssl=1&resize=350%2C200 1x, https:\/\/i0.wp.com\/noticiasribeiraopreto.com.br\/wp-content\/uploads\/2024\/03\/f5abe472-053c-4f37-bea6-2bd852aef980-scaled.jpg?fit=967%2C645&ssl=1&resize=525%2C300 1.5x, https:\/\/i0.wp.com\/noticiasribeiraopreto.com.br\/wp-content\/uploads\/2024\/03\/f5abe472-053c-4f37-bea6-2bd852aef980-scaled.jpg?fit=967%2C645&ssl=1&resize=700%2C400 2x"},"classes":[]},{"id":82896,"url":"https:\/\/noticiasribeiraopreto.com.br\/index.php\/2026\/03\/02\/interdicao-temporaria-altera-transito-na-joao-fiusa-entre-os-dias-3-e-6-de-marco\/","url_meta":{"origin":40296,"position":2},"title":"Interdi\u00e7\u00e3o tempor\u00e1ria altera tr\u00e2nsito na Jo\u00e3o Fi\u00fasa entre os dias 3 e 6 de mar\u00e7o","author":"noticiasribeiraopreto.com.br","date":"2 de March de 2026","format":false,"excerpt":"\r \r \r \r \r 2 de mar\u00e7o de 2026 15:15 \r Compartilhar0 \r A RP Mobi informa que haver\u00e1 interdi\u00e7\u00e3o tempor\u00e1ria de um trecho da pista Bairro\/Centro da Avenida Professor Jo\u00e3o Fi\u00fasa, na altura do Parque Olhos D\u2019\u00c1gua, entre os dias 3 e 6 de mar\u00e7o (ter\u00e7a a quinta-feira),\u2026","rel":"","context":"In &quot;Not\u00edcias de Ribeir\u00e3o Preto-SP e Regi\u00e3o&quot;","block_context":{"text":"Not\u00edcias de Ribeir\u00e3o Preto-SP e Regi\u00e3o","link":"https:\/\/noticiasribeiraopreto.com.br\/index.php\/category\/noticias-de-ribeirao-preto-sp-e-regiao-ismael-colosi\/"},"img":{"alt_text":"","src":"https:\/\/i0.wp.com\/noticiasribeiraopreto.com.br\/wp-content\/uploads\/2026\/03\/WhatsApp-Image-2026-03-02-at-14.55.48-scaled.jpeg?fit=1136%2C780&ssl=1&resize=350%2C200","width":350,"height":200,"srcset":"https:\/\/i0.wp.com\/noticiasribeiraopreto.com.br\/wp-content\/uploads\/2026\/03\/WhatsApp-Image-2026-03-02-at-14.55.48-scaled.jpeg?fit=1136%2C780&ssl=1&resize=350%2C200 1x, https:\/\/i0.wp.com\/noticiasribeiraopreto.com.br\/wp-content\/uploads\/2026\/03\/WhatsApp-Image-2026-03-02-at-14.55.48-scaled.jpeg?fit=1136%2C780&ssl=1&resize=525%2C300 1.5x, https:\/\/i0.wp.com\/noticiasribeiraopreto.com.br\/wp-content\/uploads\/2026\/03\/WhatsApp-Image-2026-03-02-at-14.55.48-scaled.jpeg?fit=1136%2C780&ssl=1&resize=700%2C400 2x, https:\/\/i0.wp.com\/noticiasribeiraopreto.com.br\/wp-content\/uploads\/2026\/03\/WhatsApp-Image-2026-03-02-at-14.55.48-scaled.jpeg?fit=1136%2C780&ssl=1&resize=1050%2C600 3x"},"classes":[]},{"id":41750,"url":"https:\/\/noticiasribeiraopreto.com.br\/index.php\/2024\/03\/11\/trecho-da-visconde-de-inhauma-sera-interditado-por-15-dias\/","url_meta":{"origin":40296,"position":3},"title":"Trecho da Visconde de Inha\u00fama ser\u00e1 interditado por 15 dias","author":"noticiasribeiraopreto.com.br","date":"11 de March de 2024","format":false,"excerpt":"11 de mar\u00e7o de 2024 | 8:0010 de mar\u00e7o de 2024 | 12:44 0Com o andamento das obras do corredor de \u00f4nibus do quadril\u00e1tero Central, a partir das 9h desta segunda-feira, dia 11 de mar\u00e7o, haver\u00e1 a interdi\u00e7\u00e3o total de um trecho da rua Visconde de Inha\u00fama da rua S\u00e3o\u2026","rel":"","context":"In &quot;Not\u00edcias de Ribeir\u00e3o Preto-SP e Regi\u00e3o&quot;","block_context":{"text":"Not\u00edcias de Ribeir\u00e3o Preto-SP e Regi\u00e3o","link":"https:\/\/noticiasribeiraopreto.com.br\/index.php\/category\/noticias-de-ribeirao-preto-sp-e-regiao-ismael-colosi\/"},"img":{"alt_text":"","src":"https:\/\/i0.wp.com\/noticiasribeiraopreto.com.br\/wp-content\/uploads\/2024\/03\/bloqueio-1.jpg?fit=626%2C402&ssl=1&resize=350%2C200","width":350,"height":200,"srcset":"https:\/\/i0.wp.com\/noticiasribeiraopreto.com.br\/wp-content\/uploads\/2024\/03\/bloqueio-1.jpg?fit=626%2C402&ssl=1&resize=350%2C200 1x, https:\/\/i0.wp.com\/noticiasribeiraopreto.com.br\/wp-content\/uploads\/2024\/03\/bloqueio-1.jpg?fit=626%2C402&ssl=1&resize=525%2C300 1.5x"},"classes":[]},{"id":40636,"url":"https:\/\/noticiasribeiraopreto.com.br\/index.php\/2024\/03\/05\/cruzamento-da-lafaiete-com-a-sete-de-setembro-sera-interditado-nesta-terca\/","url_meta":{"origin":40296,"position":4},"title":"Cruzamento da Lafaiete com a Sete de Setembro ser\u00e1 interditado nesta ter\u00e7a","author":"noticiasribeiraopreto.com.br","date":"5 de March de 2024","format":false,"excerpt":"5 de mar\u00e7o de 2024 | 8:304 de mar\u00e7o de 2024 | 17:44 0\u00a0Com o andamento das obras do corredor de \u00f4nibus do quadril\u00e1tero Central, pelo programa Ribeir\u00e3o Mobilidade, a partir das 9h desta ter\u00e7a-feira, dia 5 de mar\u00e7o, haver\u00e1 a interdi\u00e7\u00e3o total do cruzamento da rua Lafaiete com a\u2026","rel":"","context":"In &quot;Not\u00edcias de Ribeir\u00e3o Preto-SP e Regi\u00e3o&quot;","block_context":{"text":"Not\u00edcias de Ribeir\u00e3o Preto-SP e Regi\u00e3o","link":"https:\/\/noticiasribeiraopreto.com.br\/index.php\/category\/noticias-de-ribeirao-preto-sp-e-regiao-ismael-colosi\/"},"img":{"alt_text":"","src":"https:\/\/i0.wp.com\/noticiasribeiraopreto.com.br\/wp-content\/uploads\/2024\/03\/OBRAS-1.png?fit=814%2C515&ssl=1&resize=350%2C200","width":350,"height":200,"srcset":"https:\/\/i0.wp.com\/noticiasribeiraopreto.com.br\/wp-content\/uploads\/2024\/03\/OBRAS-1.png?fit=814%2C515&ssl=1&resize=350%2C200 1x, https:\/\/i0.wp.com\/noticiasribeiraopreto.com.br\/wp-content\/uploads\/2024\/03\/OBRAS-1.png?fit=814%2C515&ssl=1&resize=525%2C300 1.5x, https:\/\/i0.wp.com\/noticiasribeiraopreto.com.br\/wp-content\/uploads\/2024\/03\/OBRAS-1.png?fit=814%2C515&ssl=1&resize=700%2C400 2x"},"classes":[]},{"id":42354,"url":"https:\/\/noticiasribeiraopreto.com.br\/index.php\/2024\/03\/14\/paulo-fiorilo-quer-psicologos-e-assistentes-sociais-nas-escolas-de-sp\/","url_meta":{"origin":40296,"position":5},"title":"Paulo Fiorilo quer psic\u00f3logos e assistentes sociais nas escolas de SP","author":"noticiasribeiraopreto.com.br","date":"14 de March de 2024","format":false,"excerpt":"14 de mar\u00e7o de 2024 | 9:3013 de mar\u00e7o de 2024 | 20:09 0O deputado Paulo Fiorilo (PT), estar\u00e1 em Ribeir\u00e3o Preto s\u00e1bado, dia 16, \u00e0s 20 horas, para participar de v\u00e1rias atividades e visitas a entidades, entre elas, debater com representantes da educa\u00e7\u00e3o seu projeto de lei, aprovado na\u2026","rel":"","context":"In &quot;Not\u00edcias de Ribeir\u00e3o Preto-SP e Regi\u00e3o&quot;","block_context":{"text":"Not\u00edcias de Ribeir\u00e3o Preto-SP e Regi\u00e3o","link":"https:\/\/noticiasribeiraopreto.com.br\/index.php\/category\/noticias-de-ribeirao-preto-sp-e-regiao-ismael-colosi\/"},"img":{"alt_text":"","src":"https:\/\/i0.wp.com\/noticiasribeiraopreto.com.br\/wp-content\/uploads\/2024\/03\/aba98197-5f7d-499b-950d-8bf68b659c74-scaled.jpg?fit=1000%2C480&ssl=1&resize=350%2C200","width":350,"height":200,"srcset":"https:\/\/i0.wp.com\/noticiasribeiraopreto.com.br\/wp-content\/uploads\/2024\/03\/aba98197-5f7d-499b-950d-8bf68b659c74-scaled.jpg?fit=1000%2C480&ssl=1&resize=350%2C200 1x, https:\/\/i0.wp.com\/noticiasribeiraopreto.com.br\/wp-content\/uploads\/2024\/03\/aba98197-5f7d-499b-950d-8bf68b659c74-scaled.jpg?fit=1000%2C480&ssl=1&resize=525%2C300 1.5x, https:\/\/i0.wp.com\/noticiasribeiraopreto.com.br\/wp-content\/uploads\/2024\/03\/aba98197-5f7d-499b-950d-8bf68b659c74-scaled.jpg?fit=1000%2C480&ssl=1&resize=700%2C400 2x"},"classes":[]}],"jetpack_sharing_enabled":true,"jetpack_shortlink":"https:\/\/wp.me\/peQAOb-atW","_links":{"self":[{"href":"https:\/\/noticiasribeiraopreto.com.br\/index.php\/wp-json\/wp\/v2\/posts\/40296","targetHints":{"allow":["GET"]}}],"collection":[{"href":"https:\/\/noticiasribeiraopreto.com.br\/index.php\/wp-json\/wp\/v2\/posts"}],"about":[{"href":"https:\/\/noticiasribeiraopreto.com.br\/index.php\/wp-json\/wp\/v2\/types\/post"}],"author":[{"embeddable":true,"href":"https:\/\/noticiasribeiraopreto.com.br\/index.php\/wp-json\/wp\/v2\/users\/1"}],"replies":[{"embeddable":true,"href":"https:\/\/noticiasribeiraopreto.com.br\/index.php\/wp-json\/wp\/v2\/comments?post=40296"}],"version-history":[{"count":0,"href":"https:\/\/noticiasribeiraopreto.com.br\/index.php\/wp-json\/wp\/v2\/posts\/40296\/revisions"}],"wp:featuredmedia":[{"embeddable":true,"href":"https:\/\/noticiasribeiraopreto.com.br\/index.php\/wp-json\/wp\/v2\/media\/40297"}],"wp:attachment":[{"href":"https:\/\/noticiasribeiraopreto.com.br\/index.php\/wp-json\/wp\/v2\/media?parent=40296"}],"wp:term":[{"taxonomy":"category","embeddable":true,"href":"https:\/\/noticiasribeiraopreto.com.br\/index.php\/wp-json\/wp\/v2\/categories?post=40296"},{"taxonomy":"post_tag","embeddable":true,"href":"https:\/\/noticiasribeiraopreto.com.br\/index.php\/wp-json\/wp\/v2\/tags?post=40296"}],"curies":[{"name":"wp","href":"https:\/\/api.w.org\/{rel}","templated":true}]}}