{"id":40306,"date":"2024-03-02T11:08:47","date_gmt":"2024-03-02T14:08:47","guid":{"rendered":"https:\/\/noticiasribeiraopreto.com.br\/index.php\/2024\/03\/02\/arena-blues-festival-inicia-vendas-de-ingressos-em-ribeirao-preto\/"},"modified":"2024-03-02T11:08:47","modified_gmt":"2024-03-02T14:08:47","slug":"arena-blues-festival-inicia-vendas-de-ingressos-em-ribeirao-preto","status":"publish","type":"post","link":"https:\/\/noticiasribeiraopreto.com.br\/index.php\/2024\/03\/02\/arena-blues-festival-inicia-vendas-de-ingressos-em-ribeirao-preto\/","title":{"rendered":"Arena Blues Festival inicia vendas de ingressos em Ribeir\u00e3o Preto"},"content":{"rendered":"<div class='code-block code-block-1' style='margin: 8px 0 8px auto; text-align: right; display: block; clear: both;'>\n<p><a href=\"https:\/\/wa.link\/vpicfd\"><img data-recalc-dims=\"1\" class=\"wp-image-4922\" style=\"aspect-ratio: 2.0253164556962027; width: 561px; height: auto;\" src=\"https:\/\/i0.wp.com\/ismaelcolosi.com.br\/wp-content\/uploads\/2023\/11\/grupo-de-empregos-whatsapp-e-facebook-ismael-colosi-vagas.jpg?ssl=1\" alt=\"\" \/><\/a><\/p>\n<!-- \/wp:image -->\n<\/div>\n<p> <br \/>\n<\/p>\n<div>\n<p>O<strong> tradicional<\/strong> <strong>Arena Blues Festival<\/strong> anunciou o <strong>retorno <\/strong>de suas atividades, ap\u00f3s uma <strong>pausa<\/strong> de quatro anos. A <strong>edi\u00e7\u00e3o<\/strong> de <strong>2024 <\/strong>acontece nos <strong>dias 3 e 4 de maio<\/strong>, em<strong> Ribeir\u00e3o Preto<\/strong>.<\/p>\n<p><mark style=\"background-color:#fcb900\" class=\"has-inline-color\">Os <strong>ingressos<\/strong> come\u00e7aram a ser vendidos nesta <strong>sexta-feira (1\u00ba)<\/strong> e podem ser adquiridos de forma on-line (<a href=\"https:\/\/www.sympla.com.br\/evento\/arena-blues-festival\/2363519\" target=\"_blank\" rel=\"noreferrer noopener\">clique aqui<\/a>).<\/mark><\/p>\n<p>Neste ano, o <strong>Arena Blues Festival<\/strong> comemora <strong>10 anos<\/strong> de <strong>festival<\/strong> e ser\u00e1 marcado pelo retorno ao local de origem do evento, o <strong>Teatro de Arena Jaime Zeiger<\/strong>, que foi reinaugurado <strong>neste s\u00e1bado (2)<\/strong>, e est\u00e1 localizado no Morro do S\u00e3o Bento.<\/p>\n<p>O <em>line-up <\/em>est\u00e1 sendo divulgada atrav\u00e9s das redes sociais do festival. Entre as atra\u00e7\u00f5es est\u00e3o <strong>Keith Dunn &amp; The Simi Brothers<\/strong>, <strong>Nanda Moura<\/strong>, <strong>Fred Sunwalk<\/strong> e <strong>Deanna Bogart<\/strong>.<\/p>\n<p>Al\u00e9m das apresenta\u00e7\u00f5es, o evento tamb\u00e9m ter\u00e1 uma <strong>\u00e1rea gastron\u00f4mica<\/strong>, comandada pela Cervejaria SP 330.<\/p>\n<h4 class=\"wp-block-heading\"><strong>Confira os valores dos ingressos <\/strong><\/h4>\n<ul>\n<li>R$ 60 \u2013 inteiro (ingressos dispon\u00edveis para o dia 3 ou 4 de maio)<\/li>\n<li>R$ 30 \u2013 meia entrada (ingressos dispon\u00edveis para o dia 3 ou 4 de maio)<\/li>\n<\/ul>\n<p>Vale ressaltar que os <strong>ingressos<\/strong> do primeiro lote s\u00e3o<strong> limitados<\/strong>. De acordo com a organiza\u00e7\u00e3o do evento, todos os ingressos d\u00e3o direito a um copo exclusivo do Arena Blues Festival.<\/p>\n<p>Para maiores informa\u00e7\u00f5es, acesse o site oficial da Blue Bird (<a href=\"https:\/\/www.bluebirdae.com\/\" target=\"_blank\" rel=\"noreferrer noopener\">clique aqui<\/a>).<\/p>\n<h4 class=\"wp-block-heading\"><strong>Servi\u00e7o<\/strong><\/h4>\n<p><em>Arena Blues Festival 2024 | 10 anos<\/em><\/p>\n<p>Quando: dias 03 e 04 de maio\u00a0<\/p>\n<p>Hor\u00e1rio: a partir das 16h<\/p>\n<p>Onde: Teatro de Arena \u2013 pra\u00e7a Alto do S\u00e3o Bento, s\/n\u00ba \u2013 Ribeir\u00e3o Preto<\/p>\n<p>Ingressos: a partir de R$ 30 \u2013 <a href=\"https:\/\/www.sympla.com.br\/evento\/arena-blues-festival\/2363519\" target=\"_blank\" rel=\"noreferrer noopener\">clique aqui para adquirir<\/a><\/p>\n<hr class=\"wp-block-separator has-alpha-channel-opacity\"\/>\n<p>SAIBA MAIS<br \/>Veja como assistir a apresenta\u00e7\u00e3o do Abba The Show em Ribeir\u00e3o Preto<\/p>\n<h4 class=\"wp-block-heading\"><strong><mark style=\"background-color:#fcb900\" class=\"has-inline-color\">FIQUE ON<\/mark><\/strong><\/h4>\n<p>Fique ligado em tudo que acontece em Ribeir\u00e3o Preto e regi\u00e3o. Siga os perfis do <strong>acidade on<\/strong> no <a href=\"https:\/\/www.instagram.com\/acidadeonribeirao\/\" target=\"_blank\" rel=\"noreferrer noopener\">Instagram<\/a> e no <a href=\"https:\/\/www.facebook.com\/acidadeonribeirao\" target=\"_blank\" rel=\"noreferrer noopener\">Facebook<\/a>.<\/p>\n<p>Receba not\u00edcias do acidade on no WhatsApp. Para entrar no grupo, basta <a href=\"https:\/\/chat.whatsapp.com\/Bnv2w66ZT4VDyZW3oiZ69n\" target=\"_blank\" rel=\"noreferrer noopener\">clicar aqui<\/a>.<\/p>\n<p>Fa\u00e7a uma den\u00fancia ou sugira uma reportagem sobre Ribeir\u00e3o Preto e regi\u00e3o pelo WhatsApp: 16 99117 7802.<\/p>\n<p>VEJA TAMB\u00c9M<br \/>BBB 24: Wanessa relembra namoro com Leandro do KLB<\/p>\n<p><!-- AI CONTENT END 1 -->\n<\/div>\n<p><script async src=\"\/\/www.instagram.com\/embed.js\"><\/script><br \/>\n<br \/><br \/>\n<br \/><a href=\"https:\/\/www.acidadeon.com\/ribeiraopreto\/lazer-e-cultura\/arena-blues-festival-inicia-vendas-de-ingressos-em-ribeirao-preto\/\">Source link <\/a><\/p>\n<!-- CONTENT END 1 -->\n","protected":false},"excerpt":{"rendered":"<p>O tradicional Arena Blues Festival anunciou o retorno de suas atividades, ap\u00f3s uma pausa de quatro anos. A edi\u00e7\u00e3o de 2024 acontece nos dias 3&#8230;<\/p>\n","protected":false},"author":1,"featured_media":40307,"comment_status":"open","ping_status":"open","sticky":false,"template":"","format":"standard","meta":{"advanced_seo_description":"","jetpack_seo_html_title":"","jetpack_seo_noindex":false,"jetpack_post_was_ever_published":false,"_jetpack_newsletter_access":"","_jetpack_dont_email_post_to_subs":false,"_jetpack_newsletter_tier_id":0,"_jetpack_memberships_contains_paywalled_content":false,"_jetpack_memberships_contains_paid_content":false,"footnotes":"","jetpack_publicize_message":"","jetpack_publicize_feature_enabled":true,"jetpack_social_post_already_shared":true,"jetpack_social_options":{"image_generator_settings":{"template":"highway","default_image_id":0,"font":"","enabled":false},"version":2}},"categories":[11],"tags":[],"class_list":["post-40306","post","type-post","status-publish","format-standard","has-post-thumbnail","hentry","category-noticias-de-ribeirao-preto-sp-e-regiao-ismael-colosi"],"jetpack_publicize_connections":[],"jetpack_featured_media_url":"https:\/\/i0.wp.com\/noticiasribeiraopreto.com.br\/wp-content\/uploads\/2024\/03\/Copia-de-Copia-de-TAMANHO-EXATO-PARA-FOTOS-NO-SISTEMA-NOVO-3.jpg?fit=1200%2C675&ssl=1","jetpack-related-posts":[{"id":48223,"url":"https:\/\/noticiasribeiraopreto.com.br\/index.php\/2024\/05\/01\/festival-de-blues-em-ribeirao-preto-acontece-neste-final-de-semana-veja-a-programacao\/","url_meta":{"origin":40306,"position":0},"title":"Festival de blues em Ribeir\u00e3o Preto acontece neste final de semana; Veja a programa\u00e7\u00e3o","author":"noticiasribeiraopreto.com.br","date":"1 de May de 2024","format":false,"excerpt":"Nos dias 3 (sexta-feira) e 4 (s\u00e1bado), o Teatro de Arena de Ribeir\u00e3o Preto recebe o Arena Blues Festival, a partir das 16h. O evento retorna ap\u00f3s uma longa pausa de 10 anos. O guitarrista Fred Sunwalk est\u00e1 entre as atra\u00e7\u00f5es. No\u00a0segundo dia do evento, o festival far\u00e1 uma\u00a0homenagem\u00a0as\u00a0mulheres no\u2026","rel":"","context":"In &quot;Not\u00edcias de Ribeir\u00e3o Preto-SP e Regi\u00e3o&quot;","block_context":{"text":"Not\u00edcias de Ribeir\u00e3o Preto-SP e Regi\u00e3o","link":"https:\/\/noticiasribeiraopreto.com.br\/index.php\/category\/noticias-de-ribeirao-preto-sp-e-regiao-ismael-colosi\/"},"img":{"alt_text":"","src":"https:\/\/i0.wp.com\/noticiasribeiraopreto.com.br\/wp-content\/uploads\/2024\/05\/Nanda-Moura-Creditos-Andre-Velozo-001_2024-04-30_12-29-12_jpg.webp.webp?fit=900%2C600&ssl=1&resize=350%2C200","width":350,"height":200,"srcset":"https:\/\/i0.wp.com\/noticiasribeiraopreto.com.br\/wp-content\/uploads\/2024\/05\/Nanda-Moura-Creditos-Andre-Velozo-001_2024-04-30_12-29-12_jpg.webp.webp?fit=900%2C600&ssl=1&resize=350%2C200 1x, https:\/\/i0.wp.com\/noticiasribeiraopreto.com.br\/wp-content\/uploads\/2024\/05\/Nanda-Moura-Creditos-Andre-Velozo-001_2024-04-30_12-29-12_jpg.webp.webp?fit=900%2C600&ssl=1&resize=525%2C300 1.5x, https:\/\/i0.wp.com\/noticiasribeiraopreto.com.br\/wp-content\/uploads\/2024\/05\/Nanda-Moura-Creditos-Andre-Velozo-001_2024-04-30_12-29-12_jpg.webp.webp?fit=900%2C600&ssl=1&resize=700%2C400 2x"},"classes":[]},{"id":54997,"url":"https:\/\/noticiasribeiraopreto.com.br\/index.php\/2024\/07\/27\/beatles-cordel-kiko-loureiro-e-festival-no-arena-veja-o-que-fazer-em-ribeirao-preto\/","url_meta":{"origin":40306,"position":1},"title":"Beatles Cordel, Kiko Loureiro e festival no Arena: Veja o que fazer em Ribeir\u00e3o Preto","author":"noticiasribeiraopreto.com.br","date":"27 de July de 2024","format":false,"excerpt":"O final de semana conta com op\u00e7\u00f5es para quem gosta de Beatles em Ribeir\u00e3o Preto. Tamb\u00e9m h\u00e1 op\u00e7\u00f5es para ver o guitarrista Kiko Loureiro e o festival de diversidade religiosa no Teatro de Arena. Confira o que fazer em Ribeir\u00e3o Preto no final de semana: Beatles Cordel O Beatles Cordel\u2026","rel":"","context":"In &quot;Not\u00edcias de Ribeir\u00e3o Preto-SP e Regi\u00e3o&quot;","block_context":{"text":"Not\u00edcias de Ribeir\u00e3o Preto-SP e Regi\u00e3o","link":"https:\/\/noticiasribeiraopreto.com.br\/index.php\/category\/noticias-de-ribeirao-preto-sp-e-regiao-ismael-colosi\/"},"img":{"alt_text":"","src":"https:\/\/i0.wp.com\/noticiasribeiraopreto.com.br\/wp-content\/uploads\/2024\/07\/beatles-cordel_2024-07-26_16-42-40_jpg_2024-07-26_16-42-40.webp.webp?fit=970%2C647&ssl=1&resize=350%2C200","width":350,"height":200,"srcset":"https:\/\/i0.wp.com\/noticiasribeiraopreto.com.br\/wp-content\/uploads\/2024\/07\/beatles-cordel_2024-07-26_16-42-40_jpg_2024-07-26_16-42-40.webp.webp?fit=970%2C647&ssl=1&resize=350%2C200 1x, https:\/\/i0.wp.com\/noticiasribeiraopreto.com.br\/wp-content\/uploads\/2024\/07\/beatles-cordel_2024-07-26_16-42-40_jpg_2024-07-26_16-42-40.webp.webp?fit=970%2C647&ssl=1&resize=525%2C300 1.5x, https:\/\/i0.wp.com\/noticiasribeiraopreto.com.br\/wp-content\/uploads\/2024\/07\/beatles-cordel_2024-07-26_16-42-40_jpg_2024-07-26_16-42-40.webp.webp?fit=970%2C647&ssl=1&resize=700%2C400 2x"},"classes":[]},{"id":51740,"url":"https:\/\/noticiasribeiraopreto.com.br\/index.php\/2024\/05\/29\/ribeirao-preto-tem-festival-de-cerveja-artesanal-com-food-trucks-e-musica-veja-quando\/","url_meta":{"origin":40306,"position":2},"title":"Ribeir\u00e3o Preto tem festival de cerveja artesanal com food trucks e m\u00fasica; Veja quando","author":"noticiasribeiraopreto.com.br","date":"29 de May de 2024","format":false,"excerpt":"A 3\u00aa edi\u00e7\u00e3o do Craft Beer, festival de cervejas artesanais em Ribeir\u00e3o Preto, acontece neste s\u00e1bado (1\u00ba) e domingo (2), no Teatro de Arena do mun\u00edcipio. Ser\u00e3o mais de 80 r\u00f3tulos de cerveja artesanal, food trucks e diversas atra\u00e7\u00f5es que somam 16 horas de m\u00fasica. O line-up de shows do\u2026","rel":"","context":"In &quot;Not\u00edcias de Ribeir\u00e3o Preto-SP e Regi\u00e3o&quot;","block_context":{"text":"Not\u00edcias de Ribeir\u00e3o Preto-SP e Regi\u00e3o","link":"https:\/\/noticiasribeiraopreto.com.br\/index.php\/category\/noticias-de-ribeirao-preto-sp-e-regiao-ismael-colosi\/"},"img":{"alt_text":"","src":"https:\/\/i0.wp.com\/noticiasribeiraopreto.com.br\/wp-content\/uploads\/2024\/05\/chopp_cerveja_1024x576_15102020113247.jpg?fit=1024%2C576&ssl=1&resize=350%2C200","width":350,"height":200,"srcset":"https:\/\/i0.wp.com\/noticiasribeiraopreto.com.br\/wp-content\/uploads\/2024\/05\/chopp_cerveja_1024x576_15102020113247.jpg?fit=1024%2C576&ssl=1&resize=350%2C200 1x, https:\/\/i0.wp.com\/noticiasribeiraopreto.com.br\/wp-content\/uploads\/2024\/05\/chopp_cerveja_1024x576_15102020113247.jpg?fit=1024%2C576&ssl=1&resize=525%2C300 1.5x, https:\/\/i0.wp.com\/noticiasribeiraopreto.com.br\/wp-content\/uploads\/2024\/05\/chopp_cerveja_1024x576_15102020113247.jpg?fit=1024%2C576&ssl=1&resize=700%2C400 2x"},"classes":[]},{"id":65652,"url":"https:\/\/noticiasribeiraopreto.com.br\/index.php\/2025\/03\/22\/tutu-fest-teatro-de-arena-de-ribeirao-preto-recebe-festival-de-djs\/","url_meta":{"origin":40306,"position":3},"title":"Tutu Fest: Teatro de Arena de Ribeir\u00e3o Preto recebe festival de DJs","author":"noticiasribeiraopreto.com.br","date":"22 de March de 2025","format":false,"excerpt":"O Teatro de Arena de Ribeir\u00e3o Preto ser\u00e1 palco da 2\u00aa edi\u00e7\u00e3o do Tutu Djs Fest, que acontece no dia 5 de abril, das 15h \u00e0s 22h. O evento re\u00fane DJs que exploram diferentes t\u00e9cnicas e formatos de reprodu\u00e7\u00e3o musical e variados g\u00eaneros musicais. Realizado pelo coletivo Tutu DJs, que\u2026","rel":"","context":"In &quot;Not\u00edcias de Ribeir\u00e3o Preto-SP e Regi\u00e3o&quot;","block_context":{"text":"Not\u00edcias de Ribeir\u00e3o Preto-SP e Regi\u00e3o","link":"https:\/\/noticiasribeiraopreto.com.br\/index.php\/category\/noticias-de-ribeirao-preto-sp-e-regiao-ismael-colosi\/"},"img":{"alt_text":"","src":"https:\/\/i0.wp.com\/noticiasribeiraopreto.com.br\/wp-content\/uploads\/2025\/03\/Copia-de-Copia-de-Copia-de-TAMANHO-EXATO-PARA-FOTOS-NO-SISTEMA-NOVO-31_2025-03-22_17-39-52_jpg_2025-03-22_17-39-52.webp.webp?fit=1200%2C675&ssl=1&resize=350%2C200","width":350,"height":200,"srcset":"https:\/\/i0.wp.com\/noticiasribeiraopreto.com.br\/wp-content\/uploads\/2025\/03\/Copia-de-Copia-de-Copia-de-TAMANHO-EXATO-PARA-FOTOS-NO-SISTEMA-NOVO-31_2025-03-22_17-39-52_jpg_2025-03-22_17-39-52.webp.webp?fit=1200%2C675&ssl=1&resize=350%2C200 1x, https:\/\/i0.wp.com\/noticiasribeiraopreto.com.br\/wp-content\/uploads\/2025\/03\/Copia-de-Copia-de-Copia-de-TAMANHO-EXATO-PARA-FOTOS-NO-SISTEMA-NOVO-31_2025-03-22_17-39-52_jpg_2025-03-22_17-39-52.webp.webp?fit=1200%2C675&ssl=1&resize=525%2C300 1.5x, https:\/\/i0.wp.com\/noticiasribeiraopreto.com.br\/wp-content\/uploads\/2025\/03\/Copia-de-Copia-de-Copia-de-TAMANHO-EXATO-PARA-FOTOS-NO-SISTEMA-NOVO-31_2025-03-22_17-39-52_jpg_2025-03-22_17-39-52.webp.webp?fit=1200%2C675&ssl=1&resize=700%2C400 2x, https:\/\/i0.wp.com\/noticiasribeiraopreto.com.br\/wp-content\/uploads\/2025\/03\/Copia-de-Copia-de-Copia-de-TAMANHO-EXATO-PARA-FOTOS-NO-SISTEMA-NOVO-31_2025-03-22_17-39-52_jpg_2025-03-22_17-39-52.webp.webp?fit=1200%2C675&ssl=1&resize=1050%2C600 3x"},"classes":[]},{"id":63703,"url":"https:\/\/noticiasribeiraopreto.com.br\/index.php\/2025\/02\/19\/arena-blues-festival-divulga-programacao-completa-da-9a-edicao-em-ribeirao-preto\/","url_meta":{"origin":40306,"position":4},"title":"Arena Blues Festival divulga programa\u00e7\u00e3o completa da 9\u00aa edi\u00e7\u00e3o em Ribeir\u00e3o Preto","author":"noticiasribeiraopreto.com.br","date":"19 de February de 2025","format":false,"excerpt":"Nesta quarta-feira (19), foi divulgada a programa\u00e7\u00e3o completa da 9\u00aa edi\u00e7\u00e3o do Arena Blues Festival, em\u00a0Ribeir\u00e3o Preto. O evento vai acontecer nos dias\u00a016 e 17 de maio, no\u00a0Teatro de Arena\u00a0Jaime Zeiger, no\u00a0Morro do S\u00e3o Bento. Confira: 16 de maioFred SunwalkCamila Kerr & Grupo P\u00f3 de Caf\u00e9Arena Jazz BandKilla Sounds Djs\u2026","rel":"","context":"In &quot;Not\u00edcias de Ribeir\u00e3o Preto-SP e Regi\u00e3o&quot;","block_context":{"text":"Not\u00edcias de Ribeir\u00e3o Preto-SP e Regi\u00e3o","link":"https:\/\/noticiasribeiraopreto.com.br\/index.php\/category\/noticias-de-ribeirao-preto-sp-e-regiao-ismael-colosi\/"},"img":{"alt_text":"","src":"https:\/\/i0.wp.com\/noticiasribeiraopreto.com.br\/wp-content\/uploads\/2025\/02\/WhatsApp-Image-2025-02-10-at-11.11.33_2025-02-10_16-25-17_jpeg_2025-02-10_16-25-18.webp.webp?fit=1200%2C675&ssl=1&resize=350%2C200","width":350,"height":200,"srcset":"https:\/\/i0.wp.com\/noticiasribeiraopreto.com.br\/wp-content\/uploads\/2025\/02\/WhatsApp-Image-2025-02-10-at-11.11.33_2025-02-10_16-25-17_jpeg_2025-02-10_16-25-18.webp.webp?fit=1200%2C675&ssl=1&resize=350%2C200 1x, https:\/\/i0.wp.com\/noticiasribeiraopreto.com.br\/wp-content\/uploads\/2025\/02\/WhatsApp-Image-2025-02-10-at-11.11.33_2025-02-10_16-25-17_jpeg_2025-02-10_16-25-18.webp.webp?fit=1200%2C675&ssl=1&resize=525%2C300 1.5x, https:\/\/i0.wp.com\/noticiasribeiraopreto.com.br\/wp-content\/uploads\/2025\/02\/WhatsApp-Image-2025-02-10-at-11.11.33_2025-02-10_16-25-17_jpeg_2025-02-10_16-25-18.webp.webp?fit=1200%2C675&ssl=1&resize=700%2C400 2x, https:\/\/i0.wp.com\/noticiasribeiraopreto.com.br\/wp-content\/uploads\/2025\/02\/WhatsApp-Image-2025-02-10-at-11.11.33_2025-02-10_16-25-17_jpeg_2025-02-10_16-25-18.webp.webp?fit=1200%2C675&ssl=1&resize=1050%2C600 3x"},"classes":[]},{"id":84369,"url":"https:\/\/noticiasribeiraopreto.com.br\/index.php\/2026\/04\/08\/festival-de-blues-em-ribeirao-aposta-em-atracoes-internacionais-e-tres-palcos-veja-programacao\/","url_meta":{"origin":40306,"position":5},"title":"Festival de blues em Ribeir\u00e3o aposta em atra\u00e7\u00f5es internacionais e tr\u00eas palcos; Veja programa\u00e7\u00e3o","author":"noticiasribeiraopreto.com.br","date":"8 de April de 2026","format":false,"excerpt":"Ler o resumo da not\u00edcia Arena Blues Festival chega \u00e0 10\u00aa edi\u00e7\u00e3o em Ribeir\u00e3o Preto nos dias 8 e 9 de maio, das 16h \u00e0s 22h, no Teatro de Arena Jaime Zeiger. Principais atra\u00e7\u00f5es s\u00e3o a cantor norte-americana Tia Carroll e o organista austr\u00edaco Raphael Wressnig. Os artistas se apresentam\u2026","rel":"","context":"In &quot;Not\u00edcias de Ribeir\u00e3o Preto-SP e Regi\u00e3o&quot;","block_context":{"text":"Not\u00edcias de Ribeir\u00e3o Preto-SP e Regi\u00e3o","link":"https:\/\/noticiasribeiraopreto.com.br\/index.php\/category\/noticias-de-ribeirao-preto-sp-e-regiao-ismael-colosi\/"},"img":{"alt_text":"","src":"https:\/\/i0.wp.com\/noticiasribeiraopreto.com.br\/wp-content\/uploads\/2026\/04\/domingo-10_2026-04-08_14-20-27.webp.webp?fit=1200%2C675&ssl=1&resize=350%2C200","width":350,"height":200,"srcset":"https:\/\/i0.wp.com\/noticiasribeiraopreto.com.br\/wp-content\/uploads\/2026\/04\/domingo-10_2026-04-08_14-20-27.webp.webp?fit=1200%2C675&ssl=1&resize=350%2C200 1x, https:\/\/i0.wp.com\/noticiasribeiraopreto.com.br\/wp-content\/uploads\/2026\/04\/domingo-10_2026-04-08_14-20-27.webp.webp?fit=1200%2C675&ssl=1&resize=525%2C300 1.5x, https:\/\/i0.wp.com\/noticiasribeiraopreto.com.br\/wp-content\/uploads\/2026\/04\/domingo-10_2026-04-08_14-20-27.webp.webp?fit=1200%2C675&ssl=1&resize=700%2C400 2x, https:\/\/i0.wp.com\/noticiasribeiraopreto.com.br\/wp-content\/uploads\/2026\/04\/domingo-10_2026-04-08_14-20-27.webp.webp?fit=1200%2C675&ssl=1&resize=1050%2C600 3x"},"classes":[]}],"jetpack_sharing_enabled":true,"jetpack_shortlink":"https:\/\/wp.me\/peQAOb-au6","_links":{"self":[{"href":"https:\/\/noticiasribeiraopreto.com.br\/index.php\/wp-json\/wp\/v2\/posts\/40306","targetHints":{"allow":["GET"]}}],"collection":[{"href":"https:\/\/noticiasribeiraopreto.com.br\/index.php\/wp-json\/wp\/v2\/posts"}],"about":[{"href":"https:\/\/noticiasribeiraopreto.com.br\/index.php\/wp-json\/wp\/v2\/types\/post"}],"author":[{"embeddable":true,"href":"https:\/\/noticiasribeiraopreto.com.br\/index.php\/wp-json\/wp\/v2\/users\/1"}],"replies":[{"embeddable":true,"href":"https:\/\/noticiasribeiraopreto.com.br\/index.php\/wp-json\/wp\/v2\/comments?post=40306"}],"version-history":[{"count":0,"href":"https:\/\/noticiasribeiraopreto.com.br\/index.php\/wp-json\/wp\/v2\/posts\/40306\/revisions"}],"wp:featuredmedia":[{"embeddable":true,"href":"https:\/\/noticiasribeiraopreto.com.br\/index.php\/wp-json\/wp\/v2\/media\/40307"}],"wp:attachment":[{"href":"https:\/\/noticiasribeiraopreto.com.br\/index.php\/wp-json\/wp\/v2\/media?parent=40306"}],"wp:term":[{"taxonomy":"category","embeddable":true,"href":"https:\/\/noticiasribeiraopreto.com.br\/index.php\/wp-json\/wp\/v2\/categories?post=40306"},{"taxonomy":"post_tag","embeddable":true,"href":"https:\/\/noticiasribeiraopreto.com.br\/index.php\/wp-json\/wp\/v2\/tags?post=40306"}],"curies":[{"name":"wp","href":"https:\/\/api.w.org\/{rel}","templated":true}]}}