{"id":40412,"date":"2024-03-03T14:15:22","date_gmt":"2024-03-03T17:15:22","guid":{"rendered":"https:\/\/noticiasribeiraopreto.com.br\/index.php\/2024\/03\/03\/o-maior-lago-do-mundo-e-usp-no-guinness-book\/"},"modified":"2024-03-03T14:15:22","modified_gmt":"2024-03-03T17:15:22","slug":"o-maior-lago-do-mundo-e-usp-no-guinness-book","status":"publish","type":"post","link":"https:\/\/noticiasribeiraopreto.com.br\/index.php\/2024\/03\/03\/o-maior-lago-do-mundo-e-usp-no-guinness-book\/","title":{"rendered":"O maior lago do mundo e USP no Guinness Book\u00a0"},"content":{"rendered":"<div class='code-block code-block-1' style='margin: 8px 0 8px auto; text-align: right; display: block; clear: both;'>\n<p><a href=\"https:\/\/wa.link\/vpicfd\"><img data-recalc-dims=\"1\" class=\"wp-image-4922\" style=\"aspect-ratio: 2.0253164556962027; width: 561px; height: auto;\" src=\"https:\/\/i0.wp.com\/ismaelcolosi.com.br\/wp-content\/uploads\/2023\/11\/grupo-de-empregos-whatsapp-e-facebook-ismael-colosi-vagas.jpg?ssl=1\" alt=\"\" \/><\/a><\/p>\n<!-- \/wp:image -->\n<\/div>\n<p> <br \/>\n<\/p>\n<div>\n<p><span data-contrast=\"auto\">Uma pesquisa in\u00e9dita sobre um megalago, que se estendia do leste das montanhas dos Alpes at\u00e9 as regi\u00f5es hoje anexadas ao Cazaquist\u00e3o, fez a Universidade de S\u00e3o Paulo (USP) entrar, pela primeira vez, para o Livro dos Recordes, o Guinness World Records 2024. O reconhecimento veio ap\u00f3s a descoberta do gigantesco corpo de \u00e1gua chamado Paratethys, que existiu h\u00e1 aproximadamente onze milh\u00f5es de anos, no continente Europeu. Este fen\u00f4meno geogr\u00e1fico passou a ser chamado oficialmente de \u2018O maior lago de todos os tempos\u2019, gra\u00e7as a recentes pesquisas lideradas pelo cientista Dan Palcu, com uma equipe de pesquisadores do Instituto Oceanogr\u00e1fico da USP e colaboradores.<\/span><span data-ccp-props=\"{&quot;201341983&quot;:0,&quot;335559739&quot;:0,&quot;335559740&quot;:240}\">\u00a0<\/span><\/p>\n<p><span data-contrast=\"auto\">O time de pesquisadores, liderado por Palcu, doutor em Geoci\u00eancias, revelou as dimens\u00f5es impressionantes do megalago, em um estudo publicado em junho de 2021, com o apoio da ag\u00eancia FAPESP. A fim de dimensionar a relev\u00e2ncia desse acidente geogr\u00e1fico foi utilizada uma t\u00e9cnica magneto-estratigrafia, que utiliza as invers\u00f5es de polaridade do campo magn\u00e9tico da Terra nas rochas como uma ferramenta de data\u00e7\u00e3o e reconstru\u00e7\u00f5es paleogeogr\u00e1ficas digitalizadas. A partir da aplica\u00e7\u00e3o desse m\u00e9todo cient\u00edfico, Palcu e sua equipe conseguiram determinar \u2013 com precis\u00e3o \u2013 o tamanho e o volume do Paratethys.<\/span><span data-ccp-props=\"{&quot;201341983&quot;:0,&quot;335559739&quot;:0,&quot;335559740&quot;:240}\">\u00a0<\/span><\/p>\n<p><span data-contrast=\"auto\">Os resultados mostram que o Paratethys abrangia uma \u00e1rea colossal de aproximadamente 2,8 milh\u00f5es de quil\u00f4metros quadrados, preenchida com mais de 1,8 milh\u00e3o de quil\u00f4metros c\u00fabicos de \u00e1gua salobra. Esse volume \u00e9 mais de dez vezes superior ao combinado de todos os lagos atuais de \u00e1gua doce e salgada no mundo hoje.<\/span><span data-ccp-props=\"{&quot;201341983&quot;:0,&quot;335559739&quot;:0,&quot;335559740&quot;:240}\">\u00a0<\/span><\/p>\n<p><span data-contrast=\"auto\">\u201cDurante muito tempo, acreditou-se que ali existia um mar pr\u00e9-hist\u00f3rico, conhecido como Mar S\u00e1rmata. Agora, temos evid\u00eancias de que, ao longo de cinco milh\u00f5es de anos, este mar tornou-se um lago isolado do oceano e cheio de animais nunca vistos em outros lugares ao redor do globo\u201d, revela Palcu.<\/span><span data-ccp-props=\"{&quot;201341983&quot;:0,&quot;335559739&quot;:0,&quot;335559740&quot;:240}\">\u00a0<\/span><\/p>\n<p><span data-contrast=\"auto\">O extraordin\u00e1rio megalago Paratethys abrigava uma fauna end\u00eamica \u00fanica, incluindo a Cetotherium riabinini, a menor baleia j\u00e1 registrada. Outro fato curioso \u00e9 a presen\u00e7a de botos \u2013 similares aos botos da Amaz\u00f4nia, que assim como no Brasil, eram golfinhos que ficaram presos no lago quando a conex\u00e3o com o mar terminou. A equipe de Palcu revelou as fascinantes caracter\u00edsticas dessa fauna e ainda a hist\u00f3ria turbulenta do Paratethys, marcada por crises hidrol\u00f3gicas e per\u00edodos de seca.<\/span><span data-ccp-props=\"{&quot;201341983&quot;:0,&quot;335559739&quot;:0,&quot;335559740&quot;:240}\">\u00a0<\/span><\/p>\n<p><span data-contrast=\"auto\">Durante a crise mais severa, o megalago sofreu uma redu\u00e7\u00e3o de mais de dois ter\u00e7os da sua extens\u00e3o e um ter\u00e7o do seu volume, com a queda do n\u00edvel da \u00e1gua em at\u00e9 250 metros. Essa transforma\u00e7\u00e3o teve um impacto devastador na fauna, resultando na extin\u00e7\u00e3o de muitas esp\u00e9cies.<\/span><span data-ccp-props=\"{&quot;201341983&quot;:0,&quot;335559739&quot;:0,&quot;335559740&quot;:240}\">\u00a0<\/span><\/p>\n<p><span data-contrast=\"auto\">O cientista enfatiza o significado de sua pesquisa para diferentes \u00e1reas do saber: \u201cNossas investiga\u00e7\u00f5es v\u00e3o al\u00e9m da simples curiosidade. Elas revelam um ecossistema que responde de forma extremamente aguda \u00e0s flutua\u00e7\u00f5es clim\u00e1ticas. Ao explorar os cataclismos que este antigo megalago sofreu, como resultado das altera\u00e7\u00f5es clim\u00e1ticas, obtemos informa\u00e7\u00f5es valiosas que podem elucidar potenciais crises ecol\u00f3gicas. \u00c9 uma forma de entender as crises desencadeadas por mudan\u00e7as no clima pelas quais o nosso planeta atravessa atualmente, possibilitando descobertas sobre a estabilidade de bacias de \u00e1guas t\u00f3xicas como o Mar Negro\u201d, confessa.<\/span><span data-ccp-props=\"{&quot;201341983&quot;:0,&quot;335559739&quot;:0,&quot;335559740&quot;:240}\">\u00a0<\/span><\/p>\n<p><b><span data-contrast=\"auto\">Pesquisa para combater o Efeito Estufa Global<\/span><\/b><span data-ccp-props=\"{&quot;201341983&quot;:0,&quot;335559739&quot;:0,&quot;335559740&quot;:240}\">\u00a0<\/span><\/p>\n<p><span data-contrast=\"auto\">Palcu explica que o Mar Negro moderno \u00e9 um reflexo de v\u00e1rias caracter\u00edsticas ambientais do antigo hom\u00f3logo, o Paratethys. As profundezas do Mar Negro, em grande parte carentes de oxig\u00eanio essencial para a vida, apresentam \u00e1guas abundantemente carregadas com sulfureto de hidrog\u00e9nio, um g\u00e1s t\u00f3xico prejudicial tanto para os seres humanos como para a maioria das esp\u00e9cies animais.<\/span><span data-ccp-props=\"{&quot;201341983&quot;:0,&quot;335559739&quot;:0,&quot;335559740&quot;:240}\">\u00a0<\/span><\/p>\n<p><span data-contrast=\"auto\">Al\u00e9m disso, os sedimentos do Mar Negro abrigam metano congelado, um g\u00e1s de efeito estufa extremamente potente, que pode ser liberado na atmosfera em resposta ao aquecimento global, desencadeando uma s\u00e9rie de cat\u00e1strofes ambientais. Palcu, que atualmente investiga a resili\u00eancia destas regi\u00f5es ecologicamente fr\u00e1geis, diante das mudan\u00e7as clim\u00e1ticas e das altera\u00e7\u00f5es provocadas pelo homem, destaca que desvendar a hist\u00f3ria do Paratethys n\u00e3o \u00e9 apenas uma jornada para um passado tr\u00e1gico, mas tamb\u00e9m uma luz de esperan\u00e7a para o futuro. \u201cO Mar Negro tem potencial para se tornar uma das maiores regi\u00f5es naturais de armazenamento de carbono da Terra. A sua estabilidade \u00e9 de suma import\u00e2ncia para desbloquear a sua capacidade para futuras iniciativas de armazenamento de carbono e para prevenir futuros desastres ecol\u00f3gicos\u201d, conclui.<\/span><span data-ccp-props=\"{&quot;201341983&quot;:0,&quot;335559739&quot;:0,&quot;335559740&quot;:240}\">\u00a0<\/span><\/p>\n<p><b><span data-contrast=\"auto\">Inspira\u00e7\u00e3o para as futuras gera\u00e7\u00f5es: uma jornada na explora\u00e7\u00e3o cient\u00edfica<\/span><\/b><span data-ccp-props=\"{&quot;201341983&quot;:0,&quot;335559739&quot;:0,&quot;335559740&quot;:240}\">\u00a0<\/span><\/p>\n<p><span data-contrast=\"auto\">O Dr. Dan Palcu refor\u00e7a que a Pesquisa da USP pode servir de inspira\u00e7\u00e3o para novas gera\u00e7\u00f5es de futuros cientistas, impulsionados pela fascinante miss\u00e3o de preserva\u00e7\u00e3o do planeta. \u201cAtualmente, estou ativamente envolvido em orientar jovens pesquisadores brasileiros que se especializam no Reino Unido e na Holanda para estudar os megalagos do Pr\u00e9-Sal, o Paratethys e os lagos do leste da \u00c1frica. \u00c9 uma forma de entender a evolu\u00e7\u00e3o humana, a partir de investiga\u00e7\u00f5es sobre um antigo megalago que existiu no sul do Brasil antes da era dos dinossauros\u201d, contou.<\/span><span data-ccp-props=\"{&quot;201341983&quot;:0,&quot;335559739&quot;:0,&quot;335559740&quot;:240}\">\u00a0<\/span><\/p>\n<p><span data-ccp-props=\"{&quot;201341983&quot;:0,&quot;335559739&quot;:0,&quot;335559740&quot;:240}\">\u00a0<\/span><\/p>\n<p><span data-ccp-props=\"{&quot;201341983&quot;:0,&quot;335559739&quot;:0,&quot;335559740&quot;:240}\">\u00a0<\/span><\/p>\n<p>\u00a0<\/p>\n<\/div>\n<p><br \/>\n<br \/><a href=\"https:\/\/www.tribunaribeirao.com.br\/site\/o-maior-lago-do-mundo-e-usp-no-guinness-book\/\">Source link <\/a><\/p>\n<!-- CONTENT END 1 -->\n","protected":false},"excerpt":{"rendered":"<p>Uma pesquisa in\u00e9dita sobre um megalago, que se estendia do leste das montanhas dos Alpes at\u00e9 as regi\u00f5es hoje anexadas ao Cazaquist\u00e3o, fez a Universidade&#8230;<\/p>\n","protected":false},"author":1,"featured_media":40413,"comment_status":"open","ping_status":"open","sticky":false,"template":"","format":"standard","meta":{"advanced_seo_description":"","jetpack_seo_html_title":"","jetpack_seo_noindex":false,"jetpack_post_was_ever_published":false,"_jetpack_newsletter_access":"","_jetpack_dont_email_post_to_subs":false,"_jetpack_newsletter_tier_id":0,"_jetpack_memberships_contains_paywalled_content":false,"_jetpack_memberships_contains_paid_content":false,"footnotes":"","jetpack_publicize_message":"","jetpack_publicize_feature_enabled":true,"jetpack_social_post_already_shared":true,"jetpack_social_options":{"image_generator_settings":{"template":"highway","default_image_id":0,"font":"","enabled":false},"version":2}},"categories":[11],"tags":[4708,4707,4706,201,798,872],"class_list":["post-40412","post","type-post","status-publish","format-standard","has-post-thumbnail","hentry","category-noticias-de-ribeirao-preto-sp-e-regiao-ismael-colosi","tag-book","tag-guinness","tag-lago","tag-maior","tag-mundo","tag-usp"],"jetpack_publicize_connections":[],"jetpack_featured_media_url":"https:\/\/i0.wp.com\/noticiasribeiraopreto.com.br\/wp-content\/uploads\/2024\/03\/Bulgaria-paleo-reefs-and-crisis-02-scaled.jpg?fit=1000%2C303&ssl=1","jetpack-related-posts":[{"id":58321,"url":"https:\/\/noticiasribeiraopreto.com.br\/index.php\/2024\/09\/24\/conheca-o-pesquisador-de-ribeirao-que-esta-entre-os-mais-influentes-do-mundo\/","url_meta":{"origin":40412,"position":0},"title":"Conhe\u00e7a o pesquisador de Ribeir\u00e3o que est\u00e1 entre os mais influentes do mundo","author":"noticiasribeiraopreto.com.br","date":"24 de September de 2024","format":false,"excerpt":"O pesquisador Rodrigo Calado, da Faculdade de Medicina de Ribeir\u00e3o Preto da Universidade de S\u00e3o Paulo (FMRP-USP) integra a lista dos pesquisadores mais influentes do mundo. O levantamento \u00e9 publicado todos os anos pelo pesquisador John Ioannidis, da Universidade Stanford (EUA), em parceria com Elsevier, maior editora cient\u00edfica do mundo.\u2026","rel":"","context":"In &quot;Not\u00edcias de Ribeir\u00e3o Preto-SP e Regi\u00e3o&quot;","block_context":{"text":"Not\u00edcias de Ribeir\u00e3o Preto-SP e Regi\u00e3o","link":"https:\/\/noticiasribeiraopreto.com.br\/index.php\/category\/noticias-de-ribeirao-preto-sp-e-regiao-ismael-colosi\/"},"img":{"alt_text":"","src":"https:\/\/i0.wp.com\/noticiasribeiraopreto.com.br\/wp-content\/uploads\/2024\/09\/Copia-de-Copia-de-Copia-de-TAMANHO-EXATO-PARA-FOTOS-NO-SISTEMA-NOVO-74_2024-09-24_22-40-49_png_2024-09-24_22-40-49.webp.webp?fit=1200%2C675&ssl=1&resize=350%2C200","width":350,"height":200,"srcset":"https:\/\/i0.wp.com\/noticiasribeiraopreto.com.br\/wp-content\/uploads\/2024\/09\/Copia-de-Copia-de-Copia-de-TAMANHO-EXATO-PARA-FOTOS-NO-SISTEMA-NOVO-74_2024-09-24_22-40-49_png_2024-09-24_22-40-49.webp.webp?fit=1200%2C675&ssl=1&resize=350%2C200 1x, https:\/\/i0.wp.com\/noticiasribeiraopreto.com.br\/wp-content\/uploads\/2024\/09\/Copia-de-Copia-de-Copia-de-TAMANHO-EXATO-PARA-FOTOS-NO-SISTEMA-NOVO-74_2024-09-24_22-40-49_png_2024-09-24_22-40-49.webp.webp?fit=1200%2C675&ssl=1&resize=525%2C300 1.5x, https:\/\/i0.wp.com\/noticiasribeiraopreto.com.br\/wp-content\/uploads\/2024\/09\/Copia-de-Copia-de-Copia-de-TAMANHO-EXATO-PARA-FOTOS-NO-SISTEMA-NOVO-74_2024-09-24_22-40-49_png_2024-09-24_22-40-49.webp.webp?fit=1200%2C675&ssl=1&resize=700%2C400 2x, https:\/\/i0.wp.com\/noticiasribeiraopreto.com.br\/wp-content\/uploads\/2024\/09\/Copia-de-Copia-de-Copia-de-TAMANHO-EXATO-PARA-FOTOS-NO-SISTEMA-NOVO-74_2024-09-24_22-40-49_png_2024-09-24_22-40-49.webp.webp?fit=1200%2C675&ssl=1&resize=1050%2C600 3x"},"classes":[]},{"id":41629,"url":"https:\/\/noticiasribeiraopreto.com.br\/index.php\/2024\/03\/09\/gato-paulista-pode-entrar-no-guinness\/","url_meta":{"origin":40412,"position":1},"title":"Gato paulista pode entrar no &#8216;Guinness\u2019\u00a0","author":"noticiasribeiraopreto.com.br","date":"9 de March de 2024","format":false,"excerpt":"9 de mar\u00e7o de 2024 | 18:009 de mar\u00e7o de 2024 | 11:14 0Um gato brasileiro pode entrar para o Guinness Book como o maior do mundo: chamado Xartrux, o bichano tem seis anos, ostenta 1,30 metro de comprimento e mais de dez quilos. Ele \u00e9 um Maine Coon, considerada\u2026","rel":"","context":"In &quot;Not\u00edcias de Ribeir\u00e3o Preto-SP e Regi\u00e3o&quot;","block_context":{"text":"Not\u00edcias de Ribeir\u00e3o Preto-SP e Regi\u00e3o","link":"https:\/\/noticiasribeiraopreto.com.br\/index.php\/category\/noticias-de-ribeirao-preto-sp-e-regiao-ismael-colosi\/"},"img":{"alt_text":"","src":"https:\/\/i0.wp.com\/noticiasribeiraopreto.com.br\/wp-content\/uploads\/2024\/03\/Xartrux-Reproducao-scaled.jpg?fit=1000%2C563&ssl=1&resize=350%2C200","width":350,"height":200,"srcset":"https:\/\/i0.wp.com\/noticiasribeiraopreto.com.br\/wp-content\/uploads\/2024\/03\/Xartrux-Reproducao-scaled.jpg?fit=1000%2C563&ssl=1&resize=350%2C200 1x, https:\/\/i0.wp.com\/noticiasribeiraopreto.com.br\/wp-content\/uploads\/2024\/03\/Xartrux-Reproducao-scaled.jpg?fit=1000%2C563&ssl=1&resize=525%2C300 1.5x, https:\/\/i0.wp.com\/noticiasribeiraopreto.com.br\/wp-content\/uploads\/2024\/03\/Xartrux-Reproducao-scaled.jpg?fit=1000%2C563&ssl=1&resize=700%2C400 2x"},"classes":[]},{"id":77722,"url":"https:\/\/noticiasribeiraopreto.com.br\/index.php\/2025\/09\/24\/usp-busca-voluntarios-para-pesquisa-sobre-sorriso-gengival-saiba-como-participar\/","url_meta":{"origin":40412,"position":2},"title":"USP busca volunt\u00e1rios para pesquisa sobre sorriso gengival; Saiba como participar","author":"noticiasribeiraopreto.com.br","date":"24 de September de 2025","format":false,"excerpt":"Pesquisadores da FORP-USP (Faculdade de Odontologia de Ribeir\u00e3o Preto da Universidade de S\u00e3o Paulo) est\u00e3o em busca de volunt\u00e1rios para uma pesquisa cl\u00ednica que avalia o tratamento do sorriso gengival por meio de cirurgia gengival. Segundo a doutoranda D\u00e9bora S\u00e1vio, o sorriso gengival \u00e9 uma condi\u00e7\u00e3o caracterizada pela exposi\u00e7\u00e3o excessiva\u2026","rel":"","context":"In &quot;Not\u00edcias de Ribeir\u00e3o Preto-SP e Regi\u00e3o&quot;","block_context":{"text":"Not\u00edcias de Ribeir\u00e3o Preto-SP e Regi\u00e3o","link":"https:\/\/noticiasribeiraopreto.com.br\/index.php\/category\/noticias-de-ribeirao-preto-sp-e-regiao-ismael-colosi\/"},"img":{"alt_text":"","src":"https:\/\/i0.wp.com\/noticiasribeiraopreto.com.br\/wp-content\/uploads\/2025\/09\/campus-usp-ribeirao-preto_2025-01-27_15-21-07_jpg_2025-01-27_15-21-07.webp.webp?fit=1200%2C900&ssl=1&resize=350%2C200","width":350,"height":200,"srcset":"https:\/\/i0.wp.com\/noticiasribeiraopreto.com.br\/wp-content\/uploads\/2025\/09\/campus-usp-ribeirao-preto_2025-01-27_15-21-07_jpg_2025-01-27_15-21-07.webp.webp?fit=1200%2C900&ssl=1&resize=350%2C200 1x, https:\/\/i0.wp.com\/noticiasribeiraopreto.com.br\/wp-content\/uploads\/2025\/09\/campus-usp-ribeirao-preto_2025-01-27_15-21-07_jpg_2025-01-27_15-21-07.webp.webp?fit=1200%2C900&ssl=1&resize=525%2C300 1.5x, https:\/\/i0.wp.com\/noticiasribeiraopreto.com.br\/wp-content\/uploads\/2025\/09\/campus-usp-ribeirao-preto_2025-01-27_15-21-07_jpg_2025-01-27_15-21-07.webp.webp?fit=1200%2C900&ssl=1&resize=700%2C400 2x, https:\/\/i0.wp.com\/noticiasribeiraopreto.com.br\/wp-content\/uploads\/2025\/09\/campus-usp-ribeirao-preto_2025-01-27_15-21-07_jpg_2025-01-27_15-21-07.webp.webp?fit=1200%2C900&ssl=1&resize=1050%2C600 3x"},"classes":[]},{"id":78882,"url":"https:\/\/noticiasribeiraopreto.com.br\/index.php\/2025\/10\/20\/pesquisadora-da-usp-ribeirao-participa-de-descoberta-de-um-dos-maiores-pterossauros-conhecidos\/","url_meta":{"origin":40412,"position":3},"title":"Pesquisadora da USP Ribeir\u00e3o participa de descoberta de um dos maiores pterossauros conhecidos","author":"noticiasribeiraopreto.com.br","date":"20 de October de 2025","format":false,"excerpt":"A pesquisadora Wafa Adel Alhalabi, da Faculdade de Filosofia, Ci\u00eancias e Letras de Ribeir\u00e3o Preto (FFCLRP-USP), integrou a equipe respons\u00e1vel por identificar um dos maiores pterossauros j\u00e1 encontrados no planeta. A partir de um \u00fanico osso do bra\u00e7o (\u00famero), os cientistas reconstru\u00edram parte da anatomia do animal, que pertence \u00e0\u2026","rel":"","context":"In &quot;Not\u00edcias de Ribeir\u00e3o Preto-SP e Regi\u00e3o&quot;","block_context":{"text":"Not\u00edcias de Ribeir\u00e3o Preto-SP e Regi\u00e3o","link":"https:\/\/noticiasribeiraopreto.com.br\/index.php\/category\/noticias-de-ribeirao-preto-sp-e-regiao-ismael-colosi\/"},"img":{"alt_text":"","src":"https:\/\/i0.wp.com\/noticiasribeiraopreto.com.br\/wp-content\/uploads\/2025\/10\/Copia-de-Copia-de-Copia-de-TAMANHO-EXATO-PARA-FOTOS-NO-SISTEMA-NOVO-2025-10-20T160608.773_2025-10-20_19-06-15.webp.webp?fit=1200%2C675&ssl=1&resize=350%2C200","width":350,"height":200,"srcset":"https:\/\/i0.wp.com\/noticiasribeiraopreto.com.br\/wp-content\/uploads\/2025\/10\/Copia-de-Copia-de-Copia-de-TAMANHO-EXATO-PARA-FOTOS-NO-SISTEMA-NOVO-2025-10-20T160608.773_2025-10-20_19-06-15.webp.webp?fit=1200%2C675&ssl=1&resize=350%2C200 1x, https:\/\/i0.wp.com\/noticiasribeiraopreto.com.br\/wp-content\/uploads\/2025\/10\/Copia-de-Copia-de-Copia-de-TAMANHO-EXATO-PARA-FOTOS-NO-SISTEMA-NOVO-2025-10-20T160608.773_2025-10-20_19-06-15.webp.webp?fit=1200%2C675&ssl=1&resize=525%2C300 1.5x, https:\/\/i0.wp.com\/noticiasribeiraopreto.com.br\/wp-content\/uploads\/2025\/10\/Copia-de-Copia-de-Copia-de-TAMANHO-EXATO-PARA-FOTOS-NO-SISTEMA-NOVO-2025-10-20T160608.773_2025-10-20_19-06-15.webp.webp?fit=1200%2C675&ssl=1&resize=700%2C400 2x, https:\/\/i0.wp.com\/noticiasribeiraopreto.com.br\/wp-content\/uploads\/2025\/10\/Copia-de-Copia-de-Copia-de-TAMANHO-EXATO-PARA-FOTOS-NO-SISTEMA-NOVO-2025-10-20T160608.773_2025-10-20_19-06-15.webp.webp?fit=1200%2C675&ssl=1&resize=1050%2C600 3x"},"classes":[]},{"id":78019,"url":"https:\/\/noticiasribeiraopreto.com.br\/index.php\/2025\/09\/30\/usp-precisa-de-voluntarios-para-estudo-sobre-gordura-nos-rins-saiba-como-participar\/","url_meta":{"origin":40412,"position":4},"title":"USP precisa de volunt\u00e1rios para estudo sobre gordura nos rins; Saiba como participar","author":"noticiasribeiraopreto.com.br","date":"30 de September de 2025","format":false,"excerpt":"A Faculdade de Medicina de Ribeir\u00e3o Preto da USP (Universidade de S\u00e3o Paulo) est\u00e1 em busca de volunt\u00e1rios para uma pesquisa cl\u00ednica sobre ac\u00famulo de gordura nos rins em pacientes com obesidade grau um. O intuito do estudo \u00e9 avaliar as potenciais consequ\u00eancias desse ac\u00famulo na fun\u00e7\u00e3o renal, na perda\u2026","rel":"","context":"In &quot;Not\u00edcias de Ribeir\u00e3o Preto-SP e Regi\u00e3o&quot;","block_context":{"text":"Not\u00edcias de Ribeir\u00e3o Preto-SP e Regi\u00e3o","link":"https:\/\/noticiasribeiraopreto.com.br\/index.php\/category\/noticias-de-ribeirao-preto-sp-e-regiao-ismael-colosi\/"},"img":{"alt_text":"","src":"https:\/\/i0.wp.com\/noticiasribeiraopreto.com.br\/wp-content\/uploads\/2025\/06\/20170216_00_campus_ribeirao1.webp.webp?fit=800%2C420&ssl=1&resize=350%2C200","width":350,"height":200,"srcset":"https:\/\/i0.wp.com\/noticiasribeiraopreto.com.br\/wp-content\/uploads\/2025\/06\/20170216_00_campus_ribeirao1.webp.webp?fit=800%2C420&ssl=1&resize=350%2C200 1x, https:\/\/i0.wp.com\/noticiasribeiraopreto.com.br\/wp-content\/uploads\/2025\/06\/20170216_00_campus_ribeirao1.webp.webp?fit=800%2C420&ssl=1&resize=525%2C300 1.5x, https:\/\/i0.wp.com\/noticiasribeiraopreto.com.br\/wp-content\/uploads\/2025\/06\/20170216_00_campus_ribeirao1.webp.webp?fit=800%2C420&ssl=1&resize=700%2C400 2x"},"classes":[]},{"id":78145,"url":"https:\/\/noticiasribeiraopreto.com.br\/index.php\/2025\/10\/02\/usp-ribeirao-preto-tem-39-pesquisadores-entre-os-mais-influentes-do-mundo-veja-quem-sao\/","url_meta":{"origin":40412,"position":5},"title":"USP Ribeir\u00e3o Preto tem 39 pesquisadores entre os mais influentes do mundo; Veja quem s\u00e3o","author":"noticiasribeiraopreto.com.br","date":"2 de October de 2025","format":false,"excerpt":"Um total de 39 cientistas da USP (Universidade de S\u00e3o Paulo) de Ribeir\u00e3o Preto foram reconhecidos no ranking dos pesquisadores mais influentes do mundo em 2024. O levantamento \u00e9 publicado todos os anos pelo pesquisador John Ioannidis, da Universidade Stanford (EUA) \u2013 veja quem s\u00e3o os pesquisadores abaixo. A lista\u2026","rel":"","context":"In &quot;Not\u00edcias de Ribeir\u00e3o Preto-SP e Regi\u00e3o&quot;","block_context":{"text":"Not\u00edcias de Ribeir\u00e3o Preto-SP e Regi\u00e3o","link":"https:\/\/noticiasribeiraopreto.com.br\/index.php\/category\/noticias-de-ribeirao-preto-sp-e-regiao-ismael-colosi\/"},"img":{"alt_text":"","src":"https:\/\/i0.wp.com\/noticiasribeiraopreto.com.br\/wp-content\/uploads\/2025\/09\/20210909_usp_fachada-1024x538-1_2025-09-17_18-42-07.webp.webp?fit=1024%2C538&ssl=1&resize=350%2C200","width":350,"height":200,"srcset":"https:\/\/i0.wp.com\/noticiasribeiraopreto.com.br\/wp-content\/uploads\/2025\/09\/20210909_usp_fachada-1024x538-1_2025-09-17_18-42-07.webp.webp?fit=1024%2C538&ssl=1&resize=350%2C200 1x, https:\/\/i0.wp.com\/noticiasribeiraopreto.com.br\/wp-content\/uploads\/2025\/09\/20210909_usp_fachada-1024x538-1_2025-09-17_18-42-07.webp.webp?fit=1024%2C538&ssl=1&resize=525%2C300 1.5x, https:\/\/i0.wp.com\/noticiasribeiraopreto.com.br\/wp-content\/uploads\/2025\/09\/20210909_usp_fachada-1024x538-1_2025-09-17_18-42-07.webp.webp?fit=1024%2C538&ssl=1&resize=700%2C400 2x"},"classes":[]}],"jetpack_sharing_enabled":true,"jetpack_shortlink":"https:\/\/wp.me\/peQAOb-avO","_links":{"self":[{"href":"https:\/\/noticiasribeiraopreto.com.br\/index.php\/wp-json\/wp\/v2\/posts\/40412","targetHints":{"allow":["GET"]}}],"collection":[{"href":"https:\/\/noticiasribeiraopreto.com.br\/index.php\/wp-json\/wp\/v2\/posts"}],"about":[{"href":"https:\/\/noticiasribeiraopreto.com.br\/index.php\/wp-json\/wp\/v2\/types\/post"}],"author":[{"embeddable":true,"href":"https:\/\/noticiasribeiraopreto.com.br\/index.php\/wp-json\/wp\/v2\/users\/1"}],"replies":[{"embeddable":true,"href":"https:\/\/noticiasribeiraopreto.com.br\/index.php\/wp-json\/wp\/v2\/comments?post=40412"}],"version-history":[{"count":0,"href":"https:\/\/noticiasribeiraopreto.com.br\/index.php\/wp-json\/wp\/v2\/posts\/40412\/revisions"}],"wp:featuredmedia":[{"embeddable":true,"href":"https:\/\/noticiasribeiraopreto.com.br\/index.php\/wp-json\/wp\/v2\/media\/40413"}],"wp:attachment":[{"href":"https:\/\/noticiasribeiraopreto.com.br\/index.php\/wp-json\/wp\/v2\/media?parent=40412"}],"wp:term":[{"taxonomy":"category","embeddable":true,"href":"https:\/\/noticiasribeiraopreto.com.br\/index.php\/wp-json\/wp\/v2\/categories?post=40412"},{"taxonomy":"post_tag","embeddable":true,"href":"https:\/\/noticiasribeiraopreto.com.br\/index.php\/wp-json\/wp\/v2\/tags?post=40412"}],"curies":[{"name":"wp","href":"https:\/\/api.w.org\/{rel}","templated":true}]}}