{"id":40489,"date":"2024-03-04T11:03:58","date_gmt":"2024-03-04T14:03:58","guid":{"rendered":"https:\/\/noticiasribeiraopreto.com.br\/index.php\/2024\/03\/04\/brasileira-que-viajava-de-moto-com-marido-sofre-estupro-coletivo-na-india\/"},"modified":"2024-03-04T11:03:58","modified_gmt":"2024-03-04T14:03:58","slug":"brasileira-que-viajava-de-moto-com-marido-sofre-estupro-coletivo-na-india","status":"publish","type":"post","link":"https:\/\/noticiasribeiraopreto.com.br\/index.php\/2024\/03\/04\/brasileira-que-viajava-de-moto-com-marido-sofre-estupro-coletivo-na-india\/","title":{"rendered":"Brasileira que viajava de moto com marido sofre estupro coletivo na \u00cdndia"},"content":{"rendered":"<div class='code-block code-block-1' style='margin: 8px 0 8px auto; text-align: right; display: block; clear: both;'>\n<p><a href=\"https:\/\/wa.link\/vpicfd\"><img data-recalc-dims=\"1\" class=\"wp-image-4922\" style=\"aspect-ratio: 2.0253164556962027; width: 561px; height: auto;\" src=\"https:\/\/i0.wp.com\/ismaelcolosi.com.br\/wp-content\/uploads\/2023\/11\/grupo-de-empregos-whatsapp-e-facebook-ismael-colosi-vagas.jpg?ssl=1\" alt=\"\" \/><\/a><\/p>\n<!-- \/wp:image -->\n<\/div>\n<p> <br \/>\n<\/p>\n<div>\n<p>Uma turista brasileira, que tamb\u00e9m tem cidadania espanhola, foi v\u00edtima de estupro coletivo no leste da \u00cdndia, por onde viajava de motocicleta com o marido espanhol, com quem mant\u00e9m nas redes sociais um canal de viagens pelo mundo. Tr\u00eas suspeitos do crime foram detidos no s\u00e1bado, e a pol\u00edcia procura outros envolvidos.<\/p>\n<p>A viol\u00eancia sexual ocorreu na noite de sexta-feira, 1\u00ba, no distrito de Dumka, Estado de Jharkhand, onde o casal Vicente e Fernanda parou para acampar em uma \u00e1rea remota. Eles haviam montado a tenda para passar a noite, quando foram atacados. A pol\u00edcia acredita na participa\u00e7\u00e3o de at\u00e9 dez pessoas. Os viajantes tamb\u00e9m foram roubados e Vicente relata ter sido amea\u00e7ado com uma faca no pesco\u00e7o.<\/p>\n<p>A den\u00fancia foi reportada no s\u00e1bado, 2, logo ap\u00f3s o ocorrido. Mas, como os agentes sabiam falar apenas hindi, l\u00edngua local, as autoridades s\u00f3 souberam que era um estupro quando o casal chegou ao hospital.<\/p>\n<p>As v\u00edtimas, que passaram a primeira noite ap\u00f3s o epis\u00f3dio sob tratamento m\u00e9dico, foram transferidas para uma unidade do governo e j\u00e1 prestaram depoimento a um juiz.<\/p>\n<p><strong>Roubo e agress\u00e3o sexual<\/strong> \u2013 Em v\u00eddeo divulgado nas redes sociais, Vicente e Fernanda fizeram relatos do caso. Com hematomas nos rostos, eles contaram que foram espancados e roubados, e a mulher, violentada. Ap\u00f3s a publica\u00e7\u00e3o, por\u00e9m, o v\u00eddeo foi retirado do perfil de viagens pelo mundo do casal.<\/p>\n<p>Em seu relato, o marido de Fernanda disse que os criminosos colocaram uma faca no seu pesco\u00e7o e o agrediram durante o ataque, que terminou com a agress\u00e3o sexual a ela. \u201cMe bateram v\u00e1rias vezes com um capacete e atingiram minha cabe\u00e7a com uma pedra.\u201d<\/p>\n<p>No perfil pr\u00f3prio, Fernanda tamb\u00e9m publicou um v\u00eddeo, mostrando os ferimentos e falando sobre o ocorrido. \u201cO meu rosto est\u00e1 assim, mas n\u00e3o \u00e9 isso que me d\u00f3i mais. Pensei que \u00edamos morrer, mas gra\u00e7as a Deus estamos vivos\u201d, disse ela, mostrando o rosto bastante machucado.<\/p>\n<p><b>\u2018<\/b>Em outro v\u00eddeo, publicado nesta domingo, 3, no canal de viagens do casal, Vicente agradece o apoio recebido e diz acreditar no trabalho da pol\u00edcia. Ambos ainda dizem que o crime n\u00e3o pode ser associado \u00e0 \u00cdndia, \u201cque oferece experi\u00eancias incr\u00edveis para quem a visita\u201d.<\/p>\n<p>\u201cN\u00e3o pense que a \u00cdndia \u00e9 assim, porque n\u00e3o \u00e9 verdade\u201d, disse ele \u201cOs indianos s\u00e3o boas pessoas. Encontramos alguns indesej\u00e1veis, mas n\u00e3o podemos generalizar\u201d, acrescentou Fernanda. O casal de influenciadores \u00e9 conhecido pelo perfil @vueltaalmundoenmoto, no qual relata as viagens feitas de motocicleta ao redor do mundo, detalhando as estradas, os acampamentos, al\u00e9m da cultura dos locais visitados.<\/p>\n<p>No perfil da rede social Instagram, que re\u00fane mais de 166 mil seguidores, s\u00e3o descritas viagens, sendo a mais recente para a \u00cdndia, onde o casal foi v\u00edtima da barb\u00e1rie. Das 196 na\u00e7\u00f5es que enumeraram pretender visitar, eles j\u00e1 estiveram em pelo menos 66<\/p>\n<\/div>\n<p><br \/>\n<br \/><a href=\"https:\/\/www.tribunaribeirao.com.br\/site\/brasileira-que-viajava-de-moto-com-marido-sofre-estupro-coletivo-na-india\/\">Source link <\/a><\/p>\n<!-- CONTENT END 1 -->\n","protected":false},"excerpt":{"rendered":"<p>Uma turista brasileira, que tamb\u00e9m tem cidadania espanhola, foi v\u00edtima de estupro coletivo no leste da \u00cdndia, por onde viajava de motocicleta com o marido&#8230;<\/p>\n","protected":false},"author":1,"featured_media":40490,"comment_status":"open","ping_status":"open","sticky":false,"template":"","format":"standard","meta":{"advanced_seo_description":"","jetpack_seo_html_title":"","jetpack_seo_noindex":false,"jetpack_post_was_ever_published":false,"_jetpack_newsletter_access":"","_jetpack_dont_email_post_to_subs":false,"_jetpack_newsletter_tier_id":0,"_jetpack_memberships_contains_paywalled_content":false,"_jetpack_memberships_contains_paid_content":false,"footnotes":"","jetpack_publicize_message":"","jetpack_publicize_feature_enabled":true,"jetpack_social_post_already_shared":true,"jetpack_social_options":{"image_generator_settings":{"template":"highway","default_image_id":0,"font":"","enabled":false},"version":2}},"categories":[11],"tags":[743,1356,1830,4727,652,395,1548,804],"class_list":["post-40489","post","type-post","status-publish","format-standard","has-post-thumbnail","hentry","category-noticias-de-ribeirao-preto-sp-e-regiao-ismael-colosi","tag-brasileira","tag-coletivo","tag-estupro","tag-india","tag-marido","tag-moto","tag-sofre","tag-viajava"],"jetpack_publicize_connections":[],"jetpack_featured_media_url":"https:\/\/i0.wp.com\/noticiasribeiraopreto.com.br\/wp-content\/uploads\/2024\/03\/2c55078e-133d-4284-b891-7265e89a7c34-scaled.jpg?fit=967%2C645&ssl=1","jetpack-related-posts":[{"id":6641,"url":"https:\/\/noticiasribeiraopreto.com.br\/index.php\/2023\/11\/26\/utm_sourcerssutm_mediumrssutm_campaignacidente-mata-jovem-de-ribeirao-que-viajava-para-visitar-marido-preso-em-alvaro-de-carvalho\/","url_meta":{"origin":40489,"position":0},"title":"Acidente mata jovem de Ribeir\u00e3o que viajava para visitar marido preso em \u00c1lvaro de Carvalho \u2013 X Tudo Ribeir\u00e3o","author":"noticiasribeiraopreto.com.br","date":"26 de November de 2023","format":false,"excerpt":"Uma jovem de Ribeir\u00e3o Preto, morreu ap\u00f3s um grave acidente de tr\u00e2nsito no come\u00e7o da manh\u00e3 deste domingo (26\/11), na rodovia Carlos Tonani, em Jaboticabal. Outras cinco pessoas feridas, sendo 2 crian\u00e7as e 3 adultos. Segundo informa\u00e7\u00f5es da Pol\u00edcia Militar Rodovi\u00e1ria, as v\u00edtimas seguiam de Ribeir\u00e3o Preto sentido a Penitenci\u00e1ria\u2026","rel":"","context":"In &quot;Not\u00edcias de Ribeir\u00e3o Preto-SP e Regi\u00e3o&quot;","block_context":{"text":"Not\u00edcias de Ribeir\u00e3o Preto-SP e Regi\u00e3o","link":"https:\/\/noticiasribeiraopreto.com.br\/index.php\/category\/noticias-de-ribeirao-preto-sp-e-regiao-ismael-colosi\/"},"img":{"alt_text":"","src":"https:\/\/i0.wp.com\/noticiasribeiraopreto.com.br\/wp-content\/uploads\/2023\/11\/21a9b3c3-03e6-46fb-8005-247e9188134b-1.jpeg?fit=1024%2C768&ssl=1&resize=350%2C200","width":350,"height":200,"srcset":"https:\/\/i0.wp.com\/noticiasribeiraopreto.com.br\/wp-content\/uploads\/2023\/11\/21a9b3c3-03e6-46fb-8005-247e9188134b-1.jpeg?fit=1024%2C768&ssl=1&resize=350%2C200 1x, https:\/\/i0.wp.com\/noticiasribeiraopreto.com.br\/wp-content\/uploads\/2023\/11\/21a9b3c3-03e6-46fb-8005-247e9188134b-1.jpeg?fit=1024%2C768&ssl=1&resize=525%2C300 1.5x, https:\/\/i0.wp.com\/noticiasribeiraopreto.com.br\/wp-content\/uploads\/2023\/11\/21a9b3c3-03e6-46fb-8005-247e9188134b-1.jpeg?fit=1024%2C768&ssl=1&resize=700%2C400 2x"},"classes":[]},{"id":34695,"url":"https:\/\/noticiasribeiraopreto.com.br\/index.php\/2024\/02\/03\/mulher-e-vitima-de-estupro-coletivo-praticado-por-pms\/","url_meta":{"origin":40489,"position":1},"title":"Mulher \u00e9 v\u00edtima de estupro coletivo praticado por PMs\u00a0","author":"noticiasribeiraopreto.com.br","date":"3 de February de 2024","format":false,"excerpt":"2 de fevereiro de 2024 | 13:002 de fevereiro de 2024 | 8:41 0Letycia Bond \u00a0Ag\u00eancia Brasil\u00a0\u00a0Uma mulher de 33 anos foi v\u00edtima de um estupro coletivo cometido por policiais militares no Guaruj\u00e1, litoral de S\u00e3o Paulo. O caso aconteceu em meados de agosto de 2023 e foi formalmente denunciado\u2026","rel":"","context":"In &quot;Not\u00edcias de Ribeir\u00e3o Preto-SP e Regi\u00e3o&quot;","block_context":{"text":"Not\u00edcias de Ribeir\u00e3o Preto-SP e Regi\u00e3o","link":"https:\/\/noticiasribeiraopreto.com.br\/index.php\/category\/noticias-de-ribeirao-preto-sp-e-regiao-ismael-colosi\/"},"img":{"alt_text":"","src":"https:\/\/i0.wp.com\/noticiasribeiraopreto.com.br\/wp-content\/uploads\/2024\/02\/033415f2-c352-427a-9981-4c29affef2dd-scaled.jpg?fit=1000%2C580&ssl=1&resize=350%2C200","width":350,"height":200,"srcset":"https:\/\/i0.wp.com\/noticiasribeiraopreto.com.br\/wp-content\/uploads\/2024\/02\/033415f2-c352-427a-9981-4c29affef2dd-scaled.jpg?fit=1000%2C580&ssl=1&resize=350%2C200 1x, https:\/\/i0.wp.com\/noticiasribeiraopreto.com.br\/wp-content\/uploads\/2024\/02\/033415f2-c352-427a-9981-4c29affef2dd-scaled.jpg?fit=1000%2C580&ssl=1&resize=525%2C300 1.5x, https:\/\/i0.wp.com\/noticiasribeiraopreto.com.br\/wp-content\/uploads\/2024\/02\/033415f2-c352-427a-9981-4c29affef2dd-scaled.jpg?fit=1000%2C580&ssl=1&resize=700%2C400 2x"},"classes":[]},{"id":43590,"url":"https:\/\/noticiasribeiraopreto.com.br\/index.php\/2024\/03\/22\/robinho-passa-noite-na-cadeia-e-ficara-uma-semana-em-cela-separada\/","url_meta":{"origin":40489,"position":2},"title":"Robinho passa noite na cadeia e ficar\u00e1 uma semana em cela separada","author":"noticiasribeiraopreto.com.br","date":"22 de March de 2024","format":false,"excerpt":"22 de mar\u00e7o de 2024 | 10:18 0 O ex-jogador Robson de Souza, Robinho, passou a primeira noite na Penitenci\u00e1ria 2 Dr. Jos\u00e9 Augusto Salgado, na cidade de Trememb\u00e9, interior paulista, em uma cela especial. Dever\u00e1 permanecer em isolamento por cerca de uma semana, onde ficar\u00e1 em observa\u00e7\u00e3o. At\u00e9 mesmo\u2026","rel":"","context":"In &quot;Not\u00edcias de Ribeir\u00e3o Preto-SP e Regi\u00e3o&quot;","block_context":{"text":"Not\u00edcias de Ribeir\u00e3o Preto-SP e Regi\u00e3o","link":"https:\/\/noticiasribeiraopreto.com.br\/index.php\/category\/noticias-de-ribeirao-preto-sp-e-regiao-ismael-colosi\/"},"img":{"alt_text":"","src":"https:\/\/i0.wp.com\/noticiasribeiraopreto.com.br\/wp-content\/uploads\/2024\/03\/robinho_divulgacao_santos-noite-site-scaled.jpeg?fit=1000%2C598&ssl=1&resize=350%2C200","width":350,"height":200,"srcset":"https:\/\/i0.wp.com\/noticiasribeiraopreto.com.br\/wp-content\/uploads\/2024\/03\/robinho_divulgacao_santos-noite-site-scaled.jpeg?fit=1000%2C598&ssl=1&resize=350%2C200 1x, https:\/\/i0.wp.com\/noticiasribeiraopreto.com.br\/wp-content\/uploads\/2024\/03\/robinho_divulgacao_santos-noite-site-scaled.jpeg?fit=1000%2C598&ssl=1&resize=525%2C300 1.5x, https:\/\/i0.wp.com\/noticiasribeiraopreto.com.br\/wp-content\/uploads\/2024\/03\/robinho_divulgacao_santos-noite-site-scaled.jpeg?fit=1000%2C598&ssl=1&resize=700%2C400 2x"},"classes":[]},{"id":13168,"url":"https:\/\/noticiasribeiraopreto.com.br\/index.php\/2023\/12\/09\/homem-e-preso-em-ribeirao-preto-acusado-de-estupro-e-roubo\/","url_meta":{"origin":40489,"position":3},"title":"Homem \u00e9 preso em Ribeir\u00e3o Preto acusado de estupro e roubo","author":"noticiasribeiraopreto.com.br","date":"9 de December de 2023","format":false,"excerpt":"Um homem foi preso em Ribeir\u00e3o Preto, na manh\u00e3 deste s\u00e1bado (9), acusado de roubo e estupro. O crime aconteceu ainda na madrugada de s\u00e1bado em uma fazenda do munic\u00edpio de Serra Azul. Segundo informou o tenente Zanandreia, da Pol\u00edcia Militar, viaturas estavam em patrulhamento quando encontraram o caminh\u00e3o que\u2026","rel":"","context":"In &quot;Not\u00edcias de Ribeir\u00e3o Preto-SP e Regi\u00e3o&quot;","block_context":{"text":"Not\u00edcias de Ribeir\u00e3o Preto-SP e Regi\u00e3o","link":"https:\/\/noticiasribeiraopreto.com.br\/index.php\/category\/noticias-de-ribeirao-preto-sp-e-regiao-ismael-colosi\/"},"img":{"alt_text":"","src":"https:\/\/i0.wp.com\/noticiasribeiraopreto.com.br\/wp-content\/uploads\/2023\/12\/WhatsApp-Image-2023-12-09-at-10.57.21.jpeg?fit=1200%2C900&ssl=1&resize=350%2C200","width":350,"height":200,"srcset":"https:\/\/i0.wp.com\/noticiasribeiraopreto.com.br\/wp-content\/uploads\/2023\/12\/WhatsApp-Image-2023-12-09-at-10.57.21.jpeg?fit=1200%2C900&ssl=1&resize=350%2C200 1x, https:\/\/i0.wp.com\/noticiasribeiraopreto.com.br\/wp-content\/uploads\/2023\/12\/WhatsApp-Image-2023-12-09-at-10.57.21.jpeg?fit=1200%2C900&ssl=1&resize=525%2C300 1.5x, https:\/\/i0.wp.com\/noticiasribeiraopreto.com.br\/wp-content\/uploads\/2023\/12\/WhatsApp-Image-2023-12-09-at-10.57.21.jpeg?fit=1200%2C900&ssl=1&resize=700%2C400 2x, https:\/\/i0.wp.com\/noticiasribeiraopreto.com.br\/wp-content\/uploads\/2023\/12\/WhatsApp-Image-2023-12-09-at-10.57.21.jpeg?fit=1200%2C900&ssl=1&resize=1050%2C600 3x"},"classes":[]},{"id":52689,"url":"https:\/\/noticiasribeiraopreto.com.br\/index.php\/2024\/06\/11\/policia-investiga-estupro-de-adolescente-a-caminho-de-escola-na-regiao-de-ribeirao-preto\/","url_meta":{"origin":40489,"position":4},"title":"Pol\u00edcia investiga estupro de adolescente a caminho de escola na regi\u00e3o de Ribeir\u00e3o Preto","author":"noticiasribeiraopreto.com.br","date":"11 de June de 2024","format":false,"excerpt":"A Pol\u00edcia Civil investiga o estupro de uma adolescente de 16 anos no in\u00edcio da manh\u00e3 desta segunda-feira (10), quando seguia para escola em Luis Ant\u00f4nio, cidade a aproximadamente 50 quil\u00f4metros de Ribeir\u00e3o Preto. Segundo o boletim de ocorr\u00eancia (BO), a v\u00edtima relatou que um homem aparentemente com 25 anos\u2026","rel":"","context":"In &quot;Not\u00edcias de Ribeir\u00e3o Preto-SP e Regi\u00e3o&quot;","block_context":{"text":"Not\u00edcias de Ribeir\u00e3o Preto-SP e Regi\u00e3o","link":"https:\/\/noticiasribeiraopreto.com.br\/index.php\/category\/noticias-de-ribeirao-preto-sp-e-regiao-ismael-colosi\/"},"img":{"alt_text":"","src":"https:\/\/i0.wp.com\/noticiasribeiraopreto.com.br\/wp-content\/uploads\/2024\/06\/53408978572_b00e8879d4_k.jpg?fit=1200%2C800&ssl=1&resize=350%2C200","width":350,"height":200,"srcset":"https:\/\/i0.wp.com\/noticiasribeiraopreto.com.br\/wp-content\/uploads\/2024\/06\/53408978572_b00e8879d4_k.jpg?fit=1200%2C800&ssl=1&resize=350%2C200 1x, https:\/\/i0.wp.com\/noticiasribeiraopreto.com.br\/wp-content\/uploads\/2024\/06\/53408978572_b00e8879d4_k.jpg?fit=1200%2C800&ssl=1&resize=525%2C300 1.5x, https:\/\/i0.wp.com\/noticiasribeiraopreto.com.br\/wp-content\/uploads\/2024\/06\/53408978572_b00e8879d4_k.jpg?fit=1200%2C800&ssl=1&resize=700%2C400 2x, https:\/\/i0.wp.com\/noticiasribeiraopreto.com.br\/wp-content\/uploads\/2024\/06\/53408978572_b00e8879d4_k.jpg?fit=1200%2C800&ssl=1&resize=1050%2C600 3x"},"classes":[]},{"id":18758,"url":"https:\/\/noticiasribeiraopreto.com.br\/index.php\/2023\/12\/20\/idoso-e-preso-por-trafico-de-mulheres-e-estupro-de-vulneravel-na-regiao\/","url_meta":{"origin":40489,"position":5},"title":"Idoso \u00e9 preso por tr\u00e1fico de mulheres e estupro de vulner\u00e1vel na regi\u00e3o","author":"noticiasribeiraopreto.com.br","date":"20 de December de 2023","format":false,"excerpt":"Funcion\u00e1rio p\u00fablico aposentado explorava sexualmente pelo menos quatro mulheres e uma adolescente 20 de dezembro de 2023 | 16:3820 de dezembro de 2023 | 16:39 2Por: Adalberto LuqueUm funcion\u00e1rio p\u00fablico aposentado de 61 anos foi preso, na manh\u00e3 desta ter\u00e7a-feira (20), em Batatais. Ele \u00e9 investigado por tr\u00e1fico de mulheres,\u2026","rel":"","context":"In &quot;Not\u00edcias de Ribeir\u00e3o Preto-SP e Regi\u00e3o&quot;","block_context":{"text":"Not\u00edcias de Ribeir\u00e3o Preto-SP e Regi\u00e3o","link":"https:\/\/noticiasribeiraopreto.com.br\/index.php\/category\/noticias-de-ribeirao-preto-sp-e-regiao-ismael-colosi\/"},"img":{"alt_text":"","src":"https:\/\/i0.wp.com\/noticiasribeiraopreto.com.br\/wp-content\/uploads\/2023\/12\/00-20-dez-2023-exploracao-sexual-batatais-foto-google-street-reproducao-scaled.jpg?fit=1000%2C561&ssl=1&resize=350%2C200","width":350,"height":200,"srcset":"https:\/\/i0.wp.com\/noticiasribeiraopreto.com.br\/wp-content\/uploads\/2023\/12\/00-20-dez-2023-exploracao-sexual-batatais-foto-google-street-reproducao-scaled.jpg?fit=1000%2C561&ssl=1&resize=350%2C200 1x, https:\/\/i0.wp.com\/noticiasribeiraopreto.com.br\/wp-content\/uploads\/2023\/12\/00-20-dez-2023-exploracao-sexual-batatais-foto-google-street-reproducao-scaled.jpg?fit=1000%2C561&ssl=1&resize=525%2C300 1.5x, https:\/\/i0.wp.com\/noticiasribeiraopreto.com.br\/wp-content\/uploads\/2023\/12\/00-20-dez-2023-exploracao-sexual-batatais-foto-google-street-reproducao-scaled.jpg?fit=1000%2C561&ssl=1&resize=700%2C400 2x"},"classes":[]}],"jetpack_sharing_enabled":true,"jetpack_shortlink":"https:\/\/wp.me\/peQAOb-ax3","_links":{"self":[{"href":"https:\/\/noticiasribeiraopreto.com.br\/index.php\/wp-json\/wp\/v2\/posts\/40489","targetHints":{"allow":["GET"]}}],"collection":[{"href":"https:\/\/noticiasribeiraopreto.com.br\/index.php\/wp-json\/wp\/v2\/posts"}],"about":[{"href":"https:\/\/noticiasribeiraopreto.com.br\/index.php\/wp-json\/wp\/v2\/types\/post"}],"author":[{"embeddable":true,"href":"https:\/\/noticiasribeiraopreto.com.br\/index.php\/wp-json\/wp\/v2\/users\/1"}],"replies":[{"embeddable":true,"href":"https:\/\/noticiasribeiraopreto.com.br\/index.php\/wp-json\/wp\/v2\/comments?post=40489"}],"version-history":[{"count":0,"href":"https:\/\/noticiasribeiraopreto.com.br\/index.php\/wp-json\/wp\/v2\/posts\/40489\/revisions"}],"wp:featuredmedia":[{"embeddable":true,"href":"https:\/\/noticiasribeiraopreto.com.br\/index.php\/wp-json\/wp\/v2\/media\/40490"}],"wp:attachment":[{"href":"https:\/\/noticiasribeiraopreto.com.br\/index.php\/wp-json\/wp\/v2\/media?parent=40489"}],"wp:term":[{"taxonomy":"category","embeddable":true,"href":"https:\/\/noticiasribeiraopreto.com.br\/index.php\/wp-json\/wp\/v2\/categories?post=40489"},{"taxonomy":"post_tag","embeddable":true,"href":"https:\/\/noticiasribeiraopreto.com.br\/index.php\/wp-json\/wp\/v2\/tags?post=40489"}],"curies":[{"name":"wp","href":"https:\/\/api.w.org\/{rel}","templated":true}]}}