{"id":40495,"date":"2024-03-04T11:30:44","date_gmt":"2024-03-04T14:30:44","guid":{"rendered":"https:\/\/noticiasribeiraopreto.com.br\/index.php\/2024\/03\/04\/adolescente-e-apanhado-com-drogas-na-zona-leste\/"},"modified":"2024-03-04T11:30:44","modified_gmt":"2024-03-04T14:30:44","slug":"adolescente-e-apanhado-com-drogas-na-zona-leste","status":"publish","type":"post","link":"https:\/\/noticiasribeiraopreto.com.br\/index.php\/2024\/03\/04\/adolescente-e-apanhado-com-drogas-na-zona-leste\/","title":{"rendered":"Adolescente \u00e9 apanhado com drogas na zona Leste"},"content":{"rendered":"<div class='code-block code-block-1' style='margin: 8px 0 8px auto; text-align: right; display: block; clear: both;'>\n<p><a href=\"https:\/\/wa.link\/vpicfd\"><img data-recalc-dims=\"1\" class=\"wp-image-4922\" style=\"aspect-ratio: 2.0253164556962027; width: 561px; height: auto;\" src=\"https:\/\/i0.wp.com\/ismaelcolosi.com.br\/wp-content\/uploads\/2023\/11\/grupo-de-empregos-whatsapp-e-facebook-ismael-colosi-vagas.jpg?ssl=1\" alt=\"\" \/><\/a><\/p>\n<!-- \/wp:image -->\n<\/div>\n<p> <br \/>\n<\/p>\n<div id=\"post-376154\">\n<header class=\"entry-header penci-entry-header penci-title-center\">\n<h2 class=\"penci-post-subtitle\">Rapaz tentou fugir quando viu a viatura da GCM, mas acabou apreendido<\/h2>\n<p> <span class=\"entry-meta-item penci-posted-on\"><i class=\"fa fa-clock-o\"\/><time class=\"entry-date published\" datetime=\"2024-03-04T10:48:41-03:00\">4 de mar\u00e7o de 2024 | 10:48<\/time><time class=\"updated\" datetime=\"2024-03-04T10:49:41-03:00\">4 de mar\u00e7o de 2024 | 10:49<\/time><\/span><\/p>\n<p> <span class=\"penci-social-buttons penci-social-share-footer\"><a href=\"#\" class=\"penci-post-like penci_post-meta_item  single-like-button penci-social-item like\" data-post_id=\"376154\" title=\"Like\" data-like=\"Like\" data-unlike=\"Unlike\"><i class=\"fa fa-thumbs-o-up\"\/><span class=\"penci-share-number\">0<\/span><\/a><i class=\"fa fa-facebook\"\/><a class=\"penci-social-item twitter\" target=\"_blank\" rel=\"noopener\" title=\"\" href=\"https:\/\/twitter.com\/intent\/tweet?text=Adolescente%20\u00e9%20apanhado%20com%20drogas%20na%20zona%20Leste%20-%20https:\/\/www.tribunaribeirao.com.br\/site\/adolescente-e-apanhado-com-drogas-na-zona-leste\/\"><i class=\"fa fa-twitter\"\/><\/a><i class=\"fa fa-whatsapp\"\/><\/span><\/header>\n<div class=\"penci-entry-content entry-content\">\n<p>Por: Adalberto Luque<\/p>\n<p>Um adolescente foi apanhado com drogas, neste domingo (03). Ele andava pela Avenida Dr. Urandir Vieira de Souza Leite, Jardim Juliana, zona Leste de Ribeir\u00e3o Preto.<\/p>\n<p>Ao avistar uma viatura da Guarda Civil Metropolitana (GCM), ele come\u00e7ou a correr e entrou na Rua Poeta Fernando Pessoa. Pr\u00f3ximo ao cruzamento com a Avenida Alfredo Ravagnelli ele foi alcan\u00e7ado e abordado.<\/p>\n<p>Ao ser indagado, o jovem admitiu que estaria vendendo drogas. Em sua bermuda havia 28 pinos de coca\u00edna e quatro por\u00e7\u00f5es de maconha. Ele indicou uma casa abandonada nas imedia\u00e7\u00f5es.<\/p>\n<p>As equipes do Canil e Romu foram at\u00e9 o local e localizaram mais 114 c\u00e1psulas com coca\u00edna, 28 por\u00e7\u00f5es de maconha comum e outras 13 de maconha colombiana, al\u00e9m de R$ 275 em c\u00e9dulas e moedas de diversos valores.<\/p>\n<p>O menor foi encaminhado para a Central de Pol\u00edcia Judici\u00e1ria (CPJ), no Centro de Ribeir\u00e3o Preto. De l\u00e1, o delegado o encaminhou \u00e0 Funda\u00e7\u00e3o Casa, permanecendo \u00e0 disposi\u00e7\u00e3o da Justi\u00e7a para responder por ato infracional an\u00e1logo ao tr\u00e1fico de drogas.<\/p>\n<\/div>\n<footer class=\"penci-entry-footer\"\/><\/div>\n<p><script async src=\"\/\/platform.twitter.com\/widgets.js\" charset=\"utf-8\"><\/script><br \/>\n<br \/><br \/>\n<br \/><a href=\"https:\/\/www.tribunaribeirao.com.br\/site\/adolescente-e-apanhado-com-drogas-na-zona-leste\/\">Source link <\/a><\/p>\n<!-- CONTENT END 1 -->\n","protected":false},"excerpt":{"rendered":"<p>Rapaz tentou fugir quando viu a viatura da GCM, mas acabou apreendido 4 de mar\u00e7o de 2024 | 10:484 de mar\u00e7o de 2024 | 10:49&#8230;<\/p>\n","protected":false},"author":1,"featured_media":40496,"comment_status":"open","ping_status":"open","sticky":false,"template":"","format":"standard","meta":{"advanced_seo_description":"","jetpack_seo_html_title":"","jetpack_seo_noindex":false,"jetpack_post_was_ever_published":false,"_jetpack_newsletter_access":"","_jetpack_dont_email_post_to_subs":false,"_jetpack_newsletter_tier_id":0,"_jetpack_memberships_contains_paywalled_content":false,"_jetpack_memberships_contains_paid_content":false,"footnotes":"","jetpack_publicize_message":"","jetpack_publicize_feature_enabled":true,"jetpack_social_post_already_shared":true,"jetpack_social_options":{"image_generator_settings":{"template":"highway","default_image_id":0,"font":"","enabled":false},"version":2}},"categories":[11],"tags":[78,4728,1050,1557,340],"class_list":["post-40495","post","type-post","status-publish","format-standard","has-post-thumbnail","hentry","category-noticias-de-ribeirao-preto-sp-e-regiao-ismael-colosi","tag-adolescente","tag-apanhado","tag-drogas","tag-leste","tag-zona"],"jetpack_publicize_connections":[],"jetpack_featured_media_url":"https:\/\/i0.wp.com\/noticiasribeiraopreto.com.br\/wp-content\/uploads\/2024\/03\/00-04-fev-2024-drogas-gcm-foto-divulgacao-scaled.jpg?fit=543%2C645&ssl=1","jetpack-related-posts":[{"id":41288,"url":"https:\/\/noticiasribeiraopreto.com.br\/index.php\/2024\/03\/07\/adolescentes-sao-apanhados-com-carro-roubado-em-canavial\/","url_meta":{"origin":40495,"position":0},"title":"Adolescentes s\u00e3o apanhados com carro roubado em canavial","author":"noticiasribeiraopreto.com.br","date":"7 de March de 2024","format":false,"excerpt":"Dupla foi descoberta ap\u00f3s realizar ultrapassagem em rodovia na regi\u00e3o 7 de mar\u00e7o de 2024 | 11:23 2Por: Adalberto LuqueA Pol\u00edcia Militar Rodovi\u00e1ria (PMRv) apreendeu, nesta quarta-feira (6), dois adolescentes. A dupla estava em um ve\u00edculo que havia sido roubado pouco antes, trafegando pela Rodovia Deputado Cunha Bueno (SP-253), tamb\u00e9m\u2026","rel":"","context":"In &quot;Not\u00edcias de Ribeir\u00e3o Preto-SP e Regi\u00e3o&quot;","block_context":{"text":"Not\u00edcias de Ribeir\u00e3o Preto-SP e Regi\u00e3o","link":"https:\/\/noticiasribeiraopreto.com.br\/index.php\/category\/noticias-de-ribeirao-preto-sp-e-regiao-ismael-colosi\/"},"img":{"alt_text":"","src":"https:\/\/i0.wp.com\/noticiasribeiraopreto.com.br\/wp-content\/uploads\/2024\/03\/00-07-mar-2024-roubo-carro-guariba-foto-pmrv.jpg?fit=536%2C599&ssl=1&resize=350%2C200","width":350,"height":200,"srcset":"https:\/\/i0.wp.com\/noticiasribeiraopreto.com.br\/wp-content\/uploads\/2024\/03\/00-07-mar-2024-roubo-carro-guariba-foto-pmrv.jpg?fit=536%2C599&ssl=1&resize=350%2C200 1x, https:\/\/i0.wp.com\/noticiasribeiraopreto.com.br\/wp-content\/uploads\/2024\/03\/00-07-mar-2024-roubo-carro-guariba-foto-pmrv.jpg?fit=536%2C599&ssl=1&resize=525%2C300 1.5x"},"classes":[]},{"id":41956,"url":"https:\/\/noticiasribeiraopreto.com.br\/index.php\/2024\/03\/12\/adolescente-e-detido-com-quase-mil-porcoes-de-drogas\/","url_meta":{"origin":40495,"position":1},"title":"Adolescente \u00e9 detido com quase mil por\u00e7\u00f5es de drogas","author":"noticiasribeiraopreto.com.br","date":"12 de March de 2024","format":false,"excerpt":"Entorpecentes estavam na mochila do menor, que foi flagrado na zona Oeste da cidade 12 de mar\u00e7o de 2024 | 10:24 2Por: Adalberto LuqueUm adolescente foi apreendido, na tarde desta segunda-feira (11), com uma mochila repleta de por\u00e7\u00f5es de drogas. Ele estava na Rua Jo\u00e3o Thomazo, Jardim Marchesi, zona Oeste\u2026","rel":"","context":"In &quot;Not\u00edcias de Ribeir\u00e3o Preto-SP e Regi\u00e3o&quot;","block_context":{"text":"Not\u00edcias de Ribeir\u00e3o Preto-SP e Regi\u00e3o","link":"https:\/\/noticiasribeiraopreto.com.br\/index.php\/category\/noticias-de-ribeirao-preto-sp-e-regiao-ismael-colosi\/"},"img":{"alt_text":"","src":"https:\/\/i0.wp.com\/noticiasribeiraopreto.com.br\/wp-content\/uploads\/2024\/03\/00-12-mar-2024-apreensao-dise-foto-deic.jpg?fit=564%2C423&ssl=1&resize=350%2C200","width":350,"height":200,"srcset":"https:\/\/i0.wp.com\/noticiasribeiraopreto.com.br\/wp-content\/uploads\/2024\/03\/00-12-mar-2024-apreensao-dise-foto-deic.jpg?fit=564%2C423&ssl=1&resize=350%2C200 1x, https:\/\/i0.wp.com\/noticiasribeiraopreto.com.br\/wp-content\/uploads\/2024\/03\/00-12-mar-2024-apreensao-dise-foto-deic.jpg?fit=564%2C423&ssl=1&resize=525%2C300 1.5x"},"classes":[]},{"id":31754,"url":"https:\/\/noticiasribeiraopreto.com.br\/index.php\/2024\/01\/23\/homem-e-preso-com-muitas-porcoes-de-drogas-em-rp\/","url_meta":{"origin":40495,"position":2},"title":"Homem \u00e9 preso com muitas por\u00e7\u00f5es de drogas em RP","author":"noticiasribeiraopreto.com.br","date":"23 de January de 2024","format":false,"excerpt":"Suspeito teria sido alertado por olheiros da chegada de viatura, mas acabou correndo ao encontro dos guardas civis metropolitanos 23 de janeiro de 2024 | 7:2122 de janeiro de 2024 | 17:24 1Por: Adalberto LuqueUm homem foi preso, na tarde desta segunda-feira (22), depois de ser apanhado com dezenas de\u2026","rel":"","context":"In &quot;Not\u00edcias de Ribeir\u00e3o Preto-SP e Regi\u00e3o&quot;","block_context":{"text":"Not\u00edcias de Ribeir\u00e3o Preto-SP e Regi\u00e3o","link":"https:\/\/noticiasribeiraopreto.com.br\/index.php\/category\/noticias-de-ribeirao-preto-sp-e-regiao-ismael-colosi\/"},"img":{"alt_text":"","src":"https:\/\/i0.wp.com\/noticiasribeiraopreto.com.br\/wp-content\/uploads\/2024\/01\/00-23-jan-2024-drogas-vila-guimar-foto-gcm-scaled.jpg?fit=559%2C645&ssl=1&resize=350%2C200","width":350,"height":200,"srcset":"https:\/\/i0.wp.com\/noticiasribeiraopreto.com.br\/wp-content\/uploads\/2024\/01\/00-23-jan-2024-drogas-vila-guimar-foto-gcm-scaled.jpg?fit=559%2C645&ssl=1&resize=350%2C200 1x, https:\/\/i0.wp.com\/noticiasribeiraopreto.com.br\/wp-content\/uploads\/2024\/01\/00-23-jan-2024-drogas-vila-guimar-foto-gcm-scaled.jpg?fit=559%2C645&ssl=1&resize=525%2C300 1.5x"},"classes":[]},{"id":78626,"url":"https:\/\/noticiasribeiraopreto.com.br\/index.php\/2025\/10\/15\/adolescente-de-13-anos-e-flagrado-no-trafico-de-drogas-em-ribeirao-preto\/","url_meta":{"origin":40495,"position":3},"title":"Adolescente de 13 anos \u00e9 flagrado no tr\u00e1fico de drogas em Ribeir\u00e3o Preto","author":"noticiasribeiraopreto.com.br","date":"15 de October de 2025","format":false,"excerpt":"A GCM (Guarda Civil Metropolitana) deteve um adolescente de 13 anos com coca\u00edna em local apontado como ponto de tr\u00e1fico no Parque S\u00e3o Sebasti\u00e3o, zona Leste de Ribeir\u00e3o Preto Segundo o boletim de ocorr\u00eancia (BO), o menor estava pela rua Agostinho Vendr\u00fascolo, na manh\u00e3 desta ter\u00e7a-feira (14), e com ele\u2026","rel":"","context":"In &quot;Not\u00edcias de Ribeir\u00e3o Preto-SP e Regi\u00e3o&quot;","block_context":{"text":"Not\u00edcias de Ribeir\u00e3o Preto-SP e Regi\u00e3o","link":"https:\/\/noticiasribeiraopreto.com.br\/index.php\/category\/noticias-de-ribeirao-preto-sp-e-regiao-ismael-colosi\/"},"img":{"alt_text":"","src":"https:\/\/i0.wp.com\/noticiasribeiraopreto.com.br\/wp-content\/uploads\/2025\/09\/LUZ-POLICIA_2025-09-18_12-53-42.webp.webp?fit=1200%2C672&ssl=1&resize=350%2C200","width":350,"height":200,"srcset":"https:\/\/i0.wp.com\/noticiasribeiraopreto.com.br\/wp-content\/uploads\/2025\/09\/LUZ-POLICIA_2025-09-18_12-53-42.webp.webp?fit=1200%2C672&ssl=1&resize=350%2C200 1x, https:\/\/i0.wp.com\/noticiasribeiraopreto.com.br\/wp-content\/uploads\/2025\/09\/LUZ-POLICIA_2025-09-18_12-53-42.webp.webp?fit=1200%2C672&ssl=1&resize=525%2C300 1.5x, https:\/\/i0.wp.com\/noticiasribeiraopreto.com.br\/wp-content\/uploads\/2025\/09\/LUZ-POLICIA_2025-09-18_12-53-42.webp.webp?fit=1200%2C672&ssl=1&resize=700%2C400 2x, https:\/\/i0.wp.com\/noticiasribeiraopreto.com.br\/wp-content\/uploads\/2025\/09\/LUZ-POLICIA_2025-09-18_12-53-42.webp.webp?fit=1200%2C672&ssl=1&resize=1050%2C600 3x"},"classes":[]},{"id":7011,"url":"https:\/\/noticiasribeiraopreto.com.br\/index.php\/2023\/11\/27\/adolescente-esfaqueia-mae-apos-ser-proibido-de-brincar-em-praca\/","url_meta":{"origin":40495,"position":4},"title":"Adolescente esfaqueia m\u00e3e ap\u00f3s ser proibido de brincar em pra\u00e7a","author":"noticiasribeiraopreto.com.br","date":"27 de November de 2023","format":false,"excerpt":"Mulher teria levado quatro golpes de faca do filho de 13 anos por tentar mant\u00ea-lo em casa 27 de novembro de 2023 | 12:12 2Por: Adalberto LuqueUma mulher de 48 anos foi gravemente ferida, na tarde de domingo (26), ap\u00f3s receber quatro facadas do pr\u00f3prio filho. A mulher teria proibido\u2026","rel":"","context":"In &quot;Not\u00edcias de Ribeir\u00e3o Preto-SP e Regi\u00e3o&quot;","block_context":{"text":"Not\u00edcias de Ribeir\u00e3o Preto-SP e Regi\u00e3o","link":"https:\/\/noticiasribeiraopreto.com.br\/index.php\/category\/noticias-de-ribeirao-preto-sp-e-regiao-ismael-colosi\/"},"img":{"alt_text":"","src":"https:\/\/i0.wp.com\/noticiasribeiraopreto.com.br\/wp-content\/uploads\/2023\/11\/CPJ-Centro-Foto-Alfredo-Risk-1-scaled.jpg?fit=968%2C645&ssl=1&resize=350%2C200","width":350,"height":200,"srcset":"https:\/\/i0.wp.com\/noticiasribeiraopreto.com.br\/wp-content\/uploads\/2023\/11\/CPJ-Centro-Foto-Alfredo-Risk-1-scaled.jpg?fit=968%2C645&ssl=1&resize=350%2C200 1x, https:\/\/i0.wp.com\/noticiasribeiraopreto.com.br\/wp-content\/uploads\/2023\/11\/CPJ-Centro-Foto-Alfredo-Risk-1-scaled.jpg?fit=968%2C645&ssl=1&resize=525%2C300 1.5x, https:\/\/i0.wp.com\/noticiasribeiraopreto.com.br\/wp-content\/uploads\/2023\/11\/CPJ-Centro-Foto-Alfredo-Risk-1-scaled.jpg?fit=968%2C645&ssl=1&resize=700%2C400 2x"},"classes":[]},{"id":33601,"url":"https:\/\/noticiasribeiraopreto.com.br\/index.php\/2024\/01\/30\/menor-e-apreendido-traficando-na-zona-oeste\/","url_meta":{"origin":40495,"position":5},"title":"Menor \u00e9 apreendido traficando na zona Oeste","author":"noticiasribeiraopreto.com.br","date":"30 de January de 2024","format":false,"excerpt":"30 de janeiro de 2024 | 7:0929 de janeiro de 2024 | 17:14 1Por: Adalberto LuqueUm jovem de 17 anos foi apreendido, nesta segunda-feira (29). Ele teria sido flagrado traficando drogas nas ruas do Parque Ribeir\u00e3o Preto, zona Oeste da cidade. Durante opera\u00e7\u00e3o feita em local onde \u00e9 comum haver\u2026","rel":"","context":"In &quot;Not\u00edcias de Ribeir\u00e3o Preto-SP e Regi\u00e3o&quot;","block_context":{"text":"Not\u00edcias de Ribeir\u00e3o Preto-SP e Regi\u00e3o","link":"https:\/\/noticiasribeiraopreto.com.br\/index.php\/category\/noticias-de-ribeirao-preto-sp-e-regiao-ismael-colosi\/"},"img":{"alt_text":"","src":"https:\/\/i0.wp.com\/noticiasribeiraopreto.com.br\/wp-content\/uploads\/2024\/01\/00-30-jan-2024-menor-apreendido-foto-dise.jpg?fit=760%2C425&ssl=1&resize=350%2C200","width":350,"height":200,"srcset":"https:\/\/i0.wp.com\/noticiasribeiraopreto.com.br\/wp-content\/uploads\/2024\/01\/00-30-jan-2024-menor-apreendido-foto-dise.jpg?fit=760%2C425&ssl=1&resize=350%2C200 1x, https:\/\/i0.wp.com\/noticiasribeiraopreto.com.br\/wp-content\/uploads\/2024\/01\/00-30-jan-2024-menor-apreendido-foto-dise.jpg?fit=760%2C425&ssl=1&resize=525%2C300 1.5x, https:\/\/i0.wp.com\/noticiasribeiraopreto.com.br\/wp-content\/uploads\/2024\/01\/00-30-jan-2024-menor-apreendido-foto-dise.jpg?fit=760%2C425&ssl=1&resize=700%2C400 2x"},"classes":[]}],"jetpack_sharing_enabled":true,"jetpack_shortlink":"https:\/\/wp.me\/peQAOb-ax9","_links":{"self":[{"href":"https:\/\/noticiasribeiraopreto.com.br\/index.php\/wp-json\/wp\/v2\/posts\/40495","targetHints":{"allow":["GET"]}}],"collection":[{"href":"https:\/\/noticiasribeiraopreto.com.br\/index.php\/wp-json\/wp\/v2\/posts"}],"about":[{"href":"https:\/\/noticiasribeiraopreto.com.br\/index.php\/wp-json\/wp\/v2\/types\/post"}],"author":[{"embeddable":true,"href":"https:\/\/noticiasribeiraopreto.com.br\/index.php\/wp-json\/wp\/v2\/users\/1"}],"replies":[{"embeddable":true,"href":"https:\/\/noticiasribeiraopreto.com.br\/index.php\/wp-json\/wp\/v2\/comments?post=40495"}],"version-history":[{"count":0,"href":"https:\/\/noticiasribeiraopreto.com.br\/index.php\/wp-json\/wp\/v2\/posts\/40495\/revisions"}],"wp:featuredmedia":[{"embeddable":true,"href":"https:\/\/noticiasribeiraopreto.com.br\/index.php\/wp-json\/wp\/v2\/media\/40496"}],"wp:attachment":[{"href":"https:\/\/noticiasribeiraopreto.com.br\/index.php\/wp-json\/wp\/v2\/media?parent=40495"}],"wp:term":[{"taxonomy":"category","embeddable":true,"href":"https:\/\/noticiasribeiraopreto.com.br\/index.php\/wp-json\/wp\/v2\/categories?post=40495"},{"taxonomy":"post_tag","embeddable":true,"href":"https:\/\/noticiasribeiraopreto.com.br\/index.php\/wp-json\/wp\/v2\/tags?post=40495"}],"curies":[{"name":"wp","href":"https:\/\/api.w.org\/{rel}","templated":true}]}}