{"id":40528,"date":"2024-03-04T13:38:59","date_gmt":"2024-03-04T16:38:59","guid":{"rendered":"https:\/\/noticiasribeiraopreto.com.br\/index.php\/2024\/03\/04\/apos-acidente-homem-tem-suspeita-de-fratura-na-perna\/"},"modified":"2024-03-04T13:38:59","modified_gmt":"2024-03-04T16:38:59","slug":"apos-acidente-homem-tem-suspeita-de-fratura-na-perna","status":"publish","type":"post","link":"https:\/\/noticiasribeiraopreto.com.br\/index.php\/2024\/03\/04\/apos-acidente-homem-tem-suspeita-de-fratura-na-perna\/","title":{"rendered":"Ap\u00f3s acidente, homem tem suspeita de fratura na perna"},"content":{"rendered":"<div class='code-block code-block-1' style='margin: 8px 0 8px auto; text-align: right; display: block; clear: both;'>\n<p><a href=\"https:\/\/wa.link\/vpicfd\"><img data-recalc-dims=\"1\" class=\"wp-image-4922\" style=\"aspect-ratio: 2.0253164556962027; width: 561px; height: auto;\" src=\"https:\/\/i0.wp.com\/ismaelcolosi.com.br\/wp-content\/uploads\/2023\/11\/grupo-de-empregos-whatsapp-e-facebook-ismael-colosi-vagas.jpg?ssl=1\" alt=\"\" \/><\/a><\/p>\n<!-- \/wp:image -->\n<\/div>\n<p> <br \/>\n<\/p>\n<div id=\"post-376147\">\n<header class=\"entry-header penci-entry-header penci-title-center\">\n<h2 class=\"penci-post-subtitle\">Motociclista teria colidido contra caminh\u00e3o e foi socorrido com suspeita de fratura na perna<\/h2>\n<p> <span class=\"entry-meta-item penci-posted-on\"><i class=\"fa fa-clock-o\"\/><time class=\"entry-date published updated\" datetime=\"2024-03-04T10:43:05-03:00\">4 de mar\u00e7o de 2024 | 10:43<\/time><\/span><\/p>\n<p> <span class=\"penci-social-buttons penci-social-share-footer\"><a href=\"#\" class=\"penci-post-like penci_post-meta_item  single-like-button penci-social-item like\" data-post_id=\"376147\" title=\"Like\" data-like=\"Like\" data-unlike=\"Unlike\"><i class=\"fa fa-thumbs-o-up\"\/><span class=\"penci-share-number\">2<\/span><\/a><i class=\"fa fa-facebook\"\/><a class=\"penci-social-item twitter\" target=\"_blank\" rel=\"noopener\" title=\"\" href=\"https:\/\/twitter.com\/intent\/tweet?text=Ap\u00f3s%20acidente,%20homem%20tem%20suspeita%20de%20fratura%20na%20perna%20-%20https:\/\/www.tribunaribeirao.com.br\/site\/apos-acidente-homem-tem-suspeita-de-fratura-na-perna\/\"><i class=\"fa fa-twitter\"\/><\/a><i class=\"fa fa-whatsapp\"\/><\/span><\/header>\n<div class=\"penci-entry-content entry-content\">\n<p>Por: Adalberto Luque<\/p>\n<p>Um motociclista se envolveu em um acidente de tr\u00e2nsito, na manh\u00e3 desta segunda-feira (04) e foi socorrido com suspeita de fratura numa das pernas. O acidente ocorreu na Rua Ataulfo Alves, esquina com a Rua Coronel Filadelpho de Lima, Vila Abranches, zona Leste de Ribeir\u00e3o Preto.<\/p>\n<p>A colis\u00e3o envolveu o motociclista e um caminh\u00e3o que transportava ferragens. Segundo o motorista do caminh\u00e3o, o ve\u00edculo saiu da Rua Coronel Filadelpho de Lima e deu seta indicando que entraria na Rua Ataulfo Alves. Ele disse que o motociclista tentou ultrapassar pela direita, quando ocorreu a colis\u00e3o entre o carro e a moto.<\/p>\n<figure id=\"attachment_376149\" aria-describedby=\"caption-attachment-376149\" style=\"width: 1000px\" class=\"wp-caption alignnone\"><noscript><img data-recalc-dims=\"1\" loading=\"lazy\" decoding=\"async\" class=\"size-full wp-image-376149\" src=\"https:\/\/i0.wp.com\/www.tribunaribeirao.com.br\/site\/wp-content\/uploads\/2024\/03\/00-04-fev-2024-acidente-vila-abranches-02-foto-max-gallao-mesquita-scaled.jpg?resize=1000%2C562&#038;ssl=1\" alt=\"\" width=\"1000\" height=\"562\" srcset=\"https:\/\/www.tribunaribeirao.com.br\/site\/wp-content\/uploads\/2024\/03\/00-04-fev-2024-acidente-vila-abranches-02-foto-max-gallao-mesquita-scaled.jpg 1000w, https:\/\/www.tribunaribeirao.com.br\/site\/wp-content\/uploads\/2024\/03\/00-04-fev-2024-acidente-vila-abranches-02-foto-max-gallao-mesquita-300x169.jpg 300w, https:\/\/www.tribunaribeirao.com.br\/site\/wp-content\/uploads\/2024\/03\/00-04-fev-2024-acidente-vila-abranches-02-foto-max-gallao-mesquita-1024x576.jpg 1024w, https:\/\/www.tribunaribeirao.com.br\/site\/wp-content\/uploads\/2024\/03\/00-04-fev-2024-acidente-vila-abranches-02-foto-max-gallao-mesquita-768x432.jpg 768w, https:\/\/www.tribunaribeirao.com.br\/site\/wp-content\/uploads\/2024\/03\/00-04-fev-2024-acidente-vila-abranches-02-foto-max-gallao-mesquita-1536x864.jpg 1536w, https:\/\/www.tribunaribeirao.com.br\/site\/wp-content\/uploads\/2024\/03\/00-04-fev-2024-acidente-vila-abranches-02-foto-max-gallao-mesquita-960x540.jpg 960w, https:\/\/www.tribunaribeirao.com.br\/site\/wp-content\/uploads\/2024\/03\/00-04-fev-2024-acidente-vila-abranches-02-foto-max-gallao-mesquita-711x400.jpg 711w, https:\/\/www.tribunaribeirao.com.br\/site\/wp-content\/uploads\/2024\/03\/00-04-fev-2024-acidente-vila-abranches-02-foto-max-gallao-mesquita-585x329.jpg 585w\" sizes=\"auto, (max-width: 1000px) 100vw, 1000px\"\/><\/noscript><figcaption id=\"caption-attachment-376149\" class=\"wp-caption-text\">Motorista do caminh\u00e3o disse \u00e0 PM que o rapaz teria tentado ultrapassar pela direita quando ocorreu a colis\u00e3o (Foto: Max Gall\u00e3o Mesquita)<\/figcaption><\/figure>\n<p>Dois socorristas do Corpo de Bombeiros chegaram rapidamente at\u00e9 o local e estabilizaram a v\u00edtima, que estava ca\u00edda no asfalto. Ele estava com suspeita de fratura em uma das pernas. Um agente da RP Mobi orientou o tr\u00e2nsito no local. O acidente ocorreu por volta de 09h00.<\/p>\n<p>Uma unidade de socorro levou o motociclista at\u00e9 uma unidade hospitalar, para confirmar se ocorreu ou n\u00e3o a fratura. Seu estado de sa\u00fade n\u00e3o foi atualizado. O acidente foi registrado e a Pol\u00edcia Civil vai apurar as causas.<\/p>\n<\/div>\n<footer class=\"penci-entry-footer\"\/><\/div>\n<p><script async src=\"\/\/platform.twitter.com\/widgets.js\" charset=\"utf-8\"><\/script><br \/>\n<br \/><br \/>\n<br \/><a href=\"https:\/\/www.tribunaribeirao.com.br\/site\/apos-acidente-homem-tem-suspeita-de-fratura-na-perna\/\">Source link <\/a><\/p>\n<!-- CONTENT END 1 -->\n","protected":false},"excerpt":{"rendered":"<p>Motociclista teria colidido contra caminh\u00e3o e foi socorrido com suspeita de fratura na perna 4 de mar\u00e7o de 2024 | 10:43 2 Por: Adalberto Luque&#8230;<\/p>\n","protected":false},"author":1,"featured_media":40529,"comment_status":"open","ping_status":"open","sticky":false,"template":"","format":"standard","meta":{"advanced_seo_description":"","jetpack_seo_html_title":"","jetpack_seo_noindex":false,"jetpack_post_was_ever_published":false,"_jetpack_newsletter_access":"","_jetpack_dont_email_post_to_subs":false,"_jetpack_newsletter_tier_id":0,"_jetpack_memberships_contains_paywalled_content":false,"_jetpack_memberships_contains_paid_content":false,"footnotes":"","jetpack_publicize_message":"","jetpack_publicize_feature_enabled":true,"jetpack_social_post_already_shared":true,"jetpack_social_options":{"image_generator_settings":{"template":"highway","default_image_id":0,"font":"","enabled":false},"version":2}},"categories":[11],"tags":[74,37,3967,59,4742,3966,162],"class_list":["post-40528","post","type-post","status-publish","format-standard","has-post-thumbnail","hentry","category-noticias-de-ribeirao-preto-sp-e-regiao-ismael-colosi","tag-acidente","tag-apos","tag-fratura","tag-homem","tag-perna","tag-suspeita","tag-tem"],"jetpack_publicize_connections":[],"jetpack_featured_media_url":"https:\/\/i0.wp.com\/noticiasribeiraopreto.com.br\/wp-content\/uploads\/2024\/03\/00-04-fev-2024-acidente-vila-abranches-01-foto-max-gallao-mesquita-scaled.jpg?fit=1000%2C562&ssl=1","jetpack-related-posts":[{"id":32445,"url":"https:\/\/noticiasribeiraopreto.com.br\/index.php\/2024\/01\/25\/motociclista-bate-moto-em-defensa-metalica\/","url_meta":{"origin":40528,"position":0},"title":"Motociclista bate moto em defensa met\u00e1lica","author":"noticiasribeiraopreto.com.br","date":"25 de January de 2024","format":false,"excerpt":"Homem foi socorrido e levado para unidade hospitalar com suspeita de fratura na perna 24 de janeiro de 2024 | 15:34 2Por: Adalberto LuqueUm motociclista ficou ferido, na manh\u00e3 desta quarta-feira (24), ap\u00f3s colidir com sua moto contra uma defensa met\u00e1lica. O acidente aconteceu na primeira sa\u00edda da Rodovia Abr\u00e3o\u2026","rel":"","context":"In &quot;Not\u00edcias de Ribeir\u00e3o Preto-SP e Regi\u00e3o&quot;","block_context":{"text":"Not\u00edcias de Ribeir\u00e3o Preto-SP e Regi\u00e3o","link":"https:\/\/noticiasribeiraopreto.com.br\/index.php\/category\/noticias-de-ribeirao-preto-sp-e-regiao-ismael-colosi\/"},"img":{"alt_text":"","src":"https:\/\/i0.wp.com\/noticiasribeiraopreto.com.br\/wp-content\/uploads\/2024\/01\/00-24-jan-2024-acidente-abrao-assed-01-foto-max-gallao-mesquita-scaled.jpg?fit=968%2C645&ssl=1&resize=350%2C200","width":350,"height":200,"srcset":"https:\/\/i0.wp.com\/noticiasribeiraopreto.com.br\/wp-content\/uploads\/2024\/01\/00-24-jan-2024-acidente-abrao-assed-01-foto-max-gallao-mesquita-scaled.jpg?fit=968%2C645&ssl=1&resize=350%2C200 1x, https:\/\/i0.wp.com\/noticiasribeiraopreto.com.br\/wp-content\/uploads\/2024\/01\/00-24-jan-2024-acidente-abrao-assed-01-foto-max-gallao-mesquita-scaled.jpg?fit=968%2C645&ssl=1&resize=525%2C300 1.5x, https:\/\/i0.wp.com\/noticiasribeiraopreto.com.br\/wp-content\/uploads\/2024\/01\/00-24-jan-2024-acidente-abrao-assed-01-foto-max-gallao-mesquita-scaled.jpg?fit=968%2C645&ssl=1&resize=700%2C400 2x"},"classes":[]},{"id":33543,"url":"https:\/\/noticiasribeiraopreto.com.br\/index.php\/2024\/01\/29\/mulher-tem-suspeita-de-fratura-apos-acidente\/","url_meta":{"origin":40528,"position":1},"title":"Mulher tem suspeita de fratura ap\u00f3s acidente","author":"noticiasribeiraopreto.com.br","date":"29 de January de 2024","format":false,"excerpt":"V\u00edtima teria colidido com sua moto contra ve\u00edculo em cruzamento na zona Leste da cidade 29 de janeiro de 2024 | 12:18 2Por: Adalberto LuqueUma mulher foi socorrida com suspeita de fratura, ap\u00f3s sofrer um acidente, na manh\u00e3 desta segunda-feira (29). O acidente ocorreu no cruzamento da Rua Alice Al\u00e9m\u2026","rel":"","context":"In &quot;Not\u00edcias de Ribeir\u00e3o Preto-SP e Regi\u00e3o&quot;","block_context":{"text":"Not\u00edcias de Ribeir\u00e3o Preto-SP e Regi\u00e3o","link":"https:\/\/noticiasribeiraopreto.com.br\/index.php\/category\/noticias-de-ribeirao-preto-sp-e-regiao-ismael-colosi\/"},"img":{"alt_text":"","src":"https:\/\/i0.wp.com\/noticiasribeiraopreto.com.br\/wp-content\/uploads\/2024\/01\/00-29-jan-2024-acidente-ribeirania-01-foto-max-gallao-mesquita-scaled.jpg?fit=967%2C645&ssl=1&resize=350%2C200","width":350,"height":200,"srcset":"https:\/\/i0.wp.com\/noticiasribeiraopreto.com.br\/wp-content\/uploads\/2024\/01\/00-29-jan-2024-acidente-ribeirania-01-foto-max-gallao-mesquita-scaled.jpg?fit=967%2C645&ssl=1&resize=350%2C200 1x, https:\/\/i0.wp.com\/noticiasribeiraopreto.com.br\/wp-content\/uploads\/2024\/01\/00-29-jan-2024-acidente-ribeirania-01-foto-max-gallao-mesquita-scaled.jpg?fit=967%2C645&ssl=1&resize=525%2C300 1.5x, https:\/\/i0.wp.com\/noticiasribeiraopreto.com.br\/wp-content\/uploads\/2024\/01\/00-29-jan-2024-acidente-ribeirania-01-foto-max-gallao-mesquita-scaled.jpg?fit=967%2C645&ssl=1&resize=700%2C400 2x"},"classes":[]},{"id":78045,"url":"https:\/\/noticiasribeiraopreto.com.br\/index.php\/2025\/10\/01\/acidentes-na-via-norte-deixam-ferido-grave\/","url_meta":{"origin":40528,"position":2},"title":"Acidentes na Via Norte deixam ferido grave","author":"noticiasribeiraopreto.com.br","date":"1 de October de 2025","format":false,"excerpt":"Colis\u00f5es ocorreram em pontos distintos da via e envolveram tr\u00eas ve\u00edculos e tr\u00eas motocicletas; idoso foi levado para hospital com fraturas 1 de outubro de 2025 10:391 de outubro de 2025 10:4413 Compartilhar2 Por: Alfredo Risk e Adalberto Luque Dois acidentes registrados na Via Norte, na manh\u00e3 desta quarta-feira (1\u00ba),\u2026","rel":"","context":"In &quot;Not\u00edcias de Ribeir\u00e3o Preto-SP e Regi\u00e3o&quot;","block_context":{"text":"Not\u00edcias de Ribeir\u00e3o Preto-SP e Regi\u00e3o","link":"https:\/\/noticiasribeiraopreto.com.br\/index.php\/category\/noticias-de-ribeirao-preto-sp-e-regiao-ismael-colosi\/"},"img":{"alt_text":"","src":"https:\/\/i0.wp.com\/noticiasribeiraopreto.com.br\/wp-content\/uploads\/2025\/10\/01-out-2025-acidentevianorte2-scaled.jpg?fit=1170%2C780&ssl=1&resize=350%2C200","width":350,"height":200,"srcset":"https:\/\/i0.wp.com\/noticiasribeiraopreto.com.br\/wp-content\/uploads\/2025\/10\/01-out-2025-acidentevianorte2-scaled.jpg?fit=1170%2C780&ssl=1&resize=350%2C200 1x, https:\/\/i0.wp.com\/noticiasribeiraopreto.com.br\/wp-content\/uploads\/2025\/10\/01-out-2025-acidentevianorte2-scaled.jpg?fit=1170%2C780&ssl=1&resize=525%2C300 1.5x, https:\/\/i0.wp.com\/noticiasribeiraopreto.com.br\/wp-content\/uploads\/2025\/10\/01-out-2025-acidentevianorte2-scaled.jpg?fit=1170%2C780&ssl=1&resize=700%2C400 2x, https:\/\/i0.wp.com\/noticiasribeiraopreto.com.br\/wp-content\/uploads\/2025\/10\/01-out-2025-acidentevianorte2-scaled.jpg?fit=1170%2C780&ssl=1&resize=1050%2C600 3x"},"classes":[]},{"id":36830,"url":"https:\/\/noticiasribeiraopreto.com.br\/index.php\/2024\/02\/12\/motociclista-e-socorrido-com-suspeita-de-fratura-na-lagoinha\/","url_meta":{"origin":40528,"position":3},"title":"Motociclista \u00e9 socorrido com suspeita de fratura na Lagoinha","author":"noticiasribeiraopreto.com.br","date":"12 de February de 2024","format":false,"excerpt":"Moto teria batido contra ve\u00edculo SUV que seguia por avenida do bairro 12 de fevereiro de 2024 | 14:05 0Por: Adalberto LuqueDuas pessoas ficaram feridas, na manh\u00e3 deste domingo (11), ap\u00f3s um acidente envolvendo uma motocicleta e um SUV Nissan Kicks. O acidente ocorreu no cruzamento da Avenida Jos\u00e9 Gomes\u2026","rel":"","context":"In &quot;Not\u00edcias de Ribeir\u00e3o Preto-SP e Regi\u00e3o&quot;","block_context":{"text":"Not\u00edcias de Ribeir\u00e3o Preto-SP e Regi\u00e3o","link":"https:\/\/noticiasribeiraopreto.com.br\/index.php\/category\/noticias-de-ribeirao-preto-sp-e-regiao-ismael-colosi\/"},"img":{"alt_text":"","src":"https:\/\/i0.wp.com\/noticiasribeiraopreto.com.br\/wp-content\/uploads\/2024\/02\/00-12-fev-2024-acidente-lagoinha-01-foto-max-gallao-mesquita-scaled.jpg?fit=988%2C645&ssl=1&resize=350%2C200","width":350,"height":200,"srcset":"https:\/\/i0.wp.com\/noticiasribeiraopreto.com.br\/wp-content\/uploads\/2024\/02\/00-12-fev-2024-acidente-lagoinha-01-foto-max-gallao-mesquita-scaled.jpg?fit=988%2C645&ssl=1&resize=350%2C200 1x, https:\/\/i0.wp.com\/noticiasribeiraopreto.com.br\/wp-content\/uploads\/2024\/02\/00-12-fev-2024-acidente-lagoinha-01-foto-max-gallao-mesquita-scaled.jpg?fit=988%2C645&ssl=1&resize=525%2C300 1.5x, https:\/\/i0.wp.com\/noticiasribeiraopreto.com.br\/wp-content\/uploads\/2024\/02\/00-12-fev-2024-acidente-lagoinha-01-foto-max-gallao-mesquita-scaled.jpg?fit=988%2C645&ssl=1&resize=700%2C400 2x"},"classes":[]},{"id":75593,"url":"https:\/\/noticiasribeiraopreto.com.br\/index.php\/2025\/08\/12\/video-mulher-fica-ferida-em-acidente-no-anel-viario-sul\/","url_meta":{"origin":40528,"position":4},"title":"V\u00cdDEO &#8211; Mulher fica ferida em acidente no Anel Vi\u00e1rio Sul","author":"noticiasribeiraopreto.com.br","date":"12 de August de 2025","format":false,"excerpt":"Tr\u00e2nsito ficou congestionado por mais de cinco quil\u00f4metros e lentid\u00e3o causou outro acidente, este sem v\u00edtimas 12 de agosto de 2025 11:3712 de agosto de 2025 11:381 Compartilhar0 Por: Alfredo Risk e Adalberto Luque Uma mulher ficou ferida, na manh\u00e3 desta ter\u00e7a-feira (12), ap\u00f3s cair de sua moto. O acidente\u2026","rel":"","context":"In &quot;Not\u00edcias de Ribeir\u00e3o Preto-SP e Regi\u00e3o&quot;","block_context":{"text":"Not\u00edcias de Ribeir\u00e3o Preto-SP e Regi\u00e3o","link":"https:\/\/noticiasribeiraopreto.com.br\/index.php\/category\/noticias-de-ribeirao-preto-sp-e-regiao-ismael-colosi\/"},"img":{"alt_text":"","src":"https:\/\/i0.wp.com\/noticiasribeiraopreto.com.br\/wp-content\/uploads\/2025\/08\/12-ago-2025-acidenteanelsul1.jpg?fit=822%2C461&ssl=1&resize=350%2C200","width":350,"height":200,"srcset":"https:\/\/i0.wp.com\/noticiasribeiraopreto.com.br\/wp-content\/uploads\/2025\/08\/12-ago-2025-acidenteanelsul1.jpg?fit=822%2C461&ssl=1&resize=350%2C200 1x, https:\/\/i0.wp.com\/noticiasribeiraopreto.com.br\/wp-content\/uploads\/2025\/08\/12-ago-2025-acidenteanelsul1.jpg?fit=822%2C461&ssl=1&resize=525%2C300 1.5x, https:\/\/i0.wp.com\/noticiasribeiraopreto.com.br\/wp-content\/uploads\/2025\/08\/12-ago-2025-acidenteanelsul1.jpg?fit=822%2C461&ssl=1&resize=700%2C400 2x"},"classes":[]},{"id":71897,"url":"https:\/\/noticiasribeiraopreto.com.br\/index.php\/2025\/06\/11\/carro-de-prefeitura-atropela-ciclista-na-regiao\/","url_meta":{"origin":40528,"position":5},"title":"Carro de prefeitura atropela ciclista na regi\u00e3o","author":"noticiasribeiraopreto.com.br","date":"11 de June de 2025","format":false,"excerpt":"Homem teria tentado atravessar rodovia com sua bicicleta e acabou atropelado; havia neblina no momento do acidente 11 de junho de 2025 10:250 Compartilhar0 Por: Adalberto Luque Um homem de aproximadamente 55 anos ficou ferido, na manh\u00e3 desta quarta-feira (11), ap\u00f3s ser atropelado em uma rodovia. A v\u00edtima estava com\u2026","rel":"","context":"In &quot;Not\u00edcias de Ribeir\u00e3o Preto-SP e Regi\u00e3o&quot;","block_context":{"text":"Not\u00edcias de Ribeir\u00e3o Preto-SP e Regi\u00e3o","link":"https:\/\/noticiasribeiraopreto.com.br\/index.php\/category\/noticias-de-ribeirao-preto-sp-e-regiao-ismael-colosi\/"},"img":{"alt_text":"","src":"https:\/\/i0.wp.com\/noticiasribeiraopreto.com.br\/wp-content\/uploads\/2025\/06\/11-jun-2025-acidente-barrinha1-scaled.jpg?fit=679%2C500&ssl=1&resize=350%2C200","width":350,"height":200,"srcset":"https:\/\/i0.wp.com\/noticiasribeiraopreto.com.br\/wp-content\/uploads\/2025\/06\/11-jun-2025-acidente-barrinha1-scaled.jpg?fit=679%2C500&ssl=1&resize=350%2C200 1x, https:\/\/i0.wp.com\/noticiasribeiraopreto.com.br\/wp-content\/uploads\/2025\/06\/11-jun-2025-acidente-barrinha1-scaled.jpg?fit=679%2C500&ssl=1&resize=525%2C300 1.5x"},"classes":[]}],"jetpack_sharing_enabled":true,"jetpack_shortlink":"https:\/\/wp.me\/peQAOb-axG","_links":{"self":[{"href":"https:\/\/noticiasribeiraopreto.com.br\/index.php\/wp-json\/wp\/v2\/posts\/40528","targetHints":{"allow":["GET"]}}],"collection":[{"href":"https:\/\/noticiasribeiraopreto.com.br\/index.php\/wp-json\/wp\/v2\/posts"}],"about":[{"href":"https:\/\/noticiasribeiraopreto.com.br\/index.php\/wp-json\/wp\/v2\/types\/post"}],"author":[{"embeddable":true,"href":"https:\/\/noticiasribeiraopreto.com.br\/index.php\/wp-json\/wp\/v2\/users\/1"}],"replies":[{"embeddable":true,"href":"https:\/\/noticiasribeiraopreto.com.br\/index.php\/wp-json\/wp\/v2\/comments?post=40528"}],"version-history":[{"count":0,"href":"https:\/\/noticiasribeiraopreto.com.br\/index.php\/wp-json\/wp\/v2\/posts\/40528\/revisions"}],"wp:featuredmedia":[{"embeddable":true,"href":"https:\/\/noticiasribeiraopreto.com.br\/index.php\/wp-json\/wp\/v2\/media\/40529"}],"wp:attachment":[{"href":"https:\/\/noticiasribeiraopreto.com.br\/index.php\/wp-json\/wp\/v2\/media?parent=40528"}],"wp:term":[{"taxonomy":"category","embeddable":true,"href":"https:\/\/noticiasribeiraopreto.com.br\/index.php\/wp-json\/wp\/v2\/categories?post=40528"},{"taxonomy":"post_tag","embeddable":true,"href":"https:\/\/noticiasribeiraopreto.com.br\/index.php\/wp-json\/wp\/v2\/tags?post=40528"}],"curies":[{"name":"wp","href":"https:\/\/api.w.org\/{rel}","templated":true}]}}