{"id":40531,"date":"2024-03-04T14:05:17","date_gmt":"2024-03-04T17:05:17","guid":{"rendered":"https:\/\/noticiasribeiraopreto.com.br\/index.php\/2024\/03\/04\/maracatu-chapeu-de-sol-comemora-16-anos-de-atividades-em-rp\/"},"modified":"2024-03-04T14:05:17","modified_gmt":"2024-03-04T17:05:17","slug":"maracatu-chapeu-de-sol-comemora-16-anos-de-atividades-em-rp","status":"publish","type":"post","link":"https:\/\/noticiasribeiraopreto.com.br\/index.php\/2024\/03\/04\/maracatu-chapeu-de-sol-comemora-16-anos-de-atividades-em-rp\/","title":{"rendered":"Maracatu Chap\u00e9u de Sol comemora 16 anos de atividades em RP\u00a0"},"content":{"rendered":"<div class='code-block code-block-1' style='margin: 8px 0 8px auto; text-align: right; display: block; clear: both;'>\n<p><a href=\"https:\/\/wa.link\/vpicfd\"><img data-recalc-dims=\"1\" class=\"wp-image-4922\" style=\"aspect-ratio: 2.0253164556962027; width: 561px; height: auto;\" src=\"https:\/\/i0.wp.com\/ismaelcolosi.com.br\/wp-content\/uploads\/2023\/11\/grupo-de-empregos-whatsapp-e-facebook-ismael-colosi-vagas.jpg?ssl=1\" alt=\"\" \/><\/a><\/p>\n<!-- \/wp:image -->\n<\/div>\n<p> <br \/>\n<\/p>\n<div id=\"\">\n<p> <span class=\"entry-meta-item penci-posted-on\"><i class=\"fa fa-clock-o\"\/><time class=\"entry-date published\" datetime=\"2024-03-04T14:00:05-03:00\">4 de mar\u00e7o de 2024 | 14:00<\/time><time class=\"updated\" datetime=\"2024-03-02T12:59:35-03:00\">2 de mar\u00e7o de 2024 | 12:59<\/time><\/span><\/p>\n<p> <span class=\"penci-social-buttons penci-social-share-footer\"><a href=\"#\" class=\"penci-post-like penci_post-meta_item  single-like-button penci-social-item like\" data-post_id=\"375767\" title=\"Like\" data-like=\"Like\" data-unlike=\"Unlike\"><i class=\"fa fa-thumbs-o-up\"\/><span class=\"penci-share-number\">0<\/span><\/a><i class=\"fa fa-facebook\"\/><a class=\"penci-social-item twitter\" target=\"_blank\" rel=\"noopener\" title=\"\" href=\"https:\/\/twitter.com\/intent\/tweet?text=Maracatu%20Chap\u00e9u%20de%20Sol%20comemora%2016%20anos%20de%20atividades%20em%20RP\u00a0%20-%20https:\/\/www.tribunaribeirao.com.br\/site\/maracatu-chapeu-de-sol-comemora-16-anos-de-atividades-em-rp\/\"><i class=\"fa fa-twitter\"\/><\/a><i class=\"fa fa-whatsapp\"\/><\/span><\/div>\n<div>\n<p><span data-contrast=\"auto\">O Grupo Maracatu Chap\u00e9u de Sol ir\u00e1 comemorar 16 anos de atividades em Ribeir\u00e3o Preto. Para celebrar a data, atividades ser\u00e3o realizadas entre os pr\u00f3ximos dias 8 e 10 de mar\u00e7o.<\/span><span data-ccp-props=\"{&quot;201341983&quot;:0,&quot;335559739&quot;:0,&quot;335559740&quot;:240}\">\u00a0<\/span><\/p>\n<p><span data-contrast=\"auto\">No dia 8 de mar\u00e7o, Dia Internacional da Mulher, haver\u00e1 o tradicional cortejo pelas ruas da cidade. Tamb\u00e9m convidar\u00e1 a mestra de maracatu Karen Aguiar, da Na\u00e7\u00e3o Le\u00e3o Coroado, de Olinda (PE), para um bate-papo sobre a import\u00e2ncia das mulheres no maracatu e na cultura popular, seguido de oficina e apresenta\u00e7\u00e3o.\u00a0<\/span><span data-ccp-props=\"{&quot;201341983&quot;:0,&quot;335559739&quot;:0,&quot;335559740&quot;:240}\">\u00a0<\/span><\/p>\n<p><b><span data-contrast=\"auto\">Confira a programa\u00e7\u00e3o:<\/span><\/b><span data-ccp-props=\"{&quot;201341983&quot;:0,&quot;335559739&quot;:0,&quot;335559740&quot;:240}\">\u00a0<\/span><\/p>\n<p><b><span data-contrast=\"auto\">Cortejo do Maracatu Chap\u00e9u de Sol<\/span><\/b><span data-contrast=\"auto\">. No dia 08 de mar\u00e7o (sexta-feira), em comemora\u00e7\u00e3o aos 16 anos de grupo e de atividades desenvolvidas na cidade, junto a comemora\u00e7\u00e3o do Dia das Mulheres. O cortejo ter\u00e1 in\u00edcio na Pra\u00e7a XV, regi\u00e3o central, a partir das 19h, fazendo intera\u00e7\u00e3o com o p\u00fablico e levando a cultura pernambucana para as ruas da cidade. Ele seguir\u00e1 at\u00e9 a sede do grupo, que \u00e9 o Memorial da Classe Oper\u00e1ria-UGT, na parte baixa do Centro.<\/span><span data-ccp-props=\"{&quot;201341983&quot;:0,&quot;335559739&quot;:0,&quot;335559740&quot;:240}\">\u00a0<\/span><\/p>\n<p><b><span data-contrast=\"auto\">Roda de conversa<\/span><\/b><span data-contrast=\"auto\">. No dia 09 de mar\u00e7o (s\u00e1bado), sobre a import\u00e2ncia das mulheres no Maracatu e na Cultura Popular, a partir das 14hrs, tendo como convidada a mestra Karen Aguiar, da Na\u00e7\u00e3o Le\u00e3o Coroado, de Olinda (PE). A roda de conversa contar\u00e1 com as integrantes mulheres do grupo Maracatu Chap\u00e9u de Sol e a media\u00e7\u00e3o ser\u00e1 feita por Carolina Ramos, uma das fundadoras do grupo que teve contato direto com a Na\u00e7\u00e3o em Olinda e com o mestre, j\u00e1 falecido, Afonso Aguiar (av\u00f4 de Karen Aguiar). A atividade ser\u00e1 desenvolvida no s\u00e1bado, seguida de uma oficina, a partir das 16h30, com Karen Aguiar, que transmitir\u00e1 os fundamentos da Na\u00e7\u00e3o no baque e dan\u00e7a.<\/span><span data-ccp-props=\"{&quot;201341983&quot;:0,&quot;335559739&quot;:0,&quot;335559740&quot;:240}\">\u00a0<\/span><\/p>\n<p><b><span data-contrast=\"auto\">Apresenta\u00e7\u00e3o Maracatu Chap\u00e9u de Sol toca Na\u00e7\u00e3o Le\u00e3o Coroado.<\/span><\/b><span data-contrast=\"auto\"> Com Karen Aguiar, no dia 10 (domingo), \u00e0s 15h, na Quadra Embaixadores, na Rua Ribeir\u00e3o Preto, 1111. Integrantes do grupo far\u00e3o uma apresenta\u00e7\u00e3o sob reg\u00eancia de Karen Aguiar, com o objetivo de promover a import\u00e2ncia dessa manifesta\u00e7\u00e3o cultural e valoriza\u00e7\u00e3o pelas pessoas que compartilham seus saberes.<\/span><span data-ccp-props=\"{&quot;201341983&quot;:0,&quot;335559739&quot;:0,&quot;335559740&quot;:240}\">\u00a0<\/span><\/p>\n<p><span data-ccp-props=\"{&quot;201341983&quot;:0,&quot;335559739&quot;:0,&quot;335559740&quot;:240}\">\u00a0<\/span><\/p>\n<p><span data-ccp-props=\"{&quot;201341983&quot;:0,&quot;335559739&quot;:0,&quot;335559740&quot;:240}\">\u00a0<\/span><\/p>\n<\/div>\n<p><script async src=\"\/\/platform.twitter.com\/widgets.js\" charset=\"utf-8\"><\/script><br \/>\n<br \/><br \/>\n<br \/><a href=\"https:\/\/www.tribunaribeirao.com.br\/site\/maracatu-chapeu-de-sol-comemora-16-anos-de-atividades-em-rp\/\">Source link <\/a><\/p>\n<!-- CONTENT END 1 -->\n","protected":false},"excerpt":{"rendered":"<p>4 de mar\u00e7o de 2024 | 14:002 de mar\u00e7o de 2024 | 12:59 0 O Grupo Maracatu Chap\u00e9u de Sol ir\u00e1 comemorar 16 anos de&#8230;<\/p>\n","protected":false},"author":1,"featured_media":40532,"comment_status":"open","ping_status":"open","sticky":false,"template":"","format":"standard","meta":{"advanced_seo_description":"","jetpack_seo_html_title":"","jetpack_seo_noindex":false,"jetpack_post_was_ever_published":false,"_jetpack_newsletter_access":"","_jetpack_dont_email_post_to_subs":false,"_jetpack_newsletter_tier_id":0,"_jetpack_memberships_contains_paywalled_content":false,"_jetpack_memberships_contains_paid_content":false,"footnotes":"","jetpack_publicize_message":"","jetpack_publicize_feature_enabled":true,"jetpack_social_post_already_shared":true,"jetpack_social_options":{"image_generator_settings":{"template":"highway","default_image_id":0,"font":"","enabled":false},"version":2}},"categories":[11],"tags":[84,1174,4744,958,4743,2784],"class_list":["post-40531","post","type-post","status-publish","format-standard","has-post-thumbnail","hentry","category-noticias-de-ribeirao-preto-sp-e-regiao-ismael-colosi","tag-anos","tag-atividades","tag-chapeu","tag-comemora","tag-maracatu","tag-sol"],"jetpack_publicize_connections":[],"jetpack_featured_media_url":"https:\/\/i0.wp.com\/noticiasribeiraopreto.com.br\/wp-content\/uploads\/2024\/03\/2-maracatu-2.jpeg?fit=960%2C599&ssl=1","jetpack-related-posts":[{"id":9002,"url":"https:\/\/noticiasribeiraopreto.com.br\/index.php\/2023\/12\/01\/thiaguinho-carpinejar-e-toninho-delicio-opcoes-para-curtir-o-fim-de-semana-em-ribeirao\/","url_meta":{"origin":40531,"position":0},"title":"Thiaguinho, Carpinejar e Toninho Del\u00edcio: Op\u00e7\u00f5es para curtir o fim de semana em Ribeir\u00e3o\u00a0","author":"noticiasribeiraopreto.com.br","date":"1 de December de 2023","format":false,"excerpt":"O primeiro fim de semana do m\u00eas de dezembro em Ribeir\u00e3o Preto tem op\u00e7\u00f5es variadas para quem gosta de m\u00fasica e programa\u00e7\u00f5es em teatros. \u00a0 Apresenta\u00e7\u00e3o de chorinho, maracatu, stand up, show do Thiaguinho e mais. Confira\u00a0 DUO GIARDINI \u00a0 O Teatro Sesi de Ribeir\u00e3o Preto, no Jardim Castelo Branco,\u2026","rel":"","context":"In &quot;Not\u00edcias de Ribeir\u00e3o Preto-SP e Regi\u00e3o&quot;","block_context":{"text":"Not\u00edcias de Ribeir\u00e3o Preto-SP e Regi\u00e3o","link":"https:\/\/noticiasribeiraopreto.com.br\/index.php\/category\/noticias-de-ribeirao-preto-sp-e-regiao-ismael-colosi\/"},"img":{"alt_text":"","src":"https:\/\/i0.wp.com\/noticiasribeiraopreto.com.br\/wp-content\/uploads\/2023\/12\/WhatsApp-Image-2023-11-11-at-12.18.32.jpeg?fit=1080%2C745&ssl=1&resize=350%2C200","width":350,"height":200,"srcset":"https:\/\/i0.wp.com\/noticiasribeiraopreto.com.br\/wp-content\/uploads\/2023\/12\/WhatsApp-Image-2023-11-11-at-12.18.32.jpeg?fit=1080%2C745&ssl=1&resize=350%2C200 1x, https:\/\/i0.wp.com\/noticiasribeiraopreto.com.br\/wp-content\/uploads\/2023\/12\/WhatsApp-Image-2023-11-11-at-12.18.32.jpeg?fit=1080%2C745&ssl=1&resize=525%2C300 1.5x, https:\/\/i0.wp.com\/noticiasribeiraopreto.com.br\/wp-content\/uploads\/2023\/12\/WhatsApp-Image-2023-11-11-at-12.18.32.jpeg?fit=1080%2C745&ssl=1&resize=700%2C400 2x, https:\/\/i0.wp.com\/noticiasribeiraopreto.com.br\/wp-content\/uploads\/2023\/12\/WhatsApp-Image-2023-11-11-at-12.18.32.jpeg?fit=1080%2C745&ssl=1&resize=1050%2C600 3x"},"classes":[]},{"id":63863,"url":"https:\/\/noticiasribeiraopreto.com.br\/index.php\/2025\/02\/24\/ribeirao-preto-recebe-oficinas-gratuitas-de-maracatu-veja-como-participar\/","url_meta":{"origin":40531,"position":1},"title":"Ribeir\u00e3o Preto recebe oficinas gratuitas de Maracatu; veja como participar","author":"noticiasribeiraopreto.com.br","date":"24 de February de 2025","format":false,"excerpt":"Ribeir\u00e3o Preto recebe nos pr\u00f3ximos dias 9 de mar\u00e7o, 4 e 13 de abril oficinas gratuitas de Maracatu, do projeto Circuito de Oficinas e Viv\u00eancias de Maracatu de Baque Virado. As oficinas ser\u00e3o ministradas em locais perif\u00e9ricos da cidade. O Maracatu \u00e9 uma manifesta\u00e7\u00e3o cultural que integra m\u00fasica, dan\u00e7a e\u2026","rel":"","context":"In &quot;Not\u00edcias de Ribeir\u00e3o Preto-SP e Regi\u00e3o&quot;","block_context":{"text":"Not\u00edcias de Ribeir\u00e3o Preto-SP e Regi\u00e3o","link":"https:\/\/noticiasribeiraopreto.com.br\/index.php\/category\/noticias-de-ribeirao-preto-sp-e-regiao-ismael-colosi\/"},"img":{"alt_text":"","src":"https:\/\/i0.wp.com\/noticiasribeiraopreto.com.br\/wp-content\/uploads\/2025\/02\/Copia-de-Copia-de-Copia-de-TAMANHO-EXATO-PARA-FOTOS-NO-SISTEMA-NOVO-8_2025-02-24_14-28-59_jpg_2025-02-24_14-28-59.webp.webp?fit=1200%2C675&ssl=1&resize=350%2C200","width":350,"height":200,"srcset":"https:\/\/i0.wp.com\/noticiasribeiraopreto.com.br\/wp-content\/uploads\/2025\/02\/Copia-de-Copia-de-Copia-de-TAMANHO-EXATO-PARA-FOTOS-NO-SISTEMA-NOVO-8_2025-02-24_14-28-59_jpg_2025-02-24_14-28-59.webp.webp?fit=1200%2C675&ssl=1&resize=350%2C200 1x, https:\/\/i0.wp.com\/noticiasribeiraopreto.com.br\/wp-content\/uploads\/2025\/02\/Copia-de-Copia-de-Copia-de-TAMANHO-EXATO-PARA-FOTOS-NO-SISTEMA-NOVO-8_2025-02-24_14-28-59_jpg_2025-02-24_14-28-59.webp.webp?fit=1200%2C675&ssl=1&resize=525%2C300 1.5x, https:\/\/i0.wp.com\/noticiasribeiraopreto.com.br\/wp-content\/uploads\/2025\/02\/Copia-de-Copia-de-Copia-de-TAMANHO-EXATO-PARA-FOTOS-NO-SISTEMA-NOVO-8_2025-02-24_14-28-59_jpg_2025-02-24_14-28-59.webp.webp?fit=1200%2C675&ssl=1&resize=700%2C400 2x, https:\/\/i0.wp.com\/noticiasribeiraopreto.com.br\/wp-content\/uploads\/2025\/02\/Copia-de-Copia-de-Copia-de-TAMANHO-EXATO-PARA-FOTOS-NO-SISTEMA-NOVO-8_2025-02-24_14-28-59_jpg_2025-02-24_14-28-59.webp.webp?fit=1200%2C675&ssl=1&resize=1050%2C600 3x"},"classes":[]},{"id":54110,"url":"https:\/\/noticiasribeiraopreto.com.br\/index.php\/2024\/06\/28\/festival-de-musica-acontece-no-teatro-de-arena-de-ribeirao-preto-veja-as-atracoes\/","url_meta":{"origin":40531,"position":2},"title":"Festival de m\u00fasica acontece no Teatro de Arena de Ribeir\u00e3o Preto; Veja as atra\u00e7\u00f5es","author":"noticiasribeiraopreto.com.br","date":"28 de June de 2024","format":false,"excerpt":"O projeto \u201cM\u00fasica Para Todos\u201d traz sete atra\u00e7\u00f5es musicais de g\u00eaneros variados, dentre elas a banda Balaco e o grupo Choro da Casa para o palco do Teatro de Arena \u201cJaime Zeiger\u201d, no domingo (30), das 13h30 \u00e0s 20h. O evento integra programa\u00e7\u00e3o de anivers\u00e1rio de 168 anos de Ribeir\u00e3o\u2026","rel":"","context":"In &quot;Not\u00edcias de Ribeir\u00e3o Preto-SP e Regi\u00e3o&quot;","block_context":{"text":"Not\u00edcias de Ribeir\u00e3o Preto-SP e Regi\u00e3o","link":"https:\/\/noticiasribeiraopreto.com.br\/index.php\/category\/noticias-de-ribeirao-preto-sp-e-regiao-ismael-colosi\/"},"img":{"alt_text":"","src":"https:\/\/i0.wp.com\/noticiasribeiraopreto.com.br\/wp-content\/uploads\/2024\/06\/TEATRO-DE-ARENA-ENTRADA_2024-06-24_11-51-10_jpeg_2024-06-24_11-51-11.webp.webp?fit=1200%2C800&ssl=1&resize=350%2C200","width":350,"height":200,"srcset":"https:\/\/i0.wp.com\/noticiasribeiraopreto.com.br\/wp-content\/uploads\/2024\/06\/TEATRO-DE-ARENA-ENTRADA_2024-06-24_11-51-10_jpeg_2024-06-24_11-51-11.webp.webp?fit=1200%2C800&ssl=1&resize=350%2C200 1x, https:\/\/i0.wp.com\/noticiasribeiraopreto.com.br\/wp-content\/uploads\/2024\/06\/TEATRO-DE-ARENA-ENTRADA_2024-06-24_11-51-10_jpeg_2024-06-24_11-51-11.webp.webp?fit=1200%2C800&ssl=1&resize=525%2C300 1.5x, https:\/\/i0.wp.com\/noticiasribeiraopreto.com.br\/wp-content\/uploads\/2024\/06\/TEATRO-DE-ARENA-ENTRADA_2024-06-24_11-51-10_jpeg_2024-06-24_11-51-11.webp.webp?fit=1200%2C800&ssl=1&resize=700%2C400 2x, https:\/\/i0.wp.com\/noticiasribeiraopreto.com.br\/wp-content\/uploads\/2024\/06\/TEATRO-DE-ARENA-ENTRADA_2024-06-24_11-51-10_jpeg_2024-06-24_11-51-11.webp.webp?fit=1200%2C800&ssl=1&resize=1050%2C600 3x"},"classes":[]},{"id":80507,"url":"https:\/\/noticiasribeiraopreto.com.br\/index.php\/2025\/12\/04\/assentamento-em-ribeirao-preto-recebe-programacao-com-samba-maracatu-e-artistas-regionais\/","url_meta":{"origin":40531,"position":3},"title":"Assentamento em Ribeir\u00e3o Preto recebe programa\u00e7\u00e3o com samba, maracatu e artistas regionais","author":"noticiasribeiraopreto.com.br","date":"4 de December de 2025","format":false,"excerpt":"O assentamento M\u00e1rio Lago, em Ribeir\u00e3o Preto, recebe neste s\u00e1bado (6) apresenta\u00e7\u00f5es culturais abertas ao p\u00fablico, com m\u00fasica, dan\u00e7a e performances. A programa\u00e7\u00e3o re\u00fane artistas da regi\u00e3o e grupos tradicionais, das 12h30 \u00e0s 20h30. As apresenta\u00e7\u00f5es fazem parte da programa\u00e7\u00e3o cultural do Encontro sobre Quest\u00e3o Agr\u00e1ria e Ambiental, realizado no\u2026","rel":"","context":"In &quot;Not\u00edcias de Ribeir\u00e3o Preto-SP e Regi\u00e3o&quot;","block_context":{"text":"Not\u00edcias de Ribeir\u00e3o Preto-SP e Regi\u00e3o","link":"https:\/\/noticiasribeiraopreto.com.br\/index.php\/category\/noticias-de-ribeirao-preto-sp-e-regiao-ismael-colosi\/"},"img":{"alt_text":"","src":"https:\/\/i0.wp.com\/noticiasribeiraopreto.com.br\/wp-content\/uploads\/2025\/12\/DSC_0008-3-8.webp.webp?fit=1200%2C800&ssl=1&resize=350%2C200","width":350,"height":200,"srcset":"https:\/\/i0.wp.com\/noticiasribeiraopreto.com.br\/wp-content\/uploads\/2025\/12\/DSC_0008-3-8.webp.webp?fit=1200%2C800&ssl=1&resize=350%2C200 1x, https:\/\/i0.wp.com\/noticiasribeiraopreto.com.br\/wp-content\/uploads\/2025\/12\/DSC_0008-3-8.webp.webp?fit=1200%2C800&ssl=1&resize=525%2C300 1.5x, https:\/\/i0.wp.com\/noticiasribeiraopreto.com.br\/wp-content\/uploads\/2025\/12\/DSC_0008-3-8.webp.webp?fit=1200%2C800&ssl=1&resize=700%2C400 2x, https:\/\/i0.wp.com\/noticiasribeiraopreto.com.br\/wp-content\/uploads\/2025\/12\/DSC_0008-3-8.webp.webp?fit=1200%2C800&ssl=1&resize=1050%2C600 3x"},"classes":[]},{"id":69684,"url":"https:\/\/noticiasribeiraopreto.com.br\/index.php\/2025\/05\/08\/jornal-da-franca-feira-de-turismo-regional-de-franca-prossegue-nesta-quinta-8-no-franca-shopping\/","url_meta":{"origin":40531,"position":4},"title":"Jornal da Franca &#8211; Feira de Turismo Regional de Franca prossegue nesta quinta (8) no Franca Shopping","author":"noticiasribeiraopreto.com.br","date":"8 de May de 2025","format":false,"excerpt":"compartilhar no whatsapp compartilhar no telegram compartilhar no facebook compartilhar no linkedin Depois dos tr\u00eas dias de Feira, na sequ\u00eancia acontece o Festival Criativo da Alta Mogiana, nos dias 10 e 11 de maio, no mesmo local. Apresenta\u00e7\u00e3o de Maracatu durante a Feira Regional de Turismo de Franca Nesta quinta-feira\u2026","rel":"","context":"In &quot;Not\u00edcias de Franca-SP&quot;","block_context":{"text":"Not\u00edcias de Franca-SP","link":"https:\/\/noticiasribeiraopreto.com.br\/index.php\/category\/noticias-de-ribeirao-preto-sp-e-regiao-ismael-colosi\/noticias-franca-sp\/"},"img":{"alt_text":"","src":"https:\/\/i0.wp.com\/noticiasribeiraopreto.com.br\/wp-content\/uploads\/2025\/05\/essa-6.jpg?fit=1170%2C789&ssl=1&resize=350%2C200","width":350,"height":200,"srcset":"https:\/\/i0.wp.com\/noticiasribeiraopreto.com.br\/wp-content\/uploads\/2025\/05\/essa-6.jpg?fit=1170%2C789&ssl=1&resize=350%2C200 1x, https:\/\/i0.wp.com\/noticiasribeiraopreto.com.br\/wp-content\/uploads\/2025\/05\/essa-6.jpg?fit=1170%2C789&ssl=1&resize=525%2C300 1.5x, https:\/\/i0.wp.com\/noticiasribeiraopreto.com.br\/wp-content\/uploads\/2025\/05\/essa-6.jpg?fit=1170%2C789&ssl=1&resize=700%2C400 2x, https:\/\/i0.wp.com\/noticiasribeiraopreto.com.br\/wp-content\/uploads\/2025\/05\/essa-6.jpg?fit=1170%2C789&ssl=1&resize=1050%2C600 3x"},"classes":[]},{"id":64088,"url":"https:\/\/noticiasribeiraopreto.com.br\/index.php\/2025\/03\/01\/veja-as-opcoes-para-curtir-o-sabado-de-carnaval-em-ribeirao-preto\/","url_meta":{"origin":40531,"position":5},"title":"Veja as op\u00e7\u00f5es para curtir o s\u00e1bado de Carnaval em Ribeir\u00e3o Preto","author":"noticiasribeiraopreto.com.br","date":"1 de March de 2025","format":false,"excerpt":"O m\u00eas de mar\u00e7o come\u00e7ou logo no s\u00e1bado de Carnaval, e Ribeir\u00e3o Preto conta com diversas atividades para quem n\u00e3o quer ficar parado. Confira os bloquinhos que tomam conta da cidade: Afox\u00e9 Om\u00f3 Or\u00fanmil\u00e1 Neste s\u00e1bado (1\u00ba mar\u00e7o), o tradicional Afox\u00e9 Om\u00f3 Or\u00f9nmil\u00e1 comemora 30 anos no Teatro de Arena,\u2026","rel":"","context":"In &quot;Not\u00edcias de Ribeir\u00e3o Preto-SP e Regi\u00e3o&quot;","block_context":{"text":"Not\u00edcias de Ribeir\u00e3o Preto-SP e Regi\u00e3o","link":"https:\/\/noticiasribeiraopreto.com.br\/index.php\/category\/noticias-de-ribeirao-preto-sp-e-regiao-ismael-colosi\/"},"img":{"alt_text":"","src":"https:\/\/i0.wp.com\/noticiasribeiraopreto.com.br\/wp-content\/uploads\/2025\/03\/Snapinst.app_473669436_18478971064024389_448097986808217743_n_1080-e1739987310882-664x332-1_2025-02-28_13-27-28_jpg_2025-02-28_13-27-28.webp.webp?fit=664%2C332&ssl=1&resize=350%2C200","width":350,"height":200,"srcset":"https:\/\/i0.wp.com\/noticiasribeiraopreto.com.br\/wp-content\/uploads\/2025\/03\/Snapinst.app_473669436_18478971064024389_448097986808217743_n_1080-e1739987310882-664x332-1_2025-02-28_13-27-28_jpg_2025-02-28_13-27-28.webp.webp?fit=664%2C332&ssl=1&resize=350%2C200 1x, https:\/\/i0.wp.com\/noticiasribeiraopreto.com.br\/wp-content\/uploads\/2025\/03\/Snapinst.app_473669436_18478971064024389_448097986808217743_n_1080-e1739987310882-664x332-1_2025-02-28_13-27-28_jpg_2025-02-28_13-27-28.webp.webp?fit=664%2C332&ssl=1&resize=525%2C300 1.5x"},"classes":[]}],"jetpack_sharing_enabled":true,"jetpack_shortlink":"https:\/\/wp.me\/peQAOb-axJ","_links":{"self":[{"href":"https:\/\/noticiasribeiraopreto.com.br\/index.php\/wp-json\/wp\/v2\/posts\/40531","targetHints":{"allow":["GET"]}}],"collection":[{"href":"https:\/\/noticiasribeiraopreto.com.br\/index.php\/wp-json\/wp\/v2\/posts"}],"about":[{"href":"https:\/\/noticiasribeiraopreto.com.br\/index.php\/wp-json\/wp\/v2\/types\/post"}],"author":[{"embeddable":true,"href":"https:\/\/noticiasribeiraopreto.com.br\/index.php\/wp-json\/wp\/v2\/users\/1"}],"replies":[{"embeddable":true,"href":"https:\/\/noticiasribeiraopreto.com.br\/index.php\/wp-json\/wp\/v2\/comments?post=40531"}],"version-history":[{"count":0,"href":"https:\/\/noticiasribeiraopreto.com.br\/index.php\/wp-json\/wp\/v2\/posts\/40531\/revisions"}],"wp:featuredmedia":[{"embeddable":true,"href":"https:\/\/noticiasribeiraopreto.com.br\/index.php\/wp-json\/wp\/v2\/media\/40532"}],"wp:attachment":[{"href":"https:\/\/noticiasribeiraopreto.com.br\/index.php\/wp-json\/wp\/v2\/media?parent=40531"}],"wp:term":[{"taxonomy":"category","embeddable":true,"href":"https:\/\/noticiasribeiraopreto.com.br\/index.php\/wp-json\/wp\/v2\/categories?post=40531"},{"taxonomy":"post_tag","embeddable":true,"href":"https:\/\/noticiasribeiraopreto.com.br\/index.php\/wp-json\/wp\/v2\/tags?post=40531"}],"curies":[{"name":"wp","href":"https:\/\/api.w.org\/{rel}","templated":true}]}}