{"id":40579,"date":"2024-03-04T17:21:18","date_gmt":"2024-03-04T20:21:18","guid":{"rendered":"https:\/\/noticiasribeiraopreto.com.br\/index.php\/2024\/03\/04\/crianca-morre-apos-ser-encontrada-desacordada-em-piscina-na-regiao-de-ribeirao\/"},"modified":"2024-03-04T17:21:18","modified_gmt":"2024-03-04T20:21:18","slug":"crianca-morre-apos-ser-encontrada-desacordada-em-piscina-na-regiao-de-ribeirao","status":"publish","type":"post","link":"https:\/\/noticiasribeiraopreto.com.br\/index.php\/2024\/03\/04\/crianca-morre-apos-ser-encontrada-desacordada-em-piscina-na-regiao-de-ribeirao\/","title":{"rendered":"Crian\u00e7a morre ap\u00f3s ser encontrada desacordada em piscina na regi\u00e3o de Ribeir\u00e3o"},"content":{"rendered":"<div class='code-block code-block-1' style='margin: 8px 0 8px auto; text-align: right; display: block; clear: both;'>\n<p><a href=\"https:\/\/wa.link\/vpicfd\"><img data-recalc-dims=\"1\" class=\"wp-image-4922\" style=\"aspect-ratio: 2.0253164556962027; width: 561px; height: auto;\" src=\"https:\/\/i0.wp.com\/ismaelcolosi.com.br\/wp-content\/uploads\/2023\/11\/grupo-de-empregos-whatsapp-e-facebook-ismael-colosi-vagas.jpg?ssl=1\" alt=\"\" \/><\/a><\/p>\n<!-- \/wp:image -->\n<\/div>\n<p> <br \/>\n<\/p>\n<div data-td-block-uid=\"tdi_101\">\n<div class=\"tdb-block-inner td-fix-index\">\n<p>A<strong> Pol\u00edcia Civil<\/strong> de Franca, na regi\u00e3o de <strong>Ribeir\u00e3o Preto<\/strong>, vai investigar as causas da morte de uma crian\u00e7a de apenas 5 anos que morreu no \u00faltimo domingo (3) ap\u00f3s ter sido <mark style=\"background-color:#fcb900\" class=\"has-inline-color has-black-color\">encontrada dentro de uma piscina desacordada.<\/mark><\/p>\n<p>O caso aconteceu no bairro S\u00e3o Jos\u00e9 e a pol\u00edcia apura se a morte do menino foi provocada por afogamento e engasgamento.<\/p>\n<p>De acordo com o<strong> B.O. (boletim de ocorr\u00eancia)<\/strong>, a v\u00edtima estava com a fam\u00edlia em casa em um churrasco. Ele teria pegado um peda\u00e7o de carne e ido pra piscina. Minutos depois, a crian\u00e7a foi encontrada desacordada dentro da \u00e1gua.<\/p>\n<p>A v\u00edtima foi levada at\u00e9 um hospital particular da cidade, onde foram realizadas manobras para o salvamento, como massagem card\u00edaca.<\/p>\n<p>Ainda segundo o boletim de ocorr\u00eancia, o menino estava com secre\u00e7\u00e3o g\u00e1strica nas vias a\u00e9reas, inclusive um peda\u00e7o de carne que estava obstruindo a garganta foi retirado com uma pin\u00e7a.<\/p>\n<p>Contudo, ele n\u00e3o resistiu. O corpo foi encaminhado para o <strong>IML (Instituto M\u00e9dico Legal) <\/strong>de Franca (com informa\u00e7\u00f5es EPTV).<\/p>\n<p>SAIBA MAIS<br \/>Veja se a primeira frente fria de mar\u00e7o vai atingir o interior de SP<\/p>\n<h4 class=\"wp-block-heading\"><strong>FIQUE ON<\/strong><\/h4>\n<p>Fique ligado em tudo que acontece em Ribeir\u00e3o Preto e regi\u00e3o. Siga os perfis do <strong>acidade on<\/strong> no <a href=\"https:\/\/www.instagram.com\/acidadeonribeirao\" target=\"_blank\" rel=\"noreferrer noopener nofollow\">Instagram <\/a>e no <a href=\"https:\/\/www.facebook.com\/acidadeonribeirao\" target=\"_blank\" rel=\"noreferrer noopener nofollow\">Facebook<\/a>.<\/p>\n<p>Receba not\u00edcias do <strong>acidade on<\/strong> no WhatsApp. <a href=\"https:\/\/chat.whatsapp.com\/Bnv2w66ZT4VDyZW3oiZ69n\" target=\"_blank\" rel=\"noreferrer noopener nofollow\">Para entrar no grupo, basta clicar aqui.<\/a><\/p>\n<p>Fa\u00e7a uma den\u00fancia ou sugira uma reportagem sobre Ribeir\u00e3o Preto e regi\u00e3o pelo WhatsApp: 16 99117 7802.<\/p>\n<p>VEJA TAMB\u00c9M<br \/>IR 2024: Quando come\u00e7a a declara\u00e7\u00e3o?<\/p>\n<p><!-- AI CONTENT END 1 -->\n<\/div>\n<\/div>\n<p><script async src=\"\/\/www.instagram.com\/embed.js\"><\/script><br \/>\n<br \/><br \/>\n<br \/><a href=\"https:\/\/www.acidadeon.com\/ribeiraopreto\/cotidiano\/crianca-morre-apos-ser-encontrada-desacordada-em-piscina-na-regiao-de-ribeirao\/\">Source link <\/a><\/p>\n<!-- CONTENT END 1 -->\n","protected":false},"excerpt":{"rendered":"<p>A Pol\u00edcia Civil de Franca, na regi\u00e3o de Ribeir\u00e3o Preto, vai investigar as causas da morte de uma crian\u00e7a de apenas 5 anos que morreu&#8230;<\/p>\n","protected":false},"author":1,"featured_media":40580,"comment_status":"open","ping_status":"open","sticky":false,"template":"","format":"standard","meta":{"advanced_seo_description":"","jetpack_seo_html_title":"","jetpack_seo_noindex":false,"jetpack_post_was_ever_published":false,"_jetpack_newsletter_access":"","_jetpack_dont_email_post_to_subs":false,"_jetpack_newsletter_tier_id":0,"_jetpack_memberships_contains_paywalled_content":false,"_jetpack_memberships_contains_paid_content":false,"footnotes":"","jetpack_publicize_message":"","jetpack_publicize_feature_enabled":true,"jetpack_social_post_already_shared":true,"jetpack_social_options":{"image_generator_settings":{"template":"highway","default_image_id":0,"font":"","enabled":false},"version":2}},"categories":[11],"tags":[],"class_list":["post-40579","post","type-post","status-publish","format-standard","has-post-thumbnail","hentry","category-noticias-de-ribeirao-preto-sp-e-regiao-ismael-colosi"],"jetpack_publicize_connections":[],"jetpack_featured_media_url":"https:\/\/i0.wp.com\/noticiasribeiraopreto.com.br\/wp-content\/uploads\/2024\/03\/WhatsApp-Image-2023-10-16-at-09.34.32-1.jpeg?fit=1080%2C1080&ssl=1","jetpack-related-posts":[{"id":57729,"url":"https:\/\/noticiasribeiraopreto.com.br\/index.php\/2024\/09\/09\/crianca-morre-apos-ser-encontrada-desacordada-em-piscina-na-regiao-de-ribeirao-2\/","url_meta":{"origin":40579,"position":0},"title":"Crian\u00e7a morre ap\u00f3s ser encontrada desacordada em piscina na regi\u00e3o de Ribeir\u00e3o","author":"noticiasribeiraopreto.com.br","date":"9 de September de 2024","format":false,"excerpt":"Uma menina de 3 anos morreu na tarde deste domingo (8), depois de ser encontrada desacordada na piscina de um rancho localizado na \u00e1rea rural de Santa Cruz da Esperan\u00e7a, cidade a aproximadamente 40 quil\u00f4metros de Ribeir\u00e3o Preto. Segundo o boletim de ocorr\u00eancia (BO), a fam\u00edlia estava em uma confraterniza\u00e7\u00e3o,\u2026","rel":"","context":"In &quot;Not\u00edcias de Ribeir\u00e3o Preto-SP e Regi\u00e3o&quot;","block_context":{"text":"Not\u00edcias de Ribeir\u00e3o Preto-SP e Regi\u00e3o","link":"https:\/\/noticiasribeiraopreto.com.br\/index.php\/category\/noticias-de-ribeirao-preto-sp-e-regiao-ismael-colosi\/"},"img":{"alt_text":"","src":"https:\/\/i0.wp.com\/noticiasribeiraopreto.com.br\/wp-content\/uploads\/2024\/09\/1725887734_cpj_policia_1200x675_30012022162443.jpg?fit=1200%2C675&ssl=1&resize=350%2C200","width":350,"height":200,"srcset":"https:\/\/i0.wp.com\/noticiasribeiraopreto.com.br\/wp-content\/uploads\/2024\/09\/1725887734_cpj_policia_1200x675_30012022162443.jpg?fit=1200%2C675&ssl=1&resize=350%2C200 1x, https:\/\/i0.wp.com\/noticiasribeiraopreto.com.br\/wp-content\/uploads\/2024\/09\/1725887734_cpj_policia_1200x675_30012022162443.jpg?fit=1200%2C675&ssl=1&resize=525%2C300 1.5x, https:\/\/i0.wp.com\/noticiasribeiraopreto.com.br\/wp-content\/uploads\/2024\/09\/1725887734_cpj_policia_1200x675_30012022162443.jpg?fit=1200%2C675&ssl=1&resize=700%2C400 2x, https:\/\/i0.wp.com\/noticiasribeiraopreto.com.br\/wp-content\/uploads\/2024\/09\/1725887734_cpj_policia_1200x675_30012022162443.jpg?fit=1200%2C675&ssl=1&resize=1050%2C600 3x"},"classes":[]},{"id":65790,"url":"https:\/\/noticiasribeiraopreto.com.br\/index.php\/2025\/03\/24\/crianca-morre-apos-se-afogar-em-piscina-na-regiao-de-ribeirao-preto\/","url_meta":{"origin":40579,"position":1},"title":"Crian\u00e7a morre ap\u00f3s se afogar em piscina na regi\u00e3o de Ribeir\u00e3o Preto","author":"noticiasribeiraopreto.com.br","date":"24 de March de 2025","format":false,"excerpt":"Um menino de 4 anos morreu nesta segunda-feira (24), depois de se afogar na piscina de uma ch\u00e1cara, neste domingo (23), durante uma confraterniza\u00e7\u00e3o familiar na \u00e1rea rural de Igarapava, cidade a aproximadamente 130 quil\u00f4metros de Ribeir\u00e3o Preto. Segundo o boletim de ocorr\u00eancia (BO), a crian\u00e7a estava na parte mais\u2026","rel":"","context":"In &quot;Not\u00edcias de Ribeir\u00e3o Preto-SP e Regi\u00e3o&quot;","block_context":{"text":"Not\u00edcias de Ribeir\u00e3o Preto-SP e Regi\u00e3o","link":"https:\/\/noticiasribeiraopreto.com.br\/index.php\/category\/noticias-de-ribeirao-preto-sp-e-regiao-ismael-colosi\/"},"img":{"alt_text":"","src":"https:\/\/i0.wp.com\/noticiasribeiraopreto.com.br\/wp-content\/uploads\/2025\/03\/pool-3105769_1920.jpg?fit=1200%2C799&ssl=1&resize=350%2C200","width":350,"height":200,"srcset":"https:\/\/i0.wp.com\/noticiasribeiraopreto.com.br\/wp-content\/uploads\/2025\/03\/pool-3105769_1920.jpg?fit=1200%2C799&ssl=1&resize=350%2C200 1x, https:\/\/i0.wp.com\/noticiasribeiraopreto.com.br\/wp-content\/uploads\/2025\/03\/pool-3105769_1920.jpg?fit=1200%2C799&ssl=1&resize=525%2C300 1.5x, https:\/\/i0.wp.com\/noticiasribeiraopreto.com.br\/wp-content\/uploads\/2025\/03\/pool-3105769_1920.jpg?fit=1200%2C799&ssl=1&resize=700%2C400 2x, https:\/\/i0.wp.com\/noticiasribeiraopreto.com.br\/wp-content\/uploads\/2025\/03\/pool-3105769_1920.jpg?fit=1200%2C799&ssl=1&resize=1050%2C600 3x"},"classes":[]},{"id":78584,"url":"https:\/\/noticiasribeiraopreto.com.br\/index.php\/2025\/10\/14\/crianca-encontrada-submersa-em-piscina-de-casa-morre-em-ribeirao-preto\/","url_meta":{"origin":40579,"position":2},"title":"Crian\u00e7a encontrada submersa em piscina de casa morre em Ribeir\u00e3o Preto","author":"noticiasribeiraopreto.com.br","date":"14 de October de 2025","format":false,"excerpt":"Uma menina de 1 e 3 meses morreu na noite desta segunda-feira (13), em Ribeir\u00e3o Preto, tr\u00eas dias depois de ter sido encontrada submersa na piscina de casa onde morava. Segundo o boletim de ocorr\u00eancia (BO), a crian\u00e7a foi socorrida na \u00faltima sexta-feira (10) e levada a um hospital particular.\u2026","rel":"","context":"In &quot;Not\u00edcias de Ribeir\u00e3o Preto-SP e Regi\u00e3o&quot;","block_context":{"text":"Not\u00edcias de Ribeir\u00e3o Preto-SP e Regi\u00e3o","link":"https:\/\/noticiasribeiraopreto.com.br\/index.php\/category\/noticias-de-ribeirao-preto-sp-e-regiao-ismael-colosi\/"},"img":{"alt_text":"","src":"https:\/\/i0.wp.com\/noticiasribeiraopreto.com.br\/wp-content\/uploads\/2025\/10\/PISCINA_2025-10-14_12-54-19.webp.webp?fit=1200%2C741&ssl=1&resize=350%2C200","width":350,"height":200,"srcset":"https:\/\/i0.wp.com\/noticiasribeiraopreto.com.br\/wp-content\/uploads\/2025\/10\/PISCINA_2025-10-14_12-54-19.webp.webp?fit=1200%2C741&ssl=1&resize=350%2C200 1x, https:\/\/i0.wp.com\/noticiasribeiraopreto.com.br\/wp-content\/uploads\/2025\/10\/PISCINA_2025-10-14_12-54-19.webp.webp?fit=1200%2C741&ssl=1&resize=525%2C300 1.5x, https:\/\/i0.wp.com\/noticiasribeiraopreto.com.br\/wp-content\/uploads\/2025\/10\/PISCINA_2025-10-14_12-54-19.webp.webp?fit=1200%2C741&ssl=1&resize=700%2C400 2x, https:\/\/i0.wp.com\/noticiasribeiraopreto.com.br\/wp-content\/uploads\/2025\/10\/PISCINA_2025-10-14_12-54-19.webp.webp?fit=1200%2C741&ssl=1&resize=1050%2C600 3x"},"classes":[]},{"id":52874,"url":"https:\/\/noticiasribeiraopreto.com.br\/index.php\/2024\/06\/13\/policia-investiga-morte-de-idosa-encontrada-em-piscina-na-casa-da-filha-na-regiao-de-ribeirao\/","url_meta":{"origin":40579,"position":3},"title":"Pol\u00edcia investiga morte de idosa encontrada em piscina na casa da filha na regi\u00e3o de Ribeir\u00e3o","author":"noticiasribeiraopreto.com.br","date":"13 de June de 2024","format":false,"excerpt":"A Pol\u00edcia Civil investiga a morte de uma mulher de 90 anos, encontrada na noite desta quinta-feira (12) na piscina da casa da filha em um condom\u00ednio de Franca, cidade a aproximadamente 80 quil\u00f4metros de Ribeir\u00e3o Preto. Segundo o boletim de ocorr\u00eancia (BO), os familiares informaram que a idosa havia\u2026","rel":"","context":"In &quot;Not\u00edcias de Ribeir\u00e3o Preto-SP e Regi\u00e3o&quot;","block_context":{"text":"Not\u00edcias de Ribeir\u00e3o Preto-SP e Regi\u00e3o","link":"https:\/\/noticiasribeiraopreto.com.br\/index.php\/category\/noticias-de-ribeirao-preto-sp-e-regiao-ismael-colosi\/"},"img":{"alt_text":"","src":"https:\/\/i0.wp.com\/noticiasribeiraopreto.com.br\/wp-content\/uploads\/2024\/06\/pool-3105769_1920.jpg?fit=1200%2C799&ssl=1&resize=350%2C200","width":350,"height":200,"srcset":"https:\/\/i0.wp.com\/noticiasribeiraopreto.com.br\/wp-content\/uploads\/2024\/06\/pool-3105769_1920.jpg?fit=1200%2C799&ssl=1&resize=350%2C200 1x, https:\/\/i0.wp.com\/noticiasribeiraopreto.com.br\/wp-content\/uploads\/2024\/06\/pool-3105769_1920.jpg?fit=1200%2C799&ssl=1&resize=525%2C300 1.5x, https:\/\/i0.wp.com\/noticiasribeiraopreto.com.br\/wp-content\/uploads\/2024\/06\/pool-3105769_1920.jpg?fit=1200%2C799&ssl=1&resize=700%2C400 2x, https:\/\/i0.wp.com\/noticiasribeiraopreto.com.br\/wp-content\/uploads\/2024\/06\/pool-3105769_1920.jpg?fit=1200%2C799&ssl=1&resize=1050%2C600 3x"},"classes":[]},{"id":80091,"url":"https:\/\/noticiasribeiraopreto.com.br\/index.php\/2025\/11\/14\/policia-suspeita-que-menina-encontrada-morta-tenha-sofrido-abuso-sexual\/","url_meta":{"origin":40579,"position":4},"title":"Pol\u00edcia suspeita que menina encontrada morta tenha sofrido abuso sexual","author":"noticiasribeiraopreto.com.br","date":"14 de November de 2025","format":false,"excerpt":"A Pol\u00edcia Civil de Serrana, na regi\u00e3o de Ribeir\u00e3o Preto, investiga a morte de uma crian\u00e7a de 11 anos na \u00faltima ter\u00e7a-feira (11). Os investigadores suspeitam que a menina possa ter sido abusada. O caso foi alertado pelo atendimento do Hospital das Cl\u00ednicas de Ribeir\u00e3o Preto. Isso porque, o delegado\u2026","rel":"","context":"In &quot;Not\u00edcias de Ribeir\u00e3o Preto-SP e Regi\u00e3o&quot;","block_context":{"text":"Not\u00edcias de Ribeir\u00e3o Preto-SP e Regi\u00e3o","link":"https:\/\/noticiasribeiraopreto.com.br\/index.php\/category\/noticias-de-ribeirao-preto-sp-e-regiao-ismael-colosi\/"},"img":{"alt_text":"","src":"https:\/\/i0.wp.com\/noticiasribeiraopreto.com.br\/wp-content\/uploads\/2025\/11\/DELEGADO-SERRANA_2025-11-14_16-50-47.webp.webp?fit=979%2C597&ssl=1&resize=350%2C200","width":350,"height":200,"srcset":"https:\/\/i0.wp.com\/noticiasribeiraopreto.com.br\/wp-content\/uploads\/2025\/11\/DELEGADO-SERRANA_2025-11-14_16-50-47.webp.webp?fit=979%2C597&ssl=1&resize=350%2C200 1x, https:\/\/i0.wp.com\/noticiasribeiraopreto.com.br\/wp-content\/uploads\/2025\/11\/DELEGADO-SERRANA_2025-11-14_16-50-47.webp.webp?fit=979%2C597&ssl=1&resize=525%2C300 1.5x, https:\/\/i0.wp.com\/noticiasribeiraopreto.com.br\/wp-content\/uploads\/2025\/11\/DELEGADO-SERRANA_2025-11-14_16-50-47.webp.webp?fit=979%2C597&ssl=1&resize=700%2C400 2x"},"classes":[]},{"id":80139,"url":"https:\/\/noticiasribeiraopreto.com.br\/index.php\/2025\/11\/16\/padrasto-de-menina-de-11-anos-encontrada-morta-e-preso-pela-policia-civil\/","url_meta":{"origin":40579,"position":5},"title":"Padrasto de menina de 11 anos encontrada morta \u00e9 preso pela Pol\u00edcia Civil","author":"noticiasribeiraopreto.com.br","date":"16 de November de 2025","format":false,"excerpt":"A Pol\u00edcia Civil prendeu neste s\u00e1bado (15) o padrasto da menina Ana Alice Santos Fran\u00e7a, de apenas 11 anos, que foi encontrada morta na ter\u00e7a-feira (11) na casa em que morava com a fam\u00edlia em Serrana, na regi\u00e3o de Ribeir\u00e3o Preto. A pol\u00edcia suspeita que a menina tenha sido abusada\u2026","rel":"","context":"In &quot;Not\u00edcias de Ribeir\u00e3o Preto-SP e Regi\u00e3o&quot;","block_context":{"text":"Not\u00edcias de Ribeir\u00e3o Preto-SP e Regi\u00e3o","link":"https:\/\/noticiasribeiraopreto.com.br\/index.php\/category\/noticias-de-ribeirao-preto-sp-e-regiao-ismael-colosi\/"},"img":{"alt_text":"","src":"https:\/\/i0.wp.com\/noticiasribeiraopreto.com.br\/wp-content\/uploads\/2025\/11\/ana-alice_2025-11-15_20-53-32.webp.webp?fit=979%2C633&ssl=1&resize=350%2C200","width":350,"height":200,"srcset":"https:\/\/i0.wp.com\/noticiasribeiraopreto.com.br\/wp-content\/uploads\/2025\/11\/ana-alice_2025-11-15_20-53-32.webp.webp?fit=979%2C633&ssl=1&resize=350%2C200 1x, https:\/\/i0.wp.com\/noticiasribeiraopreto.com.br\/wp-content\/uploads\/2025\/11\/ana-alice_2025-11-15_20-53-32.webp.webp?fit=979%2C633&ssl=1&resize=525%2C300 1.5x, https:\/\/i0.wp.com\/noticiasribeiraopreto.com.br\/wp-content\/uploads\/2025\/11\/ana-alice_2025-11-15_20-53-32.webp.webp?fit=979%2C633&ssl=1&resize=700%2C400 2x"},"classes":[]}],"jetpack_sharing_enabled":true,"jetpack_shortlink":"https:\/\/wp.me\/peQAOb-ayv","_links":{"self":[{"href":"https:\/\/noticiasribeiraopreto.com.br\/index.php\/wp-json\/wp\/v2\/posts\/40579","targetHints":{"allow":["GET"]}}],"collection":[{"href":"https:\/\/noticiasribeiraopreto.com.br\/index.php\/wp-json\/wp\/v2\/posts"}],"about":[{"href":"https:\/\/noticiasribeiraopreto.com.br\/index.php\/wp-json\/wp\/v2\/types\/post"}],"author":[{"embeddable":true,"href":"https:\/\/noticiasribeiraopreto.com.br\/index.php\/wp-json\/wp\/v2\/users\/1"}],"replies":[{"embeddable":true,"href":"https:\/\/noticiasribeiraopreto.com.br\/index.php\/wp-json\/wp\/v2\/comments?post=40579"}],"version-history":[{"count":0,"href":"https:\/\/noticiasribeiraopreto.com.br\/index.php\/wp-json\/wp\/v2\/posts\/40579\/revisions"}],"wp:featuredmedia":[{"embeddable":true,"href":"https:\/\/noticiasribeiraopreto.com.br\/index.php\/wp-json\/wp\/v2\/media\/40580"}],"wp:attachment":[{"href":"https:\/\/noticiasribeiraopreto.com.br\/index.php\/wp-json\/wp\/v2\/media?parent=40579"}],"wp:term":[{"taxonomy":"category","embeddable":true,"href":"https:\/\/noticiasribeiraopreto.com.br\/index.php\/wp-json\/wp\/v2\/categories?post=40579"},{"taxonomy":"post_tag","embeddable":true,"href":"https:\/\/noticiasribeiraopreto.com.br\/index.php\/wp-json\/wp\/v2\/tags?post=40579"}],"curies":[{"name":"wp","href":"https:\/\/api.w.org\/{rel}","templated":true}]}}