{"id":40634,"date":"2024-03-05T08:19:33","date_gmt":"2024-03-05T11:19:33","guid":{"rendered":"https:\/\/noticiasribeiraopreto.com.br\/index.php\/2024\/03\/05\/ribeirao-preto-nossa-cidade\/"},"modified":"2024-03-05T08:19:33","modified_gmt":"2024-03-05T11:19:33","slug":"ribeirao-preto-nossa-cidade","status":"publish","type":"post","link":"https:\/\/noticiasribeiraopreto.com.br\/index.php\/2024\/03\/05\/ribeirao-preto-nossa-cidade\/","title":{"rendered":"Ribeir\u00e3o Preto, nossa cidade\u00a0 &#8211; Jornal Tribuna Ribeir\u00e3o"},"content":{"rendered":"<div class='code-block code-block-1' style='margin: 8px 0 8px auto; text-align: right; display: block; clear: both;'>\n<p><a href=\"https:\/\/wa.link\/vpicfd\"><img data-recalc-dims=\"1\" class=\"wp-image-4922\" style=\"aspect-ratio: 2.0253164556962027; width: 561px; height: auto;\" src=\"https:\/\/i0.wp.com\/ismaelcolosi.com.br\/wp-content\/uploads\/2023\/11\/grupo-de-empregos-whatsapp-e-facebook-ismael-colosi-vagas.jpg?ssl=1\" alt=\"\" \/><\/a><\/p>\n<!-- \/wp:image -->\n<\/div>\n<p> <br \/>\n<\/p>\n<div id=\"post-376133\">\n<header class=\"entry-header penci-entry-header penci-title-center\">\n<p> <span class=\"entry-meta-item penci-posted-on\"><i class=\"fa fa-clock-o\"\/><time class=\"entry-date published\" datetime=\"2024-03-05T08:15:40-03:00\">5 de mar\u00e7o de 2024 | 8:15<\/time><time class=\"updated\" datetime=\"2024-03-04T10:03:33-03:00\">4 de mar\u00e7o de 2024 | 10:03<\/time><\/span><\/p>\n<p> <span class=\"penci-social-buttons penci-social-share-footer\"><a href=\"#\" class=\"penci-post-like penci_post-meta_item  single-like-button penci-social-item like\" data-post_id=\"376133\" title=\"Like\" data-like=\"Like\" data-unlike=\"Unlike\"><i class=\"fa fa-thumbs-o-up\"\/><span class=\"penci-share-number\">0<\/span><\/a><i class=\"fa fa-facebook\"\/><a class=\"penci-social-item twitter\" target=\"_blank\" rel=\"noopener\" title=\"\" href=\"https:\/\/twitter.com\/intent\/tweet?text=Ribeir\u00e3o%20Preto,%20nossa%20cidade\u00a0%20-%20https:\/\/www.tribunaribeirao.com.br\/site\/ribeirao-preto-nossa-cidade\/\"><i class=\"fa fa-twitter\"\/><\/a><i class=\"fa fa-whatsapp\"\/><\/span><\/header>\n<div class=\"penci-entry-content entry-content\">\n<p><span class=\"TextRun SCXW143178830 BCX0\" lang=\"PT-BR\" xml:lang=\"PT-BR\" data-contrast=\"none\"><span class=\"NormalTextRun SCXW143178830 BCX0\">S\u00e9rgio Roxo da Fonseca * <\/span><\/span><span class=\"LineBreakBlob BlobObject DragDrop SCXW143178830 BCX0\"><span class=\"SCXW143178830 BCX0\">\u00a0<\/span><br class=\"SCXW143178830 BCX0\"\/><\/span><span class=\"TextRun Underlined SCXW143178830 BCX0\" lang=\"PT-BR\" xml:lang=\"PT-BR\" data-contrast=\"none\"><span class=\"NormalTextRun SCXW143178830 BCX0\" data-ccp-charstyle=\"Hyperlink\"><span class=\"__cf_email__\" data-cfemail=\"780a1700171c191e17160b1d1b19381f15191114561b1715\">[email\u00a0protected]<\/span><\/span><\/span><span class=\"LineBreakBlob BlobObject DragDrop SCXW143178830 BCX0\"><span class=\"SCXW143178830 BCX0\">\u00a0<\/span><br class=\"SCXW143178830 BCX0\"\/><\/span><span class=\"LineBreakBlob BlobObject DragDrop SCXW143178830 BCX0\"><span class=\"SCXW143178830 BCX0\">\u00a0<\/span><br class=\"SCXW143178830 BCX0\"\/><\/span><span class=\"TextRun SCXW143178830 BCX0\" lang=\"PT-BR\" xml:lang=\"PT-BR\" data-contrast=\"none\"><span class=\"NormalTextRun SCXW143178830 BCX0\">Ta\u00eds Costa Roxo da Fonseca **<\/span><\/span><span class=\"LineBreakBlob BlobObject DragDrop SCXW143178830 BCX0\"><span class=\"SCXW143178830 BCX0\">\u00a0<\/span><br class=\"SCXW143178830 BCX0\"\/><\/span><span class=\"TextRun Underlined SCXW143178830 BCX0\" lang=\"PT-BR\" xml:lang=\"PT-BR\" data-contrast=\"none\"><span class=\"NormalTextRun SCXW143178830 BCX0\" data-ccp-charstyle=\"Hyperlink\"><span class=\"__cf_email__\" data-cfemail=\"7602171f0504190e191019180513151736111b171f1a5815191b\">[email\u00a0protected]<\/span><\/span><\/span><span class=\"LineBreakBlob BlobObject DragDrop SCXW143178830 BCX0\"><span class=\"SCXW143178830 BCX0\">\u00a0<\/span><br class=\"SCXW143178830 BCX0\"\/><\/span><span class=\"LineBreakBlob BlobObject DragDrop SCXW143178830 BCX0\"><span class=\"SCXW143178830 BCX0\">\u00a0<\/span><br class=\"SCXW143178830 BCX0\"\/><\/span><span class=\"TextRun SCXW143178830 BCX0\" lang=\"PT-BR\" xml:lang=\"PT-BR\" data-contrast=\"none\"><span class=\"NormalTextRun SCXW143178830 BCX0\">O planejamento das cidades da Europa divide-se entre os propriet\u00e1rios das resid\u00eancias e os propriet\u00e1rios da cidade. A propriedade do pr\u00e9dio residencial reflete, com poucas diferen\u00e7as, o panorama urbano brasileiro. A novidade encontra-se no conceito de propriedade.<\/span><\/span><span class=\"LineBreakBlob BlobObject DragDrop SCXW143178830 BCX0\"><span class=\"SCXW143178830 BCX0\">\u00a0<\/span><br class=\"SCXW143178830 BCX0\"\/><\/span><span class=\"LineBreakBlob BlobObject DragDrop SCXW143178830 BCX0\"><span class=\"SCXW143178830 BCX0\">\u00a0<\/span><br class=\"SCXW143178830 BCX0\"\/><\/span><span class=\"TextRun SCXW143178830 BCX0\" lang=\"PT-BR\" xml:lang=\"PT-BR\" data-contrast=\"none\"><span class=\"NormalTextRun SCXW143178830 BCX0\">S\u00e3o usados dois voc\u00e1bulos <\/span><span class=\"NormalTextRun ContextualSpellingAndGrammarErrorV2Themed SCXW143178830 BCX0\">pr\u00f3ximos<\/span><span class=\"NormalTextRun SCXW143178830 BCX0\"> mas<\/span><span class=\"NormalTextRun SCXW143178830 BCX0\"> diferentes. Propriet\u00e1rio indica o titular de uma rela\u00e7\u00e3o protegida pelo direito privado. Cidad\u00e3o indica o titular de uma rela\u00e7\u00e3o tutelada pelo direito p\u00fablico. <\/span><\/span><span class=\"LineBreakBlob BlobObject DragDrop SCXW143178830 BCX0\"><span class=\"SCXW143178830 BCX0\">\u00a0<\/span><br class=\"SCXW143178830 BCX0\"\/><\/span><span class=\"LineBreakBlob BlobObject DragDrop SCXW143178830 BCX0\"><span class=\"SCXW143178830 BCX0\">\u00a0<\/span><br class=\"SCXW143178830 BCX0\"\/><\/span><span class=\"TextRun SCXW143178830 BCX0\" lang=\"PT-BR\" xml:lang=\"PT-BR\" data-contrast=\"none\"><span class=\"NormalTextRun SCXW143178830 BCX0\">O direito a viver numa cidade corresponde ao poder de exercitar o cumprimento de regras de bem viver, como, por exemplo, postular o respeito <\/span><span class=\"NormalTextRun ContextualSpellingAndGrammarErrorV2Themed SCXW143178830 BCX0\">\u00e1<\/span><span class=\"NormalTextRun SCXW143178830 BCX0\"> manuten\u00e7\u00e3o das ruas e <\/span><span class=\"NormalTextRun SpellingErrorV2Themed SCXW143178830 BCX0\">das pra\u00e7as<\/span><span class=\"NormalTextRun SCXW143178830 BCX0\">, como tamb\u00e9m <\/span><span class=\"NormalTextRun SpellingErrorV2Themed SCXW143178830 BCX0\">o direito<\/span><span class=\"NormalTextRun SCXW143178830 BCX0\"> de postular o servi\u00e7o de distribui\u00e7\u00e3o de \u00e1gua como <\/span><span class=\"NormalTextRun SpellingErrorV2Themed SCXW143178830 BCX0\">tamb\u00e9m o<\/span><span class=\"NormalTextRun SCXW143178830 BCX0\"> tratamento de esgotos. Por exemplo. Os professores espanh\u00f3is Eduardo Garcia de <\/span><span class=\"NormalTextRun SpellingErrorV2Themed SCXW143178830 BCX0\">Enterriae<\/span><span class=\"NormalTextRun SCXW143178830 BCX0\"> Luciano <\/span><span class=\"NormalTextRun SpellingErrorV2Themed SCXW143178830 BCX0\">Parejo<\/span><span class=\"NormalTextRun SCXW143178830 BCX0\"> Alfonso publicaram o extraordin\u00e1rio <\/span><span class=\"NormalTextRun ContextualSpellingAndGrammarErrorV2Themed SCXW143178830 BCX0\">livro<\/span><span class=\"NormalTextRun ContextualSpellingAndGrammarErrorV2Themed SCXW143178830 BCX0\">\u00a0 <\/span><span class=\"NormalTextRun ContextualSpellingAndGrammarErrorV2Themed SCXW143178830 BCX0\">\u201c<\/span><span class=\"NormalTextRun SCXW143178830 BCX0\">LECCIONES DE DERECHO URBANISTICO\u201d, com 905 p\u00e1ginas, analisando a quest\u00e3o minuciosamente bem demonstrando n\u00e3o apenas a relev\u00e2ncia da mat\u00e9ria, como a amplitude de sua extens\u00e3o.<\/span><\/span><span class=\"LineBreakBlob BlobObject DragDrop SCXW143178830 BCX0\"><span class=\"SCXW143178830 BCX0\">\u00a0<\/span><br class=\"SCXW143178830 BCX0\"\/><\/span><span class=\"LineBreakBlob BlobObject DragDrop SCXW143178830 BCX0\"><span class=\"SCXW143178830 BCX0\">\u00a0<\/span><br class=\"SCXW143178830 BCX0\"\/><\/span><span class=\"TextRun SCXW143178830 BCX0\" lang=\"PT-BR\" xml:lang=\"PT-BR\" data-contrast=\"none\"><span class=\"NormalTextRun SCXW143178830 BCX0\">H\u00e1 maiores amplitudes <\/span><span class=\"NormalTextRun SpellingErrorV2Themed SCXW143178830 BCX0\">como, por<\/span><span class=\"NormalTextRun SCXW143178830 BCX0\"> exemplo, o direito de exigir dos \u00f3rg\u00e3os p\u00fablicos a inser\u00e7\u00e3o dos fios de eletricidade estendidos sobre as vias p\u00fablicas, colocando-os, em seguida, sob o solo. <\/span><\/span><span class=\"LineBreakBlob BlobObject DragDrop SCXW143178830 BCX0\"><span class=\"SCXW143178830 BCX0\">\u00a0<\/span><br class=\"SCXW143178830 BCX0\"\/><\/span><span class=\"LineBreakBlob BlobObject DragDrop SCXW143178830 BCX0\"><span class=\"SCXW143178830 BCX0\">\u00a0<\/span><br class=\"SCXW143178830 BCX0\"\/><\/span><span class=\"TextRun SCXW143178830 BCX0\" lang=\"PT-BR\" xml:lang=\"PT-BR\" data-contrast=\"none\"><span class=\"NormalTextRun SCXW143178830 BCX0\">A t\u00e3o brava e leal cidade de S\u00e3o Sebasti\u00e3o de Ribeir\u00e3o Preto, por volta dos primeiros anos da d\u00e9cada de <\/span><span class=\"NormalTextRun SCXW143178830 BCX0\">cinquenta<\/span><span class=\"NormalTextRun SCXW143178830 BCX0\"> do s\u00e9culo XX era uma das primeiras das zonas urbanas do Estado de S\u00e3o Paulo. N\u00e3o \u00e9 mais.\u00a0 Caminha descendo degraus de sua hist\u00f3ria, ocupando posi\u00e7\u00f5es inferiores.<\/span><\/span><span class=\"LineBreakBlob BlobObject DragDrop SCXW143178830 BCX0\"><span class=\"SCXW143178830 BCX0\">\u00a0<\/span><br class=\"SCXW143178830 BCX0\"\/><\/span><span class=\"LineBreakBlob BlobObject DragDrop SCXW143178830 BCX0\"><span class=\"SCXW143178830 BCX0\">\u00a0<\/span><br class=\"SCXW143178830 BCX0\"\/><\/span><span class=\"TextRun SCXW143178830 BCX0\" lang=\"PT-BR\" xml:lang=\"PT-BR\" data-contrast=\"none\"><span class=\"NormalTextRun SCXW143178830 BCX0\">Era reconhecida como a capital da<\/span> <span class=\"NormalTextRun SCXW143178830 BCX0\">produ\u00e7\u00e3o cafeeira. Era forte o reconhecimento de sua industrializa\u00e7\u00e3o. Compreendia o funcionamento de tr\u00eas grandes empresas produtoras de cerveja e refrigerantes. A comercializa\u00e7\u00e3o<\/span> <span class=\"NormalTextRun SCXW143178830 BCX0\">do caf\u00e9 era exemplar. O <\/span><span class=\"NormalTextRun SpellingErrorV2Themed SCXW143178830 BCX0\">ribeir\u00e3opretano<\/span><span class=\"NormalTextRun SCXW143178830 BCX0\"> consumia quase sempre leite aqui industrializado.<\/span><\/span><span class=\"LineBreakBlob BlobObject DragDrop SCXW143178830 BCX0\"><span class=\"SCXW143178830 BCX0\">\u00a0<\/span><br class=\"SCXW143178830 BCX0\"\/><\/span><span class=\"LineBreakBlob BlobObject DragDrop SCXW143178830 BCX0\"><span class=\"SCXW143178830 BCX0\">\u00a0<\/span><br class=\"SCXW143178830 BCX0\"\/><\/span><span class=\"TextRun SCXW143178830 BCX0\" lang=\"PT-BR\" xml:lang=\"PT-BR\" data-contrast=\"none\"><span class=\"NormalTextRun SCXW143178830 BCX0\">Com certeza, n\u00e3o se deve, como na Europa, impor barreira para a produ\u00e7\u00e3o e com\u00e9rcio de mercadorias origin\u00e1rias de outras regi\u00f5es. No entanto, \u00e9 patente e altamente consider\u00e1vel para a evolu\u00e7\u00e3o<\/span> <span class=\"NormalTextRun SCXW143178830 BCX0\">econ\u00f4mica urbana, como tamb\u00e9m para a sua contribui\u00e7\u00e3o tribut\u00e1ria, testemunhar o crescimento n\u00e3o somente das mercadorias produzidas al\u00e9m dos seus limites, como tamb\u00e9m o crescimento do com\u00e9rcio<\/span> <span class=\"NormalTextRun SCXW143178830 BCX0\">daquelas aqui produzidas. \u00c9 lament\u00e1vel saber que <\/span><span class=\"NormalTextRun AdvancedProofingIssueV2Themed SCXW143178830 BCX0\">h\u00e1 setenta anos atr\u00e1s<\/span><span class=\"NormalTextRun SCXW143178830 BCX0\"> Ribeir\u00e3o Preto mantinha uma produ\u00e7\u00e3o industrial muito mais intensa do que <\/span><span class=\"NormalTextRun ContextualSpellingAndGrammarErrorV2Themed SCXW143178830 BCX0\">aquela\u00a0 hoje<\/span><span class=\"NormalTextRun SCXW143178830 BCX0\"> aqui instalada.<\/span><\/span><span class=\"LineBreakBlob BlobObject DragDrop SCXW143178830 BCX0\"><span class=\"SCXW143178830 BCX0\">\u00a0<\/span><br class=\"SCXW143178830 BCX0\"\/><\/span><span class=\"LineBreakBlob BlobObject DragDrop SCXW143178830 BCX0\"><span class=\"SCXW143178830 BCX0\">\u00a0<\/span><br class=\"SCXW143178830 BCX0\"\/><\/span><span class=\"TextRun SCXW143178830 BCX0\" lang=\"PT-BR\" xml:lang=\"PT-BR\" data-contrast=\"none\"><span class=\"NormalTextRun SCXW143178830 BCX0\">Antes dos anos setenta, com o crescimento da produ\u00e7\u00e3o do caf\u00e9, a nossa regi\u00e3o atraia administradores e pol\u00edticos de grande renome nacional. Bastaria lembrar o nome de Washington <\/span><span class=\"NormalTextRun SpellingErrorV2Themed SCXW143178830 BCX0\">Luis<\/span><span class=\"NormalTextRun SCXW143178830 BCX0\">, que daqui saiu para ocupar a Presid\u00eancia da Rep\u00fablica, como tamb\u00e9m de Raul Soares de Moura que<\/span> <span class=\"NormalTextRun SCXW143178830 BCX0\">faleceu como governador do Estado de Minas Gerais, ap\u00f3s ter sido Ministro da Marinha; uma cidade mineira foi batizada com o <\/span><span class=\"NormalTextRun ContextualSpellingAndGrammarErrorV2Themed SCXW143178830 BCX0\">sei<\/span><span class=\"NormalTextRun SCXW143178830 BCX0\"> nome que tamb\u00e9m foi dado h\u00e1 um dos navios da Marinha do Brasil. Raul Soares exerceu a advocacia em Ribeir\u00e3o Preto.<\/span><\/span><span class=\"LineBreakBlob BlobObject DragDrop SCXW143178830 BCX0\"><span class=\"SCXW143178830 BCX0\">\u00a0<\/span><br class=\"SCXW143178830 BCX0\"\/><\/span><span class=\"LineBreakBlob BlobObject DragDrop SCXW143178830 BCX0\"><span class=\"SCXW143178830 BCX0\">\u00a0<\/span><br class=\"SCXW143178830 BCX0\"\/><\/span><span class=\"TextRun SCXW143178830 BCX0\" lang=\"PT-BR\" xml:lang=\"PT-BR\" data-contrast=\"none\"><span class=\"NormalTextRun SCXW143178830 BCX0\">A extraordin\u00e1ria cultura e a relevante <\/span><span class=\"NormalTextRun SpellingErrorV2Themed SCXW143178830 BCX0\">hist\u00f3ria de<\/span><span class=\"NormalTextRun SCXW143178830 BCX0\"> Ribeir\u00e3o Preto exigem voltar seus olhos para abrir as portas sobre as novas regras do Direito Urban\u00edstico. <\/span><\/span><span class=\"LineBreakBlob BlobObject DragDrop SCXW143178830 BCX0\"><span class=\"SCXW143178830 BCX0\">\u00a0<\/span><br class=\"SCXW143178830 BCX0\"\/><\/span><span class=\"LineBreakBlob BlobObject DragDrop SCXW143178830 BCX0\"><span class=\"SCXW143178830 BCX0\">\u00a0<\/span><br class=\"SCXW143178830 BCX0\"\/><\/span><span class=\"TextRun SCXW143178830 BCX0\" lang=\"PT-BR\" xml:lang=\"PT-BR\" data-contrast=\"none\"><span class=\"NormalTextRun SCXW143178830 BCX0\">* Advogado, <\/span><span class=\"NormalTextRun SCXW143178830 BCX0\">professor livre docente aposentado da <\/span><span class=\"NormalTextRun SCXW143178830 BCX0\">Unesp<\/span><span class=\"NormalTextRun SCXW143178830 BCX0\">, doutor, <\/span><span class=\"NormalTextRun SCXW143178830 BCX0\">pro<\/span><span class=\"NormalTextRun SCXW143178830 BCX0\">curador de Justi\u00e7a aposentado, e membro da Academia <\/span><span class=\"NormalTextRun SpellingErrorV2Themed SCXW143178830 BCX0\">Ribeir\u00e3opretana<\/span><span class=\"NormalTextRun SCXW143178830 BCX0\"> de Letras<\/span><\/span><span class=\"LineBreakBlob BlobObject DragDrop SCXW143178830 BCX0\"><span class=\"SCXW143178830 BCX0\">\u00a0<\/span><br class=\"SCXW143178830 BCX0\"\/><\/span><span class=\"LineBreakBlob BlobObject DragDrop SCXW143178830 BCX0\"><span class=\"SCXW143178830 BCX0\">\u00a0<\/span><br class=\"SCXW143178830 BCX0\"\/><\/span><span class=\"TextRun SCXW143178830 BCX0\" lang=\"PT-BR\" xml:lang=\"PT-BR\" data-contrast=\"none\"><span class=\"NormalTextRun SCXW143178830 BCX0\">*<\/span><span class=\"NormalTextRun SCXW143178830 BCX0\">* Advogada<\/span><\/span><span class=\"EOP SCXW143178830 BCX0\" data-ccp-props=\"{&quot;201341983&quot;:0,&quot;335559739&quot;:200,&quot;335559740&quot;:276}\">\u00a0<\/span><\/p>\n<\/div>\n<footer class=\"penci-entry-footer\"\/><\/div>\n<p><script async src=\"\/\/platform.twitter.com\/widgets.js\" charset=\"utf-8\"><\/script><br \/>\n<br \/><br \/>\n<br \/><a href=\"https:\/\/www.tribunaribeirao.com.br\/site\/ribeirao-preto-nossa-cidade\/\">Source link <\/a><\/p>\n<!-- CONTENT END 1 -->\n","protected":false},"excerpt":{"rendered":"<p>5 de mar\u00e7o de 2024 | 8:154 de mar\u00e7o de 2024 | 10:03 0 S\u00e9rgio Roxo da Fonseca * \u00a0[email\u00a0protected]\u00a0\u00a0Ta\u00eds Costa Roxo da Fonseca **\u00a0[email\u00a0protected]\u00a0\u00a0O&#8230;<\/p>\n","protected":false},"author":1,"featured_media":40635,"comment_status":"open","ping_status":"open","sticky":false,"template":"","format":"standard","meta":{"advanced_seo_description":"","jetpack_seo_html_title":"","jetpack_seo_noindex":false,"jetpack_post_was_ever_published":false,"_jetpack_newsletter_access":"","_jetpack_dont_email_post_to_subs":false,"_jetpack_newsletter_tier_id":0,"_jetpack_memberships_contains_paywalled_content":false,"_jetpack_memberships_contains_paid_content":false,"footnotes":"","jetpack_publicize_message":"","jetpack_publicize_feature_enabled":true,"jetpack_social_post_already_shared":true,"jetpack_social_options":{"image_generator_settings":{"template":"highway","default_image_id":0,"font":"","enabled":false},"version":2}},"categories":[11],"tags":[273,785,4397,27,26,786],"class_list":["post-40634","post","type-post","status-publish","format-standard","has-post-thumbnail","hentry","category-noticias-de-ribeirao-preto-sp-e-regiao-ismael-colosi","tag-cidade","tag-jornal","tag-nossa","tag-preto","tag-ribeirao","tag-tribuna"],"jetpack_publicize_connections":[],"jetpack_featured_media_url":"https:\/\/i0.wp.com\/noticiasribeiraopreto.com.br\/wp-content\/uploads\/2024\/03\/sergiotaisroxo.jpg?fit=700%2C450&ssl=1","jetpack-related-posts":[{"id":44736,"url":"https:\/\/noticiasribeiraopreto.com.br\/index.php\/2024\/03\/30\/rodonaves-express\/","url_meta":{"origin":40634,"position":0},"title":"Rodonaves Express &#8211; Jornal Tribuna Ribeir\u00e3o","author":"noticiasribeiraopreto.com.br","date":"30 de March de 2024","format":false,"excerpt":"30 de mar\u00e7o de 2024 | 9:0327 de mar\u00e7o de 2024 | 12:44 0 Ribeir\u00e3o Preto ganhou sua primeira unidade da Rodonaves Express, na avenida Presidente Vargas, um \u201cbra\u00e7o\u201d da RTE Rodonaves \u2013 a primeira empresa do Grupo Rodonaves e que \u00e9 refer\u00eancia nacional em transporte de carga no pa\u00eds.\u2026","rel":"","context":"In &quot;Not\u00edcias de Ribeir\u00e3o Preto-SP e Regi\u00e3o&quot;","block_context":{"text":"Not\u00edcias de Ribeir\u00e3o Preto-SP e Regi\u00e3o","link":"https:\/\/noticiasribeiraopreto.com.br\/index.php\/category\/noticias-de-ribeirao-preto-sp-e-regiao-ismael-colosi\/"},"img":{"alt_text":"","src":"https:\/\/i0.wp.com\/noticiasribeiraopreto.com.br\/wp-content\/uploads\/2024\/03\/1-g.jpg?fit=667%2C500&ssl=1&resize=350%2C200","width":350,"height":200,"srcset":"https:\/\/i0.wp.com\/noticiasribeiraopreto.com.br\/wp-content\/uploads\/2024\/03\/1-g.jpg?fit=667%2C500&ssl=1&resize=350%2C200 1x, https:\/\/i0.wp.com\/noticiasribeiraopreto.com.br\/wp-content\/uploads\/2024\/03\/1-g.jpg?fit=667%2C500&ssl=1&resize=525%2C300 1.5x"},"classes":[]},{"id":45582,"url":"https:\/\/noticiasribeiraopreto.com.br\/index.php\/2024\/04\/05\/charge-05-04-2024\/","url_meta":{"origin":40634,"position":1},"title":"Charge 05\/04\/2024 &#8211; Jornal Tribuna Ribeir\u00e3o","author":"noticiasribeiraopreto.com.br","date":"5 de April de 2024","format":false,"excerpt":"Ribeir\u00e3o Preto \u00e9 o centro de uma regi\u00e3o com mais de 3 milh\u00f5es de habitantes. O agroneg\u00f3cio, o com\u00e9rcio e a presta\u00e7\u00e3o de servi\u00e7os s\u00e3o os pontos fortes da economia. O jornal Tribuna circula em Ribeir\u00e3o Preto e em outras 10 cidades da regi\u00e3o. Sua linha editorial \u00e9 informativa e\u2026","rel":"","context":"In &quot;Not\u00edcias de Ribeir\u00e3o Preto-SP e Regi\u00e3o&quot;","block_context":{"text":"Not\u00edcias de Ribeir\u00e3o Preto-SP e Regi\u00e3o","link":"https:\/\/noticiasribeiraopreto.com.br\/index.php\/category\/noticias-de-ribeirao-preto-sp-e-regiao-ismael-colosi\/"},"img":{"alt_text":"","src":"https:\/\/i0.wp.com\/noticiasribeiraopreto.com.br\/wp-content\/uploads\/2024\/04\/Charge-6877.jpg?fit=666%2C500&ssl=1&resize=350%2C200","width":350,"height":200,"srcset":"https:\/\/i0.wp.com\/noticiasribeiraopreto.com.br\/wp-content\/uploads\/2024\/04\/Charge-6877.jpg?fit=666%2C500&ssl=1&resize=350%2C200 1x, https:\/\/i0.wp.com\/noticiasribeiraopreto.com.br\/wp-content\/uploads\/2024\/04\/Charge-6877.jpg?fit=666%2C500&ssl=1&resize=525%2C300 1.5x"},"classes":[]},{"id":43229,"url":"https:\/\/noticiasribeiraopreto.com.br\/index.php\/2024\/03\/20\/capa-20-03-2024\/","url_meta":{"origin":40634,"position":2},"title":"Capa 20\/03\/2024 &#8211; Jornal Tribuna Ribeir\u00e3o","author":"noticiasribeiraopreto.com.br","date":"20 de March de 2024","format":false,"excerpt":"Ribeir\u00e3o Preto \u00e9 o centro de uma regi\u00e3o com mais de 3 milh\u00f5es de habitantes. O agroneg\u00f3cio, o com\u00e9rcio e a presta\u00e7\u00e3o de servi\u00e7os s\u00e3o os pontos fortes da economia. O jornal Tribuna circula em Ribeir\u00e3o Preto e em outras 10 cidades da regi\u00e3o. Sua linha editorial \u00e9 informativa e\u2026","rel":"","context":"In &quot;Not\u00edcias de Ribeir\u00e3o Preto-SP e Regi\u00e3o&quot;","block_context":{"text":"Not\u00edcias de Ribeir\u00e3o Preto-SP e Regi\u00e3o","link":"https:\/\/noticiasribeiraopreto.com.br\/index.php\/category\/noticias-de-ribeirao-preto-sp-e-regiao-ismael-colosi\/"},"img":{"alt_text":"","src":"https:\/\/i0.wp.com\/noticiasribeiraopreto.com.br\/wp-content\/uploads\/2024\/03\/Capa-6865-scaled.jpg?fit=368%2C645&ssl=1&resize=350%2C200","width":350,"height":200},"classes":[]},{"id":44677,"url":"https:\/\/noticiasribeiraopreto.com.br\/index.php\/2024\/03\/29\/charge-29-03-2024\/","url_meta":{"origin":40634,"position":3},"title":"Charge 29\/03\/2024 &#8211; Jornal Tribuna Ribeir\u00e3o","author":"noticiasribeiraopreto.com.br","date":"29 de March de 2024","format":false,"excerpt":"Ribeir\u00e3o Preto \u00e9 o centro de uma regi\u00e3o com mais de 3 milh\u00f5es de habitantes. O agroneg\u00f3cio, o com\u00e9rcio e a presta\u00e7\u00e3o de servi\u00e7os s\u00e3o os pontos fortes da economia. O jornal Tribuna circula em Ribeir\u00e3o Preto e em outras 10 cidades da regi\u00e3o. Sua linha editorial \u00e9 informativa e\u2026","rel":"","context":"In &quot;Not\u00edcias de Ribeir\u00e3o Preto-SP e Regi\u00e3o&quot;","block_context":{"text":"Not\u00edcias de Ribeir\u00e3o Preto-SP e Regi\u00e3o","link":"https:\/\/noticiasribeiraopreto.com.br\/index.php\/category\/noticias-de-ribeirao-preto-sp-e-regiao-ismael-colosi\/"},"img":{"alt_text":"","src":"https:\/\/i0.wp.com\/noticiasribeiraopreto.com.br\/wp-content\/uploads\/2024\/03\/Charge-6873-1.jpg?fit=1200%2C900&ssl=1&resize=350%2C200","width":350,"height":200,"srcset":"https:\/\/i0.wp.com\/noticiasribeiraopreto.com.br\/wp-content\/uploads\/2024\/03\/Charge-6873-1.jpg?fit=1200%2C900&ssl=1&resize=350%2C200 1x, https:\/\/i0.wp.com\/noticiasribeiraopreto.com.br\/wp-content\/uploads\/2024\/03\/Charge-6873-1.jpg?fit=1200%2C900&ssl=1&resize=525%2C300 1.5x, https:\/\/i0.wp.com\/noticiasribeiraopreto.com.br\/wp-content\/uploads\/2024\/03\/Charge-6873-1.jpg?fit=1200%2C900&ssl=1&resize=700%2C400 2x, https:\/\/i0.wp.com\/noticiasribeiraopreto.com.br\/wp-content\/uploads\/2024\/03\/Charge-6873-1.jpg?fit=1200%2C900&ssl=1&resize=1050%2C600 3x"},"classes":[]},{"id":44683,"url":"https:\/\/noticiasribeiraopreto.com.br\/index.php\/2024\/03\/29\/capa-29-03-2024\/","url_meta":{"origin":40634,"position":4},"title":"Capa 29\/03\/2024 &#8211; Jornal Tribuna Ribeir\u00e3o","author":"noticiasribeiraopreto.com.br","date":"29 de March de 2024","format":false,"excerpt":"Ribeir\u00e3o Preto \u00e9 o centro de uma regi\u00e3o com mais de 3 milh\u00f5es de habitantes. O agroneg\u00f3cio, o com\u00e9rcio e a presta\u00e7\u00e3o de servi\u00e7os s\u00e3o os pontos fortes da economia. O jornal Tribuna circula em Ribeir\u00e3o Preto e em outras 10 cidades da regi\u00e3o. Sua linha editorial \u00e9 informativa e\u2026","rel":"","context":"In &quot;Not\u00edcias de Ribeir\u00e3o Preto-SP e Regi\u00e3o&quot;","block_context":{"text":"Not\u00edcias de Ribeir\u00e3o Preto-SP e Regi\u00e3o","link":"https:\/\/noticiasribeiraopreto.com.br\/index.php\/category\/noticias-de-ribeirao-preto-sp-e-regiao-ismael-colosi\/"},"img":{"alt_text":"","src":"https:\/\/i0.wp.com\/noticiasribeiraopreto.com.br\/wp-content\/uploads\/2024\/03\/Capa-6873-scaled.jpg?fit=685%2C1200&ssl=1&resize=350%2C200","width":350,"height":200,"srcset":"https:\/\/i0.wp.com\/noticiasribeiraopreto.com.br\/wp-content\/uploads\/2024\/03\/Capa-6873-scaled.jpg?fit=685%2C1200&ssl=1&resize=350%2C200 1x, https:\/\/i0.wp.com\/noticiasribeiraopreto.com.br\/wp-content\/uploads\/2024\/03\/Capa-6873-scaled.jpg?fit=685%2C1200&ssl=1&resize=525%2C300 1.5x"},"classes":[]},{"id":44138,"url":"https:\/\/noticiasribeiraopreto.com.br\/index.php\/2024\/03\/26\/capa-26-03-2024\/","url_meta":{"origin":40634,"position":5},"title":"Capa 26\/03\/2024 &#8211; Jornal Tribuna Ribeir\u00e3o","author":"noticiasribeiraopreto.com.br","date":"26 de March de 2024","format":false,"excerpt":"Ribeir\u00e3o Preto \u00e9 o centro de uma regi\u00e3o com mais de 3 milh\u00f5es de habitantes. O agroneg\u00f3cio, o com\u00e9rcio e a presta\u00e7\u00e3o de servi\u00e7os s\u00e3o os pontos fortes da economia. O jornal Tribuna circula em Ribeir\u00e3o Preto e em outras 10 cidades da regi\u00e3o. Sua linha editorial \u00e9 informativa e\u2026","rel":"","context":"In &quot;Not\u00edcias de Ribeir\u00e3o Preto-SP e Regi\u00e3o&quot;","block_context":{"text":"Not\u00edcias de Ribeir\u00e3o Preto-SP e Regi\u00e3o","link":"https:\/\/noticiasribeiraopreto.com.br\/index.php\/category\/noticias-de-ribeirao-preto-sp-e-regiao-ismael-colosi\/"},"img":{"alt_text":"","src":"https:\/\/i0.wp.com\/noticiasribeiraopreto.com.br\/wp-content\/uploads\/2024\/03\/Capa-6870-scaled.jpg?fit=685%2C1200&ssl=1&resize=350%2C200","width":350,"height":200,"srcset":"https:\/\/i0.wp.com\/noticiasribeiraopreto.com.br\/wp-content\/uploads\/2024\/03\/Capa-6870-scaled.jpg?fit=685%2C1200&ssl=1&resize=350%2C200 1x, https:\/\/i0.wp.com\/noticiasribeiraopreto.com.br\/wp-content\/uploads\/2024\/03\/Capa-6870-scaled.jpg?fit=685%2C1200&ssl=1&resize=525%2C300 1.5x"},"classes":[]}],"jetpack_sharing_enabled":true,"jetpack_shortlink":"https:\/\/wp.me\/peQAOb-azo","_links":{"self":[{"href":"https:\/\/noticiasribeiraopreto.com.br\/index.php\/wp-json\/wp\/v2\/posts\/40634","targetHints":{"allow":["GET"]}}],"collection":[{"href":"https:\/\/noticiasribeiraopreto.com.br\/index.php\/wp-json\/wp\/v2\/posts"}],"about":[{"href":"https:\/\/noticiasribeiraopreto.com.br\/index.php\/wp-json\/wp\/v2\/types\/post"}],"author":[{"embeddable":true,"href":"https:\/\/noticiasribeiraopreto.com.br\/index.php\/wp-json\/wp\/v2\/users\/1"}],"replies":[{"embeddable":true,"href":"https:\/\/noticiasribeiraopreto.com.br\/index.php\/wp-json\/wp\/v2\/comments?post=40634"}],"version-history":[{"count":0,"href":"https:\/\/noticiasribeiraopreto.com.br\/index.php\/wp-json\/wp\/v2\/posts\/40634\/revisions"}],"wp:featuredmedia":[{"embeddable":true,"href":"https:\/\/noticiasribeiraopreto.com.br\/index.php\/wp-json\/wp\/v2\/media\/40635"}],"wp:attachment":[{"href":"https:\/\/noticiasribeiraopreto.com.br\/index.php\/wp-json\/wp\/v2\/media?parent=40634"}],"wp:term":[{"taxonomy":"category","embeddable":true,"href":"https:\/\/noticiasribeiraopreto.com.br\/index.php\/wp-json\/wp\/v2\/categories?post=40634"},{"taxonomy":"post_tag","embeddable":true,"href":"https:\/\/noticiasribeiraopreto.com.br\/index.php\/wp-json\/wp\/v2\/tags?post=40634"}],"curies":[{"name":"wp","href":"https:\/\/api.w.org\/{rel}","templated":true}]}}