{"id":40636,"date":"2024-03-05T08:44:55","date_gmt":"2024-03-05T11:44:55","guid":{"rendered":"https:\/\/noticiasribeiraopreto.com.br\/index.php\/2024\/03\/05\/cruzamento-da-lafaiete-com-a-sete-de-setembro-sera-interditado-nesta-terca\/"},"modified":"2024-03-05T08:44:55","modified_gmt":"2024-03-05T11:44:55","slug":"cruzamento-da-lafaiete-com-a-sete-de-setembro-sera-interditado-nesta-terca","status":"publish","type":"post","link":"https:\/\/noticiasribeiraopreto.com.br\/index.php\/2024\/03\/05\/cruzamento-da-lafaiete-com-a-sete-de-setembro-sera-interditado-nesta-terca\/","title":{"rendered":"Cruzamento da Lafaiete com a Sete de Setembro ser\u00e1 interditado nesta ter\u00e7a"},"content":{"rendered":"<div class='code-block code-block-1' style='margin: 8px 0 8px auto; text-align: right; display: block; clear: both;'>\n<p><a href=\"https:\/\/wa.link\/vpicfd\"><img data-recalc-dims=\"1\" class=\"wp-image-4922\" style=\"aspect-ratio: 2.0253164556962027; width: 561px; height: auto;\" src=\"https:\/\/i0.wp.com\/ismaelcolosi.com.br\/wp-content\/uploads\/2023\/11\/grupo-de-empregos-whatsapp-e-facebook-ismael-colosi-vagas.jpg?ssl=1\" alt=\"\" \/><\/a><\/p>\n<!-- \/wp:image -->\n<\/div>\n<p> <br \/>\n<\/p>\n<div id=\"post-376191\">\n<header class=\"entry-header penci-entry-header penci-title-center\">\n<p> <span class=\"entry-meta-item penci-posted-on\"><i class=\"fa fa-clock-o\"\/><time class=\"entry-date published\" datetime=\"2024-03-05T08:30:21-03:00\">5 de mar\u00e7o de 2024 | 8:30<\/time><time class=\"updated\" datetime=\"2024-03-04T17:44:48-03:00\">4 de mar\u00e7o de 2024 | 17:44<\/time><\/span><\/p>\n<p> <span class=\"penci-social-buttons penci-social-share-footer\"><a href=\"#\" class=\"penci-post-like penci_post-meta_item  single-like-button penci-social-item like\" data-post_id=\"376191\" title=\"Like\" data-like=\"Like\" data-unlike=\"Unlike\"><i class=\"fa fa-thumbs-o-up\"\/><span class=\"penci-share-number\">0<\/span><\/a><i class=\"fa fa-facebook\"\/><a class=\"penci-social-item twitter\" target=\"_blank\" rel=\"noopener\" title=\"\" href=\"https:\/\/twitter.com\/intent\/tweet?text=Cruzamento%20da%20Lafaiete%20com%20a%20Sete%20de%20Setembro%20ser\u00e1%20interditado%20nesta%20ter\u00e7a%20-%20https:\/\/www.tribunaribeirao.com.br\/site\/cruzamento-da-lafaiete-com-a-sete-de-setembro-sera-interditado-nesta-terca\/\"><i class=\"fa fa-twitter\"\/><\/a><i class=\"fa fa-whatsapp\"\/><\/span><\/header>\n<div class=\"penci-entry-content entry-content\">\n<p>\u00a0<\/p>\n<p>Com o andamento das obras do corredor de \u00f4nibus do quadril\u00e1tero Central, pelo programa Ribeir\u00e3o Mobilidade, a partir das 9h desta ter\u00e7a-feira, dia 5 de mar\u00e7o, haver\u00e1 a interdi\u00e7\u00e3o total do cruzamento da rua Lafaiete com a rua Sete de Setembro.<\/p>\n<p>Nesta etapa da obra, a Saerp far\u00e1 a substitui\u00e7\u00e3o de rede de \u00e1gua em continuidade dos trabalhos do Corredor Central e sanar diversas intermit\u00eancias de abastecimento na regi\u00e3o central. O fechamento tem previs\u00e3o de dura\u00e7\u00e3o de um dia.<\/p>\n<p>Com essa interven\u00e7\u00e3o vi\u00e1ria, a RP Mobi recomenda aos condutores a utilizar a seguinte rota alternativa:<\/p>\n<p>\u2022 Quem vem da regi\u00e3o do Terminal Rodovi\u00e1rio em dire\u00e7\u00e3o \u00e0 avenida Independ\u00eancia pela rua Lafaiete a orienta\u00e7\u00e3o \u00e9 virar \u00e0 direita na rua S\u00e3o Jos\u00e9, \u00e0 esquerda na rua Campos Sales, \u00e0 esquerda na rua Marechal Deodoro, \u00e0 direita para retomar a rua Lafaiete e seguir o destino desejado.<\/p>\n<p>Na regi\u00e3o da nova interdi\u00e7\u00e3o haver\u00e1 acessos locais somente para moradores e comerciantes, nos seguintes locais:<\/p>\n<p>\u2022 rua Lafaiete a partir da rua S\u00e3o Jos\u00e9<\/p>\n<p>\u2022 rua Lafaiete a partir da rua Garibaldi<\/p>\n<p>\u2022 rua Sete de Setembro a partir da rua Flor\u00eancio de Abreu<\/p>\n<p>A RP Mobi orienta os condutores que redobrem a aten\u00e7\u00e3o e diminuam a velocidade de seus ve\u00edculos a fim de se evitar sinistros de tr\u00e2nsito.<\/p>\n<p>\u00a0<\/p>\n<p>\u00a0<\/p>\n<p>\u00a0<\/p>\n<\/div>\n<footer class=\"penci-entry-footer\"\/><\/div>\n<p><script async src=\"\/\/platform.twitter.com\/widgets.js\" charset=\"utf-8\"><\/script><br \/>\n<br \/><br \/>\n<br \/><a href=\"https:\/\/www.tribunaribeirao.com.br\/site\/cruzamento-da-lafaiete-com-a-sete-de-setembro-sera-interditado-nesta-terca\/\">Source link <\/a><\/p>\n<!-- CONTENT END 1 -->\n","protected":false},"excerpt":{"rendered":"<p>5 de mar\u00e7o de 2024 | 8:304 de mar\u00e7o de 2024 | 17:44 0 \u00a0 Com o andamento das obras do corredor de \u00f4nibus do&#8230;<\/p>\n","protected":false},"author":1,"featured_media":40637,"comment_status":"open","ping_status":"open","sticky":false,"template":"","format":"standard","meta":{"advanced_seo_description":"","jetpack_seo_html_title":"","jetpack_seo_noindex":false,"jetpack_post_was_ever_published":false,"_jetpack_newsletter_access":"","_jetpack_dont_email_post_to_subs":false,"_jetpack_newsletter_tier_id":0,"_jetpack_memberships_contains_paywalled_content":false,"_jetpack_memberships_contains_paid_content":false,"footnotes":"","jetpack_publicize_message":"","jetpack_publicize_feature_enabled":true,"jetpack_social_post_already_shared":true,"jetpack_social_options":{"image_generator_settings":{"template":"highway","default_image_id":0,"font":"","enabled":false},"version":2}},"categories":[11],"tags":[1095,447,851,207,172,2215,3398,168],"class_list":["post-40636","post","type-post","status-publish","format-standard","has-post-thumbnail","hentry","category-noticias-de-ribeirao-preto-sp-e-regiao-ismael-colosi","tag-cruzamento","tag-interditado","tag-lafaiete","tag-nesta","tag-sera","tag-sete","tag-setembro","tag-terca"],"jetpack_publicize_connections":[],"jetpack_featured_media_url":"https:\/\/i0.wp.com\/noticiasribeiraopreto.com.br\/wp-content\/uploads\/2024\/03\/OBRAS-1.png?fit=814%2C515&ssl=1","jetpack-related-posts":[{"id":38877,"url":"https:\/\/noticiasribeiraopreto.com.br\/index.php\/2024\/02\/22\/cruzamento-da-barao-do-amazonas-com-a-rua-lafaiete-ficara-interditado-por-cinco-dias\/","url_meta":{"origin":40636,"position":0},"title":"Cruzamento da Bar\u00e3o do Amazonas com a rua Lafaiete ficar\u00e1 interditado por cinco dias","author":"noticiasribeiraopreto.com.br","date":"22 de February de 2024","format":false,"excerpt":"22 de fevereiro de 2024 | 8:3021 de fevereiro de 2024 | 18:24 0Com o andamento das obras do corredor de \u00f4nibus do quadril\u00e1tero Central, a partir das 9h, desta quinta-feira, dia 22 de fevereiro, haver\u00e1 a interdi\u00e7\u00e3o total do cruzamento da rua Bar\u00e3o do Amazonas com a rua Lafaiete.Com\u2026","rel":"","context":"In &quot;Not\u00edcias de Ribeir\u00e3o Preto-SP e Regi\u00e3o&quot;","block_context":{"text":"Not\u00edcias de Ribeir\u00e3o Preto-SP e Regi\u00e3o","link":"https:\/\/noticiasribeiraopreto.com.br\/index.php\/category\/noticias-de-ribeirao-preto-sp-e-regiao-ismael-colosi\/"},"img":{"alt_text":"","src":"https:\/\/i0.wp.com\/noticiasribeiraopreto.com.br\/wp-content\/uploads\/2024\/02\/bloqueio_barao_do_amazonas_-_foto_fernando_gonzaga_1-scaled.jpg?fit=967%2C645&ssl=1&resize=350%2C200","width":350,"height":200,"srcset":"https:\/\/i0.wp.com\/noticiasribeiraopreto.com.br\/wp-content\/uploads\/2024\/02\/bloqueio_barao_do_amazonas_-_foto_fernando_gonzaga_1-scaled.jpg?fit=967%2C645&ssl=1&resize=350%2C200 1x, https:\/\/i0.wp.com\/noticiasribeiraopreto.com.br\/wp-content\/uploads\/2024\/02\/bloqueio_barao_do_amazonas_-_foto_fernando_gonzaga_1-scaled.jpg?fit=967%2C645&ssl=1&resize=525%2C300 1.5x, https:\/\/i0.wp.com\/noticiasribeiraopreto.com.br\/wp-content\/uploads\/2024\/02\/bloqueio_barao_do_amazonas_-_foto_fernando_gonzaga_1-scaled.jpg?fit=967%2C645&ssl=1&resize=700%2C400 2x"},"classes":[]},{"id":42172,"url":"https:\/\/noticiasribeiraopreto.com.br\/index.php\/2024\/03\/13\/cruzamento-da-barao-do-amazonas-com-a-sao-sebastiao-sera-interditado-nesta-quarta\/","url_meta":{"origin":40636,"position":1},"title":"Cruzamento da Bar\u00e3o do Amazonas com a S\u00e3o Sebasti\u00e3o ser\u00e1 interditado nesta quarta","author":"noticiasribeiraopreto.com.br","date":"13 de March de 2024","format":false,"excerpt":"13 de mar\u00e7o de 2024 | 8:3012 de mar\u00e7o de 2024 | 19:03 0Com o andamento das obras do corredor de \u00f4nibus do quadril\u00e1tero Central, pelo programa Ribeir\u00e3o Mobilidade, na manh\u00e3 desta quarta-feira, dia 13 de mar\u00e7o, haver\u00e1 a interdi\u00e7\u00e3o total do cruzamento da rua S\u00e3o Sebasti\u00e3o com a rua\u2026","rel":"","context":"In &quot;Not\u00edcias de Ribeir\u00e3o Preto-SP e Regi\u00e3o&quot;","block_context":{"text":"Not\u00edcias de Ribeir\u00e3o Preto-SP e Regi\u00e3o","link":"https:\/\/noticiasribeiraopreto.com.br\/index.php\/category\/noticias-de-ribeirao-preto-sp-e-regiao-ismael-colosi\/"},"img":{"alt_text":"","src":"https:\/\/i0.wp.com\/noticiasribeiraopreto.com.br\/wp-content\/uploads\/2024\/03\/OBRAS.png?fit=814%2C515&ssl=1&resize=350%2C200","width":350,"height":200,"srcset":"https:\/\/i0.wp.com\/noticiasribeiraopreto.com.br\/wp-content\/uploads\/2024\/03\/OBRAS.png?fit=814%2C515&ssl=1&resize=350%2C200 1x, https:\/\/i0.wp.com\/noticiasribeiraopreto.com.br\/wp-content\/uploads\/2024\/03\/OBRAS.png?fit=814%2C515&ssl=1&resize=525%2C300 1.5x, https:\/\/i0.wp.com\/noticiasribeiraopreto.com.br\/wp-content\/uploads\/2024\/03\/OBRAS.png?fit=814%2C515&ssl=1&resize=700%2C400 2x"},"classes":[]},{"id":41520,"url":"https:\/\/noticiasribeiraopreto.com.br\/index.php\/2024\/03\/08\/choro-da-casa-toca-na-sete-de-setembro-2\/","url_meta":{"origin":40636,"position":2},"title":"Choro da Casa toca\u00a0na Sete de Setembro\u00a0","author":"noticiasribeiraopreto.com.br","date":"8 de March de 2024","format":false,"excerpt":"8 de mar\u00e7o de 2024 | 16:007 de mar\u00e7o de 2024 | 20:52 0O projeto Chorinho na 7, realizado pela Secretaria Municipal da Cultura e Turismo, recebe o grupo Choro da Casa nesta sexta-feira, 8 de mar\u00e7o, \u00e0s 19 horas, na pra\u00e7a Sete de Setembro, que fica no quadril\u00e1tero entre\u2026","rel":"","context":"In &quot;Not\u00edcias de Ribeir\u00e3o Preto-SP e Regi\u00e3o&quot;","block_context":{"text":"Not\u00edcias de Ribeir\u00e3o Preto-SP e Regi\u00e3o","link":"https:\/\/noticiasribeiraopreto.com.br\/index.php\/category\/noticias-de-ribeirao-preto-sp-e-regiao-ismael-colosi\/"},"img":{"alt_text":"","src":"https:\/\/i0.wp.com\/noticiasribeiraopreto.com.br\/wp-content\/uploads\/2024\/03\/Choro07-Divulgacao-1-scaled.jpeg?fit=860%2C645&ssl=1&resize=350%2C200","width":350,"height":200,"srcset":"https:\/\/i0.wp.com\/noticiasribeiraopreto.com.br\/wp-content\/uploads\/2024\/03\/Choro07-Divulgacao-1-scaled.jpeg?fit=860%2C645&ssl=1&resize=350%2C200 1x, https:\/\/i0.wp.com\/noticiasribeiraopreto.com.br\/wp-content\/uploads\/2024\/03\/Choro07-Divulgacao-1-scaled.jpeg?fit=860%2C645&ssl=1&resize=525%2C300 1.5x, https:\/\/i0.wp.com\/noticiasribeiraopreto.com.br\/wp-content\/uploads\/2024\/03\/Choro07-Divulgacao-1-scaled.jpeg?fit=860%2C645&ssl=1&resize=700%2C400 2x"},"classes":[]},{"id":63479,"url":"https:\/\/noticiasribeiraopreto.com.br\/index.php\/2025\/02\/14\/cruzamento-em-ribeirao-preto-e-interditado-por-30-dias-veja-rota-alternativa\/","url_meta":{"origin":40636,"position":3},"title":"Cruzamento em Ribeir\u00e3o Preto \u00e9 interditado por 30 dias; Veja rota alternativa","author":"noticiasribeiraopreto.com.br","date":"14 de February de 2025","format":false,"excerpt":"A partir desta sexta-feira (14), o cruzamento entre as ruas Prudente de Morais e S\u00e3o Jos\u00e9, no Centro de Ribeir\u00e3o Preto, ser\u00e1 totalmente interditado devido \u00e0 continua\u00e7\u00e3o das obras de drenagem na regi\u00e3o. De acordo com a RP Mobi, o tr\u00e2nsito estar\u00e1 livre nas ruas Sete de Setembro, Garibaldi, Comandante\u2026","rel":"","context":"In &quot;Not\u00edcias de Ribeir\u00e3o Preto-SP e Regi\u00e3o&quot;","block_context":{"text":"Not\u00edcias de Ribeir\u00e3o Preto-SP e Regi\u00e3o","link":"https:\/\/noticiasribeiraopreto.com.br\/index.php\/category\/noticias-de-ribeirao-preto-sp-e-regiao-ismael-colosi\/"},"img":{"alt_text":"","src":"https:\/\/i0.wp.com\/noticiasribeiraopreto.com.br\/wp-content\/uploads\/2025\/02\/bloqueio_barao_do_amazonas_-_foto_fernando_gonzaga_2025-02-14_12-32-55_jpg_2025-02-14_12-32-55.webp.webp?fit=1000%2C667&ssl=1&resize=350%2C200","width":350,"height":200,"srcset":"https:\/\/i0.wp.com\/noticiasribeiraopreto.com.br\/wp-content\/uploads\/2025\/02\/bloqueio_barao_do_amazonas_-_foto_fernando_gonzaga_2025-02-14_12-32-55_jpg_2025-02-14_12-32-55.webp.webp?fit=1000%2C667&ssl=1&resize=350%2C200 1x, https:\/\/i0.wp.com\/noticiasribeiraopreto.com.br\/wp-content\/uploads\/2025\/02\/bloqueio_barao_do_amazonas_-_foto_fernando_gonzaga_2025-02-14_12-32-55_jpg_2025-02-14_12-32-55.webp.webp?fit=1000%2C667&ssl=1&resize=525%2C300 1.5x, https:\/\/i0.wp.com\/noticiasribeiraopreto.com.br\/wp-content\/uploads\/2025\/02\/bloqueio_barao_do_amazonas_-_foto_fernando_gonzaga_2025-02-14_12-32-55_jpg_2025-02-14_12-32-55.webp.webp?fit=1000%2C667&ssl=1&resize=700%2C400 2x"},"classes":[]},{"id":39714,"url":"https:\/\/noticiasribeiraopreto.com.br\/index.php\/2024\/02\/27\/construtora-divulga-datas-para-liberacao-de-trechos-interditados-no-centro-de-ribeirao-confira\/","url_meta":{"origin":40636,"position":4},"title":"Construtora divulga datas para libera\u00e7\u00e3o de trechos interditados no Centro de Ribeir\u00e3o; Confira","author":"noticiasribeiraopreto.com.br","date":"27 de February de 2024","format":false,"excerpt":"A Prefeitura de Ribeir\u00e3o Preto divulgou, nesta ter\u00e7a-feira (27), uma nota informando a previs\u00e3o para libera\u00e7\u00e3o de alguns trechos da rua Bar\u00e3o do Amazonas. De acordo com o comunicado, os prazos foram informados pela DGB Engenharia, construtora respons\u00e1vel pela obra. Confira: Da rua Campos Sales at\u00e9 a rua Prudente de\u2026","rel":"","context":"In &quot;Not\u00edcias de Ribeir\u00e3o Preto-SP e Regi\u00e3o&quot;","block_context":{"text":"Not\u00edcias de Ribeir\u00e3o Preto-SP e Regi\u00e3o","link":"https:\/\/noticiasribeiraopreto.com.br\/index.php\/category\/noticias-de-ribeirao-preto-sp-e-regiao-ismael-colosi\/"},"img":{"alt_text":"","src":"https:\/\/i0.wp.com\/noticiasribeiraopreto.com.br\/wp-content\/uploads\/2024\/02\/interdicao_barao_amazonas_-_foto_guilherme_sircili_38_-_copia.jpg?fit=1200%2C800&ssl=1&resize=350%2C200","width":350,"height":200,"srcset":"https:\/\/i0.wp.com\/noticiasribeiraopreto.com.br\/wp-content\/uploads\/2024\/02\/interdicao_barao_amazonas_-_foto_guilherme_sircili_38_-_copia.jpg?fit=1200%2C800&ssl=1&resize=350%2C200 1x, https:\/\/i0.wp.com\/noticiasribeiraopreto.com.br\/wp-content\/uploads\/2024\/02\/interdicao_barao_amazonas_-_foto_guilherme_sircili_38_-_copia.jpg?fit=1200%2C800&ssl=1&resize=525%2C300 1.5x, https:\/\/i0.wp.com\/noticiasribeiraopreto.com.br\/wp-content\/uploads\/2024\/02\/interdicao_barao_amazonas_-_foto_guilherme_sircili_38_-_copia.jpg?fit=1200%2C800&ssl=1&resize=700%2C400 2x, https:\/\/i0.wp.com\/noticiasribeiraopreto.com.br\/wp-content\/uploads\/2024\/02\/interdicao_barao_amazonas_-_foto_guilherme_sircili_38_-_copia.jpg?fit=1200%2C800&ssl=1&resize=1050%2C600 3x"},"classes":[]},{"id":15604,"url":"https:\/\/noticiasribeiraopreto.com.br\/index.php\/2023\/12\/13\/projeto-chorinho-na-7-recebe-choro-da-casa-nesta-sexta-feira-15\/","url_meta":{"origin":40636,"position":5},"title":"Projeto \u201cChorinho na 7\u201d recebe Choro da Casa nesta sexta-feira, 15 \u2013 Folha de Ribeir\u00e3o","author":"noticiasribeiraopreto.com.br","date":"13 de December de 2023","format":false,"excerpt":"O projeto \u201cChorinho na 7\u201d, realizado pela Secretaria Municipal da Cultura e Turismo, recebe novamente o grupo Choro da Casa para uma apresenta\u00e7\u00e3o especial nesta sexta-feira, dia 15 de dezembro, \u00e0s 19h, na Pra\u00e7a Sete de Setembro, que fica no quadril\u00e1tero entre as ruas Lafaiete, Flor\u00eancio de Abreu, Sete de\u2026","rel":"","context":"In &quot;Not\u00edcias de Ribeir\u00e3o Preto-SP e Regi\u00e3o&quot;","block_context":{"text":"Not\u00edcias de Ribeir\u00e3o Preto-SP e Regi\u00e3o","link":"https:\/\/noticiasribeiraopreto.com.br\/index.php\/category\/noticias-de-ribeirao-preto-sp-e-regiao-ismael-colosi\/"},"img":{"alt_text":"","src":"https:\/\/i0.wp.com\/noticiasribeiraopreto.com.br\/wp-content\/uploads\/2023\/12\/chorinho1312_1.jpeg?fit=1024%2C473&ssl=1&resize=350%2C200","width":350,"height":200,"srcset":"https:\/\/i0.wp.com\/noticiasribeiraopreto.com.br\/wp-content\/uploads\/2023\/12\/chorinho1312_1.jpeg?fit=1024%2C473&ssl=1&resize=350%2C200 1x, https:\/\/i0.wp.com\/noticiasribeiraopreto.com.br\/wp-content\/uploads\/2023\/12\/chorinho1312_1.jpeg?fit=1024%2C473&ssl=1&resize=525%2C300 1.5x, https:\/\/i0.wp.com\/noticiasribeiraopreto.com.br\/wp-content\/uploads\/2023\/12\/chorinho1312_1.jpeg?fit=1024%2C473&ssl=1&resize=700%2C400 2x"},"classes":[]}],"jetpack_sharing_enabled":true,"jetpack_shortlink":"https:\/\/wp.me\/peQAOb-azq","_links":{"self":[{"href":"https:\/\/noticiasribeiraopreto.com.br\/index.php\/wp-json\/wp\/v2\/posts\/40636","targetHints":{"allow":["GET"]}}],"collection":[{"href":"https:\/\/noticiasribeiraopreto.com.br\/index.php\/wp-json\/wp\/v2\/posts"}],"about":[{"href":"https:\/\/noticiasribeiraopreto.com.br\/index.php\/wp-json\/wp\/v2\/types\/post"}],"author":[{"embeddable":true,"href":"https:\/\/noticiasribeiraopreto.com.br\/index.php\/wp-json\/wp\/v2\/users\/1"}],"replies":[{"embeddable":true,"href":"https:\/\/noticiasribeiraopreto.com.br\/index.php\/wp-json\/wp\/v2\/comments?post=40636"}],"version-history":[{"count":0,"href":"https:\/\/noticiasribeiraopreto.com.br\/index.php\/wp-json\/wp\/v2\/posts\/40636\/revisions"}],"wp:featuredmedia":[{"embeddable":true,"href":"https:\/\/noticiasribeiraopreto.com.br\/index.php\/wp-json\/wp\/v2\/media\/40637"}],"wp:attachment":[{"href":"https:\/\/noticiasribeiraopreto.com.br\/index.php\/wp-json\/wp\/v2\/media?parent=40636"}],"wp:term":[{"taxonomy":"category","embeddable":true,"href":"https:\/\/noticiasribeiraopreto.com.br\/index.php\/wp-json\/wp\/v2\/categories?post=40636"},{"taxonomy":"post_tag","embeddable":true,"href":"https:\/\/noticiasribeiraopreto.com.br\/index.php\/wp-json\/wp\/v2\/tags?post=40636"}],"curies":[{"name":"wp","href":"https:\/\/api.w.org\/{rel}","templated":true}]}}