{"id":40642,"date":"2024-03-05T09:28:58","date_gmt":"2024-03-05T12:28:58","guid":{"rendered":"https:\/\/noticiasribeiraopreto.com.br\/index.php\/2024\/03\/05\/musica-colonial-e-tema-de-concerto\/"},"modified":"2024-03-05T09:28:58","modified_gmt":"2024-03-05T12:28:58","slug":"musica-colonial-e-tema-de-concerto","status":"publish","type":"post","link":"https:\/\/noticiasribeiraopreto.com.br\/index.php\/2024\/03\/05\/musica-colonial-e-tema-de-concerto\/","title":{"rendered":"M\u00fasica colonial \u00e9\u00a0tema de concerto\u00a0"},"content":{"rendered":"<div class='code-block code-block-1' style='margin: 8px 0 8px auto; text-align: right; display: block; clear: both;'>\n<p><a href=\"https:\/\/wa.link\/vpicfd\"><img data-recalc-dims=\"1\" class=\"wp-image-4922\" style=\"aspect-ratio: 2.0253164556962027; width: 561px; height: auto;\" src=\"https:\/\/i0.wp.com\/ismaelcolosi.com.br\/wp-content\/uploads\/2023\/11\/grupo-de-empregos-whatsapp-e-facebook-ismael-colosi-vagas.jpg?ssl=1\" alt=\"\" \/><\/a><\/p>\n<!-- \/wp:image -->\n<\/div>\n<p> <br \/>\n<\/p>\n<div>\n<p><span data-contrast=\"auto\">O Ensemble Mentemanuque \u2013 solistas da USP Filarm\u00f4nica, sob dire\u00e7\u00e3o do maestro Rubens Russomanno Ricciardi \u2013 apresenta um concerto especial coral-sinf\u00f4nico com repert\u00f3rio do per\u00edodo colonial brasileiro. A audi\u00e7\u00e3o faz parte das prepara\u00e7\u00f5es do processo de registro fonogr\u00e1fico, que posteriormente dar\u00e1 vida ao \u00e1lbum in\u00e9dito intitulado \u201cM\u00fasica Colonial Brasileira \u2013 As Solfas de Mogi das Cruzes\u201d. <\/span><\/p>\n<p><span data-contrast=\"auto\">A apresenta\u00e7\u00e3o acontecer\u00e1 no Audit\u00f3rio da Faculdade de Direito de Ribeir\u00e3o Preto da Universidade de S\u00e3o Paulo (USP), nesta sexta-feira, 8 de mar\u00e7o, \u00e0s 20 horas, com entrada gratuita. A iniciativa faz parte da s\u00e9rie \u201cSolfas Brasileiras\u201d, contemplada no Programa de A\u00e7\u00e3o Cultural (ProAC), atrav\u00e9s da Secretaria de Cultura e Economia Criativa do Estado de S\u00e3o Paulo,.<\/span><\/p>\n<p><span data-contrast=\"auto\">\u00c9 um desdobramento do projeto \u201cManuscritos Musicais do Brasil Colonial \u2013 S\u00e9culo XVIII\u201d, trabalho de pesquisa que deu origem ao livro \u201cAs Solfas de Mogi das Cruzes \u2013 Edi\u00e7\u00e3o musical e apontamentos hist\u00f3ricos\u201d (Malungada Produtos Culturais \u2013 2022), escrito pelo maestro Rubens Russomanno Ricciardi e pelo historiador Odair de Paula, atrav\u00e9s do programa Rumos Ita\u00fa Cultural. <\/span><\/p>\n<p><span data-contrast=\"auto\">Lan\u00e7ado em setembro de 2022, o referido livro marca a publica\u00e7\u00e3o do mais completo estudo sobre as composi\u00e7\u00f5es mais antigas que se tem not\u00edcia no Brasil, ainda pouco conhecidas e nunca antes registradas na \u00edntegra. O termo solfa designa, no per\u00edodo colonial, os pap\u00e9is de m\u00fasica \u2013 aqui no caso, um conjunto de manuscritos musicais elaborados em Mogi das Cruzes, por volta de 1730, quando atuava ali como mestre de capela o m\u00fasico mogiano Faustino do Prado Xavier (1708-1800).<\/span><\/p>\n<p><span data-contrast=\"auto\">O trabalho de transcri\u00e7\u00e3o desenvolvido pelo maestro Rubens Russomanno Ricciardi, trazendo todas as sete obras intactas do conjunto de manuscritos (solfas) para a nota\u00e7\u00e3o moderna de partitura, tornou poss\u00edvel o estudo e execu\u00e7\u00e3o das mesmas, agora o raro repert\u00f3rio poder\u00e1 ser apreciado tamb\u00e9m em forma de disco digital, podendo ser acessado por qualquer pessoa, em qualquer lugar do mundo.<\/span><\/p>\n<p><span data-contrast=\"auto\">As sess\u00f5es de grava\u00e7\u00e3o acontecem um dia ap\u00f3s ao concerto aberto ao p\u00fablico, no mesmo Audit\u00f3rio da Faculdade de Direito de Ribeir\u00e3o Preto da USP e ser\u00e3o feitas em um moderno sistema de capta\u00e7\u00e3o com formato espec\u00edfico para orquestras, sob os cuidados de Igor Toledo, t\u00e9cnico respons\u00e1vel, consumindo em torno de 80 horas de trabalho, distribu\u00eddos em at\u00e9 sete dias e mais de 60 horas dedicadas ao processo de edi\u00e7\u00e3o: mixagem e masteriza\u00e7\u00e3o. <\/span><\/p>\n<p><span data-contrast=\"auto\">O disco ainda est\u00e1 em fase de pr\u00e9-produ\u00e7\u00e3o e ser\u00e1 disponibilizado somente em vers\u00e3o digital, com distribui\u00e7\u00e3o para mais de 50 plataformas de streamings. Segundo Deo Miranda, autor dos projetos e produtor do disco, o lan\u00e7amento oficial est\u00e1 previsto para o segundo semestre deste ano, mas ainda sem data definida.<\/span><\/p>\n<p><b><span data-contrast=\"auto\">Concerto \u2013<\/span><\/b><span data-contrast=\"auto\"> O grupo de m\u00fasica de c\u00e2mara Ensemble Mentemanuque apresentar\u00e1 neste concerto exclusivo aberto ao p\u00fablico, todo o repert\u00f3rio das obras dos s\u00e9culos XVII e XVIII, recentemente editadas no livro As solfas de Mogi das Cruzes e contar\u00e1 com a participa\u00e7\u00e3o dos cantores Fernanda Ribeiro (Soprano), Felipe Rissatti (Contratenor), Daniel Umbelino (Tenor) e Alexandre Mazzer Perticarrari (Bar\u00edtono).<\/span><\/p>\n<p><span data-contrast=\"auto\">Ser\u00e3o acompanhados pelos instrumentistas Carlo Arruda (Cravo), Marcos Vin\u00edcius Miranda dos Santos e Paulo Eduardo de Barros Veiga (Violinos I e II), Willian Rodrigues (Viola), Robson Fonseca (Violoncelo) e Alexandre Girio (Contrabaixo) \u2013 sempre sob a reg\u00eancia do maestro Rubens Russomanno Ricciardi, que assina tamb\u00e9m todo o processo editorial das solfas e a dire\u00e7\u00e3o art\u00edstica do concerto e da grava\u00e7\u00e3o.<\/span><\/p>\n<p><b><span data-contrast=\"auto\">M\u00fasica colonial \u2013<\/span><\/b><span data-contrast=\"auto\"> As principais refer\u00eancias entre os copistas e supostos autores das solfas s\u00e3o os irm\u00e3os \u00c2ngelo e Faustino do Prado Xavier, este \u00faltimo presb\u00edtero do h\u00e1bito de S\u00e3o Pedro formado pelos carmelitas em Mogi das Cruzes onde nasceu, \u00e0 \u00e9poca chamada Vila de Sant\u2019Anna, posteriormente c\u00f4nego da S\u00e9 paulistana.<\/span><\/p>\n<p><span data-contrast=\"auto\">As primeiras solfas foram descobertas em 1984, por Jaelson Trindade, historiador do Instituto do Patrim\u00f4nio Hist\u00f3rico e Art\u00edstico Nacional (Iphan), num total inicial de 28 folhas. Naquele mesmo ano, o historiador mogiano Jurandyr Ferraz de Campos completou o primeiro achado \u2013 num antigo Livro Foral de Modi das Cruzes \u2013 com mais uma folha. <\/span><\/p>\n<p><span data-contrast=\"auto\">Por fim, em 1990, o tamb\u00e9m historiador mogiano Issac Grinberg encontrou ainda mais sete folhas do mesmo conjunto, completando um total de 36 folhas, as quais serviram de base para a presente pesquisa e edi\u00e7\u00e3o musical. As solfas ou manuscritos musicais, as quais remontam ao Convento do Carmo de Mogi das Cruzes dos tempos coloniais, ficaram sob a guarda da Superintend\u00eancia do IPHAN em S\u00e3o Paulo.<\/span><\/p>\n<p><span data-contrast=\"auto\">F foram inicialmente estudadas pelo music\u00f3logo R\u00e9gis Duprat. No in\u00edcio dos anos 2000, o Instituto do Patrim\u00f4nio Hist\u00f3rico e Art\u00edstico Nacional devolveu os manuscritos ao Arquivo Hist\u00f3rico da cidade de Mogi das Cruzes, onde se encontram devidamente depositados.<\/span><\/p>\n<p><b><span data-contrast=\"auto\">Servi\u00e7o<\/span><\/b><br \/><b><span data-contrast=\"auto\">Evento:<\/span><\/b><span data-contrast=\"auto\"> concerto <\/span><span data-contrast=\"auto\">\u201cSolfas de Mogi <\/span><span data-contrast=\"auto\">das Cruzes\u201d<\/span><br \/><b><span data-contrast=\"auto\">Com:<\/span><\/b><span data-contrast=\"auto\"> Ensemble <\/span>\u00a0<span data-contrast=\"auto\">Mentemanuque <\/span><br \/><b><span data-contrast=\"auto\">Dire\u00e7\u00e3o art\u00edstica<\/span><\/b> <b><span data-contrast=\"auto\">e reg\u00eancia: <\/span><\/b>\u00a0<span data-contrast=\"auto\">maestro Rubens <\/span>\u00a0<span data-contrast=\"auto\">Russomanno Ricciardi<\/span><br \/><b><span data-contrast=\"auto\">Produ\u00e7\u00e3o:<\/span><\/b><span data-contrast=\"auto\"> Malungada <\/span>\u00a0<span data-contrast=\"auto\">Produtos Culturais<\/span><br \/><b><span data-contrast=\"auto\">Quando:<\/span><\/b><span data-contrast=\"auto\"> sexta-feira,<\/span> <span data-contrast=\"auto\">8 de mar\u00e7o<\/span><br \/><b><span data-contrast=\"auto\">Hor\u00e1rio:<\/span><\/b><span data-contrast=\"auto\"> \u00e0s 20 horas<\/span><br \/><b><span data-contrast=\"auto\">Onde:<\/span><\/b><span data-contrast=\"auto\"> Audit\u00f3rio da <\/span><span data-contrast=\"auto\">Faculdade de Direito <\/span>\u00a0<span data-contrast=\"auto\">de Ribeir\u00e3o Preto (USP)<\/span><br \/><b><span data-contrast=\"auto\">Endere\u00e7o:<\/span><\/b><span data-contrast=\"auto\"> campus da USP <\/span><br \/><span data-contrast=\"auto\">Entrada: gratuita<\/span><br \/><span data-contrast=\"auto\">(sem reserva)<\/span><br \/><b><span data-contrast=\"auto\">Censura:<\/span><\/b><span data-contrast=\"auto\"> livre\u00a0<\/span><span data-ccp-props=\"{&quot;201341983&quot;:0,&quot;335559739&quot;:200,&quot;335559740&quot;:276}\">\u00a0<\/span><\/p>\n<p><span data-ccp-props=\"{&quot;201341983&quot;:0,&quot;335559739&quot;:200,&quot;335559740&quot;:276}\">\u00a0<\/span><\/p>\n<\/div>\n<p><br \/>\n<br \/><a href=\"https:\/\/www.tribunaribeirao.com.br\/site\/musica-colonial-e-tema-de-concerto\/\">Source link <\/a><\/p>\n<!-- CONTENT END 1 -->\n","protected":false},"excerpt":{"rendered":"<p>O Ensemble Mentemanuque \u2013 solistas da USP Filarm\u00f4nica, sob dire\u00e7\u00e3o do maestro Rubens Russomanno Ricciardi \u2013 apresenta um concerto especial coral-sinf\u00f4nico com repert\u00f3rio do per\u00edodo&#8230;<\/p>\n","protected":false},"author":1,"featured_media":40643,"comment_status":"open","ping_status":"open","sticky":false,"template":"","format":"standard","meta":{"advanced_seo_description":"","jetpack_seo_html_title":"","jetpack_seo_noindex":false,"jetpack_post_was_ever_published":false,"_jetpack_newsletter_access":"","_jetpack_dont_email_post_to_subs":false,"_jetpack_newsletter_tier_id":0,"_jetpack_memberships_contains_paywalled_content":false,"_jetpack_memberships_contains_paid_content":false,"footnotes":"","jetpack_publicize_message":"","jetpack_publicize_feature_enabled":true,"jetpack_social_post_already_shared":true,"jetpack_social_options":{"image_generator_settings":{"template":"highway","default_image_id":0,"font":"","enabled":false},"version":2}},"categories":[11],"tags":[4758,287,4277,92],"class_list":["post-40642","post","type-post","status-publish","format-standard","has-post-thumbnail","hentry","category-noticias-de-ribeirao-preto-sp-e-regiao-ismael-colosi","tag-colonial","tag-concerto","tag-etema","tag-musica"],"jetpack_publicize_connections":[],"jetpack_featured_media_url":"https:\/\/i0.wp.com\/noticiasribeiraopreto.com.br\/wp-content\/uploads\/2024\/03\/Ensemble-Divulgacao-scaled.jpeg?fit=860%2C645&ssl=1","jetpack-related-posts":[{"id":41451,"url":"https:\/\/noticiasribeiraopreto.com.br\/index.php\/2024\/03\/08\/solistas-da-usp-filarmonica-apresentam-concerto-especial-nesta-sexta-em-ribeirao\/","url_meta":{"origin":40642,"position":0},"title":"Solistas da USP Filarm\u00f4nica apresentam concerto especial nesta sexta em Ribeir\u00e3o","author":"noticiasribeiraopreto.com.br","date":"8 de March de 2024","format":false,"excerpt":"Nesta sexta-feira (8), o Ensemble Mentemanuque \u2013 Solistas da USP Filarm\u00f4nica, sob dire\u00e7\u00e3o do maestro Rubens Russomanno Ricciardi, apresentam um concerto especial com repert\u00f3rio do per\u00edodo colonial brasileiro, que inclui obras dos s\u00e9culos 17 e 18. A apresenta\u00e7\u00e3o acontecer\u00e1 \u00e0s 20h, no Audit\u00f3rio da Faculdade de Direito de Ribeir\u00e3o Preto\u2026","rel":"","context":"In &quot;Not\u00edcias de Ribeir\u00e3o Preto-SP e Regi\u00e3o&quot;","block_context":{"text":"Not\u00edcias de Ribeir\u00e3o Preto-SP e Regi\u00e3o","link":"https:\/\/noticiasribeiraopreto.com.br\/index.php\/category\/noticias-de-ribeirao-preto-sp-e-regiao-ismael-colosi\/"},"img":{"alt_text":"","src":"https:\/\/i0.wp.com\/noticiasribeiraopreto.com.br\/wp-content\/uploads\/2024\/03\/MAESTRO.jpg?fit=1200%2C706&ssl=1&resize=350%2C200","width":350,"height":200,"srcset":"https:\/\/i0.wp.com\/noticiasribeiraopreto.com.br\/wp-content\/uploads\/2024\/03\/MAESTRO.jpg?fit=1200%2C706&ssl=1&resize=350%2C200 1x, https:\/\/i0.wp.com\/noticiasribeiraopreto.com.br\/wp-content\/uploads\/2024\/03\/MAESTRO.jpg?fit=1200%2C706&ssl=1&resize=525%2C300 1.5x, https:\/\/i0.wp.com\/noticiasribeiraopreto.com.br\/wp-content\/uploads\/2024\/03\/MAESTRO.jpg?fit=1200%2C706&ssl=1&resize=700%2C400 2x, https:\/\/i0.wp.com\/noticiasribeiraopreto.com.br\/wp-content\/uploads\/2024\/03\/MAESTRO.jpg?fit=1200%2C706&ssl=1&resize=1050%2C600 3x"},"classes":[]},{"id":67069,"url":"https:\/\/noticiasribeiraopreto.com.br\/index.php\/2025\/04\/09\/academia-livre-de-musica-e-artes-de-ribeirao-preto-abre-temporada-de-concertos-de-2025\/","url_meta":{"origin":40642,"position":1},"title":"Academia Livre de M\u00fasica e Artes de Ribeir\u00e3o Preto abre temporada de concertos de 2025","author":"noticiasribeiraopreto.com.br","date":"9 de April de 2025","format":false,"excerpt":"A Alma (Academia Livre de M\u00fasica e Artes de Ribeir\u00e3o Preto) realiza no dia 16 de abril, \u00e0s 19h30, o primeiro concerto da temporada de 2025, em parceria com a Orquestra de Cordas e a Banda Sinf\u00f4nica. O evento \u00e9 gratuito e acontece no Teatro do Campus da USP. O\u2026","rel":"","context":"In &quot;Not\u00edcias de Ribeir\u00e3o Preto-SP e Regi\u00e3o&quot;","block_context":{"text":"Not\u00edcias de Ribeir\u00e3o Preto-SP e Regi\u00e3o","link":"https:\/\/noticiasribeiraopreto.com.br\/index.php\/category\/noticias-de-ribeirao-preto-sp-e-regiao-ismael-colosi\/"},"img":{"alt_text":"","src":"https:\/\/i0.wp.com\/noticiasribeiraopreto.com.br\/wp-content\/uploads\/2025\/04\/12-2_2025-04-09_12-13-39_jpg_2025-04-09_12-13-42-scaled.webp.webp?fit=1200%2C800&ssl=1&resize=350%2C200","width":350,"height":200,"srcset":"https:\/\/i0.wp.com\/noticiasribeiraopreto.com.br\/wp-content\/uploads\/2025\/04\/12-2_2025-04-09_12-13-39_jpg_2025-04-09_12-13-42-scaled.webp.webp?fit=1200%2C800&ssl=1&resize=350%2C200 1x, https:\/\/i0.wp.com\/noticiasribeiraopreto.com.br\/wp-content\/uploads\/2025\/04\/12-2_2025-04-09_12-13-39_jpg_2025-04-09_12-13-42-scaled.webp.webp?fit=1200%2C800&ssl=1&resize=525%2C300 1.5x, https:\/\/i0.wp.com\/noticiasribeiraopreto.com.br\/wp-content\/uploads\/2025\/04\/12-2_2025-04-09_12-13-39_jpg_2025-04-09_12-13-42-scaled.webp.webp?fit=1200%2C800&ssl=1&resize=700%2C400 2x, https:\/\/i0.wp.com\/noticiasribeiraopreto.com.br\/wp-content\/uploads\/2025\/04\/12-2_2025-04-09_12-13-39_jpg_2025-04-09_12-13-42-scaled.webp.webp?fit=1200%2C800&ssl=1&resize=1050%2C600 3x"},"classes":[]},{"id":82869,"url":"https:\/\/noticiasribeiraopreto.com.br\/index.php\/2026\/03\/01\/serie-concertos-usp-na-catedral-abre-temporada-2026\/","url_meta":{"origin":40642,"position":2},"title":"S\u00e9rie Concertos USP na Catedral abre temporada 2026","author":"noticiasribeiraopreto.com.br","date":"1 de March de 2026","format":false,"excerpt":"A S\u00e9rie Concertos USP na Catedral inicia sua temporada de 2026 neste domingo, 1\u00ba de mar\u00e7o, na Catedral Metropolitana de Ribeir\u00e3o Preto, \u00e0s 20h. A apresenta\u00e7\u00e3o re\u00fane canto e piano em programa dedicado a obras do s\u00e9culo XX, reafirmando a parceria entre o Departamento de M\u00fasica da Faculdade de Filosofia,\u2026","rel":"","context":"In &quot;Not\u00edcias de Ribeir\u00e3o Preto-SP e Regi\u00e3o&quot;","block_context":{"text":"Not\u00edcias de Ribeir\u00e3o Preto-SP e Regi\u00e3o","link":"https:\/\/noticiasribeiraopreto.com.br\/index.php\/category\/noticias-de-ribeirao-preto-sp-e-regiao-ismael-colosi\/"},"img":{"alt_text":"","src":"https:\/\/i0.wp.com\/noticiasribeiraopreto.com.br\/wp-content\/uploads\/2026\/03\/concerto-usp.jpg?fit=780%2C780&ssl=1&resize=350%2C200","width":350,"height":200,"srcset":"https:\/\/i0.wp.com\/noticiasribeiraopreto.com.br\/wp-content\/uploads\/2026\/03\/concerto-usp.jpg?fit=780%2C780&ssl=1&resize=350%2C200 1x, https:\/\/i0.wp.com\/noticiasribeiraopreto.com.br\/wp-content\/uploads\/2026\/03\/concerto-usp.jpg?fit=780%2C780&ssl=1&resize=525%2C300 1.5x, https:\/\/i0.wp.com\/noticiasribeiraopreto.com.br\/wp-content\/uploads\/2026\/03\/concerto-usp.jpg?fit=780%2C780&ssl=1&resize=700%2C400 2x"},"classes":[]},{"id":71432,"url":"https:\/\/noticiasribeiraopreto.com.br\/index.php\/2025\/06\/05\/ribeirao-recebe-concerto-gratuito-com-orquestra-e-sucessos-da-musica-brasileira\/","url_meta":{"origin":40642,"position":3},"title":"Ribeir\u00e3o recebe concerto gratuito com orquestra e sucessos da m\u00fasica brasileira","author":"noticiasribeiraopreto.com.br","date":"5 de June de 2025","format":false,"excerpt":"O Teatro Municipal de Ribeir\u00e3o Preto recebe no pr\u00f3ximo domingo (18), \u00e0s 19h, uma apresenta\u00e7\u00e3o gratuita da turn\u00ea do concerto \u201cTons do Brasil\u201d, com a Orquestra Lyra Mojimiriana. Sob a reg\u00eancia do Maestro Carlos Lima, o concerto pretende apresentar vers\u00f5es sinf\u00f4nicas de grandes sucessos da m\u00fasica brasileira. Portanto, contar\u00e1 com\u2026","rel":"","context":"In &quot;Not\u00edcias de Ribeir\u00e3o Preto-SP e Regi\u00e3o&quot;","block_context":{"text":"Not\u00edcias de Ribeir\u00e3o Preto-SP e Regi\u00e3o","link":"https:\/\/noticiasribeiraopreto.com.br\/index.php\/category\/noticias-de-ribeirao-preto-sp-e-regiao-ismael-colosi\/"},"img":{"alt_text":"","src":"https:\/\/i0.wp.com\/noticiasribeiraopreto.com.br\/wp-content\/uploads\/2025\/06\/42a0954a-fb80-451a-a4de-8566854947e3_2025-06-05_18-43-31.webp.webp?fit=1200%2C900&ssl=1&resize=350%2C200","width":350,"height":200,"srcset":"https:\/\/i0.wp.com\/noticiasribeiraopreto.com.br\/wp-content\/uploads\/2025\/06\/42a0954a-fb80-451a-a4de-8566854947e3_2025-06-05_18-43-31.webp.webp?fit=1200%2C900&ssl=1&resize=350%2C200 1x, https:\/\/i0.wp.com\/noticiasribeiraopreto.com.br\/wp-content\/uploads\/2025\/06\/42a0954a-fb80-451a-a4de-8566854947e3_2025-06-05_18-43-31.webp.webp?fit=1200%2C900&ssl=1&resize=525%2C300 1.5x, https:\/\/i0.wp.com\/noticiasribeiraopreto.com.br\/wp-content\/uploads\/2025\/06\/42a0954a-fb80-451a-a4de-8566854947e3_2025-06-05_18-43-31.webp.webp?fit=1200%2C900&ssl=1&resize=700%2C400 2x, https:\/\/i0.wp.com\/noticiasribeiraopreto.com.br\/wp-content\/uploads\/2025\/06\/42a0954a-fb80-451a-a4de-8566854947e3_2025-06-05_18-43-31.webp.webp?fit=1200%2C900&ssl=1&resize=1050%2C600 3x"},"classes":[]},{"id":51518,"url":"https:\/\/noticiasribeiraopreto.com.br\/index.php\/2024\/05\/27\/usp-filarmonica-de-ribeirao-apresenta-concerto-em-homenagem-a-jornalista-erica-amendola\/","url_meta":{"origin":40642,"position":4},"title":"USP Filarm\u00f4nica de Ribeir\u00e3o apresenta concerto em homenagem a jornalista \u00c9rica Am\u00eandola","author":"noticiasribeiraopreto.com.br","date":"27 de May de 2024","format":false,"excerpt":"A USP Filarm\u00f4nica de Ribeir\u00e3o Preto realiza, nesta ter\u00e7a-feira (28), uma homenagem \u00e0 jornalista e apresentadora, \u00c9rica Am\u00eandola, que morreu em 30 de abril durante tratamento de um c\u00e2ncer. A apresenta\u00e7\u00e3o ser\u00e1 \u00e0s 20h, no Theatro Pedro II, no Centro da cidade. O concerto pela \u201cS\u00e9rie Concertos USP\u201d tem entrada\u2026","rel":"","context":"In &quot;Not\u00edcias de Ribeir\u00e3o Preto-SP e Regi\u00e3o&quot;","block_context":{"text":"Not\u00edcias de Ribeir\u00e3o Preto-SP e Regi\u00e3o","link":"https:\/\/noticiasribeiraopreto.com.br\/index.php\/category\/noticias-de-ribeirao-preto-sp-e-regiao-ismael-colosi\/"},"img":{"alt_text":"","src":"https:\/\/i0.wp.com\/noticiasribeiraopreto.com.br\/wp-content\/uploads\/2024\/04\/ERICA-AMENDOLA-2_2024-04-30_17-05-40_jpg.webp.webp?fit=1200%2C841&ssl=1&resize=350%2C200","width":350,"height":200,"srcset":"https:\/\/i0.wp.com\/noticiasribeiraopreto.com.br\/wp-content\/uploads\/2024\/04\/ERICA-AMENDOLA-2_2024-04-30_17-05-40_jpg.webp.webp?fit=1200%2C841&ssl=1&resize=350%2C200 1x, https:\/\/i0.wp.com\/noticiasribeiraopreto.com.br\/wp-content\/uploads\/2024\/04\/ERICA-AMENDOLA-2_2024-04-30_17-05-40_jpg.webp.webp?fit=1200%2C841&ssl=1&resize=525%2C300 1.5x, https:\/\/i0.wp.com\/noticiasribeiraopreto.com.br\/wp-content\/uploads\/2024\/04\/ERICA-AMENDOLA-2_2024-04-30_17-05-40_jpg.webp.webp?fit=1200%2C841&ssl=1&resize=700%2C400 2x, https:\/\/i0.wp.com\/noticiasribeiraopreto.com.br\/wp-content\/uploads\/2024\/04\/ERICA-AMENDOLA-2_2024-04-30_17-05-40_jpg.webp.webp?fit=1200%2C841&ssl=1&resize=1050%2C600 3x"},"classes":[]},{"id":14203,"url":"https:\/\/noticiasribeiraopreto.com.br\/index.php\/2023\/12\/11\/ribeirao-preto-recebe-festival-de-musica-com-entrada-gratuita\/","url_meta":{"origin":40642,"position":5},"title":"Ribeir\u00e3o Preto recebe festival de m\u00fasica com entrada gratuita\u00a0","author":"noticiasribeiraopreto.com.br","date":"11 de December de 2023","format":false,"excerpt":"Ribeir\u00e3o Preto recebe, no dia 13 de dezembro, a 57\u00b0 edi\u00e7\u00e3o do Festival M\u00fasica Nova Gilberto Mendes, com apresenta\u00e7\u00f5es e palestras gratuitas. \u00a0 O festival acontece das 14h \u00e0s 20h\u00a0na Sala de Concertos da Tulha, no campus da USP, na zona Oeste de Ribeir\u00e3o Preto.\u00a0 Confira a programa\u00e7\u00e3o e os\u2026","rel":"","context":"In &quot;Not\u00edcias de Ribeir\u00e3o Preto-SP e Regi\u00e3o&quot;","block_context":{"text":"Not\u00edcias de Ribeir\u00e3o Preto-SP e Regi\u00e3o","link":"https:\/\/noticiasribeiraopreto.com.br\/index.php\/category\/noticias-de-ribeirao-preto-sp-e-regiao-ismael-colosi\/"},"img":{"alt_text":"","src":"https:\/\/i0.wp.com\/noticiasribeiraopreto.com.br\/wp-content\/uploads\/2023\/12\/Tulha-FFCLRP.png?fit=618%2C416&ssl=1&resize=350%2C200","width":350,"height":200,"srcset":"https:\/\/i0.wp.com\/noticiasribeiraopreto.com.br\/wp-content\/uploads\/2023\/12\/Tulha-FFCLRP.png?fit=618%2C416&ssl=1&resize=350%2C200 1x, https:\/\/i0.wp.com\/noticiasribeiraopreto.com.br\/wp-content\/uploads\/2023\/12\/Tulha-FFCLRP.png?fit=618%2C416&ssl=1&resize=525%2C300 1.5x"},"classes":[]}],"jetpack_sharing_enabled":true,"jetpack_shortlink":"https:\/\/wp.me\/peQAOb-azw","_links":{"self":[{"href":"https:\/\/noticiasribeiraopreto.com.br\/index.php\/wp-json\/wp\/v2\/posts\/40642","targetHints":{"allow":["GET"]}}],"collection":[{"href":"https:\/\/noticiasribeiraopreto.com.br\/index.php\/wp-json\/wp\/v2\/posts"}],"about":[{"href":"https:\/\/noticiasribeiraopreto.com.br\/index.php\/wp-json\/wp\/v2\/types\/post"}],"author":[{"embeddable":true,"href":"https:\/\/noticiasribeiraopreto.com.br\/index.php\/wp-json\/wp\/v2\/users\/1"}],"replies":[{"embeddable":true,"href":"https:\/\/noticiasribeiraopreto.com.br\/index.php\/wp-json\/wp\/v2\/comments?post=40642"}],"version-history":[{"count":0,"href":"https:\/\/noticiasribeiraopreto.com.br\/index.php\/wp-json\/wp\/v2\/posts\/40642\/revisions"}],"wp:featuredmedia":[{"embeddable":true,"href":"https:\/\/noticiasribeiraopreto.com.br\/index.php\/wp-json\/wp\/v2\/media\/40643"}],"wp:attachment":[{"href":"https:\/\/noticiasribeiraopreto.com.br\/index.php\/wp-json\/wp\/v2\/media?parent=40642"}],"wp:term":[{"taxonomy":"category","embeddable":true,"href":"https:\/\/noticiasribeiraopreto.com.br\/index.php\/wp-json\/wp\/v2\/categories?post=40642"},{"taxonomy":"post_tag","embeddable":true,"href":"https:\/\/noticiasribeiraopreto.com.br\/index.php\/wp-json\/wp\/v2\/tags?post=40642"}],"curies":[{"name":"wp","href":"https:\/\/api.w.org\/{rel}","templated":true}]}}