{"id":40651,"date":"2024-03-05T10:20:59","date_gmt":"2024-03-05T13:20:59","guid":{"rendered":"https:\/\/noticiasribeiraopreto.com.br\/index.php\/2024\/03\/05\/pm-impede-sessao-de-tribunal-do-crime-em-rp\/"},"modified":"2024-03-05T10:20:59","modified_gmt":"2024-03-05T13:20:59","slug":"pm-impede-sessao-de-tribunal-do-crime-em-rp","status":"publish","type":"post","link":"https:\/\/noticiasribeiraopreto.com.br\/index.php\/2024\/03\/05\/pm-impede-sessao-de-tribunal-do-crime-em-rp\/","title":{"rendered":"PM impede sess\u00e3o de tribunal do crime em RP"},"content":{"rendered":"<div class='code-block code-block-1' style='margin: 8px 0 8px auto; text-align: right; display: block; clear: both;'>\n<p><a href=\"https:\/\/wa.link\/vpicfd\"><img data-recalc-dims=\"1\" class=\"wp-image-4922\" style=\"aspect-ratio: 2.0253164556962027; width: 561px; height: auto;\" src=\"https:\/\/i0.wp.com\/ismaelcolosi.com.br\/wp-content\/uploads\/2023\/11\/grupo-de-empregos-whatsapp-e-facebook-ismael-colosi-vagas.jpg?ssl=1\" alt=\"\" \/><\/a><\/p>\n<!-- \/wp:image -->\n<\/div>\n<p> <br \/>\n<\/p>\n<div id=\"\">\n<h2 class=\"penci-post-subtitle\">Homem seria \u201cjulgado\u201d por organiza\u00e7\u00e3o criminosa no Simioni<\/h2>\n<p> <span class=\"entry-meta-item penci-posted-on\"><i class=\"fa fa-clock-o\"\/><time class=\"entry-date published updated\" datetime=\"2024-03-05T10:18:27-03:00\">5 de mar\u00e7o de 2024 | 10:18<\/time><\/span><\/p>\n<p> <span class=\"penci-social-buttons penci-social-share-footer\"><a href=\"#\" class=\"penci-post-like penci_post-meta_item  single-like-button penci-social-item like\" data-post_id=\"376257\" title=\"Like\" data-like=\"Like\" data-unlike=\"Unlike\"><i class=\"fa fa-thumbs-o-up\"\/><span class=\"penci-share-number\">0<\/span><\/a><i class=\"fa fa-facebook\"\/><a class=\"penci-social-item twitter\" target=\"_blank\" rel=\"noopener\" title=\"\" href=\"https:\/\/twitter.com\/intent\/tweet?text=PM%20impede%20sess\u00e3o%20de%20tribunal%20do%20crime%20em%20RP%20-%20https:\/\/www.tribunaribeirao.com.br\/site\/pm-impede-sessao-de-tribunal-do-crime-em-rp\/\"><i class=\"fa fa-twitter\"\/><\/a><i class=\"fa fa-whatsapp\"\/><\/span><\/div>\n<div>\n<p>Por: Adalberto Luque<\/p>\n<p>A Pol\u00edcia Militar impediu, na tarde desta segunda-feira (04), a realiza\u00e7\u00e3o da sess\u00e3o de um tribunal do crime de um homem de 44 anos, que havia sido sequestrado pouco tempo antes. Uma den\u00fancia feita atrav\u00e9s do telefone 190 indicou que quatro homens haviam pego um outro para julg\u00e1-lo.<\/p>\n<p>Imediatamente ap\u00f3s a transmiss\u00e3o da mensagem via r\u00e1dio, uma viatura avistou um Chevrolet Corsa trafegando pela Via Norte, sentido Centro-Bairro, com cinco homens dentro. De acordo com o Boletim de Ocorr\u00eancia (B.O.), ao realizar a abordagem, os policiais perceberam que um dos homens, que estava no banco traseiro, entre outros dois, estaria com um corte na nuca e sangrando.<\/p>\n<p>Ao serem indagados, os homens admitiram que haviam rendido o que estava com ferimento na cabe\u00e7a porque ele estaria praticando crimes na regi\u00e3o e receberam ordens de lev\u00e1-lo at\u00e9 o Simioni, onde seria julgado por um tribunal do crime.<\/p>\n<p>Dentro do carro os PMs encontraram um rev\u00f3lver calibre 38 com seis muni\u00e7\u00f5es e um telefone celular. O homem que havia sido sequestrado admitiu que a arma era dele.<\/p>\n<p>Os quatro que estavam levando o \u201cr\u00e9u\u201d do tribunal do crime foram encaminhados para a Central de Pol\u00edcia Judici\u00e1ria (CPJ), no Centro de Ribeir\u00e3o Preto. O homem ferido foi levado para a Unidade de Pronto Atendimento (UPA) do Simioni, onde foi medicado. Depois tamb\u00e9m seguiu para a CPJ.<\/p>\n<p>Durante a elabora\u00e7\u00e3o do B.O., foi constatado que dois dos homens constavam como procurados pela Justi\u00e7a. O que seria julgado tamb\u00e9m tinha um mandado de pris\u00e3o contra ele. A arma e o carro foram apreendidos. Os cinco acabaram presos e foram encaminhados ao sistema prisional, onde permanecem \u00e0 disposi\u00e7\u00e3o da Justi\u00e7a. A Pol\u00edcia Civil vai investigar quem mais integraria o tribunal do crime.<\/p>\n<\/div>\n<p><script async src=\"\/\/platform.twitter.com\/widgets.js\" charset=\"utf-8\"><\/script><br \/>\n<br \/><br \/>\n<br \/><a href=\"https:\/\/www.tribunaribeirao.com.br\/site\/pm-impede-sessao-de-tribunal-do-crime-em-rp\/\">Source link <\/a><\/p>\n<!-- CONTENT END 1 -->\n","protected":false},"excerpt":{"rendered":"<p>Homem seria \u201cjulgado\u201d por organiza\u00e7\u00e3o criminosa no Simioni 5 de mar\u00e7o de 2024 | 10:18 0 Por: Adalberto Luque A Pol\u00edcia Militar impediu, na tarde&#8230;<\/p>\n","protected":false},"author":1,"featured_media":40652,"comment_status":"open","ping_status":"open","sticky":false,"template":"","format":"standard","meta":{"advanced_seo_description":"","jetpack_seo_html_title":"","jetpack_seo_noindex":false,"jetpack_post_was_ever_published":false,"_jetpack_newsletter_access":"","_jetpack_dont_email_post_to_subs":false,"_jetpack_newsletter_tier_id":0,"_jetpack_memberships_contains_paywalled_content":false,"_jetpack_memberships_contains_paid_content":false,"footnotes":"","jetpack_publicize_message":"","jetpack_publicize_feature_enabled":true,"jetpack_social_post_already_shared":true,"jetpack_social_options":{"image_generator_settings":{"template":"highway","default_image_id":0,"font":"","enabled":false},"version":2}},"categories":[11],"tags":[88,3715,4759,4420],"class_list":["post-40651","post","type-post","status-publish","format-standard","has-post-thumbnail","hentry","category-noticias-de-ribeirao-preto-sp-e-regiao-ismael-colosi","tag-crime","tag-impede","tag-sessao","tag-tribunal"],"jetpack_publicize_connections":[],"jetpack_featured_media_url":"https:\/\/i0.wp.com\/noticiasribeiraopreto.com.br\/wp-content\/uploads\/2024\/03\/Luque-Viaturas-PM-jan-2023-Foto-Alfredo-Fisk-scaled.jpg?fit=2560%2C1707&ssl=1","jetpack-related-posts":[{"id":74920,"url":"https:\/\/noticiasribeiraopreto.com.br\/index.php\/2025\/07\/31\/video-pm-impede-execucao-de-tribunal-do-crime\/","url_meta":{"origin":40651,"position":0},"title":"V\u00cdDEO &#8211; PM impede execu\u00e7\u00e3o de Tribunal do Crime","author":"noticiasribeiraopreto.com.br","date":"31 de July de 2025","format":false,"excerpt":"Homem era \u201cjulgado\u201d por suposto estupro e j\u00e1 havia sido torturado e condenado \u00e0 morte 31 de julho de 2025 11:0731 de julho de 2025 11:086 Compartilhar1 Por: Adalberto Luque Um homem de 28 anos foi resgatado pela Pol\u00edcia Militar de um \u201cTribunal do Crime\u201d, no final da tarde desta\u2026","rel":"","context":"In &quot;Not\u00edcias de Ribeir\u00e3o Preto-SP e Regi\u00e3o&quot;","block_context":{"text":"Not\u00edcias de Ribeir\u00e3o Preto-SP e Regi\u00e3o","link":"https:\/\/noticiasribeiraopreto.com.br\/index.php\/category\/noticias-de-ribeirao-preto-sp-e-regiao-ismael-colosi\/"},"img":{"alt_text":"","src":"https:\/\/i0.wp.com\/noticiasribeiraopreto.com.br\/wp-content\/uploads\/2025\/07\/31-jul-2025-tribunaldocrime.jpg?fit=822%2C723&ssl=1&resize=350%2C200","width":350,"height":200,"srcset":"https:\/\/i0.wp.com\/noticiasribeiraopreto.com.br\/wp-content\/uploads\/2025\/07\/31-jul-2025-tribunaldocrime.jpg?fit=822%2C723&ssl=1&resize=350%2C200 1x, https:\/\/i0.wp.com\/noticiasribeiraopreto.com.br\/wp-content\/uploads\/2025\/07\/31-jul-2025-tribunaldocrime.jpg?fit=822%2C723&ssl=1&resize=525%2C300 1.5x, https:\/\/i0.wp.com\/noticiasribeiraopreto.com.br\/wp-content\/uploads\/2025\/07\/31-jul-2025-tribunaldocrime.jpg?fit=822%2C723&ssl=1&resize=700%2C400 2x"},"classes":[]},{"id":77010,"url":"https:\/\/noticiasribeiraopreto.com.br\/index.php\/2025\/09\/10\/fux-e-o-terceiro-a-votar-em-nova-sessao-de-julgamento\/","url_meta":{"origin":40651,"position":1},"title":"Fux \u00e9 o terceiro a votar em nova sess\u00e3o de julgamento","author":"noticiasribeiraopreto.com.br","date":"10 de September de 2025","format":false,"excerpt":"10 de setembro de 2025 11:4810 de setembro de 2025 10:1610 Compartilhar0 Primeira Turma retoma trabalhos nesta quarta-feira; placar \u00e9 de 2 a 0 pela condena\u00e7\u00e3o dos r\u00e9us golpistas A Primeira Turma do Supremo Tribunal Federal (STF) retoma nesta quarta-feira (10), \u00e0s 9h, o julgamento do ex-presidente Jair Bolsonaro e\u2026","rel":"","context":"In &quot;Not\u00edcias de Ribeir\u00e3o Preto-SP e Regi\u00e3o&quot;","block_context":{"text":"Not\u00edcias de Ribeir\u00e3o Preto-SP e Regi\u00e3o","link":"https:\/\/noticiasribeiraopreto.com.br\/index.php\/category\/noticias-de-ribeirao-preto-sp-e-regiao-ismael-colosi\/"},"img":{"alt_text":"","src":"https:\/\/i0.wp.com\/noticiasribeiraopreto.com.br\/wp-content\/uploads\/2025\/09\/fux.webp.webp?fit=1170%2C700&ssl=1&resize=350%2C200","width":350,"height":200,"srcset":"https:\/\/i0.wp.com\/noticiasribeiraopreto.com.br\/wp-content\/uploads\/2025\/09\/fux.webp.webp?fit=1170%2C700&ssl=1&resize=350%2C200 1x, https:\/\/i0.wp.com\/noticiasribeiraopreto.com.br\/wp-content\/uploads\/2025\/09\/fux.webp.webp?fit=1170%2C700&ssl=1&resize=525%2C300 1.5x, https:\/\/i0.wp.com\/noticiasribeiraopreto.com.br\/wp-content\/uploads\/2025\/09\/fux.webp.webp?fit=1170%2C700&ssl=1&resize=700%2C400 2x, https:\/\/i0.wp.com\/noticiasribeiraopreto.com.br\/wp-content\/uploads\/2025\/09\/fux.webp.webp?fit=1170%2C700&ssl=1&resize=1050%2C600 3x"},"classes":[]},{"id":74086,"url":"https:\/\/noticiasribeiraopreto.com.br\/index.php\/2025\/07\/15\/ex-prefeita-e-multada-em-r-100-mil\/","url_meta":{"origin":40651,"position":2},"title":"Ex-prefeita \u00e9 multada em R$ 100 mil","author":"noticiasribeiraopreto.com.br","date":"15 de July de 2025","format":false,"excerpt":"15 de julho de 2025 19:281 Compartilhar0 A 2\u00aa. C\u00e2mara do Tribunal de Contas da Uni\u00e3o (TCU) multou, nesta ter\u00e7a-feira, 15 de julho, em R$ 100 mil reais, a ex-prefeita de Ribeir\u00e3o Preto, D\u00e1rcy Vera por falta de presta\u00e7\u00e3o de contas em repasses do Fundo Nacional de Desenvolvimento da Educa\u00e7\u00e3o.\u2026","rel":"","context":"In &quot;Not\u00edcias de Ribeir\u00e3o Preto-SP e Regi\u00e3o&quot;","block_context":{"text":"Not\u00edcias de Ribeir\u00e3o Preto-SP e Regi\u00e3o","link":"https:\/\/noticiasribeiraopreto.com.br\/index.php\/category\/noticias-de-ribeirao-preto-sp-e-regiao-ismael-colosi\/"},"img":{"alt_text":"","src":"https:\/\/i0.wp.com\/noticiasribeiraopreto.com.br\/wp-content\/uploads\/2025\/07\/darcy.jpg?fit=700%2C450&ssl=1&resize=350%2C200","width":350,"height":200,"srcset":"https:\/\/i0.wp.com\/noticiasribeiraopreto.com.br\/wp-content\/uploads\/2025\/07\/darcy.jpg?fit=700%2C450&ssl=1&resize=350%2C200 1x, https:\/\/i0.wp.com\/noticiasribeiraopreto.com.br\/wp-content\/uploads\/2025\/07\/darcy.jpg?fit=700%2C450&ssl=1&resize=525%2C300 1.5x, https:\/\/i0.wp.com\/noticiasribeiraopreto.com.br\/wp-content\/uploads\/2025\/07\/darcy.jpg?fit=700%2C450&ssl=1&resize=700%2C400 2x"},"classes":[]},{"id":68734,"url":"https:\/\/noticiasribeiraopreto.com.br\/index.php\/2025\/04\/28\/tribunal-de-justica-de-sp-decide-92-dos-processos-no-plenario-virtual\/","url_meta":{"origin":40651,"position":3},"title":"Tribunal de Justi\u00e7a de SP decide 92% dos processos no plen\u00e1rio virtual","author":"noticiasribeiraopreto.com.br","date":"28 de April de 2025","format":false,"excerpt":"Criado em 2011 pelo Tribunal de Justi\u00e7a de S\u00e3o Paulo para agilizar o julgamento dos processos, o plen\u00e1rio virtual se consolidou como a principal forma de julgamento na corte. Levantamento deste Anu\u00e1rio da Justi\u00e7a mostra que, em 2024, 92% dos processos no TJ-SP foram decididos no plen\u00e1rio virtual, de forma\u2026","rel":"","context":"In &quot;Not\u00edcias de Franca-SP&quot;","block_context":{"text":"Not\u00edcias de Franca-SP","link":"https:\/\/noticiasribeiraopreto.com.br\/index.php\/category\/noticias-de-ribeirao-preto-sp-e-regiao-ismael-colosi\/noticias-franca-sp\/"},"img":{"alt_text":"","src":"https:\/\/i0.wp.com\/noticiasribeiraopreto.com.br\/wp-content\/uploads\/2025\/04\/tjsp-2.jpg?fit=700%2C481&ssl=1&resize=350%2C200","width":350,"height":200,"srcset":"https:\/\/i0.wp.com\/noticiasribeiraopreto.com.br\/wp-content\/uploads\/2025\/04\/tjsp-2.jpg?fit=700%2C481&ssl=1&resize=350%2C200 1x, https:\/\/i0.wp.com\/noticiasribeiraopreto.com.br\/wp-content\/uploads\/2025\/04\/tjsp-2.jpg?fit=700%2C481&ssl=1&resize=525%2C300 1.5x, https:\/\/i0.wp.com\/noticiasribeiraopreto.com.br\/wp-content\/uploads\/2025\/04\/tjsp-2.jpg?fit=700%2C481&ssl=1&resize=700%2C400 2x"},"classes":[]},{"id":44021,"url":"https:\/\/noticiasribeiraopreto.com.br\/index.php\/2024\/03\/25\/stf-tem-maioria-para-manter-prisao-de-suspeitos-da-morte-marielle\/","url_meta":{"origin":40651,"position":4},"title":"STF tem maioria para manter pris\u00e3o de suspeitos da morte Marielle","author":"noticiasribeiraopreto.com.br","date":"25 de March de 2024","format":false,"excerpt":"25 de mar\u00e7o de 2024 | 11:0025 de mar\u00e7o de 2024 | 9:50 0 A Primeira Turma do Supremo Tribunal Federal (STF) tem maioria de quatro votos para manter a pris\u00e3o dos tr\u00eas suspeitos de planejarem o crime e mandarem matar a vereadora Marielle Franco e o motorista Anderson Gomes.\u2026","rel":"","context":"In &quot;Not\u00edcias de Ribeir\u00e3o Preto-SP e Regi\u00e3o&quot;","block_context":{"text":"Not\u00edcias de Ribeir\u00e3o Preto-SP e Regi\u00e3o","link":"https:\/\/noticiasribeiraopreto.com.br\/index.php\/category\/noticias-de-ribeirao-preto-sp-e-regiao-ismael-colosi\/"},"img":{"alt_text":"","src":"https:\/\/i0.wp.com\/noticiasribeiraopreto.com.br\/wp-content\/uploads\/2024\/03\/0749a388-cad4-4286-a3b8-d7977af40d5c.jpg?fit=984%2C553&ssl=1&resize=350%2C200","width":350,"height":200,"srcset":"https:\/\/i0.wp.com\/noticiasribeiraopreto.com.br\/wp-content\/uploads\/2024\/03\/0749a388-cad4-4286-a3b8-d7977af40d5c.jpg?fit=984%2C553&ssl=1&resize=350%2C200 1x, https:\/\/i0.wp.com\/noticiasribeiraopreto.com.br\/wp-content\/uploads\/2024\/03\/0749a388-cad4-4286-a3b8-d7977af40d5c.jpg?fit=984%2C553&ssl=1&resize=525%2C300 1.5x, https:\/\/i0.wp.com\/noticiasribeiraopreto.com.br\/wp-content\/uploads\/2024\/03\/0749a388-cad4-4286-a3b8-d7977af40d5c.jpg?fit=984%2C553&ssl=1&resize=700%2C400 2x"},"classes":[]},{"id":83394,"url":"https:\/\/noticiasribeiraopreto.com.br\/index.php\/2026\/03\/17\/supremo-condena-deputados-do-pl-por-corrupcao-passiva\/","url_meta":{"origin":40651,"position":5},"title":"Supremo condena deputados do PL por corrup\u00e7\u00e3o passiva","author":"noticiasribeiraopreto.com.br","date":"17 de March de 2026","format":false,"excerpt":"\r \r \r 17 de mar\u00e7o de 2026 18:09 \r Compartilhar0 A Primeira Turma do Supremo Tribunal Federal (STF) condenou nesta ter\u00e7a-feira (17) dois deputados federais e um suplente do PL pelo crime de corrup\u00e7\u00e3o passiva. Por 4 votos a 0, o colegiado formou placar un\u00e2nime para aceitar a acusa\u00e7\u00e3o\u2026","rel":"","context":"In &quot;Not\u00edcias de Ribeir\u00e3o Preto-SP e Regi\u00e3o&quot;","block_context":{"text":"Not\u00edcias de Ribeir\u00e3o Preto-SP e Regi\u00e3o","link":"https:\/\/noticiasribeiraopreto.com.br\/index.php\/category\/noticias-de-ribeirao-preto-sp-e-regiao-ismael-colosi\/"},"img":{"alt_text":"","src":"https:\/\/i0.wp.com\/noticiasribeiraopreto.com.br\/wp-content\/uploads\/2026\/03\/STF.webp.webp?fit=1170%2C700&ssl=1&resize=350%2C200","width":350,"height":200,"srcset":"https:\/\/i0.wp.com\/noticiasribeiraopreto.com.br\/wp-content\/uploads\/2026\/03\/STF.webp.webp?fit=1170%2C700&ssl=1&resize=350%2C200 1x, https:\/\/i0.wp.com\/noticiasribeiraopreto.com.br\/wp-content\/uploads\/2026\/03\/STF.webp.webp?fit=1170%2C700&ssl=1&resize=525%2C300 1.5x, https:\/\/i0.wp.com\/noticiasribeiraopreto.com.br\/wp-content\/uploads\/2026\/03\/STF.webp.webp?fit=1170%2C700&ssl=1&resize=700%2C400 2x, https:\/\/i0.wp.com\/noticiasribeiraopreto.com.br\/wp-content\/uploads\/2026\/03\/STF.webp.webp?fit=1170%2C700&ssl=1&resize=1050%2C600 3x"},"classes":[]}],"jetpack_sharing_enabled":true,"jetpack_shortlink":"https:\/\/wp.me\/peQAOb-azF","_links":{"self":[{"href":"https:\/\/noticiasribeiraopreto.com.br\/index.php\/wp-json\/wp\/v2\/posts\/40651","targetHints":{"allow":["GET"]}}],"collection":[{"href":"https:\/\/noticiasribeiraopreto.com.br\/index.php\/wp-json\/wp\/v2\/posts"}],"about":[{"href":"https:\/\/noticiasribeiraopreto.com.br\/index.php\/wp-json\/wp\/v2\/types\/post"}],"author":[{"embeddable":true,"href":"https:\/\/noticiasribeiraopreto.com.br\/index.php\/wp-json\/wp\/v2\/users\/1"}],"replies":[{"embeddable":true,"href":"https:\/\/noticiasribeiraopreto.com.br\/index.php\/wp-json\/wp\/v2\/comments?post=40651"}],"version-history":[{"count":0,"href":"https:\/\/noticiasribeiraopreto.com.br\/index.php\/wp-json\/wp\/v2\/posts\/40651\/revisions"}],"wp:featuredmedia":[{"embeddable":true,"href":"https:\/\/noticiasribeiraopreto.com.br\/index.php\/wp-json\/wp\/v2\/media\/40652"}],"wp:attachment":[{"href":"https:\/\/noticiasribeiraopreto.com.br\/index.php\/wp-json\/wp\/v2\/media?parent=40651"}],"wp:term":[{"taxonomy":"category","embeddable":true,"href":"https:\/\/noticiasribeiraopreto.com.br\/index.php\/wp-json\/wp\/v2\/categories?post=40651"},{"taxonomy":"post_tag","embeddable":true,"href":"https:\/\/noticiasribeiraopreto.com.br\/index.php\/wp-json\/wp\/v2\/tags?post=40651"}],"curies":[{"name":"wp","href":"https:\/\/api.w.org\/{rel}","templated":true}]}}