{"id":40716,"date":"2024-03-05T12:27:27","date_gmt":"2024-03-05T15:27:27","guid":{"rendered":"https:\/\/noticiasribeiraopreto.com.br\/index.php\/2024\/03\/05\/sesi-divulga-programacao-gratuita-de-teatro-em-ribeirao-preto-confira\/"},"modified":"2024-03-05T12:27:27","modified_gmt":"2024-03-05T15:27:27","slug":"sesi-divulga-programacao-gratuita-de-teatro-em-ribeirao-preto-confira","status":"publish","type":"post","link":"https:\/\/noticiasribeiraopreto.com.br\/index.php\/2024\/03\/05\/sesi-divulga-programacao-gratuita-de-teatro-em-ribeirao-preto-confira\/","title":{"rendered":"Sesi divulga programa\u00e7\u00e3o gratuita de teatro em Ribeir\u00e3o Preto; Confira"},"content":{"rendered":"<div class='code-block code-block-1' style='margin: 8px 0 8px auto; text-align: right; display: block; clear: both;'>\n<p><a href=\"https:\/\/wa.link\/vpicfd\"><img data-recalc-dims=\"1\" class=\"wp-image-4922\" style=\"aspect-ratio: 2.0253164556962027; width: 561px; height: auto;\" src=\"https:\/\/i0.wp.com\/ismaelcolosi.com.br\/wp-content\/uploads\/2023\/11\/grupo-de-empregos-whatsapp-e-facebook-ismael-colosi-vagas.jpg?ssl=1\" alt=\"\" \/><\/a><\/p>\n<!-- \/wp:image -->\n<\/div>\n<p> <br \/>\n<\/p>\n<div>\n<p><strong>O Sesi anunciou a programa\u00e7\u00e3o gratuita de teatro para o pr\u00f3ximo final de semana, em Ribeir\u00e3o Preto. Conta\u00e7\u00e3o de hist\u00f3ria e musical infantil ser\u00e3o apresentados no Teatro Sesi. <\/strong><span style=\"background-color:#f7cc62\" class=\"td_text_highlight_marker\">Confira:<\/span><\/p>\n<p>A partir de <strong>sexta-feira (8)<\/strong>, o grupo <strong>Teatro D\u2019Aldeia<\/strong> apresenta a pe\u00e7a musical \u201c<strong>The Bichos<\/strong>\u201d em dois finais de semana. Os <strong>ingressos<\/strong> devem ser <strong>reservados<\/strong> por meio do site <a href=\"https:\/\/www.sesisp.org.br\/evento\/dc4413af-afdc-4539-9809-b291c99511b8\/the-bichos\" target=\"_blank\" rel=\"noreferrer noopener\">Meu Sesi<\/a>. Para a pr\u00f3xima sexta, por\u00e9m, os ingressos j\u00e1 est\u00e3o esgotados.<\/p>\n<p>O espet\u00e1culo \u00e9 inspirado no conto \u201c<strong>Os m\u00fasicos de Bremen<\/strong>\u201d, dos <strong>Irm\u00e3os Grimm<\/strong>, e \u201c<strong>Os<\/strong> <strong>Saltimbancos<\/strong>\u201d, de<strong> Chico Buarque<\/strong>, al\u00e9m de contar com as melodias dos <strong>Beatles<\/strong>.<\/p>\n<p>A pe\u00e7a conta como um jumento, uma gata, uma galinha e um cachorro encontram na m\u00fasica e na amizade motiva\u00e7\u00e3o para o recome\u00e7o depois de um momento dif\u00edcil.<\/p>\n<p>No <strong>domingo (10)<\/strong>,<strong> \u00e0s 16h<\/strong>, a <strong>Cia. do Liquidificador<\/strong> apresenta a hist\u00f3ria da espi\u00e3 americana <strong>Virginia Hall<\/strong>. A conta\u00e7\u00e3o possui elementos l\u00fadicos que se entrela\u00e7am \u00e0 realidade da hist\u00f3ria.<\/p>\n<p>Os <strong>ingressos<\/strong> podem ser <strong>reservados<\/strong> no site <a href=\"https:\/\/www.sesisp.org.br\/evento\/a64bd015-c4aa-4f60-abcf-d04467e6b5ea\/virginia-hall\" target=\"_blank\" rel=\"noreferrer noopener\">Meu Sesi<\/a>. <\/p>\n<p>Para ambas apresenta\u00e7\u00f5es, \u00e9 recomendado que o p\u00fablico chegue 15 minutos antes do in\u00edcio do espet\u00e1culo.<\/p>\n<p>SAIBA MAIS<br \/>Veja como comprar ingresso solid\u00e1rio para o Ribeir\u00e3o Rodeo Music<\/p>\n<h4 class=\"wp-block-heading\"><strong>SERVI\u00c7O<\/strong><\/h4>\n<p><em>The Bichos<\/em><\/p>\n<p><strong>Datas e hor\u00e1rio:<\/strong> S\u00e1bado (09), domingo (10), s\u00e1bado (16) e domingo (17), \u00e0s 17h<br \/><strong>Local:<\/strong> Teatro Sesi <br \/><strong>Endere\u00e7o:<\/strong> Rua Jo\u00e3o Ignacchitti, 20-364<br \/><strong>Ingressos:<\/strong> Reservar pelo site <a href=\"https:\/\/www.sesisp.org.br\/evento\/dc4413af-afdc-4539-9809-b291c99511b8\/the-bichos\" target=\"_blank\" rel=\"noreferrer noopener\">Meu Sesi<\/a><\/p>\n<p><em>Virginia Hall <\/em><\/p>\n<p><strong>Data:<\/strong> Domingo (10)<br \/><strong>Hor\u00e1rio:<\/strong> \u00c0s 16h<br \/><strong>Local:<\/strong> Teatro Sesi<br \/><strong>Endere\u00e7o:<\/strong> Rua Jo\u00e3o Ignacchitti, 20-364<br \/><strong>Ingressos:<\/strong> Reservar pelo site <a href=\"https:\/\/www.sesisp.org.br\/evento\/a64bd015-c4aa-4f60-abcf-d04467e6b5ea\/virginia-hall\" target=\"_blank\" rel=\"noreferrer noopener\">Meu Sesi<\/a><\/p>\n<h4 class=\"wp-block-heading\"><strong>FIQUE ON<\/strong><\/h4>\n<p>Fique ligado em tudo que acontece em Ribeir\u00e3o Preto e regi\u00e3o. Siga os perfis do <strong>acidade on<\/strong> no <a href=\"https:\/\/www.instagram.com\/acidadeonribeirao\" target=\"_blank\" rel=\"noreferrer noopener\">Instagram<\/a> e no <a href=\"https:\/\/www.facebook.com\/acidadeonribeirao\" target=\"_blank\" rel=\"noreferrer noopener\">Facebook<\/a>.<\/p>\n<p>Receba not\u00edcias do acidade on no WhatsApp. Para entrar no grupo, basta<a href=\"https:\/\/chat.whatsapp.com\/Bnv2w66ZT4VDyZW3oiZ69n\" target=\"_blank\" rel=\"noreferrer noopener\"> clicar aqui<\/a>.<\/p>\n<p>Fa\u00e7a uma den\u00fancia ou sugira uma reportagem sobre Ribeir\u00e3o Preto e regi\u00e3o pelo WhatsApp: 16 99117 7802.<\/p>\n<p>VEJA TAMB\u00c9M<br \/>BBB 24: Luiza Brunet pode processar Davi por \u201cinj\u00faria\u201d<\/p>\n<p><!-- AI CONTENT END 1 -->\n<\/div>\n<p><script async src=\"\/\/www.instagram.com\/embed.js\"><\/script><br \/>\n<br \/><br \/>\n<br \/><a href=\"https:\/\/www.acidadeon.com\/ribeiraopreto\/lazer-e-cultura\/sesi-divulga-programacao-gratuita-de-teatro-em-ribeirao-preto-confira\/\">Source link <\/a><\/p>\n<!-- CONTENT END 1 -->\n","protected":false},"excerpt":{"rendered":"<p>O Sesi anunciou a programa\u00e7\u00e3o gratuita de teatro para o pr\u00f3ximo final de semana, em Ribeir\u00e3o Preto. Conta\u00e7\u00e3o de hist\u00f3ria e musical infantil ser\u00e3o apresentados&#8230;<\/p>\n","protected":false},"author":1,"featured_media":40717,"comment_status":"open","ping_status":"open","sticky":false,"template":"","format":"standard","meta":{"advanced_seo_description":"","jetpack_seo_html_title":"","jetpack_seo_noindex":false,"jetpack_post_was_ever_published":false,"_jetpack_newsletter_access":"","_jetpack_dont_email_post_to_subs":false,"_jetpack_newsletter_tier_id":0,"_jetpack_memberships_contains_paywalled_content":false,"_jetpack_memberships_contains_paid_content":false,"footnotes":"","jetpack_publicize_message":"","jetpack_publicize_feature_enabled":true,"jetpack_social_post_already_shared":true,"jetpack_social_options":{"image_generator_settings":{"template":"highway","default_image_id":0,"font":"","enabled":false},"version":2}},"categories":[11],"tags":[],"class_list":["post-40716","post","type-post","status-publish","format-standard","has-post-thumbnail","hentry","category-noticias-de-ribeirao-preto-sp-e-regiao-ismael-colosi"],"jetpack_publicize_connections":[],"jetpack_featured_media_url":"https:\/\/i0.wp.com\/noticiasribeiraopreto.com.br\/wp-content\/uploads\/2024\/03\/AnyConv.com__The-Bichos_Foto01-scaled.webp.webp?fit=2560%2C1707&ssl=1","jetpack-related-posts":[{"id":44239,"url":"https:\/\/noticiasribeiraopreto.com.br\/index.php\/2024\/03\/26\/musica-teatro-e-troca-de-livros-confira-a-programacao-do-sesi-ribeirao-preto\/","url_meta":{"origin":40716,"position":0},"title":"M\u00fasica, teatro e troca de livros: Confira a programa\u00e7\u00e3o do Sesi Ribeir\u00e3o Preto","author":"noticiasribeiraopreto.com.br","date":"26 de March de 2024","format":false,"excerpt":"Neste fim de semana, o Sesi Ribeir\u00e3o Preto conta com uma programa\u00e7\u00e3o para toda fam\u00edlia. Entre as atra\u00e7\u00f5es est\u00e3o m\u00fasica, teatro \u201clambe-lambe\u201d, feira de troca de livros e at\u00e9 hora do lanche para o p\u00fablico. No s\u00e1bado (30), das 9h \u00e0s 16h acontece \u00e0 quarta edi\u00e7\u00e3o da \u201cLivro por Livro\u201d\u2026","rel":"","context":"In &quot;Not\u00edcias de Ribeir\u00e3o Preto-SP e Regi\u00e3o&quot;","block_context":{"text":"Not\u00edcias de Ribeir\u00e3o Preto-SP e Regi\u00e3o","link":"https:\/\/noticiasribeiraopreto.com.br\/index.php\/category\/noticias-de-ribeirao-preto-sp-e-regiao-ismael-colosi\/"},"img":{"alt_text":"","src":"https:\/\/i0.wp.com\/noticiasribeiraopreto.com.br\/wp-content\/uploads\/2024\/03\/Copia-de-Copia-de-TAMANHO-EXATO-PARA-FOTOS-NO-SISTEMA-NOVO-5-1.jpg?fit=1200%2C675&ssl=1&resize=350%2C200","width":350,"height":200,"srcset":"https:\/\/i0.wp.com\/noticiasribeiraopreto.com.br\/wp-content\/uploads\/2024\/03\/Copia-de-Copia-de-TAMANHO-EXATO-PARA-FOTOS-NO-SISTEMA-NOVO-5-1.jpg?fit=1200%2C675&ssl=1&resize=350%2C200 1x, https:\/\/i0.wp.com\/noticiasribeiraopreto.com.br\/wp-content\/uploads\/2024\/03\/Copia-de-Copia-de-TAMANHO-EXATO-PARA-FOTOS-NO-SISTEMA-NOVO-5-1.jpg?fit=1200%2C675&ssl=1&resize=525%2C300 1.5x, https:\/\/i0.wp.com\/noticiasribeiraopreto.com.br\/wp-content\/uploads\/2024\/03\/Copia-de-Copia-de-TAMANHO-EXATO-PARA-FOTOS-NO-SISTEMA-NOVO-5-1.jpg?fit=1200%2C675&ssl=1&resize=700%2C400 2x, https:\/\/i0.wp.com\/noticiasribeiraopreto.com.br\/wp-content\/uploads\/2024\/03\/Copia-de-Copia-de-TAMANHO-EXATO-PARA-FOTOS-NO-SISTEMA-NOVO-5-1.jpg?fit=1200%2C675&ssl=1&resize=1050%2C600 3x"},"classes":[]},{"id":68445,"url":"https:\/\/noticiasribeiraopreto.com.br\/index.php\/2025\/04\/25\/rodeio-caominhada-e-teatro-confira-a-programacao-do-fim-de-semana-em-ribeirao-preto-e-regiao\/","url_meta":{"origin":40716,"position":1},"title":"Rodeio, c\u00e3ominhada e teatro: confira a programa\u00e7\u00e3o do fim de semana em Ribeir\u00e3o Preto e regi\u00e3o","author":"noticiasribeiraopreto.com.br","date":"25 de April de 2025","format":false,"excerpt":"Chegou o fim de semana e, com ele, uma programa\u00e7\u00e3o diversificada em Ribeir\u00e3o Preto. Algumas das op\u00e7\u00f5es para curtir com os amigos ou a fam\u00edlia s\u00e3o o Ribeir\u00e3o Rodeo Music, a primeira edi\u00e7\u00e3o de c\u00e3ominhada e c\u00e3orrida e diversas pe\u00e7as de teatro. Confira o que acontece no fim de semana:\u2026","rel":"","context":"In &quot;Not\u00edcias de Ribeir\u00e3o Preto-SP e Regi\u00e3o&quot;","block_context":{"text":"Not\u00edcias de Ribeir\u00e3o Preto-SP e Regi\u00e3o","link":"https:\/\/noticiasribeiraopreto.com.br\/index.php\/category\/noticias-de-ribeirao-preto-sp-e-regiao-ismael-colosi\/"},"img":{"alt_text":"","src":"https:\/\/i0.wp.com\/noticiasribeiraopreto.com.br\/wp-content\/uploads\/2025\/04\/ana-castela.jpg?fit=1200%2C761&ssl=1&resize=350%2C200","width":350,"height":200,"srcset":"https:\/\/i0.wp.com\/noticiasribeiraopreto.com.br\/wp-content\/uploads\/2025\/04\/ana-castela.jpg?fit=1200%2C761&ssl=1&resize=350%2C200 1x, https:\/\/i0.wp.com\/noticiasribeiraopreto.com.br\/wp-content\/uploads\/2025\/04\/ana-castela.jpg?fit=1200%2C761&ssl=1&resize=525%2C300 1.5x, https:\/\/i0.wp.com\/noticiasribeiraopreto.com.br\/wp-content\/uploads\/2025\/04\/ana-castela.jpg?fit=1200%2C761&ssl=1&resize=700%2C400 2x, https:\/\/i0.wp.com\/noticiasribeiraopreto.com.br\/wp-content\/uploads\/2025\/04\/ana-castela.jpg?fit=1200%2C761&ssl=1&resize=1050%2C600 3x"},"classes":[]},{"id":39112,"url":"https:\/\/noticiasribeiraopreto.com.br\/index.php\/2024\/02\/23\/confira-as-opcoes-para-aproveitar-o-ultimo-final-de-semana-de-fevereiro-em-ribeirao-preto\/","url_meta":{"origin":40716,"position":2},"title":"Confira as op\u00e7\u00f5es para aproveitar o \u00faltimo final de semana de fevereiro em Ribeir\u00e3o Preto","author":"noticiasribeiraopreto.com.br","date":"23 de February de 2024","format":false,"excerpt":"Para aproveitar o \u00faltimo final de semana de fevereiro, Ribeir\u00e3o Preto oferece uma programa\u00e7\u00e3o diversificada para se divertir com fam\u00edlia e amigos. Entre as op\u00e7\u00f5es tem pe\u00e7as de teatros, shows e mais. Confira: Teatro Minaz Na sexta-feira (23), o Teatro Minaz recebe duas sess\u00f5es do espet\u00e1culo Candlelight: Tributo a Coldplay,\u2026","rel":"","context":"In &quot;Not\u00edcias de Ribeir\u00e3o Preto-SP e Regi\u00e3o&quot;","block_context":{"text":"Not\u00edcias de Ribeir\u00e3o Preto-SP e Regi\u00e3o","link":"https:\/\/noticiasribeiraopreto.com.br\/index.php\/category\/noticias-de-ribeirao-preto-sp-e-regiao-ismael-colosi\/"},"img":{"alt_text":"","src":"https:\/\/i0.wp.com\/noticiasribeiraopreto.com.br\/wp-content\/uploads\/2024\/02\/thumbnail_maria-da-luz_cia-dos-naufragos_credito-Marcel-Vecchia_divulgacao_2-1-1.jpg?fit=1200%2C800&ssl=1&resize=350%2C200","width":350,"height":200,"srcset":"https:\/\/i0.wp.com\/noticiasribeiraopreto.com.br\/wp-content\/uploads\/2024\/02\/thumbnail_maria-da-luz_cia-dos-naufragos_credito-Marcel-Vecchia_divulgacao_2-1-1.jpg?fit=1200%2C800&ssl=1&resize=350%2C200 1x, https:\/\/i0.wp.com\/noticiasribeiraopreto.com.br\/wp-content\/uploads\/2024\/02\/thumbnail_maria-da-luz_cia-dos-naufragos_credito-Marcel-Vecchia_divulgacao_2-1-1.jpg?fit=1200%2C800&ssl=1&resize=525%2C300 1.5x, https:\/\/i0.wp.com\/noticiasribeiraopreto.com.br\/wp-content\/uploads\/2024\/02\/thumbnail_maria-da-luz_cia-dos-naufragos_credito-Marcel-Vecchia_divulgacao_2-1-1.jpg?fit=1200%2C800&ssl=1&resize=700%2C400 2x, https:\/\/i0.wp.com\/noticiasribeiraopreto.com.br\/wp-content\/uploads\/2024\/02\/thumbnail_maria-da-luz_cia-dos-naufragos_credito-Marcel-Vecchia_divulgacao_2-1-1.jpg?fit=1200%2C800&ssl=1&resize=1050%2C600 3x"},"classes":[]},{"id":34765,"url":"https:\/\/noticiasribeiraopreto.com.br\/index.php\/2024\/02\/03\/veja-a-programacao-do-sesi-ribeirao-preto-para-o-carnaval\/","url_meta":{"origin":40716,"position":3},"title":"Veja a programa\u00e7\u00e3o do Sesi Ribeir\u00e3o Preto para o Carnaval","author":"noticiasribeiraopreto.com.br","date":"3 de February de 2024","format":false,"excerpt":"A semana de Carnaval do Sesi Ribeir\u00e3o Preto conta com musical infantil, atra\u00e7\u00f5es musicais, desfile de fantasia e conta\u00e7\u00e3o de hist\u00f3ria. A programa\u00e7\u00e3o \u00e9 gratuita e inicia na pr\u00f3xima quinta-feira (8), confira: Musical Infantil Maria da Luz O musical infantil conta a hist\u00f3ria de um vilarejo isolado entre as montanhas\u2026","rel":"","context":"In &quot;Not\u00edcias de Ribeir\u00e3o Preto-SP e Regi\u00e3o&quot;","block_context":{"text":"Not\u00edcias de Ribeir\u00e3o Preto-SP e Regi\u00e3o","link":"https:\/\/noticiasribeiraopreto.com.br\/index.php\/category\/noticias-de-ribeirao-preto-sp-e-regiao-ismael-colosi\/"},"img":{"alt_text":"","src":"https:\/\/i0.wp.com\/noticiasribeiraopreto.com.br\/wp-content\/uploads\/2024\/02\/WhatsApp-Image-2024-02-03-at-11.09.35.jpeg?fit=1200%2C728&ssl=1&resize=350%2C200","width":350,"height":200,"srcset":"https:\/\/i0.wp.com\/noticiasribeiraopreto.com.br\/wp-content\/uploads\/2024\/02\/WhatsApp-Image-2024-02-03-at-11.09.35.jpeg?fit=1200%2C728&ssl=1&resize=350%2C200 1x, https:\/\/i0.wp.com\/noticiasribeiraopreto.com.br\/wp-content\/uploads\/2024\/02\/WhatsApp-Image-2024-02-03-at-11.09.35.jpeg?fit=1200%2C728&ssl=1&resize=525%2C300 1.5x, https:\/\/i0.wp.com\/noticiasribeiraopreto.com.br\/wp-content\/uploads\/2024\/02\/WhatsApp-Image-2024-02-03-at-11.09.35.jpeg?fit=1200%2C728&ssl=1&resize=700%2C400 2x, https:\/\/i0.wp.com\/noticiasribeiraopreto.com.br\/wp-content\/uploads\/2024\/02\/WhatsApp-Image-2024-02-03-at-11.09.35.jpeg?fit=1200%2C728&ssl=1&resize=1050%2C600 3x"},"classes":[]},{"id":65194,"url":"https:\/\/noticiasribeiraopreto.com.br\/index.php\/2025\/03\/17\/sesi-ribeirao-preto-recebe-a-peca-o-maquinista-entrada-e-gratuita\/","url_meta":{"origin":40716,"position":4},"title":"Sesi Ribeir\u00e3o Preto recebe a pe\u00e7a \u2018O Maquinista\u2019; entrada \u00e9 gratuita","author":"noticiasribeiraopreto.com.br","date":"17 de March de 2025","format":false,"excerpt":"O Sesi Ribeir\u00e3o Preto recebe de 21 a 23 de mar\u00e7o a pe\u00e7a teatral \u201cO Maquinista\u201d, do Grupo Pavilh\u00e3o da Magn\u00f3lia. A entrada \u00e9 gratuita, mediante a reserva de ingressos no site Meu Sesi. O enredo traz a hist\u00f3ria do \u201cator\u201d que entrou para o bando de Lampi\u00e3o ap\u00f3s enganar\u2026","rel":"","context":"In &quot;Not\u00edcias de Ribeir\u00e3o Preto-SP e Regi\u00e3o&quot;","block_context":{"text":"Not\u00edcias de Ribeir\u00e3o Preto-SP e Regi\u00e3o","link":"https:\/\/noticiasribeiraopreto.com.br\/index.php\/category\/noticias-de-ribeirao-preto-sp-e-regiao-ismael-colosi\/"},"img":{"alt_text":"","src":"https:\/\/i0.wp.com\/noticiasribeiraopreto.com.br\/wp-content\/uploads\/2025\/03\/o-maquinista-sesi_2025-03-17_11-59-46_png_2025-03-17_11-59-46.webp.webp?fit=1066%2C600&ssl=1&resize=350%2C200","width":350,"height":200,"srcset":"https:\/\/i0.wp.com\/noticiasribeiraopreto.com.br\/wp-content\/uploads\/2025\/03\/o-maquinista-sesi_2025-03-17_11-59-46_png_2025-03-17_11-59-46.webp.webp?fit=1066%2C600&ssl=1&resize=350%2C200 1x, https:\/\/i0.wp.com\/noticiasribeiraopreto.com.br\/wp-content\/uploads\/2025\/03\/o-maquinista-sesi_2025-03-17_11-59-46_png_2025-03-17_11-59-46.webp.webp?fit=1066%2C600&ssl=1&resize=525%2C300 1.5x, https:\/\/i0.wp.com\/noticiasribeiraopreto.com.br\/wp-content\/uploads\/2025\/03\/o-maquinista-sesi_2025-03-17_11-59-46_png_2025-03-17_11-59-46.webp.webp?fit=1066%2C600&ssl=1&resize=700%2C400 2x, https:\/\/i0.wp.com\/noticiasribeiraopreto.com.br\/wp-content\/uploads\/2025\/03\/o-maquinista-sesi_2025-03-17_11-59-46_png_2025-03-17_11-59-46.webp.webp?fit=1066%2C600&ssl=1&resize=1050%2C600 3x"},"classes":[]},{"id":73832,"url":"https:\/\/noticiasribeiraopreto.com.br\/index.php\/2025\/07\/10\/teatro-literatura-e-oficinas-confira-programacao-de-ferias-do-sesi-ribeirao-preto\/","url_meta":{"origin":40716,"position":5},"title":"Teatro, literatura e oficinas: Confira programa\u00e7\u00e3o de f\u00e9rias do Sesi Ribeir\u00e3o Preto","author":"noticiasribeiraopreto.com.br","date":"10 de July de 2025","format":false,"excerpt":"O Sesi Ribeir\u00e3o Preto oferece durante o m\u00eas de julho uma programa\u00e7\u00e3o especial de f\u00e9rias, com teatro, conta\u00e7\u00e3o de hist\u00f3rias e oficinas para as crian\u00e7as e jovens de todas as idades. Os ingressos s\u00e3o gratuitos e devem ser reservados antecipadamente pelo site oficial do Sesi (clique aqui). O que mora\u2026","rel":"","context":"In &quot;Not\u00edcias de Ribeir\u00e3o Preto-SP e Regi\u00e3o&quot;","block_context":{"text":"Not\u00edcias de Ribeir\u00e3o Preto-SP e Regi\u00e3o","link":"https:\/\/noticiasribeiraopreto.com.br\/index.php\/category\/noticias-de-ribeirao-preto-sp-e-regiao-ismael-colosi\/"},"img":{"alt_text":"","src":"https:\/\/i0.wp.com\/noticiasribeiraopreto.com.br\/wp-content\/uploads\/2025\/07\/california-volks-1_2025-07-10_16-12-12.webp.webp?fit=1200%2C675&ssl=1&resize=350%2C200","width":350,"height":200,"srcset":"https:\/\/i0.wp.com\/noticiasribeiraopreto.com.br\/wp-content\/uploads\/2025\/07\/california-volks-1_2025-07-10_16-12-12.webp.webp?fit=1200%2C675&ssl=1&resize=350%2C200 1x, https:\/\/i0.wp.com\/noticiasribeiraopreto.com.br\/wp-content\/uploads\/2025\/07\/california-volks-1_2025-07-10_16-12-12.webp.webp?fit=1200%2C675&ssl=1&resize=525%2C300 1.5x, https:\/\/i0.wp.com\/noticiasribeiraopreto.com.br\/wp-content\/uploads\/2025\/07\/california-volks-1_2025-07-10_16-12-12.webp.webp?fit=1200%2C675&ssl=1&resize=700%2C400 2x, https:\/\/i0.wp.com\/noticiasribeiraopreto.com.br\/wp-content\/uploads\/2025\/07\/california-volks-1_2025-07-10_16-12-12.webp.webp?fit=1200%2C675&ssl=1&resize=1050%2C600 3x"},"classes":[]}],"jetpack_sharing_enabled":true,"jetpack_shortlink":"https:\/\/wp.me\/peQAOb-aAI","_links":{"self":[{"href":"https:\/\/noticiasribeiraopreto.com.br\/index.php\/wp-json\/wp\/v2\/posts\/40716","targetHints":{"allow":["GET"]}}],"collection":[{"href":"https:\/\/noticiasribeiraopreto.com.br\/index.php\/wp-json\/wp\/v2\/posts"}],"about":[{"href":"https:\/\/noticiasribeiraopreto.com.br\/index.php\/wp-json\/wp\/v2\/types\/post"}],"author":[{"embeddable":true,"href":"https:\/\/noticiasribeiraopreto.com.br\/index.php\/wp-json\/wp\/v2\/users\/1"}],"replies":[{"embeddable":true,"href":"https:\/\/noticiasribeiraopreto.com.br\/index.php\/wp-json\/wp\/v2\/comments?post=40716"}],"version-history":[{"count":0,"href":"https:\/\/noticiasribeiraopreto.com.br\/index.php\/wp-json\/wp\/v2\/posts\/40716\/revisions"}],"wp:featuredmedia":[{"embeddable":true,"href":"https:\/\/noticiasribeiraopreto.com.br\/index.php\/wp-json\/wp\/v2\/media\/40717"}],"wp:attachment":[{"href":"https:\/\/noticiasribeiraopreto.com.br\/index.php\/wp-json\/wp\/v2\/media?parent=40716"}],"wp:term":[{"taxonomy":"category","embeddable":true,"href":"https:\/\/noticiasribeiraopreto.com.br\/index.php\/wp-json\/wp\/v2\/categories?post=40716"},{"taxonomy":"post_tag","embeddable":true,"href":"https:\/\/noticiasribeiraopreto.com.br\/index.php\/wp-json\/wp\/v2\/tags?post=40716"}],"curies":[{"name":"wp","href":"https:\/\/api.w.org\/{rel}","templated":true}]}}