{"id":40865,"date":"2024-03-05T20:39:35","date_gmt":"2024-03-05T23:39:35","guid":{"rendered":"https:\/\/noticiasribeiraopreto.com.br\/index.php\/2024\/03\/05\/parceria-entre-instituto-jf-e-picpay-preve-300-jovens-contratados-ate-o-fim-do-ano\/"},"modified":"2024-03-05T20:39:35","modified_gmt":"2024-03-05T23:39:35","slug":"parceria-entre-instituto-jf-e-picpay-preve-300-jovens-contratados-ate-o-fim-do-ano","status":"publish","type":"post","link":"https:\/\/noticiasribeiraopreto.com.br\/index.php\/2024\/03\/05\/parceria-entre-instituto-jf-e-picpay-preve-300-jovens-contratados-ate-o-fim-do-ano\/","title":{"rendered":"Parceria entre Instituto J&#038;F e PicPay prev\u00ea 300 jovens contratados at\u00e9 o fim do ano"},"content":{"rendered":"<div class='code-block code-block-1' style='margin: 8px 0 8px auto; text-align: right; display: block; clear: both;'>\n<p><a href=\"https:\/\/wa.link\/vpicfd\"><img data-recalc-dims=\"1\" class=\"wp-image-4922\" style=\"aspect-ratio: 2.0253164556962027; width: 561px; height: auto;\" src=\"https:\/\/i0.wp.com\/ismaelcolosi.com.br\/wp-content\/uploads\/2023\/11\/grupo-de-empregos-whatsapp-e-facebook-ismael-colosi-vagas.jpg?ssl=1\" alt=\"\" \/><\/a><\/p>\n<!-- \/wp:image -->\n<\/div>\n<p> <br \/>\n<\/p>\n<div id=\"\">\n<div class=\"content-infos\">\n<div class=\"texts\">\n<p class=\"author tooltip-comp\"> Da reda\u00e7\u00e3o<span class=\"icon-i\">i<\/span><span class=\"tooltiptext\"> <span class=\"author\"><span>Da reda\u00e7\u00e3o<\/span> <\/span><span class=\"desc\"\/> <\/span><\/p>\n<p>05\/03\/2024 &#8211; 20:29<\/p>\n<\/div>\n<div id=\"share-modal\" class=\"share-modal\"> <button class=\"box-close btn-share\"> <img decoding=\"async\" src=\"https:\/\/istoedinheiro.com.br\/wp-content\/themes\/dinheiro-wp-theme\/assets\/img\/svg\/closeIcon.svg?x46096\" alt=\"Close icon\" class=\"close-btn lazy\"\/> <\/button><\/div>\n<\/p><\/div>\n<p>O PicPay come\u00e7ou a efetivar jovens da parceria com o Instituto J&amp;F. O grupo de 32 rec\u00e9m-formados contratados faz parte da primeira turma de alunos do instituto que estagiaram na empresa. At\u00e9 o fim do ano, a companhia prev\u00ea ter mais de 300 estudantes da parceria atuando como estagi\u00e1rios, aprendizes, assistentes, analistas ou auxiliares de TI.<\/p>\n<p>Com apenas 17 e 18 anos, alguns j\u00e1 lideram microneg\u00f3cios, participam das tomadas de decis\u00f5es, criam estrat\u00e9gias de produto, realizam testes e pesquisas, entre outras atividades.<\/p>\n<p>\u201cFormar esses profissionais acelera e contribui no progresso e perenidade das empresas. Queremos contribuir diretamente nesse cen\u00e1rio, especialmente de tecnologia e finan\u00e7as, dando oportunidades reais de aprendizado e desenvolvimento, com foco em prepar\u00e1-los desde cedo para tocar os neg\u00f3cios nos pr\u00f3ximos anos\u201d, afirma Claudio Miranda, representante do Instituto J&amp;F no PicPay.<\/p>\n<p>Em 14 anos de hist\u00f3ria, o Instituto J&amp;F j\u00e1 formou mais de 490 alunos. Em 2024, deve formar mais de 100 estudantes nas escolas Germinare Business e Tech, que oferecem ensino profissionalizante. As oportunidades de est\u00e1gios e contrata\u00e7\u00f5es costumam ocorrer ao longo dos anos finais do ensino m\u00e9dio.<\/p>\n<p>O Instituto J&amp;F possui tr\u00eas eixos principais de atua\u00e7\u00e3o: apoio \u00e0s escolas p\u00fablicas, educa\u00e7\u00e3o b\u00e1sica e profissionalizante e forma\u00e7\u00e3o continuada. Em uma das iniciativas, atuam as escolas Germinare Business, Germinare Tech, Germinare Vet e Germinare Fam\u00edlia \u2013, que oferecem ensino b\u00e1sico e profissionalizante gratuito.<\/p>\n<p>O procfsso seletivo do Instituto J&amp;F ocorre anualmente e \u00e9 voltado para estudantes matriculados no 5\u00ba ano do ensino fundamental, para admiss\u00e3o na Germinare Business. Na Germinare TECH, o processo est\u00e1 aberto a matriculados no 9\u00ba ano do ensino fundamental. Mais informa\u00e7\u00f5es pelo site <a href=\"https:\/\/institutojef.org.br\/\" target=\"_blank\" rel=\"noopener nofollow\">www.institutojef.org.br<\/a><\/p>\n<section data-hb-type=\"ads\" name=\"adsMateria\" data-hb-position=\"after-content\" data-hb-provider=\"\">\n<hr\/>\n<\/section>\n<div id=\"share-modal\" class=\"share-modal\"> <button class=\"box-close btn-share\"> <img decoding=\"async\" src=\"https:\/\/istoedinheiro.com.br\/wp-content\/themes\/dinheiro-wp-theme\/assets\/img\/svg\/closeIcon.svg?x46096\" alt=\"Close icon\" class=\"close-btn lazy\"\/> <\/button><\/div>\n<\/p><\/div>\n<p><script>!function(f,b,e,v,n,t,s){if(f.fbq)return;n=f.fbq=function(){n.callMethod?n.callMethod.apply(n,arguments):n.queue.push(arguments)};if(!f._fbq)f._fbq=n;n.push=n;n.loaded=!0;n.version='2.0';n.queue=[];t=b.createElement(e);t.async=!0;t.src=v;s=b.getElementsByTagName(e)[0];s.parentNode.insertBefore(t,s)}(window,document,'script','<\/script><br \/>\n<br \/><br \/>\n<br \/><a href=\"https:\/\/istoedinheiro.com.br\/parceria-entre-instituto-jf-e-picpay-preve-300-jovens-contratados-ate-o-fim-do-ano\/\">Source link <\/a><\/p>\n<!-- CONTENT END 1 -->\n","protected":false},"excerpt":{"rendered":"<p>Da reda\u00e7\u00e3oi Da reda\u00e7\u00e3o 05\/03\/2024 &#8211; 20:29 O PicPay come\u00e7ou a efetivar jovens da parceria com o Instituto J&amp;F. O grupo de 32 rec\u00e9m-formados contratados&#8230;<\/p>\n","protected":false},"author":1,"featured_media":40866,"comment_status":"open","ping_status":"open","sticky":false,"template":"","format":"standard","meta":{"advanced_seo_description":"","jetpack_seo_html_title":"","jetpack_seo_noindex":false,"jetpack_post_was_ever_published":false,"_jetpack_newsletter_access":"","_jetpack_dont_email_post_to_subs":false,"_jetpack_newsletter_tier_id":0,"_jetpack_memberships_contains_paywalled_content":false,"_jetpack_memberships_contains_paid_content":false,"footnotes":"","jetpack_publicize_message":"","jetpack_publicize_feature_enabled":true,"jetpack_social_post_already_shared":true,"jetpack_social_options":{"image_generator_settings":{"template":"highway","default_image_id":0,"font":"","enabled":false},"version":2}},"categories":[3598],"tags":[],"class_list":["post-40865","post","type-post","status-publish","format-standard","has-post-thumbnail","hentry","category-empregos-classificados-vagas-trabalho"],"jetpack_publicize_connections":[],"jetpack_featured_media_url":"https:\/\/i0.wp.com\/noticiasribeiraopreto.com.br\/wp-content\/uploads\/2024\/03\/pic.jpg?fit=1327%2C803&ssl=1","jetpack-related-posts":[{"id":12573,"url":"https:\/\/noticiasribeiraopreto.com.br\/index.php\/2023\/12\/08\/empoderando-jovens-na-era-digital\/","url_meta":{"origin":40865,"position":0},"title":"empoderando jovens na era digital","author":"noticiasribeiraopreto.com.br","date":"8 de December de 2023","format":false,"excerpt":"Gilberto Dimenstein, saudoso fundador da Catraca Livre, conhecido por sua vis\u00e3o sobre narrativa e prop\u00f3sito humano, inspirou um movimento significativo. O Instituto Gilberto Dimenstein, fundado em 2020, ano do falecimento do jornalista, carrega a miss\u00e3o de iluminar ideias inovadoras, impulsionando cidad\u00e3os transformadores. Cr\u00e9ditos: Reprodu\u00e7\u00e3o\/Instagram @chegajuntojuventudesChega Junto Juventudes e Instituto GD:\u2026","rel":"","context":"In &quot;Variedades&quot;","block_context":{"text":"Variedades","link":"https:\/\/noticiasribeiraopreto.com.br\/index.php\/category\/variedades\/"},"img":{"alt_text":"","src":"https:\/\/i0.wp.com\/noticiasribeiraopreto.com.br\/wp-content\/uploads\/2023\/12\/img-9026.jpg?fit=1200%2C638&ssl=1&resize=350%2C200","width":350,"height":200,"srcset":"https:\/\/i0.wp.com\/noticiasribeiraopreto.com.br\/wp-content\/uploads\/2023\/12\/img-9026.jpg?fit=1200%2C638&ssl=1&resize=350%2C200 1x, https:\/\/i0.wp.com\/noticiasribeiraopreto.com.br\/wp-content\/uploads\/2023\/12\/img-9026.jpg?fit=1200%2C638&ssl=1&resize=525%2C300 1.5x, https:\/\/i0.wp.com\/noticiasribeiraopreto.com.br\/wp-content\/uploads\/2023\/12\/img-9026.jpg?fit=1200%2C638&ssl=1&resize=700%2C400 2x, https:\/\/i0.wp.com\/noticiasribeiraopreto.com.br\/wp-content\/uploads\/2023\/12\/img-9026.jpg?fit=1200%2C638&ssl=1&resize=1050%2C600 3x"},"classes":[]},{"id":57510,"url":"https:\/\/noticiasribeiraopreto.com.br\/index.php\/2024\/09\/03\/educacao-inclusiva-uma-parceria-transformadora-em-pradopoilis-sp\/","url_meta":{"origin":40865,"position":1},"title":"Educa\u00e7\u00e3o Inclusiva: Uma Parceria Transformadora em Prad\u00f3poilis\/SP","author":"noticiasribeiraopreto.com.br","date":"3 de September de 2024","format":false,"excerpt":"A cidade de Prad\u00f3poilis, localizada no interior de S\u00e3o Paulo, est\u00e1 se destacando no cen\u00e1rio educacional brasileiro gra\u00e7as a uma iniciativa inovadora de educa\u00e7\u00e3o inclusiva. Este projeto \u00e9 fruto de uma parceria entre o Instituto Evolu\u00e7\u00e3o e o Departamento Municipal de Educa\u00e7\u00e3o, e tem como objetivo principal garantir que todos\u2026","rel":"","context":"In &quot;Not\u00edcias de Ribeir\u00e3o Preto-SP e Regi\u00e3o&quot;","block_context":{"text":"Not\u00edcias de Ribeir\u00e3o Preto-SP e Regi\u00e3o","link":"https:\/\/noticiasribeiraopreto.com.br\/index.php\/category\/noticias-de-ribeirao-preto-sp-e-regiao-ismael-colosi\/"},"img":{"alt_text":"","src":"https:\/\/i0.wp.com\/folhaderibeirao.com.br\/wp-content\/uploads\/2024\/09\/MG_1072.jpg?resize=350%2C200&ssl=1","width":350,"height":200,"srcset":"https:\/\/i0.wp.com\/folhaderibeirao.com.br\/wp-content\/uploads\/2024\/09\/MG_1072.jpg?resize=350%2C200&ssl=1 1x, https:\/\/i0.wp.com\/folhaderibeirao.com.br\/wp-content\/uploads\/2024\/09\/MG_1072.jpg?resize=525%2C300&ssl=1 1.5x, https:\/\/i0.wp.com\/folhaderibeirao.com.br\/wp-content\/uploads\/2024\/09\/MG_1072.jpg?resize=700%2C400&ssl=1 2x, https:\/\/i0.wp.com\/folhaderibeirao.com.br\/wp-content\/uploads\/2024\/09\/MG_1072.jpg?resize=1050%2C600&ssl=1 3x, https:\/\/i0.wp.com\/folhaderibeirao.com.br\/wp-content\/uploads\/2024\/09\/MG_1072.jpg?resize=1400%2C800&ssl=1 4x"},"classes":[]},{"id":71770,"url":"https:\/\/noticiasribeiraopreto.com.br\/index.php\/2025\/06\/10\/instituto-e-condenado-a-devolver-r-3-milhoes\/","url_meta":{"origin":40865,"position":2},"title":"Instituto \u00e9 condenado a devolver R$ 3 milh\u00f5es","author":"noticiasribeiraopreto.com.br","date":"10 de June de 2025","format":false,"excerpt":"10 de junho de 2025 08:309 de junho de 2025 22:347 Compartilhar0 O Tribunal de Contas do Estado de S\u00e3o Paulo (TCESP) mandou o Instituto Corpore para o Desenvolvimento da Qualidade de Vida devolver R$ 3.192.992,57 para a prefeitura de Ribeir\u00e3o Preto. A condena\u00e7\u00e3o diz respeito a um conv\u00eanio assinado\u2026","rel":"","context":"In &quot;Not\u00edcias de Ribeir\u00e3o Preto-SP e Regi\u00e3o&quot;","block_context":{"text":"Not\u00edcias de Ribeir\u00e3o Preto-SP e Regi\u00e3o","link":"https:\/\/noticiasribeiraopreto.com.br\/index.php\/category\/noticias-de-ribeirao-preto-sp-e-regiao-ismael-colosi\/"},"img":{"alt_text":"","src":"https:\/\/i0.wp.com\/noticiasribeiraopreto.com.br\/wp-content\/uploads\/2025\/06\/Corpore-Alfredo-Risk-Arquivo-scaled.jpg?fit=800%2C418&ssl=1&resize=350%2C200","width":350,"height":200,"srcset":"https:\/\/i0.wp.com\/noticiasribeiraopreto.com.br\/wp-content\/uploads\/2025\/06\/Corpore-Alfredo-Risk-Arquivo-scaled.jpg?fit=800%2C418&ssl=1&resize=350%2C200 1x, https:\/\/i0.wp.com\/noticiasribeiraopreto.com.br\/wp-content\/uploads\/2025\/06\/Corpore-Alfredo-Risk-Arquivo-scaled.jpg?fit=800%2C418&ssl=1&resize=525%2C300 1.5x, https:\/\/i0.wp.com\/noticiasribeiraopreto.com.br\/wp-content\/uploads\/2025\/06\/Corpore-Alfredo-Risk-Arquivo-scaled.jpg?fit=800%2C418&ssl=1&resize=700%2C400 2x"},"classes":[]},{"id":81009,"url":"https:\/\/noticiasribeiraopreto.com.br\/index.php\/2025\/12\/20\/vacina-da-dengue-sera-distribuida\/","url_meta":{"origin":40865,"position":3},"title":"Vacina da dengue ser\u00e1 distribu\u00edda","author":"noticiasribeiraopreto.com.br","date":"20 de December de 2025","format":false,"excerpt":"\r \r \r 20 de dezembro de 2025 12:1520 de dezembro de 2025 02:09 \r Compartilhar0 O Instituto Butantan, \u00f3rg\u00e3o ligado \u00e0 Secretaria de Estado da Sa\u00fade de S\u00e3o Paulo, d\u00e1 in\u00edcio na pr\u00f3xima semana \u00e0 entrega de 1,3 milh\u00e3o de doses da vacina contra dengue para o Programa Nacional\u2026","rel":"","context":"In &quot;Not\u00edcias de Ribeir\u00e3o Preto-SP e Regi\u00e3o&quot;","block_context":{"text":"Not\u00edcias de Ribeir\u00e3o Preto-SP e Regi\u00e3o","link":"https:\/\/noticiasribeiraopreto.com.br\/index.php\/category\/noticias-de-ribeirao-preto-sp-e-regiao-ismael-colosi\/"},"img":{"alt_text":"","src":"https:\/\/i0.wp.com\/noticiasribeiraopreto.com.br\/wp-content\/uploads\/2025\/12\/Butanvac-Pablo-Jacob-Governo-de-Sao-Paulo-1-scaled.jpg?fit=1170%2C780&ssl=1&resize=350%2C200","width":350,"height":200,"srcset":"https:\/\/i0.wp.com\/noticiasribeiraopreto.com.br\/wp-content\/uploads\/2025\/12\/Butanvac-Pablo-Jacob-Governo-de-Sao-Paulo-1-scaled.jpg?fit=1170%2C780&ssl=1&resize=350%2C200 1x, https:\/\/i0.wp.com\/noticiasribeiraopreto.com.br\/wp-content\/uploads\/2025\/12\/Butanvac-Pablo-Jacob-Governo-de-Sao-Paulo-1-scaled.jpg?fit=1170%2C780&ssl=1&resize=525%2C300 1.5x, https:\/\/i0.wp.com\/noticiasribeiraopreto.com.br\/wp-content\/uploads\/2025\/12\/Butanvac-Pablo-Jacob-Governo-de-Sao-Paulo-1-scaled.jpg?fit=1170%2C780&ssl=1&resize=700%2C400 2x, https:\/\/i0.wp.com\/noticiasribeiraopreto.com.br\/wp-content\/uploads\/2025\/12\/Butanvac-Pablo-Jacob-Governo-de-Sao-Paulo-1-scaled.jpg?fit=1170%2C780&ssl=1&resize=1050%2C600 3x"},"classes":[]},{"id":24408,"url":"https:\/\/noticiasribeiraopreto.com.br\/index.php\/2024\/01\/04\/fim-da-parceria-entre-joao-carreiro-e-capataz-aconteceu-em-2014-em-meio-a-polemicas-e-boatos\/","url_meta":{"origin":40865,"position":4},"title":"Fim da parceria entre Jo\u00e3o Carreiro e Capataz aconteceu em 2014 em meio \u00e0 pol\u00eamicas e boatos","author":"noticiasribeiraopreto.com.br","date":"4 de January de 2024","format":false,"excerpt":"A separa\u00e7\u00e3o da dupla Jo\u00e3o Carreiro e Capataz que aconteceu em 2014 marcou o fim de uma era na m\u00fasica sertaneja, uma hist\u00f3ria que se encerrou entre pol\u00eamicas e boatos.A dupla, conhecida por seu sucesso na d\u00e9cada de 2010, se desfez no auge de sua carreira, deixando os f\u00e3s surpresos\u2026","rel":"","context":"In &quot;Blog&quot;","block_context":{"text":"Blog","link":"https:\/\/noticiasribeiraopreto.com.br\/index.php\/category\/blog\/"},"img":{"alt_text":"","src":"https:\/\/i0.wp.com\/noticiasribeiraopreto.com.br\/wp-content\/uploads\/2024\/01\/postimg-6596b3edeaa906643.jpg?fit=1200%2C628&ssl=1&resize=350%2C200","width":350,"height":200,"srcset":"https:\/\/i0.wp.com\/noticiasribeiraopreto.com.br\/wp-content\/uploads\/2024\/01\/postimg-6596b3edeaa906643.jpg?fit=1200%2C628&ssl=1&resize=350%2C200 1x, https:\/\/i0.wp.com\/noticiasribeiraopreto.com.br\/wp-content\/uploads\/2024\/01\/postimg-6596b3edeaa906643.jpg?fit=1200%2C628&ssl=1&resize=525%2C300 1.5x, https:\/\/i0.wp.com\/noticiasribeiraopreto.com.br\/wp-content\/uploads\/2024\/01\/postimg-6596b3edeaa906643.jpg?fit=1200%2C628&ssl=1&resize=700%2C400 2x, https:\/\/i0.wp.com\/noticiasribeiraopreto.com.br\/wp-content\/uploads\/2024\/01\/postimg-6596b3edeaa906643.jpg?fit=1200%2C628&ssl=1&resize=1050%2C600 3x"},"classes":[]},{"id":11587,"url":"https:\/\/noticiasribeiraopreto.com.br\/index.php\/2023\/12\/06\/reduziu-o-numero-de-jovens-que-nao-trabalham-e-nem-estudam-2\/","url_meta":{"origin":40865,"position":5},"title":"Reduziu o n\u00famero de jovens que n\u00e3o trabalham e nem estudam","author":"noticiasribeiraopreto.com.br","date":"6 de December de 2023","format":false,"excerpt":"Em 2022, 10,9 milh\u00f5es de jovens brasileiros entre 15 e 29 anos n\u00e3o estudavam nem trabalhavam. Este n\u00famero, que representa 22,3% da popula\u00e7\u00e3o jovem, \u00e9 o menor valor absoluto desde o in\u00edcio da s\u00e9rie hist\u00f3rica em 2012, segundo o Instituto Brasileiro de Estat\u00edstica e Geografia (IBGE). O total de jovens\u2026","rel":"","context":"In &quot;Vagas de Emprego em Ribeir\u00e3o Preto-SP&quot;","block_context":{"text":"Vagas de Emprego em Ribeir\u00e3o Preto-SP","link":"https:\/\/noticiasribeiraopreto.com.br\/index.php\/category\/empregos-classificados-vagas-trabalho\/vagas-de-empregos-em-ribeirao-preto-regiao-brasil\/"},"img":{"alt_text":"","src":"https:\/\/i0.wp.com\/noticiasribeiraopreto.com.br\/wp-content\/uploads\/2023\/12\/1701880432_jovem-estagio-freepik.jpg?fit=1200%2C675&ssl=1&resize=350%2C200","width":350,"height":200,"srcset":"https:\/\/i0.wp.com\/noticiasribeiraopreto.com.br\/wp-content\/uploads\/2023\/12\/1701880432_jovem-estagio-freepik.jpg?fit=1200%2C675&ssl=1&resize=350%2C200 1x, https:\/\/i0.wp.com\/noticiasribeiraopreto.com.br\/wp-content\/uploads\/2023\/12\/1701880432_jovem-estagio-freepik.jpg?fit=1200%2C675&ssl=1&resize=525%2C300 1.5x, https:\/\/i0.wp.com\/noticiasribeiraopreto.com.br\/wp-content\/uploads\/2023\/12\/1701880432_jovem-estagio-freepik.jpg?fit=1200%2C675&ssl=1&resize=700%2C400 2x, https:\/\/i0.wp.com\/noticiasribeiraopreto.com.br\/wp-content\/uploads\/2023\/12\/1701880432_jovem-estagio-freepik.jpg?fit=1200%2C675&ssl=1&resize=1050%2C600 3x"},"classes":[]}],"jetpack_sharing_enabled":true,"jetpack_shortlink":"https:\/\/wp.me\/peQAOb-aD7","_links":{"self":[{"href":"https:\/\/noticiasribeiraopreto.com.br\/index.php\/wp-json\/wp\/v2\/posts\/40865","targetHints":{"allow":["GET"]}}],"collection":[{"href":"https:\/\/noticiasribeiraopreto.com.br\/index.php\/wp-json\/wp\/v2\/posts"}],"about":[{"href":"https:\/\/noticiasribeiraopreto.com.br\/index.php\/wp-json\/wp\/v2\/types\/post"}],"author":[{"embeddable":true,"href":"https:\/\/noticiasribeiraopreto.com.br\/index.php\/wp-json\/wp\/v2\/users\/1"}],"replies":[{"embeddable":true,"href":"https:\/\/noticiasribeiraopreto.com.br\/index.php\/wp-json\/wp\/v2\/comments?post=40865"}],"version-history":[{"count":0,"href":"https:\/\/noticiasribeiraopreto.com.br\/index.php\/wp-json\/wp\/v2\/posts\/40865\/revisions"}],"wp:featuredmedia":[{"embeddable":true,"href":"https:\/\/noticiasribeiraopreto.com.br\/index.php\/wp-json\/wp\/v2\/media\/40866"}],"wp:attachment":[{"href":"https:\/\/noticiasribeiraopreto.com.br\/index.php\/wp-json\/wp\/v2\/media?parent=40865"}],"wp:term":[{"taxonomy":"category","embeddable":true,"href":"https:\/\/noticiasribeiraopreto.com.br\/index.php\/wp-json\/wp\/v2\/categories?post=40865"},{"taxonomy":"post_tag","embeddable":true,"href":"https:\/\/noticiasribeiraopreto.com.br\/index.php\/wp-json\/wp\/v2\/tags?post=40865"}],"curies":[{"name":"wp","href":"https:\/\/api.w.org\/{rel}","templated":true}]}}