{"id":40887,"date":"2024-03-05T22:11:12","date_gmt":"2024-03-06T01:11:12","guid":{"rendered":"https:\/\/noticiasribeiraopreto.com.br\/index.php\/2024\/03\/05\/danilo-gentili-se-apresenta-em-ribeirao-preto-ingressos-ainda-estao-disponiveis\/"},"modified":"2024-03-05T22:11:12","modified_gmt":"2024-03-06T01:11:12","slug":"danilo-gentili-se-apresenta-em-ribeirao-preto-ingressos-ainda-estao-disponiveis","status":"publish","type":"post","link":"https:\/\/noticiasribeiraopreto.com.br\/index.php\/2024\/03\/05\/danilo-gentili-se-apresenta-em-ribeirao-preto-ingressos-ainda-estao-disponiveis\/","title":{"rendered":"Danilo Gentili se apresenta em Ribeir\u00e3o Preto; Ingressos ainda est\u00e3o dispon\u00edveis"},"content":{"rendered":"<div class='code-block code-block-1' style='margin: 8px 0 8px auto; text-align: right; display: block; clear: both;'>\n<p><a href=\"https:\/\/wa.link\/vpicfd\"><img data-recalc-dims=\"1\" class=\"wp-image-4922\" style=\"aspect-ratio: 2.0253164556962027; width: 561px; height: auto;\" src=\"https:\/\/i0.wp.com\/ismaelcolosi.com.br\/wp-content\/uploads\/2023\/11\/grupo-de-empregos-whatsapp-e-facebook-ismael-colosi-vagas.jpg?ssl=1\" alt=\"\" \/><\/a><\/p>\n<!-- \/wp:image -->\n<\/div>\n<p> <br \/>\n<\/p>\n<div data-td-block-uid=\"tdi_101\">\n<div class=\"tdb-block-inner td-fix-index\">\n<p>O humorista<strong> Danilo Gentili <\/strong>desembarca em <strong>Ribeir\u00e3o Preto<\/strong>, neste s\u00e1bado (9), \u00e0s 20h, para apresenta\u00e7\u00e3o no <strong>Theatro Dom Pedro II<\/strong>, localizado no Centro do munic\u00edpio.<\/p>\n<p>Os ingressos para o show <strong>ainda est\u00e3o dispon\u00edveis<\/strong> e podem ser adquiridos de forma on-line (<a href=\"https:\/\/www.ingressodigital.com\/evento\/10726\/Danilo_Gentili__Stand_Up\" target=\"_blank\" rel=\"noreferrer noopener\">clique aqui<\/a>) ou na bilheteria do <strong>Theatro <\/strong>\u2013 <a href=\"https:\/\/www.theatropedro2.com.br\/comprar-ingresso.php\" target=\"_blank\" rel=\"noreferrer noopener\">clique aqui para consultar o hor\u00e1rio de funcionamento.<\/a><\/p>\n<p><strong>Danilo <\/strong>voltou para os palcos no ano passado com seu <strong>novo stand-up comedy<\/strong>, que foi constru\u00eddo na estrada. <mark style=\"background-color:#fcb900\" class=\"has-inline-color\">Durante a apresenta\u00e7\u00e3o, ele conta hist\u00f3rias de como lidou com a pandemia, fatos divertidos nos bastidores da TV e em como mant\u00e9m seu advogado ocupado a cada novo processo.<\/mark><\/p>\n<h4 class=\"wp-block-heading\"><strong>Ingressos e setores<\/strong><\/h4>\n<ul>\n<li>Plateia: R$ 160 inteira | R$ 80 meia-entrada<\/li>\n<\/ul>\n<ul>\n<li>Frisa: R$ 140 inteira | R$ 70 meia-entrada<\/li>\n<\/ul>\n<ul>\n<li>Balc\u00e3o Nobre \u2013 1\u00ba andar: R$ 120 inteira | R$ 60 meia-entrada<\/li>\n<\/ul>\n<ul>\n<li>Balc\u00e3o Simples \u2013 2\u00ba andar: R$ 100 inteira | R$ 50 meia-entrada<\/li>\n<\/ul>\n<p>Vale ressaltar que a apresenta\u00e7\u00e3o tem classifica\u00e7\u00e3o indicativa de 16 anos.<\/p>\n<p>A organiza\u00e7\u00e3o recomenda chegar 30 minutos antes do hor\u00e1rio marcado pois n\u00e3o \u00e9 permitida a entrada ap\u00f3s o inicio do espet\u00e1culo.<\/p>\n<h4 class=\"wp-block-heading\"><strong>SERVI\u00c7O<\/strong><\/h4>\n<p><em>Danilo Gentili em Ribeir\u00e3o Preto<\/em><\/p>\n<p>Quando: s\u00e1bado, 9 de mar\u00e7o<\/p>\n<p>Abertura do Theatro: \u00e0s 19h<\/p>\n<p>In\u00edcio da apresenta\u00e7\u00e3o: \u00e0s 20h<\/p>\n<p>Onde: Theatro Pedro II \u2013 rua \u00c1lvares Cabral, 370 \u2013 Centro, Ribeir\u00e3o Preto<\/p>\n<p>Ingressos: a partir de R$ 50 \u2013 <a href=\"https:\/\/www.ingressodigital.com\/evento\/10726\/Danilo_Gentili__Stand_Up\" target=\"_blank\" rel=\"noreferrer noopener\">clique aqui para adquirir<\/a><\/p>\n<hr class=\"wp-block-separator has-alpha-channel-opacity\"\/>\n<p>SAIBA MAIS<\/p>\n<p>Feira do Coletivo acontece na pra\u00e7a 7 de setembro em Ribeir\u00e3o Preto<\/p>\n<h4 class=\"wp-block-heading\"><strong><mark style=\"background-color:#fcb900\" class=\"has-inline-color\">FIQUE ON<\/mark><\/strong><\/h4>\n<p>Fique ligado em tudo que acontece em Ribeir\u00e3o Preto e regi\u00e3o. Siga os perfis do\u00a0<strong>acidade on\u00a0<\/strong>no\u00a0<a href=\"https:\/\/www.instagram.com\/acidadeonribeirao\" target=\"_blank\" rel=\"noreferrer noopener\">Instagram\u00a0<\/a>e no<a href=\"https:\/\/www.facebook.com\/acidadeonribeirao\" target=\"_blank\" rel=\"noreferrer noopener\">\u00a0Facebook<\/a>.<\/p>\n<p>Receba not\u00edcias do\u00a0<strong>acidade on<\/strong>\u00a0no WhatsApp.<a href=\"https:\/\/chat.whatsapp.com\/Bnv2w66ZT4VDyZW3oiZ69n\" target=\"_blank\" rel=\"noreferrer noopener\">\u00a0Para entrar no grupo, basta clicar aqui.<\/a><\/p>\n<p>Fa\u00e7a uma den\u00fancia ou sugira uma reportagem sobre Ribeir\u00e3o Preto e regi\u00e3o pelo WhatsApp: 16 99117 7802.<\/p>\n<p>VEJA TAMB\u00c9M<\/p>\n<p>Wanessa Camargo faz pronunciamento oficial ap\u00f3s expuls\u00e3o no BBB 24<\/p>\n<p><!-- AI CONTENT END 1 -->\n<\/div>\n<\/div>\n<p><script async src=\"\/\/www.instagram.com\/embed.js\"><\/script><br \/>\n<br \/><br \/>\n<br \/><a href=\"https:\/\/www.acidadeon.com\/ribeiraopreto\/lazer-e-cultura\/danilo-gentili-se-apresenta-em-ribeirao-preto-ingressos-ainda-estao-disponiveis\/\">Source link <\/a><\/p>\n<!-- CONTENT END 1 -->\n","protected":false},"excerpt":{"rendered":"<p>O humorista Danilo Gentili desembarca em Ribeir\u00e3o Preto, neste s\u00e1bado (9), \u00e0s 20h, para apresenta\u00e7\u00e3o no Theatro Dom Pedro II, localizado no Centro do munic\u00edpio&#8230;.<\/p>\n","protected":false},"author":1,"featured_media":40888,"comment_status":"open","ping_status":"open","sticky":false,"template":"","format":"standard","meta":{"advanced_seo_description":"","jetpack_seo_html_title":"","jetpack_seo_noindex":false,"jetpack_post_was_ever_published":false,"_jetpack_newsletter_access":"","_jetpack_dont_email_post_to_subs":false,"_jetpack_newsletter_tier_id":0,"_jetpack_memberships_contains_paywalled_content":false,"_jetpack_memberships_contains_paid_content":false,"footnotes":"","jetpack_publicize_message":"","jetpack_publicize_feature_enabled":true,"jetpack_social_post_already_shared":true,"jetpack_social_options":{"image_generator_settings":{"template":"highway","default_image_id":0,"font":"","enabled":false},"version":2}},"categories":[11],"tags":[],"class_list":["post-40887","post","type-post","status-publish","format-standard","has-post-thumbnail","hentry","category-noticias-de-ribeirao-preto-sp-e-regiao-ismael-colosi"],"jetpack_publicize_connections":[],"jetpack_featured_media_url":"https:\/\/i0.wp.com\/noticiasribeiraopreto.com.br\/wp-content\/uploads\/2024\/03\/AnyConv.com__danilo-gentilli-01.webp.webp?fit=1280%2C720&ssl=1","jetpack-related-posts":[{"id":56861,"url":"https:\/\/noticiasribeiraopreto.com.br\/index.php\/2024\/08\/15\/danilo-gentili-oscar-filho-e-diogo-portugal-retornam-a-ribeirao-com-o-stand-up-raiz\/","url_meta":{"origin":40887,"position":0},"title":"Danilo Gentili, Oscar Filho e Diogo Portugal retornam a Ribeir\u00e3o com o &#8216;Stand-Up Raiz&#8217;","author":"noticiasribeiraopreto.com.br","date":"15 de August de 2024","format":false,"excerpt":"Danilo Gentili, Oscar Filho e Diogo Portugal retornam ao palco do Theatro Pedro II, em Ribeir\u00e3o Preto, no dia 4 de outubro, \u00e0s 20 horas, para um show de \u2018Stand-up Raiz\u2019. Na apresenta\u00e7\u00e3o dos humoristas, que est\u00e3o entre os maiores comediantes da cena brasileira, se revezam para apresentar seus textos\u2026","rel":"","context":"In &quot;Not\u00edcias de Ribeir\u00e3o Preto-SP e Regi\u00e3o&quot;","block_context":{"text":"Not\u00edcias de Ribeir\u00e3o Preto-SP e Regi\u00e3o","link":"https:\/\/noticiasribeiraopreto.com.br\/index.php\/category\/noticias-de-ribeirao-preto-sp-e-regiao-ismael-colosi\/"},"img":{"alt_text":"","src":"https:\/\/i0.wp.com\/noticiasribeiraopreto.com.br\/wp-content\/uploads\/2024\/08\/406442591_18406224550036029_2481223457179024196_n_2024-08-15_19-34-58_jpg_2024-08-15_19-34-58.webp.webp?fit=1200%2C800&ssl=1&resize=350%2C200","width":350,"height":200,"srcset":"https:\/\/i0.wp.com\/noticiasribeiraopreto.com.br\/wp-content\/uploads\/2024\/08\/406442591_18406224550036029_2481223457179024196_n_2024-08-15_19-34-58_jpg_2024-08-15_19-34-58.webp.webp?fit=1200%2C800&ssl=1&resize=350%2C200 1x, https:\/\/i0.wp.com\/noticiasribeiraopreto.com.br\/wp-content\/uploads\/2024\/08\/406442591_18406224550036029_2481223457179024196_n_2024-08-15_19-34-58_jpg_2024-08-15_19-34-58.webp.webp?fit=1200%2C800&ssl=1&resize=525%2C300 1.5x, https:\/\/i0.wp.com\/noticiasribeiraopreto.com.br\/wp-content\/uploads\/2024\/08\/406442591_18406224550036029_2481223457179024196_n_2024-08-15_19-34-58_jpg_2024-08-15_19-34-58.webp.webp?fit=1200%2C800&ssl=1&resize=700%2C400 2x, https:\/\/i0.wp.com\/noticiasribeiraopreto.com.br\/wp-content\/uploads\/2024\/08\/406442591_18406224550036029_2481223457179024196_n_2024-08-15_19-34-58_jpg_2024-08-15_19-34-58.webp.webp?fit=1200%2C800&ssl=1&resize=1050%2C600 3x"},"classes":[]},{"id":58086,"url":"https:\/\/noticiasribeiraopreto.com.br\/index.php\/2024\/09\/18\/apresentacao-de-danilo-gentili-oscar-filho-e-diogo-portugal-e-cancelada-em-ribeirao\/","url_meta":{"origin":40887,"position":1},"title":"Apresenta\u00e7\u00e3o de Danilo Gentili, Oscar Filho e Diogo Portugal \u00e9 cancelada em Ribeir\u00e3o","author":"noticiasribeiraopreto.com.br","date":"18 de September de 2024","format":false,"excerpt":"A apresenta\u00e7\u00e3o dos humoristas Danilo Gentili, Oscar Filho e Diogo Portugal, agendada para acontecer no dia 4 de outubro, no Theatro Pedro II, em Ribeir\u00e3o Preto, foi cancelada. O an\u00fancio foi realizado atrav\u00e9s das redes sociais \u2013 veja abaixo. O motivo do cancelamento da apresenta\u00e7\u00e3o do \u2018Stand-Up Raiz\u2019 n\u00e3o foi\u2026","rel":"","context":"In &quot;Not\u00edcias de Ribeir\u00e3o Preto-SP e Regi\u00e3o&quot;","block_context":{"text":"Not\u00edcias de Ribeir\u00e3o Preto-SP e Regi\u00e3o","link":"https:\/\/noticiasribeiraopreto.com.br\/index.php\/category\/noticias-de-ribeirao-preto-sp-e-regiao-ismael-colosi\/"},"img":{"alt_text":"","src":"https:\/\/i0.wp.com\/noticiasribeiraopreto.com.br\/wp-content\/uploads\/2024\/08\/406442591_18406224550036029_2481223457179024196_n_2024-08-15_19-34-58_jpg_2024-08-15_19-34-58.webp.webp?fit=1200%2C800&ssl=1&resize=350%2C200","width":350,"height":200,"srcset":"https:\/\/i0.wp.com\/noticiasribeiraopreto.com.br\/wp-content\/uploads\/2024\/08\/406442591_18406224550036029_2481223457179024196_n_2024-08-15_19-34-58_jpg_2024-08-15_19-34-58.webp.webp?fit=1200%2C800&ssl=1&resize=350%2C200 1x, https:\/\/i0.wp.com\/noticiasribeiraopreto.com.br\/wp-content\/uploads\/2024\/08\/406442591_18406224550036029_2481223457179024196_n_2024-08-15_19-34-58_jpg_2024-08-15_19-34-58.webp.webp?fit=1200%2C800&ssl=1&resize=525%2C300 1.5x, https:\/\/i0.wp.com\/noticiasribeiraopreto.com.br\/wp-content\/uploads\/2024\/08\/406442591_18406224550036029_2481223457179024196_n_2024-08-15_19-34-58_jpg_2024-08-15_19-34-58.webp.webp?fit=1200%2C800&ssl=1&resize=700%2C400 2x, https:\/\/i0.wp.com\/noticiasribeiraopreto.com.br\/wp-content\/uploads\/2024\/08\/406442591_18406224550036029_2481223457179024196_n_2024-08-15_19-34-58_jpg_2024-08-15_19-34-58.webp.webp?fit=1200%2C800&ssl=1&resize=1050%2C600 3x"},"classes":[]},{"id":33755,"url":"https:\/\/noticiasribeiraopreto.com.br\/index.php\/2024\/01\/30\/veja-atracoes-do-theatro-pedro-ii-em-ribeirao-renato-albani-esta-confirmado\/","url_meta":{"origin":40887,"position":2},"title":"Veja atra\u00e7\u00f5es do Theatro Pedro II em Ribeir\u00e3o; Renato Albani est\u00e1 confirmado","author":"noticiasribeiraopreto.com.br","date":"30 de January de 2024","format":false,"excerpt":"O Theatro Pedro II, no Centro de Ribeir\u00e3o Preto, retoma a agenda de eventos a partir de mar\u00e7o, com uma programa\u00e7\u00e3o variada para todas as idades e gostos. A agenda conta com apresenta\u00e7\u00f5es de Renato Albani, Danilo Gentili, Biquini e mais. Confira abaixo a programa\u00e7\u00e3o completa para o m\u00eas de\u2026","rel":"","context":"In &quot;Not\u00edcias de Ribeir\u00e3o Preto-SP e Regi\u00e3o&quot;","block_context":{"text":"Not\u00edcias de Ribeir\u00e3o Preto-SP e Regi\u00e3o","link":"https:\/\/noticiasribeiraopreto.com.br\/index.php\/category\/noticias-de-ribeirao-preto-sp-e-regiao-ismael-colosi\/"},"img":{"alt_text":"","src":"https:\/\/i0.wp.com\/noticiasribeiraopreto.com.br\/wp-content\/uploads\/2024\/01\/Copia-de-Copia-de-TAMANHO-EXATO-PARA-FOTOS-NO-SISTEMA-NOVO-24.png?fit=1200%2C675&ssl=1&resize=350%2C200","width":350,"height":200,"srcset":"https:\/\/i0.wp.com\/noticiasribeiraopreto.com.br\/wp-content\/uploads\/2024\/01\/Copia-de-Copia-de-TAMANHO-EXATO-PARA-FOTOS-NO-SISTEMA-NOVO-24.png?fit=1200%2C675&ssl=1&resize=350%2C200 1x, https:\/\/i0.wp.com\/noticiasribeiraopreto.com.br\/wp-content\/uploads\/2024\/01\/Copia-de-Copia-de-TAMANHO-EXATO-PARA-FOTOS-NO-SISTEMA-NOVO-24.png?fit=1200%2C675&ssl=1&resize=525%2C300 1.5x, https:\/\/i0.wp.com\/noticiasribeiraopreto.com.br\/wp-content\/uploads\/2024\/01\/Copia-de-Copia-de-TAMANHO-EXATO-PARA-FOTOS-NO-SISTEMA-NOVO-24.png?fit=1200%2C675&ssl=1&resize=700%2C400 2x, https:\/\/i0.wp.com\/noticiasribeiraopreto.com.br\/wp-content\/uploads\/2024\/01\/Copia-de-Copia-de-TAMANHO-EXATO-PARA-FOTOS-NO-SISTEMA-NOVO-24.png?fit=1200%2C675&ssl=1&resize=1050%2C600 3x"},"classes":[]},{"id":41495,"url":"https:\/\/noticiasribeiraopreto.com.br\/index.php\/2024\/03\/08\/veja-o-que-fazer-para-aproveitar-o-final-de-semana-em-ribeirao-tem-shows-da-joelma-e-do-jao\/","url_meta":{"origin":40887,"position":3},"title":"Veja o que fazer para aproveitar o final de semana em Ribeir\u00e3o; Tem shows da Joelma e do J\u00e3o","author":"noticiasribeiraopreto.com.br","date":"8 de March de 2024","format":false,"excerpt":"O final de semana de chegou e Ribeir\u00e3o Preto oferece uma programa\u00e7\u00e3o para toda fam\u00edlia ou para curtir com os amigos. \u00a0Entre as op\u00e7\u00f5es tem bloco p\u00f3s-carnaval, feiras e shows da Joelma e do J\u00e3o. Confira: Theatro Pedro II O Theatro Pedro II, localizado no Centro da cidade, oferece espet\u00e1culos\u2026","rel":"","context":"In &quot;Not\u00edcias de Ribeir\u00e3o Preto-SP e Regi\u00e3o&quot;","block_context":{"text":"Not\u00edcias de Ribeir\u00e3o Preto-SP e Regi\u00e3o","link":"https:\/\/noticiasribeiraopreto.com.br\/index.php\/category\/noticias-de-ribeirao-preto-sp-e-regiao-ismael-colosi\/"},"img":{"alt_text":"","src":"https:\/\/i0.wp.com\/noticiasribeiraopreto.com.br\/wp-content\/uploads\/2024\/03\/AnyConv.com__shows-ribeirao-preto.webp.webp?fit=1200%2C675&ssl=1&resize=350%2C200","width":350,"height":200,"srcset":"https:\/\/i0.wp.com\/noticiasribeiraopreto.com.br\/wp-content\/uploads\/2024\/03\/AnyConv.com__shows-ribeirao-preto.webp.webp?fit=1200%2C675&ssl=1&resize=350%2C200 1x, https:\/\/i0.wp.com\/noticiasribeiraopreto.com.br\/wp-content\/uploads\/2024\/03\/AnyConv.com__shows-ribeirao-preto.webp.webp?fit=1200%2C675&ssl=1&resize=525%2C300 1.5x, https:\/\/i0.wp.com\/noticiasribeiraopreto.com.br\/wp-content\/uploads\/2024\/03\/AnyConv.com__shows-ribeirao-preto.webp.webp?fit=1200%2C675&ssl=1&resize=700%2C400 2x, https:\/\/i0.wp.com\/noticiasribeiraopreto.com.br\/wp-content\/uploads\/2024\/03\/AnyConv.com__shows-ribeirao-preto.webp.webp?fit=1200%2C675&ssl=1&resize=1050%2C600 3x"},"classes":[]},{"id":60411,"url":"https:\/\/noticiasribeiraopreto.com.br\/index.php\/2024\/11\/13\/theatro-pedro-ii-recebe-o-humorista-rodrigo-marques-ainda-ha-ingressos-disponiveis\/","url_meta":{"origin":40887,"position":4},"title":"Theatro Pedro II recebe o humorista Rodrigo Marques; Ainda h\u00e1 ingressos dispon\u00edveis","author":"noticiasribeiraopreto.com.br","date":"13 de November de 2024","format":false,"excerpt":"O jornalista e humorista Rodrigo Marques traz para o palco do Theatro Pedro II, em Ribeir\u00e3o Preto, no domingo (17), o stand-up \u201cO Entusiasta\u201d. A apresenta\u00e7\u00e3o est\u00e1 marcada para \u00e0s 19h e ainda h\u00e1 ingressos dispon\u00edveis. O comediante \u00e9 conhecido como um dos principais nomes do humor no Brasil. Ele\u2026","rel":"","context":"In &quot;Not\u00edcias de Ribeir\u00e3o Preto-SP e Regi\u00e3o&quot;","block_context":{"text":"Not\u00edcias de Ribeir\u00e3o Preto-SP e Regi\u00e3o","link":"https:\/\/noticiasribeiraopreto.com.br\/index.php\/category\/noticias-de-ribeirao-preto-sp-e-regiao-ismael-colosi\/"},"img":{"alt_text":"","src":"https:\/\/i0.wp.com\/noticiasribeiraopreto.com.br\/wp-content\/uploads\/2024\/11\/horiz-Rodrigo-Marques-Credito-Rinaldo-Oliveira-3-_2024-11-13_13-30-00_jpg_2024-11-13_13-30-01-scaled.webp.webp?fit=1200%2C879&ssl=1&resize=350%2C200","width":350,"height":200,"srcset":"https:\/\/i0.wp.com\/noticiasribeiraopreto.com.br\/wp-content\/uploads\/2024\/11\/horiz-Rodrigo-Marques-Credito-Rinaldo-Oliveira-3-_2024-11-13_13-30-00_jpg_2024-11-13_13-30-01-scaled.webp.webp?fit=1200%2C879&ssl=1&resize=350%2C200 1x, https:\/\/i0.wp.com\/noticiasribeiraopreto.com.br\/wp-content\/uploads\/2024\/11\/horiz-Rodrigo-Marques-Credito-Rinaldo-Oliveira-3-_2024-11-13_13-30-00_jpg_2024-11-13_13-30-01-scaled.webp.webp?fit=1200%2C879&ssl=1&resize=525%2C300 1.5x, https:\/\/i0.wp.com\/noticiasribeiraopreto.com.br\/wp-content\/uploads\/2024\/11\/horiz-Rodrigo-Marques-Credito-Rinaldo-Oliveira-3-_2024-11-13_13-30-00_jpg_2024-11-13_13-30-01-scaled.webp.webp?fit=1200%2C879&ssl=1&resize=700%2C400 2x, https:\/\/i0.wp.com\/noticiasribeiraopreto.com.br\/wp-content\/uploads\/2024\/11\/horiz-Rodrigo-Marques-Credito-Rinaldo-Oliveira-3-_2024-11-13_13-30-00_jpg_2024-11-13_13-30-01-scaled.webp.webp?fit=1200%2C879&ssl=1&resize=1050%2C600 3x"},"classes":[]},{"id":40773,"url":"https:\/\/noticiasribeiraopreto.com.br\/index.php\/2024\/03\/05\/danilo-gentilli-se-apresenta-no-theatro-pedro-ii\/","url_meta":{"origin":40887,"position":5},"title":"Danilo Gentilli se apresenta no Theatro Pedro II","author":"noticiasribeiraopreto.com.br","date":"5 de March de 2024","format":false,"excerpt":"5 de mar\u00e7o de 2024 | 15:305 de mar\u00e7o de 2024 | 14:57 0O humorista Danilo Gentilli se apresenta no Teatro Pedro II, em Ribeir\u00e3o Preto, no s\u00e1bado, dia 9, \u00e0s 20h. Os pre\u00e7os dos ingressos variam de R$ 50,00 a R$ 160,00 e podem ser adquiridos na bilheteria do\u2026","rel":"","context":"In &quot;Not\u00edcias de Ribeir\u00e3o Preto-SP e Regi\u00e3o&quot;","block_context":{"text":"Not\u00edcias de Ribeir\u00e3o Preto-SP e Regi\u00e3o","link":"https:\/\/noticiasribeiraopreto.com.br\/index.php\/category\/noticias-de-ribeirao-preto-sp-e-regiao-ismael-colosi\/"},"img":{"alt_text":"","src":"https:\/\/i0.wp.com\/noticiasribeiraopreto.com.br\/wp-content\/uploads\/2024\/03\/danilo-gentilli-01-scaled.jpg?fit=1000%2C563&ssl=1&resize=350%2C200","width":350,"height":200,"srcset":"https:\/\/i0.wp.com\/noticiasribeiraopreto.com.br\/wp-content\/uploads\/2024\/03\/danilo-gentilli-01-scaled.jpg?fit=1000%2C563&ssl=1&resize=350%2C200 1x, https:\/\/i0.wp.com\/noticiasribeiraopreto.com.br\/wp-content\/uploads\/2024\/03\/danilo-gentilli-01-scaled.jpg?fit=1000%2C563&ssl=1&resize=525%2C300 1.5x, https:\/\/i0.wp.com\/noticiasribeiraopreto.com.br\/wp-content\/uploads\/2024\/03\/danilo-gentilli-01-scaled.jpg?fit=1000%2C563&ssl=1&resize=700%2C400 2x"},"classes":[]}],"jetpack_sharing_enabled":true,"jetpack_shortlink":"https:\/\/wp.me\/peQAOb-aDt","_links":{"self":[{"href":"https:\/\/noticiasribeiraopreto.com.br\/index.php\/wp-json\/wp\/v2\/posts\/40887","targetHints":{"allow":["GET"]}}],"collection":[{"href":"https:\/\/noticiasribeiraopreto.com.br\/index.php\/wp-json\/wp\/v2\/posts"}],"about":[{"href":"https:\/\/noticiasribeiraopreto.com.br\/index.php\/wp-json\/wp\/v2\/types\/post"}],"author":[{"embeddable":true,"href":"https:\/\/noticiasribeiraopreto.com.br\/index.php\/wp-json\/wp\/v2\/users\/1"}],"replies":[{"embeddable":true,"href":"https:\/\/noticiasribeiraopreto.com.br\/index.php\/wp-json\/wp\/v2\/comments?post=40887"}],"version-history":[{"count":0,"href":"https:\/\/noticiasribeiraopreto.com.br\/index.php\/wp-json\/wp\/v2\/posts\/40887\/revisions"}],"wp:featuredmedia":[{"embeddable":true,"href":"https:\/\/noticiasribeiraopreto.com.br\/index.php\/wp-json\/wp\/v2\/media\/40888"}],"wp:attachment":[{"href":"https:\/\/noticiasribeiraopreto.com.br\/index.php\/wp-json\/wp\/v2\/media?parent=40887"}],"wp:term":[{"taxonomy":"category","embeddable":true,"href":"https:\/\/noticiasribeiraopreto.com.br\/index.php\/wp-json\/wp\/v2\/categories?post=40887"},{"taxonomy":"post_tag","embeddable":true,"href":"https:\/\/noticiasribeiraopreto.com.br\/index.php\/wp-json\/wp\/v2\/tags?post=40887"}],"curies":[{"name":"wp","href":"https:\/\/api.w.org\/{rel}","templated":true}]}}