{"id":40945,"date":"2024-03-06T06:52:32","date_gmt":"2024-03-06T09:52:32","guid":{"rendered":"https:\/\/noticiasribeiraopreto.com.br\/index.php\/2024\/03\/06\/empreendedores-pedem-socorro-contra-a-conformidade-e-a-mediocridade\/"},"modified":"2024-03-06T06:52:32","modified_gmt":"2024-03-06T09:52:32","slug":"empreendedores-pedem-socorro-contra-a-conformidade-e-a-mediocridade","status":"publish","type":"post","link":"https:\/\/noticiasribeiraopreto.com.br\/index.php\/2024\/03\/06\/empreendedores-pedem-socorro-contra-a-conformidade-e-a-mediocridade\/","title":{"rendered":"Empreendedores pedem socorro contra a conformidade e a mediocridade"},"content":{"rendered":"<div class='code-block code-block-1' style='margin: 8px 0 8px auto; text-align: right; display: block; clear: both;'>\n<p><a href=\"https:\/\/wa.link\/vpicfd\"><img data-recalc-dims=\"1\" class=\"wp-image-4922\" style=\"aspect-ratio: 2.0253164556962027; width: 561px; height: auto;\" src=\"https:\/\/i0.wp.com\/ismaelcolosi.com.br\/wp-content\/uploads\/2023\/11\/grupo-de-empregos-whatsapp-e-facebook-ismael-colosi-vagas.jpg?ssl=1\" alt=\"\" \/><\/a><\/p>\n<!-- \/wp:image -->\n<\/div>\n<p> <br \/>\n<\/p>\n<div>\n<div id=\"attachment_599133\" class=\"wp-caption alignnone style=\" max-width:=\"\"><img data-recalc-dims=\"1\" fetchpriority=\"high\" decoding=\"async\" class=\"alignnone wp-image-599133 size-full\" src=\"https:\/\/i0.wp.com\/forbes.com.br\/wp-content\/uploads\/2024\/03\/Coluna-Camila-Farani-768x512.png?resize=678%2C452&#038;ssl=1\" http:=\"\" alt=\"Canva Images\" width=\"678\" height=\"452\" data-lazy-src=\"https:\/\/forbes.com.br\/wp-content\/uploads\/2024\/03\/Coluna-Camila-Farani-768x512.png\"\/><noscript><img data-recalc-dims=\"1\" fetchpriority=\"high\" decoding=\"async\" class=\"alignnone wp-image-599133 size-full\" src=\"https:\/\/i0.wp.com\/forbes.com.br\/wp-content\/uploads\/2024\/03\/Coluna-Camila-Farani-768x512.png?resize=678%2C452&#038;ssl=1\" alt=\"Canva Images\" width=\"678\" height=\"452\"\/><\/noscript><\/p>\n<p class=\"wp-caption-text\">N\u00f3s empreendedores sabemos que n\u00e3o existe apenas uma resposta para todo mundo.<\/p>\n<\/div>\n<p>Em um pa\u00eds onde o esp\u00edrito empreendedor palpita no cora\u00e7\u00e3o de mais de 93 milh\u00f5es de almas brasileiras, o ensino inovador corporativo surge n\u00e3o apenas como um complemento, mas como um pilar fundamental para esta jornada. Ao mesmo tempo, aprender a empreender pode ser uma caminhada tortuosa, principalmente para aqueles que decidem seguir acompanhados de \u201cexperts\u201d que oferecem solu\u00e7\u00f5es padronizadas.<\/p>\n<ul>\n<li>\n<h3>Siga a <a href=\"https:\/\/whatsapp.com\/channel\/0029Va9gQKwBFLgM96cJnu0u\" target=\"_blank\" rel=\"noopener\">Forbes<\/a> no WhatsApp e receba as principais not\u00edcias sobre neg\u00f3cios, carreira, tecnologia e estilo de vida<\/h3>\n<\/li>\n<\/ul>\n<p>Conclus\u00e3o desse cen\u00e1rio: empreendedores frustrados com seus resultados e que perdem dinheiro tentando salvar o seu neg\u00f3cio porque seguiram um padr\u00e3o e n\u00e3o uma an\u00e1lise singular de seu neg\u00f3cio. Diante disso, muitos fundadores de empresas pedem socorro contra a conformidade e a mediocridade que t\u00eam assolado o ecossistema de educa\u00e7\u00e3o empreendedora.<\/p>\n<p>\u201cN\u00e3o queremos ser adestrados. Precisamos mesmo \u00e9 de pensamento cr\u00edtico pr\u00f3prio!\u201d: este \u00e9 o inc\u00f4modo que ecoa nos meus ouvidos e nos ouvidos de mais de 67% da popula\u00e7\u00e3o adulta brasileira que representa futuros potenciais empreendedores.<\/p>\n<h4>Leia tamb\u00e9m:<\/h4>\n<p>A pegadinha para o dono do neg\u00f3cio que busca conhecimento est\u00e1 nos detalhes. Em plena economia da aten\u00e7\u00e3o, uma era em que a luta di\u00e1ria por cinco minutinhos de cada pessoa \u00e9 ouro, ser especialista se tornou o pilar b\u00e1sico para ganhar visibilidade e autoridade \u2014 s\u00f3 que \u00e9 muito f\u00e1cil ser um \u201cprofissional\u201d que cria listas predeterminadas e apresenta a sua solu\u00e7\u00e3o como \u00fanica para diferentes nichos de mercado, sem se dar ao trabalho de entender a realidade de cada empresa e empres\u00e1rio.<\/p>\n<p>De onde eu venho n\u00e3o \u00e9 assim que funciona. N\u00f3s empreendedores sabemos que n\u00e3o existe apenas uma resposta para todo mundo. Listas prontas que prometem o sucesso empresarial como se fossem uma simples receita de bolo n\u00e3o fazem mais sentido para o empreendedor que precisa construir, por exemplo, um demonstrativo de resultado (DRE) para avaliar a sa\u00fade financeira do seu neg\u00f3cio e identificar preju\u00edzos e lucros; ou para o dono de neg\u00f3cio que tem a necessidade de encontrar o seu perfil de cliente ideal (ICP) e planejar suas abordagens comerciais de maneira mais estrat\u00e9gica e assertiva; ou para o empres\u00e1rio que deseja come\u00e7ar o seu neg\u00f3cio e n\u00e3o sabe como montar o seu m\u00ednimo neg\u00f3cio vi\u00e1vel (MNV) e validar sua ideia no mercado.<\/p>\n<p>Ou seja, cada um vai precisar de um olhar individual para o seu neg\u00f3cio e montar a sua pr\u00f3pria receita. \u00c9 como diz a m\u00e1xima \u201co que funciona para mim pode n\u00e3o funcionar para voc\u00ea\u201d.<\/p>\n<p>Todo empreendedor sabe (ou pelo menos deveria saber) que, para alcan\u00e7ar o sucesso corporativo e se manter l\u00e1 por um bom tempo, tra\u00e7ar um caminho predeterminado porque funcionou com outro algu\u00e9m significa mergulhar em uma utopia sem fim. Escalar o neg\u00f3cio, formar uma equipe eficiente, alcan\u00e7ar um faturamento estratosf\u00e9rico, internacionalizar a marca ou garantir investimentos para crescimento s\u00e3o apenas algumas das in\u00fameras defini\u00e7\u00f5es de sucesso que variam de empreendedor para empreendedor. N\u00e3o existe uma f\u00f3rmula \u00fanica que garanta o sucesso de um neg\u00f3cio. \u00c9 preciso gastar sola de sapato para entender sua singularidade e tra\u00e7ar uma jornada mais assertiva ao lado de especialistas reais que entendam a peculiaridade de cada dono.<\/p>\n<p>A Farani Escola de Neg\u00f3cios (FEN) entende e atende o recado do mercado. Eis que surge uma parceria que vai abalar as estruturas da educa\u00e7\u00e3o empreendedora, por meio da uni\u00e3o entre a FEN, Aaron Ross, autor do livro que \u00e9 considerado a B\u00edblia de todo empreendedor, \u201cReceita Previs\u00edvel\u201d, e Thiago Muniz, CEO e s\u00f3cio da Receita Previs\u00edvel no Brasil, que n\u00e3o nadam a favor da corrente.<\/p>\n<p>Ao inv\u00e9s de simplesmente oferecer mais do mesmo sobre como vender mais, a joint venture \u00e9 uma promessa de educa\u00e7\u00e3o empreendedora com foco em vendas que honram a individualidade, a inova\u00e7\u00e3o e a verdadeira disrup\u00e7\u00e3o, e guia os empreendedores em suas jornadas \u00fanicas, ajudando-os a construir o seu pr\u00f3prio caminho para o sucesso, longe de serem apenas mais um tijolo na parede.<\/p>\n<p>Chega de aceitar passivamente o marasmo da conformidade e o abismo da mediocridade. Estamos diante de uma tempestade de transforma\u00e7\u00e3o na educa\u00e7\u00e3o empreendedora, uma que desafia corajosamente cada aluno. Este novo movimento n\u00e3o se contenta em apenas agitar o sistema \u2014 ele busca uma revolu\u00e7\u00e3o de mentes, emponderando cada indiv\u00edduo a se desvencilhar das amarras do convencional.<\/p>\n<p><em>Camila Farani \u00e9 Top Voice no LinkedIn Brasil e a \u00fanica mulher bicampe\u00e3 premiada como Melhor Investidora-Anjo no Startup Awards 2016 e 2018. S\u00f3cia-fundadora da G2 Capital, uma butique de investimentos em empresas de tecnologia, as startups.<\/em><\/p>\n<p><em>Os artigos assinados s\u00e3o de responsabilidade exclusiva dos autores e n\u00e3o refletem, necessariamente, a opini\u00e3o de Forbes Brasil e de seus editores.<\/em><\/p>\n<\/div>\n<p><script type=\"rocketlazyloadscript\">\n\t\t\t\t(function(d, s, id){\n\t\t\t\t\tvar js, fjs = d.getElementsByTagName(s)[0];\n\t\t\t\t\tif (d.getElementById(id)) return;\n\t\t\t\t\tjs = d.createElement(s); js.id = id;\n\t\t\t\t\tjs.src = \"\/\/connect.facebook.net\/pt_BR\/sdk.js#xfbml=1&version=v2.9\";\n\t\t\t\t\tfjs.parentNode.insertBefore(js, fjs);\n\t\t\t\t}(document, 'script', 'facebook-jssdk'));\n\t\t\t<\/script><br \/>\n<br \/><br \/>\n<br \/><a href=\"https:\/\/forbes.com.br\/coluna\/2024\/03\/um-grito-de-socorro-contra-a-conformidade-e-a-mediocridade\/\">Source link <\/a><\/p>\n<!-- CONTENT END 1 -->\n","protected":false},"excerpt":{"rendered":"<p>N\u00f3s empreendedores sabemos que n\u00e3o existe apenas uma resposta para todo mundo. Em um pa\u00eds onde o esp\u00edrito empreendedor palpita no cora\u00e7\u00e3o de mais de&#8230;<\/p>\n","protected":false},"author":1,"featured_media":40946,"comment_status":"open","ping_status":"open","sticky":false,"template":"","format":"standard","meta":{"advanced_seo_description":"","jetpack_seo_html_title":"","jetpack_seo_noindex":false,"jetpack_post_was_ever_published":false,"_jetpack_newsletter_access":"","_jetpack_dont_email_post_to_subs":false,"_jetpack_newsletter_tier_id":0,"_jetpack_memberships_contains_paywalled_content":false,"_jetpack_memberships_contains_paid_content":false,"footnotes":"","jetpack_publicize_message":"","jetpack_publicize_feature_enabled":true,"jetpack_social_post_already_shared":true,"jetpack_social_options":{"image_generator_settings":{"template":"highway","default_image_id":0,"font":"","enabled":false},"version":2}},"categories":[1],"tags":[],"class_list":["post-40945","post","type-post","status-publish","format-standard","has-post-thumbnail","hentry","category-blog"],"jetpack_publicize_connections":[],"jetpack_featured_media_url":"https:\/\/i0.wp.com\/noticiasribeiraopreto.com.br\/wp-content\/uploads\/2024\/03\/Coluna-Camila-Farani-1024x683.png?fit=1024%2C683&ssl=1","jetpack-related-posts":[{"id":55570,"url":"https:\/\/noticiasribeiraopreto.com.br\/index.php\/2024\/08\/03\/mei-facil-banco-neon-oferece-cartao-de-credito-de-ate-r-15-mil-para-empreendedores-veja-como-solicitar-o-seu-2\/","url_meta":{"origin":40945,"position":0},"title":"MEI F\u00e1cil: Banco Neon Oferece Cart\u00e3o de Cr\u00e9dito de At\u00e9 R$ 15 Mil para Empreendedores; Veja como solicitar o seu","author":"noticiasribeiraopreto.com.br","date":"3 de August de 2024","format":false,"excerpt":"Os empreendedores que buscam uma op\u00e7\u00e3o de cart\u00e3o de cr\u00e9dito para investir em seus neg\u00f3cios podem encontrar uma solu\u00e7\u00e3o na MEIF\u00c1CIL no Banco Neon. O cart\u00e3o Banco Neon com recursos de d\u00e9bito e cr\u00e9dito tem limite de at\u00e9 R$ 15.000 e tamb\u00e9m pode ser usado para compras internacionais. A bandeira\u2026","rel":"","context":"In &quot;Dinheiro e Investimento&quot;","block_context":{"text":"Dinheiro e Investimento","link":"https:\/\/noticiasribeiraopreto.com.br\/index.php\/category\/dinheiro-e-investimento-como-fazer-como-ganhar\/"},"img":{"alt_text":"","src":"https:\/\/i0.wp.com\/noticiasribeiraopreto.com.br\/wp-content\/uploads\/2024\/07\/Solicite-agora.webp.webp?fit=1200%2C630&ssl=1&resize=350%2C200","width":350,"height":200,"srcset":"https:\/\/i0.wp.com\/noticiasribeiraopreto.com.br\/wp-content\/uploads\/2024\/07\/Solicite-agora.webp.webp?fit=1200%2C630&ssl=1&resize=350%2C200 1x, https:\/\/i0.wp.com\/noticiasribeiraopreto.com.br\/wp-content\/uploads\/2024\/07\/Solicite-agora.webp.webp?fit=1200%2C630&ssl=1&resize=525%2C300 1.5x, https:\/\/i0.wp.com\/noticiasribeiraopreto.com.br\/wp-content\/uploads\/2024\/07\/Solicite-agora.webp.webp?fit=1200%2C630&ssl=1&resize=700%2C400 2x, https:\/\/i0.wp.com\/noticiasribeiraopreto.com.br\/wp-content\/uploads\/2024\/07\/Solicite-agora.webp.webp?fit=1200%2C630&ssl=1&resize=1050%2C600 3x"},"classes":[]},{"id":39317,"url":"https:\/\/noticiasribeiraopreto.com.br\/index.php\/2024\/02\/24\/empreendedores-negros-vao-para-o-vale-do-silicio\/","url_meta":{"origin":40945,"position":1},"title":"Empreendedores negros v\u00e3o para o Vale do Sil\u00edcio \u00a0","author":"noticiasribeiraopreto.com.br","date":"24 de February de 2024","format":false,"excerpt":"24 de fevereiro de 2024 | 17:0024 de fevereiro de 2024 | 10:22 0Dez empreendedores negros foram selecionados para uma imers\u00e3o de duas semanas no Vale do Sil\u00edcio em 2024. O treinamento faz parte da iniciativa \u201cDo Sil\u00eancio ao Sil\u00edcio\u201d, que est\u00e1 em sua primeira edi\u00e7\u00e3o e tem como miss\u00e3o\u2026","rel":"","context":"In &quot;Not\u00edcias de Ribeir\u00e3o Preto-SP e Regi\u00e3o&quot;","block_context":{"text":"Not\u00edcias de Ribeir\u00e3o Preto-SP e Regi\u00e3o","link":"https:\/\/noticiasribeiraopreto.com.br\/index.php\/category\/noticias-de-ribeirao-preto-sp-e-regiao-ismael-colosi\/"},"img":{"alt_text":"","src":"https:\/\/i0.wp.com\/noticiasribeiraopreto.com.br\/wp-content\/uploads\/2024\/02\/Silicio-Divulgacao.jpeg?fit=872%2C645&ssl=1&resize=350%2C200","width":350,"height":200,"srcset":"https:\/\/i0.wp.com\/noticiasribeiraopreto.com.br\/wp-content\/uploads\/2024\/02\/Silicio-Divulgacao.jpeg?fit=872%2C645&ssl=1&resize=350%2C200 1x, https:\/\/i0.wp.com\/noticiasribeiraopreto.com.br\/wp-content\/uploads\/2024\/02\/Silicio-Divulgacao.jpeg?fit=872%2C645&ssl=1&resize=525%2C300 1.5x, https:\/\/i0.wp.com\/noticiasribeiraopreto.com.br\/wp-content\/uploads\/2024\/02\/Silicio-Divulgacao.jpeg?fit=872%2C645&ssl=1&resize=700%2C400 2x"},"classes":[]},{"id":54805,"url":"https:\/\/noticiasribeiraopreto.com.br\/index.php\/2024\/07\/23\/mei-facil-banco-neon-oferece-cartao-de-credito-de-ate-r-15-mil-para-empreendedores-veja-como-solicitar-o-seu\/","url_meta":{"origin":40945,"position":2},"title":"MEI F\u00e1cil: Banco Neon Oferece Cart\u00e3o de Cr\u00e9dito de At\u00e9 R$ 15 Mil para Empreendedores; Veja como solicitar o seu","author":"noticiasribeiraopreto.com.br","date":"23 de July de 2024","format":false,"excerpt":"Os empreendedores que buscam uma op\u00e7\u00e3o de cart\u00e3o de cr\u00e9dito para investir em seus neg\u00f3cios podem encontrar uma solu\u00e7\u00e3o na MEIF\u00c1CIL no Banco Neon. O cart\u00e3o Banco Neon com recursos de d\u00e9bito e cr\u00e9dito tem limite de at\u00e9 R$ 15.000 e tamb\u00e9m pode ser usado para compras internacionais. A bandeira\u2026","rel":"","context":"In &quot;Dinheiro e Investimento&quot;","block_context":{"text":"Dinheiro e Investimento","link":"https:\/\/noticiasribeiraopreto.com.br\/index.php\/category\/dinheiro-e-investimento-como-fazer-como-ganhar\/"},"img":{"alt_text":"","src":"https:\/\/i0.wp.com\/noticiasribeiraopreto.com.br\/wp-content\/uploads\/2024\/07\/Solicite-agora.webp.webp?fit=1200%2C630&ssl=1&resize=350%2C200","width":350,"height":200,"srcset":"https:\/\/i0.wp.com\/noticiasribeiraopreto.com.br\/wp-content\/uploads\/2024\/07\/Solicite-agora.webp.webp?fit=1200%2C630&ssl=1&resize=350%2C200 1x, https:\/\/i0.wp.com\/noticiasribeiraopreto.com.br\/wp-content\/uploads\/2024\/07\/Solicite-agora.webp.webp?fit=1200%2C630&ssl=1&resize=525%2C300 1.5x, https:\/\/i0.wp.com\/noticiasribeiraopreto.com.br\/wp-content\/uploads\/2024\/07\/Solicite-agora.webp.webp?fit=1200%2C630&ssl=1&resize=700%2C400 2x, https:\/\/i0.wp.com\/noticiasribeiraopreto.com.br\/wp-content\/uploads\/2024\/07\/Solicite-agora.webp.webp?fit=1200%2C630&ssl=1&resize=1050%2C600 3x"},"classes":[]},{"id":34715,"url":"https:\/\/noticiasribeiraopreto.com.br\/index.php\/2024\/02\/03\/5-dicas-de-empreendedores-para-ganhar-dinheiro\/","url_meta":{"origin":40945,"position":3},"title":"5 dicas de empreendedores para ganhar dinheiro","author":"noticiasribeiraopreto.com.br","date":"3 de February de 2024","format":false,"excerpt":"Getty ImagesO networking estrat\u00e9gico \u00e9 um dos principais diferenciais dos empreendedores de sucesso \u00c9 f\u00e1cil se deixar levar pelo fasc\u00ednio de hist\u00f3rias de sucesso da noite para o dia. A ideia de enriquecimento r\u00e1pido e de realizar seus sonhos sem muito esfor\u00e7o \u00e9 tentadora. No entanto, a realidade \u00e9 que\u2026","rel":"","context":"In &quot;Blog&quot;","block_context":{"text":"Blog","link":"https:\/\/noticiasribeiraopreto.com.br\/index.php\/category\/blog\/"},"img":{"alt_text":"","src":"https:\/\/i0.wp.com\/noticiasribeiraopreto.com.br\/wp-content\/uploads\/2024\/02\/carreira-empreendedorismo-ricos-1024x683.jpg?fit=1024%2C683&ssl=1&resize=350%2C200","width":350,"height":200,"srcset":"https:\/\/i0.wp.com\/noticiasribeiraopreto.com.br\/wp-content\/uploads\/2024\/02\/carreira-empreendedorismo-ricos-1024x683.jpg?fit=1024%2C683&ssl=1&resize=350%2C200 1x, https:\/\/i0.wp.com\/noticiasribeiraopreto.com.br\/wp-content\/uploads\/2024\/02\/carreira-empreendedorismo-ricos-1024x683.jpg?fit=1024%2C683&ssl=1&resize=525%2C300 1.5x, https:\/\/i0.wp.com\/noticiasribeiraopreto.com.br\/wp-content\/uploads\/2024\/02\/carreira-empreendedorismo-ricos-1024x683.jpg?fit=1024%2C683&ssl=1&resize=700%2C400 2x"},"classes":[]},{"id":64187,"url":"https:\/\/noticiasribeiraopreto.com.br\/index.php\/2025\/03\/04\/empresario-miguel-el-debs-ministra-mentoria-no-1o-evento-do-lide-futuro-de-2025\/","url_meta":{"origin":40945,"position":4},"title":"Empres\u00e1rio Miguel El Debs ministra mentoria no 1\u00ba evento do LIDE Futuro de 2025","author":"noticiasribeiraopreto.com.br","date":"4 de March de 2025","format":false,"excerpt":"O primeiro evento do LIDE Futuro Ribeir\u00e3o Preto promoveu uma mentoria com o empres\u00e1rio Miguel El Debs, Head do LIDE Empreendedor, na \u00faltima quarta-feira, 26. O encontro \u2013 exclusivo para filiados \u2013 teve como tema principal \u201cA relev\u00e2ncia da criatividade no relacionamento empreendedor\u201d. Durante a mentoria, Debs detalhou sua trajet\u00f3ria\u2026","rel":"","context":"In &quot;Not\u00edcias de Ribeir\u00e3o Preto-SP e Regi\u00e3o&quot;","block_context":{"text":"Not\u00edcias de Ribeir\u00e3o Preto-SP e Regi\u00e3o","link":"https:\/\/noticiasribeiraopreto.com.br\/index.php\/category\/noticias-de-ribeirao-preto-sp-e-regiao-ismael-colosi\/"},"img":{"alt_text":"","src":"https:\/\/i0.wp.com\/noticiasribeiraopreto.com.br\/wp-content\/uploads\/2025\/03\/WhatsApp-Image-2025-02-27-at-17.12.40.jpeg?fit=800%2C533&ssl=1&resize=350%2C200","width":350,"height":200,"srcset":"https:\/\/i0.wp.com\/noticiasribeiraopreto.com.br\/wp-content\/uploads\/2025\/03\/WhatsApp-Image-2025-02-27-at-17.12.40.jpeg?fit=800%2C533&ssl=1&resize=350%2C200 1x, https:\/\/i0.wp.com\/noticiasribeiraopreto.com.br\/wp-content\/uploads\/2025\/03\/WhatsApp-Image-2025-02-27-at-17.12.40.jpeg?fit=800%2C533&ssl=1&resize=525%2C300 1.5x, https:\/\/i0.wp.com\/noticiasribeiraopreto.com.br\/wp-content\/uploads\/2025\/03\/WhatsApp-Image-2025-02-27-at-17.12.40.jpeg?fit=800%2C533&ssl=1&resize=700%2C400 2x"},"classes":[]},{"id":26527,"url":"https:\/\/noticiasribeiraopreto.com.br\/index.php\/2024\/01\/10\/como-emitir-a-nota-fiscal-de-servico-sendo-microempreendedor-individual-2024\/","url_meta":{"origin":40945,"position":5},"title":"como emitir a Nota Fiscal de Servi\u00e7o sendo Microempreendedor Individual? [2024]","author":"noticiasribeiraopreto.com.br","date":"10 de January de 2024","format":false,"excerpt":"Se voc\u00ea \u00e9 um dos mais de 15 milh\u00f5es de MEI\u2019s no Brasil, com certeza j\u00e1 ouviu falar sobre a NFS-e Nacional! Um assunto muito abordado por Microempreendedores Individuais no ano de 2023, pois, foram os primeiros a se deparar com a obrigatoriedade de aderir a esse novo modelo de\u2026","rel":"","context":"In &quot;Dinheiro e Investimento&quot;","block_context":{"text":"Dinheiro e Investimento","link":"https:\/\/noticiasribeiraopreto.com.br\/index.php\/category\/dinheiro-e-investimento-como-fazer-como-ganhar\/"},"img":{"alt_text":"","src":"https:\/\/i0.wp.com\/noticiasribeiraopreto.com.br\/wp-content\/uploads\/2024\/01\/nfs-e-mei-nova-nota-fiscal-de-servico-padrao-nacional.png?fit=750%2C500&ssl=1&resize=350%2C200","width":350,"height":200,"srcset":"https:\/\/i0.wp.com\/noticiasribeiraopreto.com.br\/wp-content\/uploads\/2024\/01\/nfs-e-mei-nova-nota-fiscal-de-servico-padrao-nacional.png?fit=750%2C500&ssl=1&resize=350%2C200 1x, https:\/\/i0.wp.com\/noticiasribeiraopreto.com.br\/wp-content\/uploads\/2024\/01\/nfs-e-mei-nova-nota-fiscal-de-servico-padrao-nacional.png?fit=750%2C500&ssl=1&resize=525%2C300 1.5x, https:\/\/i0.wp.com\/noticiasribeiraopreto.com.br\/wp-content\/uploads\/2024\/01\/nfs-e-mei-nova-nota-fiscal-de-servico-padrao-nacional.png?fit=750%2C500&ssl=1&resize=700%2C400 2x"},"classes":[]}],"jetpack_sharing_enabled":true,"jetpack_shortlink":"https:\/\/wp.me\/peQAOb-aEp","_links":{"self":[{"href":"https:\/\/noticiasribeiraopreto.com.br\/index.php\/wp-json\/wp\/v2\/posts\/40945","targetHints":{"allow":["GET"]}}],"collection":[{"href":"https:\/\/noticiasribeiraopreto.com.br\/index.php\/wp-json\/wp\/v2\/posts"}],"about":[{"href":"https:\/\/noticiasribeiraopreto.com.br\/index.php\/wp-json\/wp\/v2\/types\/post"}],"author":[{"embeddable":true,"href":"https:\/\/noticiasribeiraopreto.com.br\/index.php\/wp-json\/wp\/v2\/users\/1"}],"replies":[{"embeddable":true,"href":"https:\/\/noticiasribeiraopreto.com.br\/index.php\/wp-json\/wp\/v2\/comments?post=40945"}],"version-history":[{"count":0,"href":"https:\/\/noticiasribeiraopreto.com.br\/index.php\/wp-json\/wp\/v2\/posts\/40945\/revisions"}],"wp:featuredmedia":[{"embeddable":true,"href":"https:\/\/noticiasribeiraopreto.com.br\/index.php\/wp-json\/wp\/v2\/media\/40946"}],"wp:attachment":[{"href":"https:\/\/noticiasribeiraopreto.com.br\/index.php\/wp-json\/wp\/v2\/media?parent=40945"}],"wp:term":[{"taxonomy":"category","embeddable":true,"href":"https:\/\/noticiasribeiraopreto.com.br\/index.php\/wp-json\/wp\/v2\/categories?post=40945"},{"taxonomy":"post_tag","embeddable":true,"href":"https:\/\/noticiasribeiraopreto.com.br\/index.php\/wp-json\/wp\/v2\/tags?post=40945"}],"curies":[{"name":"wp","href":"https:\/\/api.w.org\/{rel}","templated":true}]}}