{"id":40970,"date":"2024-03-06T09:26:12","date_gmt":"2024-03-06T12:26:12","guid":{"rendered":"https:\/\/noticiasribeiraopreto.com.br\/index.php\/2024\/03\/06\/ciee-lanca-programa-com-foco-em-tecnologia-com-5-mil-vagas-de-jovem-aprendiz\/"},"modified":"2024-03-06T09:26:12","modified_gmt":"2024-03-06T12:26:12","slug":"ciee-lanca-programa-com-foco-em-tecnologia-com-5-mil-vagas-de-jovem-aprendiz","status":"publish","type":"post","link":"https:\/\/noticiasribeiraopreto.com.br\/index.php\/2024\/03\/06\/ciee-lanca-programa-com-foco-em-tecnologia-com-5-mil-vagas-de-jovem-aprendiz\/","title":{"rendered":"CIEE lan\u00e7a programa com foco em tecnologia com 5 mil vagas de jovem aprendiz"},"content":{"rendered":"<div class='code-block code-block-1' style='margin: 8px 0 8px auto; text-align: right; display: block; clear: both;'>\n<p><a href=\"https:\/\/wa.link\/vpicfd\"><img data-recalc-dims=\"1\" class=\"wp-image-4922\" style=\"aspect-ratio: 2.0253164556962027; width: 561px; height: auto;\" src=\"https:\/\/i0.wp.com\/ismaelcolosi.com.br\/wp-content\/uploads\/2023\/11\/grupo-de-empregos-whatsapp-e-facebook-ismael-colosi-vagas.jpg?ssl=1\" alt=\"\" \/><\/a><\/p>\n<!-- \/wp:image -->\n<\/div>\n<p> <br \/>\n<\/p>\n<div id=\"\">\n<div class=\"content-infos\">\n<div class=\"texts\">\n<p class=\"author tooltip-comp\"> Da reda\u00e7\u00e3o<span class=\"icon-i\">i<\/span><span class=\"tooltiptext\"> <span class=\"author\"><span>Da reda\u00e7\u00e3o<\/span> <\/span><span class=\"desc\"\/> <\/span><\/p>\n<p>06\/03\/2024 &#8211; 9:17<\/p>\n<\/div>\n<div id=\"share-modal\" class=\"share-modal\"> <button class=\"box-close btn-share\"> <img decoding=\"async\" src=\"https:\/\/istoedinheiro.com.br\/wp-content\/themes\/dinheiro-wp-theme\/assets\/img\/svg\/closeIcon.svg?x46096\" alt=\"Close icon\" class=\"close-btn lazy\"\/> <\/button><\/div>\n<\/p><\/div>\n<p>O <strong>Centro de Integra\u00e7\u00e3o Empresa-Escola \u2013 CIEE<\/strong>, ONG de inclus\u00e3o social e empregabilidade jovem, lan\u00e7ou nesta quarta-feira, 6, um programa com foco em tecnologia, que promete abrir 5 mil vagas de jovem aprendiz at\u00e9 o final de 2024.<\/p>\n<p>A expectativa \u00e9 que os aprendizes contratados tenham acesso a um conte\u00fado que prev\u00ea fortalecimento de especialidades em comunica\u00e7\u00e3o, racioc\u00ednio l\u00f3gico e pensamento computacional.<\/p>\n<p>A medida concilia mais de 500 horas dedicadas ao estudo da l\u00edngua inglesa, estat\u00edstica, banco de dados, entre outros temas.<\/p>\n<p><strong>+ Emprego com carteira no setor privado aumenta em 335 mil vagas em um trimestre, aponta IBGE<\/strong><\/p>\n<p>\u201cOs campos de estudo desenhados dialogam com as necessidades e desafios dos profissionais do futuro\u201d, diz o CIEE.<\/p>\n<p>Denominado de \u201cPrograma de Aprendizagem Impulso Digital\u201d, ele \u00e9 realizado em parceria com a Ada Tech, plataforma de educa\u00e7\u00e3o para empregabilidade no mundo de tecnologia.<\/p>\n<p>A iniciativa tamb\u00e9m conta com o apoio do Movtech, coaliz\u00e3o de organiza\u00e7\u00f5es que buscam direcionar recursos para investimento social em educa\u00e7\u00e3o e tecnologia. O objetivo do grupo de empresas \u00e9 at\u00e9 2030 despertar, capacitar e empregar mais jovens no setor de tecnologia.<\/p>\n<section data-hb-type=\"ads\" name=\"adsMateria\" data-hb-position=\"after-content\" data-hb-provider=\"\">\n<hr\/>\n<\/section>\n<div id=\"share-modal\" class=\"share-modal\"> <button class=\"box-close btn-share\"> <img decoding=\"async\" src=\"https:\/\/istoedinheiro.com.br\/wp-content\/themes\/dinheiro-wp-theme\/assets\/img\/svg\/closeIcon.svg?x46096\" alt=\"Close icon\" class=\"close-btn lazy\"\/> <\/button><\/div>\n<\/p><\/div>\n<p><script>!function(f,b,e,v,n,t,s){if(f.fbq)return;n=f.fbq=function(){n.callMethod?n.callMethod.apply(n,arguments):n.queue.push(arguments)};if(!f._fbq)f._fbq=n;n.push=n;n.loaded=!0;n.version='2.0';n.queue=[];t=b.createElement(e);t.async=!0;t.src=v;s=b.getElementsByTagName(e)[0];s.parentNode.insertBefore(t,s)}(window,document,'script','<\/script><br \/>\n<br \/><br \/>\n<br \/><a href=\"https:\/\/istoedinheiro.com.br\/ciee-lanca-programa-com-foco-em-tecnologia-com-5-mil-vagas-de-jovem-aprendiz\/\">Source link <\/a><\/p>\n<!-- CONTENT END 1 -->\n","protected":false},"excerpt":{"rendered":"<p>Da reda\u00e7\u00e3oi Da reda\u00e7\u00e3o 06\/03\/2024 &#8211; 9:17 O Centro de Integra\u00e7\u00e3o Empresa-Escola \u2013 CIEE, ONG de inclus\u00e3o social e empregabilidade jovem, lan\u00e7ou nesta quarta-feira, 6,&#8230;<\/p>\n","protected":false},"author":1,"featured_media":40971,"comment_status":"open","ping_status":"open","sticky":false,"template":"","format":"standard","meta":{"advanced_seo_description":"","jetpack_seo_html_title":"","jetpack_seo_noindex":false,"jetpack_post_was_ever_published":false,"_jetpack_newsletter_access":"","_jetpack_dont_email_post_to_subs":false,"_jetpack_newsletter_tier_id":0,"_jetpack_memberships_contains_paywalled_content":false,"_jetpack_memberships_contains_paid_content":false,"footnotes":"","jetpack_publicize_message":"","jetpack_publicize_feature_enabled":true,"jetpack_social_post_already_shared":true,"jetpack_social_options":{"image_generator_settings":{"template":"highway","default_image_id":0,"font":"","enabled":false},"version":2}},"categories":[3598],"tags":[],"class_list":["post-40970","post","type-post","status-publish","format-standard","has-post-thumbnail","hentry","category-empregos-classificados-vagas-trabalho"],"jetpack_publicize_connections":[],"jetpack_featured_media_url":"https:\/\/i0.wp.com\/noticiasribeiraopreto.com.br\/wp-content\/uploads\/2024\/03\/tec.jpg?fit=1170%2C700&ssl=1","jetpack-related-posts":[{"id":41748,"url":"https:\/\/noticiasribeiraopreto.com.br\/index.php\/2024\/03\/11\/como-vai-funcionar-o-programa-do-ciee-com-5-mil-vagas-de-jovem-aprendiz\/","url_meta":{"origin":40970,"position":0},"title":"Como vai funcionar o programa do CIEE com 5 mil vagas de jovem aprendiz","author":"noticiasribeiraopreto.com.br","date":"11 de March de 2024","format":false,"excerpt":"Mauro Balhessai Mauro Balhessa 11\/03\/2024 - 7:02 O Centro de Integra\u00e7\u00e3o Empresa-Escola \u2013 CIEE apresentou um programa de aprendizagem denominado de \u201cImpulso Digital\u201d, que promete abrir 5 mil vagas de jovem aprendiz direcionadas \u00e0 tecnologia at\u00e9 o final de 2024.Vale destacar que o jovem aprendiz \u00e9 direcionado para pessoas de\u2026","rel":"","context":"In &quot;Empregos - Classificados&quot;","block_context":{"text":"Empregos - Classificados","link":"https:\/\/noticiasribeiraopreto.com.br\/index.php\/category\/empregos-classificados-vagas-trabalho\/"},"img":{"alt_text":"","src":"https:\/\/i0.wp.com\/noticiasribeiraopreto.com.br\/wp-content\/uploads\/2024\/03\/jovemaprendiz.jpg?fit=1200%2C805&ssl=1&resize=350%2C200","width":350,"height":200,"srcset":"https:\/\/i0.wp.com\/noticiasribeiraopreto.com.br\/wp-content\/uploads\/2024\/03\/jovemaprendiz.jpg?fit=1200%2C805&ssl=1&resize=350%2C200 1x, https:\/\/i0.wp.com\/noticiasribeiraopreto.com.br\/wp-content\/uploads\/2024\/03\/jovemaprendiz.jpg?fit=1200%2C805&ssl=1&resize=525%2C300 1.5x, https:\/\/i0.wp.com\/noticiasribeiraopreto.com.br\/wp-content\/uploads\/2024\/03\/jovemaprendiz.jpg?fit=1200%2C805&ssl=1&resize=700%2C400 2x, https:\/\/i0.wp.com\/noticiasribeiraopreto.com.br\/wp-content\/uploads\/2024\/03\/jovemaprendiz.jpg?fit=1200%2C805&ssl=1&resize=1050%2C600 3x"},"classes":[]},{"id":41332,"url":"https:\/\/noticiasribeiraopreto.com.br\/index.php\/2024\/03\/07\/jovem-aprendiz-ciee-lanca-programa-na-area-de-tecnologia-com-5-mil-vagas\/","url_meta":{"origin":40970,"position":1},"title":"Jovem aprendiz: CIEE lan\u00e7a programa na \u00e1rea de tecnologia com 5 mil vagas","author":"noticiasribeiraopreto.com.br","date":"7 de March de 2024","format":false,"excerpt":"O Centro de Integra\u00e7\u00e3o da Escola de Neg\u00f3cios (CIEE), conhecida ONG dedicada \u00e0 inclus\u00e3o social e \u00e0 empregabilidade juvenil, deu um importante passo ao lan\u00e7ar, nesta quarta-feira, 6, o \u201cPrograma de Aprendizagem por Impulso Digital\u201d. Com foco em tecnologia, o ambicioso programa pretende abrir 5 mil vagas para jovens aprendizes\u2026","rel":"","context":"In &quot;Empregos - Classificados&quot;","block_context":{"text":"Empregos - Classificados","link":"https:\/\/noticiasribeiraopreto.com.br\/index.php\/category\/empregos-classificados-vagas-trabalho\/"},"img":{"alt_text":"","src":"https:\/\/i0.wp.com\/noticiasribeiraopreto.com.br\/wp-content\/uploads\/2024\/03\/alavancar-sua.webp.jpeg?fit=1200%2C630&ssl=1&resize=350%2C200","width":350,"height":200,"srcset":"https:\/\/i0.wp.com\/noticiasribeiraopreto.com.br\/wp-content\/uploads\/2024\/03\/alavancar-sua.webp.jpeg?fit=1200%2C630&ssl=1&resize=350%2C200 1x, https:\/\/i0.wp.com\/noticiasribeiraopreto.com.br\/wp-content\/uploads\/2024\/03\/alavancar-sua.webp.jpeg?fit=1200%2C630&ssl=1&resize=525%2C300 1.5x, https:\/\/i0.wp.com\/noticiasribeiraopreto.com.br\/wp-content\/uploads\/2024\/03\/alavancar-sua.webp.jpeg?fit=1200%2C630&ssl=1&resize=700%2C400 2x, https:\/\/i0.wp.com\/noticiasribeiraopreto.com.br\/wp-content\/uploads\/2024\/03\/alavancar-sua.webp.jpeg?fit=1200%2C630&ssl=1&resize=1050%2C600 3x"},"classes":[]},{"id":63602,"url":"https:\/\/noticiasribeiraopreto.com.br\/index.php\/2025\/02\/17\/maratona-de-vagas-tera-568-oportunidades-de-estagio-e-jovem-aprendiz-em-ribeirao-preto\/","url_meta":{"origin":40970,"position":2},"title":"&#8216;Maratona de vagas&#8217; ter\u00e1 568 oportunidades de est\u00e1gio e jovem aprendiz em Ribeir\u00e3o Preto","author":"noticiasribeiraopreto.com.br","date":"17 de February de 2025","format":false,"excerpt":"Jovens e estudantes que buscam uma oportunidade de est\u00e1gio ou jovem aprendiz poder\u00e3o participar do projeto \u2018Maratona de Vaga\u2019 do CIEE (Centro de Integra\u00e7\u00e3o Empresa-Escola) nesta quinta-feira (20), das 9h \u00e0s 15h, em Ribeir\u00e3o Preto. A a\u00e7\u00e3o acontece em celebra\u00e7\u00e3o aos 61 anos de exist\u00eancia da institui\u00e7\u00e3o e pretende reunir\u2026","rel":"","context":"In &quot;Not\u00edcias de Ribeir\u00e3o Preto-SP e Regi\u00e3o&quot;","block_context":{"text":"Not\u00edcias de Ribeir\u00e3o Preto-SP e Regi\u00e3o","link":"https:\/\/noticiasribeiraopreto.com.br\/index.php\/category\/noticias-de-ribeirao-preto-sp-e-regiao-ismael-colosi\/"},"img":{"alt_text":"","src":"https:\/\/i0.wp.com\/noticiasribeiraopreto.com.br\/wp-content\/uploads\/2025\/02\/jovem-estudando-na-biblioteca-da-universidade-scaled.jpg?fit=1200%2C800&ssl=1&resize=350%2C200","width":350,"height":200,"srcset":"https:\/\/i0.wp.com\/noticiasribeiraopreto.com.br\/wp-content\/uploads\/2025\/02\/jovem-estudando-na-biblioteca-da-universidade-scaled.jpg?fit=1200%2C800&ssl=1&resize=350%2C200 1x, https:\/\/i0.wp.com\/noticiasribeiraopreto.com.br\/wp-content\/uploads\/2025\/02\/jovem-estudando-na-biblioteca-da-universidade-scaled.jpg?fit=1200%2C800&ssl=1&resize=525%2C300 1.5x, https:\/\/i0.wp.com\/noticiasribeiraopreto.com.br\/wp-content\/uploads\/2025\/02\/jovem-estudando-na-biblioteca-da-universidade-scaled.jpg?fit=1200%2C800&ssl=1&resize=700%2C400 2x, https:\/\/i0.wp.com\/noticiasribeiraopreto.com.br\/wp-content\/uploads\/2025\/02\/jovem-estudando-na-biblioteca-da-universidade-scaled.jpg?fit=1200%2C800&ssl=1&resize=1050%2C600 3x"},"classes":[]},{"id":14528,"url":"https:\/\/noticiasribeiraopreto.com.br\/index.php\/2023\/12\/12\/mutirao-do-ciee-tem-5-mil-vagas-de-estagio-no-rio-de-janeiro\/","url_meta":{"origin":40970,"position":3},"title":"Mutir\u00e3o do CIEE tem 5 mil vagas de est\u00e1gio no Rio de Janeiro","author":"noticiasribeiraopreto.com.br","date":"12 de December de 2023","format":false,"excerpt":"O Centro de Integra\u00e7\u00e3o Empresa no Rio de Janeiro (CIEE) oferece cinco mil vagas extras de est\u00e1gio para jovens estudantes de qualquer \u00e1rea de forma\u00e7\u00e3o a partir do segundo per\u00edodo da faculdade. O Mutir\u00e3o do CIEE acontece nesta ter\u00e7a-feira, 12, na esta\u00e7\u00e3o Carioca\/Centro do Metr\u00f4Rio. Cr\u00e9ditos: Divulga\u00e7\u00e3oMutir\u00e3o do CIEE tem\u2026","rel":"","context":"In &quot;Variedades&quot;","block_context":{"text":"Variedades","link":"https:\/\/noticiasribeiraopreto.com.br\/index.php\/category\/variedades\/"},"img":{"alt_text":"","src":"https:\/\/i0.wp.com\/noticiasribeiraopreto.com.br\/wp-content\/uploads\/2023\/12\/curso-gratuito-ciee-rj.jpg?fit=1200%2C638&ssl=1&resize=350%2C200","width":350,"height":200,"srcset":"https:\/\/i0.wp.com\/noticiasribeiraopreto.com.br\/wp-content\/uploads\/2023\/12\/curso-gratuito-ciee-rj.jpg?fit=1200%2C638&ssl=1&resize=350%2C200 1x, https:\/\/i0.wp.com\/noticiasribeiraopreto.com.br\/wp-content\/uploads\/2023\/12\/curso-gratuito-ciee-rj.jpg?fit=1200%2C638&ssl=1&resize=525%2C300 1.5x, https:\/\/i0.wp.com\/noticiasribeiraopreto.com.br\/wp-content\/uploads\/2023\/12\/curso-gratuito-ciee-rj.jpg?fit=1200%2C638&ssl=1&resize=700%2C400 2x, https:\/\/i0.wp.com\/noticiasribeiraopreto.com.br\/wp-content\/uploads\/2023\/12\/curso-gratuito-ciee-rj.jpg?fit=1200%2C638&ssl=1&resize=1050%2C600 3x"},"classes":[]},{"id":35942,"url":"https:\/\/noticiasribeiraopreto.com.br\/index.php\/2024\/02\/08\/jovem-aprendiz-banco-do-brasil-2024-vagas-abertas-veja-tudo-sobre-inscricoes-e-salarios\/","url_meta":{"origin":40970,"position":4},"title":"Jovem aprendiz Banco do Brasil 2024: Vagas abertas! Veja tudo sobre inscri\u00e7\u00f5es e sal\u00e1rios","author":"noticiasribeiraopreto.com.br","date":"8 de February de 2024","format":false,"excerpt":"Adolescentes e jovens em busca do primeiro emprego podem dar um grande passo rumo ao mercado de trabalho no Jovem Aprendiz Banco do Brasil 2024. Desenvolvido pelo governo federal, esse programa oferece diversas oportunidades que voc\u00ea pode aproveitar. Saiba agora como garantir sua vaga no Jovem Aprendiz Banco do Brasil\u2026","rel":"","context":"In &quot;Empregos - Classificados&quot;","block_context":{"text":"Empregos - Classificados","link":"https:\/\/noticiasribeiraopreto.com.br\/index.php\/category\/empregos-classificados-vagas-trabalho\/"},"img":{"alt_text":"","src":"https:\/\/i0.wp.com\/noticiasribeiraopreto.com.br\/wp-content\/uploads\/2024\/02\/JOVEM-APRENDIZ-BANCO-DO-BRASIL.png?fit=1200%2C630&ssl=1&resize=350%2C200","width":350,"height":200,"srcset":"https:\/\/i0.wp.com\/noticiasribeiraopreto.com.br\/wp-content\/uploads\/2024\/02\/JOVEM-APRENDIZ-BANCO-DO-BRASIL.png?fit=1200%2C630&ssl=1&resize=350%2C200 1x, https:\/\/i0.wp.com\/noticiasribeiraopreto.com.br\/wp-content\/uploads\/2024\/02\/JOVEM-APRENDIZ-BANCO-DO-BRASIL.png?fit=1200%2C630&ssl=1&resize=525%2C300 1.5x, https:\/\/i0.wp.com\/noticiasribeiraopreto.com.br\/wp-content\/uploads\/2024\/02\/JOVEM-APRENDIZ-BANCO-DO-BRASIL.png?fit=1200%2C630&ssl=1&resize=700%2C400 2x, https:\/\/i0.wp.com\/noticiasribeiraopreto.com.br\/wp-content\/uploads\/2024\/02\/JOVEM-APRENDIZ-BANCO-DO-BRASIL.png?fit=1200%2C630&ssl=1&resize=1050%2C600 3x"},"classes":[]},{"id":54209,"url":"https:\/\/noticiasribeiraopreto.com.br\/index.php\/2024\/07\/05\/jovem-aprendiz-ambev-2024-inscricoes-abertas-com-bolsa-de-ate-r-1-000-aproveite-a-oportunidade-e-inscreva-se-2\/","url_meta":{"origin":40970,"position":5},"title":"Jovem Aprendiz Ambev 2024: Inscri\u00e7\u00f5es abertas com bolsa de at\u00e9 R$ 1.000 ; Aproveite a oportunidade e inscreva-se","author":"noticiasribeiraopreto.com.br","date":"5 de July de 2024","format":false,"excerpt":"A Ambev est\u00e1 conduzindo um processo de transforma\u00e7\u00e3o dentro da equipe. Essa transforma\u00e7\u00e3o visa criar um ambiente de trabalho mais inclusivo, diverso e solid\u00e1rio, que prepare as empresas para enfrentar os desafios do futuro com resili\u00eancia. A recente campanha de recrutamento de Jovens Aprendizes \u00e9 um exemplo dessa nova fase,\u2026","rel":"","context":"In &quot;Empregos - Classificados&quot;","block_context":{"text":"Empregos - Classificados","link":"https:\/\/noticiasribeiraopreto.com.br\/index.php\/category\/empregos-classificados-vagas-trabalho\/"},"img":{"alt_text":"","src":"https:\/\/i0.wp.com\/noticiasribeiraopreto.com.br\/wp-content\/uploads\/2024\/06\/www.Financasbrasil.org_-1.webp.webp?fit=1200%2C630&ssl=1&resize=350%2C200","width":350,"height":200,"srcset":"https:\/\/i0.wp.com\/noticiasribeiraopreto.com.br\/wp-content\/uploads\/2024\/06\/www.Financasbrasil.org_-1.webp.webp?fit=1200%2C630&ssl=1&resize=350%2C200 1x, https:\/\/i0.wp.com\/noticiasribeiraopreto.com.br\/wp-content\/uploads\/2024\/06\/www.Financasbrasil.org_-1.webp.webp?fit=1200%2C630&ssl=1&resize=525%2C300 1.5x, https:\/\/i0.wp.com\/noticiasribeiraopreto.com.br\/wp-content\/uploads\/2024\/06\/www.Financasbrasil.org_-1.webp.webp?fit=1200%2C630&ssl=1&resize=700%2C400 2x, https:\/\/i0.wp.com\/noticiasribeiraopreto.com.br\/wp-content\/uploads\/2024\/06\/www.Financasbrasil.org_-1.webp.webp?fit=1200%2C630&ssl=1&resize=1050%2C600 3x"},"classes":[]}],"jetpack_sharing_enabled":true,"jetpack_shortlink":"https:\/\/wp.me\/peQAOb-aEO","_links":{"self":[{"href":"https:\/\/noticiasribeiraopreto.com.br\/index.php\/wp-json\/wp\/v2\/posts\/40970","targetHints":{"allow":["GET"]}}],"collection":[{"href":"https:\/\/noticiasribeiraopreto.com.br\/index.php\/wp-json\/wp\/v2\/posts"}],"about":[{"href":"https:\/\/noticiasribeiraopreto.com.br\/index.php\/wp-json\/wp\/v2\/types\/post"}],"author":[{"embeddable":true,"href":"https:\/\/noticiasribeiraopreto.com.br\/index.php\/wp-json\/wp\/v2\/users\/1"}],"replies":[{"embeddable":true,"href":"https:\/\/noticiasribeiraopreto.com.br\/index.php\/wp-json\/wp\/v2\/comments?post=40970"}],"version-history":[{"count":0,"href":"https:\/\/noticiasribeiraopreto.com.br\/index.php\/wp-json\/wp\/v2\/posts\/40970\/revisions"}],"wp:featuredmedia":[{"embeddable":true,"href":"https:\/\/noticiasribeiraopreto.com.br\/index.php\/wp-json\/wp\/v2\/media\/40971"}],"wp:attachment":[{"href":"https:\/\/noticiasribeiraopreto.com.br\/index.php\/wp-json\/wp\/v2\/media?parent=40970"}],"wp:term":[{"taxonomy":"category","embeddable":true,"href":"https:\/\/noticiasribeiraopreto.com.br\/index.php\/wp-json\/wp\/v2\/categories?post=40970"},{"taxonomy":"post_tag","embeddable":true,"href":"https:\/\/noticiasribeiraopreto.com.br\/index.php\/wp-json\/wp\/v2\/tags?post=40970"}],"curies":[{"name":"wp","href":"https:\/\/api.w.org\/{rel}","templated":true}]}}