{"id":40972,"date":"2024-03-06T09:29:39","date_gmt":"2024-03-06T12:29:39","guid":{"rendered":"https:\/\/noticiasribeiraopreto.com.br\/index.php\/2024\/03\/06\/como-voce-se-ve-daqui-a-5-anos-7-dicas-para-responder\/"},"modified":"2024-03-06T09:29:39","modified_gmt":"2024-03-06T12:29:39","slug":"como-voce-se-ve-daqui-a-5-anos-7-dicas-para-responder","status":"publish","type":"post","link":"https:\/\/noticiasribeiraopreto.com.br\/index.php\/2024\/03\/06\/como-voce-se-ve-daqui-a-5-anos-7-dicas-para-responder\/","title":{"rendered":"Como voc\u00ea se v\u00ea daqui a 5 anos: 7 dicas para responder"},"content":{"rendered":"<div class='code-block code-block-1' style='margin: 8px 0 8px auto; text-align: right; display: block; clear: both;'>\n<p><a href=\"https:\/\/wa.link\/vpicfd\"><img data-recalc-dims=\"1\" class=\"wp-image-4922\" style=\"aspect-ratio: 2.0253164556962027; width: 561px; height: auto;\" src=\"https:\/\/i0.wp.com\/ismaelcolosi.com.br\/wp-content\/uploads\/2023\/11\/grupo-de-empregos-whatsapp-e-facebook-ismael-colosi-vagas.jpg?ssl=1\" alt=\"\" \/><\/a><\/p>\n<!-- \/wp:image -->\n<\/div>\n<p> <br \/>\n<\/p>\n<div>\n<p>Voc\u00ea j\u00e1 participou de uma entrevista de emprego e recebeu a seguinte pergunta do recrutador: \u201ccomo voc\u00ea se v\u00ea daqui a 5 anos?\u201d<\/p>\n<p>O processo seletivo para entrar em uma nova vaga de emprego nem sempre \u00e9 algo f\u00e1cil, afinal, s\u00e3o feitas diversas perguntas, testes e din\u00e2micas para entender se o candidato \u00e9 apto para trabalhar ali. Mas saiba que \u00e9 poss\u00edvel se preparar para todas elas e alcan\u00e7ar a vaga desejada.<\/p>\n<p>Ao ser perguntado sobre o seu futuro, voc\u00ea sabe exatamente o que responder? Selecionamos 7 op\u00e7\u00f5es de respostas para te ajudar a formular a sua, demonstrando preparo, ambi\u00e7\u00e3o e maturidade para conquistar o emprego. Confira abaixo.<\/p>\n<nav class=\"toc-container  active\">\n<hr\/>\n<\/nav>\n<h2 class=\"wp-block-heading\" id=\"O_que_o_recrutador_quer_ouvir_com_essa_pergunta\">O que o recrutador quer ouvir com essa pergunta?<\/h2>\n<p>Ao longo do\u00a0processo seletivo, o recrutador avalia o candidato em todas as etapas para saber se ele possui autoconhecimento sobre suas habilidades e se os seus objetivos est\u00e3o alinhados com a empresa.<\/p>\n<p>Ao fazer essa pergunta,\u00a0<strong>o recrutador percebe se o candidato tem objetivos bem definidos<\/strong>. Al\u00e9m disso, ele sabe quando um candidato est\u00e1 procurando um emprego sem perspectiva de crescimento na carreira.<\/p>\n<p>Nesse caso, existe o risco de contratar um funcion\u00e1rio que n\u00e3o permanecer\u00e1 na empresa, gerando alta taxa de rotatividade.<\/p>\n<p><strong>\ud83d\udca1<\/strong> Conhe\u00e7a quais s\u00e3o as \u201cpegadinhas\u201d em um bate papo com o recrutador. <\/p>\n<h2 class=\"wp-block-heading\" id=\"Como_responder_a_pergunta\">Como responder \u00e0 pergunta?<\/h2>\n<p>Comece\u00a0se preparando para a entrevista de emprego, estude sobre a empresa, a cultura organizacional, os valores, o plano de carreira e mais. Depois, leia atentamente o an\u00fancio da vaga de emprego para entender o perfil profissional que est\u00e1 sendo exigido.<\/p>\n<p>Reflita como realmente gostaria de estar daqui a 5 anos e seja sincero na sua resposta, por\u00e9m adapte a sua explica\u00e7\u00e3o ao que voc\u00ea j\u00e1 estudou sobre a empresa e a vaga de emprego. <\/p>\n<p>Por exemplo, se voc\u00ea pretende alcan\u00e7ar uma posi\u00e7\u00e3o de lideran\u00e7a, \u00e9 interessante informar que deseja aprender com a empresa e que pretende alcan\u00e7ar essa posi\u00e7\u00e3o em alguns anos.<\/p>\n<p>Se j\u00e1 estiver estudando um pouco sobre o assunto,<strong>\u00a0vale a pena dizer que est\u00e1 se preparando para alcan\u00e7ar esse objetivo<\/strong>, seja por meio de um\u00a0curso de lideran\u00e7a\u00a0ou uma gradua\u00e7\u00e3o na \u00e1rea de gest\u00e3o. <\/p>\n<p>Se a empresa for pequena e n\u00e3o tiver um plano de carreira, afirmar que pretende um cargo de lideran\u00e7a pode ser mal visto, afinal, os l\u00edderes j\u00e1 s\u00e3o estabelecidos. Nesse caso, reformule sua resposta.<\/p>\n<p><strong>\ud83d\udca1<\/strong> Aprenda a responder perguntas dif\u00edceis em uma entrevista de emprego! <\/p>\n<h2 class=\"wp-block-heading\" id=\"Competencias_e_habilidades\">Compet\u00eancias e habilidades<\/h2>\n<p>Fale sobre compet\u00eancias e habilidades que s\u00e3o vantajosas para a vaga de emprego em quest\u00e3o, al\u00e9m disso, demonstre disposi\u00e7\u00e3o para aprender e se adaptar ao fit cultural da empresa. <\/p>\n<p>Como dissemos anteriormente, seja sincero e evite mentir na entrevista de emprego, isso \u00e9 percebido nas outras etapas do processo seletivo e gera desclassifica\u00e7\u00e3o.<\/p>\n<p>Ao falar sobre seus planos para o futuro, seja realista. S\u00f3 falar o que deseja sem demonstrar atitude para alcan\u00e7ar o seu sonho pode parecer uma resposta vaga e despreparo. Aprenda tamb\u00e9m\u00a0respostas para n\u00e3o usar em uma entrevista de emprego. Confira mais dicas a seguir:<\/p>\n<h3 class=\"wp-block-heading\" id=\"1_Planejamento_para_o_futuro\">1. Planejamento para o futuro<\/h3>\n<p>Falar sobre seus planos para o futuro e como a empresa e o cargo far\u00e3o parte disso \u00e9 algo muito positivo. Isso vai demonstrar mais maturidade e foco para os recrutadores.<\/p>\n<h3 class=\"wp-block-heading\" id=\"2_Posicao_de_lideranca\">2. Posi\u00e7\u00e3o de lideran\u00e7a<\/h3>\n<p>Muitos profissionais desejam alcan\u00e7ar uma posi\u00e7\u00e3o de l\u00edder. Al\u00e9m disso, muitas empresas oferecem a possibilidade de\u00a0plano de carreira em Y, ou seja, op\u00e7\u00f5es para aqueles que desejam liderar e para quem pretende\u00a0<strong>crescer em outras frentes que n\u00e3o sejam a lideran\u00e7a<\/strong>.<\/p>\n<p>Algumas empresas preferem candidatos que desejam crescer na carreira, outras n\u00e3o. Por isso, estudar a empresa e se preparar \u00e9 fundamental para saber o que responder.<\/p>\n<h3 class=\"wp-block-heading\" id=\"3_Desenvolver_projetos\">3. Desenvolver projetos<\/h3>\n<p>Se voc\u00ea se v\u00ea daqui a 5 anos desenvolvendo projetos, informe esse interesse desde que tenha rela\u00e7\u00e3o com a vaga em quest\u00e3o. <\/p>\n<p>Por exemplo, se o emprego dispon\u00edvel \u00e9 para algum cargo de tecnologia, diga que deseja desenvolver um aplicativo que facilite o contato com os clientes. Para isso, confira\u00a05 dicas para manter o foco nas suas metas\u00a0e alcan\u00e7\u00e1-las.<\/p>\n<h3 class=\"wp-block-heading\" id=\"4_Experiencia_de_aprendizagem\">4. Experi\u00eancia de aprendizagem<\/h3>\n<p>Voc\u00ea tamb\u00e9m pode informar que daqui a 5 anos se v\u00ea um profissional mais maduro e preparado para novos desafios. Observe se a empresa oferece treinamentos de equipe, aulas ou cursos e\u00a0<strong>informe seu interesse e como esses benef\u00edcios v\u00e3o ajudar no seu desenvolvimento<\/strong>.<\/p>\n<h3 class=\"wp-block-heading\" id=\"5_Plano_de_carreira\">5. Plano de carreira<\/h3>\n<p>Diversas empresas contam com um\u00a0plano de carreira\u00a0definido. Se voc\u00ea pretende segui-lo, \u00e9 importante deixar isso claro durante a entrevista.<\/p>\n<h3 class=\"wp-block-heading\" id=\"6_Alcancar_resultados\">6. Alcan\u00e7ar resultados<\/h3>\n<p>Outra alternativa \u00e9 falar sobre os resultados que deseja alcan\u00e7ar e como podem contribuir para o seu trabalho e para a empresa, como fazer uma faculdade de marketing para\u00a0<strong>melhorar suas habilidades e aumentar as vendas da empresa<\/strong>. Lembre-se de ser sempre realista.<\/p>\n<h3 class=\"wp-block-heading\" id=\"7_Objetivos_academicos\">7. Objetivos acad\u00eamicos<\/h3>\n<p>Falar sobre seus objetivos acad\u00eamicos tamb\u00e9m \u00e9 uma possibilidade, seja uma especializa\u00e7\u00e3o, mestrado ou, at\u00e9 mesmo, um curso de idiomas.<\/p>\n<p>Agora que voc\u00ea j\u00e1 sabe o que responder \u201ccomo voc\u00ea se v\u00ea daqui a 5 anos\u201d, continue navegando no nosso blog e aprenda outros conte\u00fados para se preparar ao longo do processo seletivo. Confira tamb\u00e9m\u00a0como convencer atrav\u00e9s da arte da orat\u00f3ria. Boa leitura!<\/p>\n<p>Que tal compartilhar o nosso conte\u00fado com seus amigos? Aproveite e deixe um coment\u00e1rio aqui em nosso post! <\/p>\n<div id=\"banner_bottom\"><img data-recalc-dims=\"1\" decoding=\"async\" style=\"with:100%\" data-gtm-event-category=\"catho:lp-carreira-sucesso\" data-gtm-event-action=\"carreira-sucesso:banner-artigo\" data-gtm-event-label=\"botao:banner\" src=\"https:\/\/i0.wp.com\/s24534.pcdn.co\/carreira-sucesso\/wp-content\/uploads\/sites\/3\/2024\/02\/Banner-Acelera-Catho-970x250-1.jpeg?ssl=1\"\/><noscript><img data-recalc-dims=\"1\" decoding=\"async\" src=\"https:\/\/i0.wp.com\/s24534.pcdn.co\/carreira-sucesso\/wp-content\/uploads\/sites\/3\/2024\/02\/Banner-Acelera-Catho-970x250-1.jpeg?ssl=1\" style=\"with:100%\" data-gtm-event-category=\"catho:lp-carreira-sucesso\" data-gtm-event-action=\"carreira-sucesso:banner-artigo\" data-gtm-event-label=\"botao:banner\"\/><\/noscript><\/div>\n<\/p><\/div>\n<p><br \/>\n<br \/><a href=\"https:\/\/www.catho.com.br\/carreira-sucesso\/como-voce-se-ve-daqui-5-anos\/\">Source link <\/a><\/p>\n<!-- CONTENT END 1 -->\n","protected":false},"excerpt":{"rendered":"<p>Voc\u00ea j\u00e1 participou de uma entrevista de emprego e recebeu a seguinte pergunta do recrutador: \u201ccomo voc\u00ea se v\u00ea daqui a 5 anos?\u201d O processo&#8230;<\/p>\n","protected":false},"author":1,"featured_media":40973,"comment_status":"open","ping_status":"open","sticky":false,"template":"","format":"standard","meta":{"advanced_seo_description":"","jetpack_seo_html_title":"","jetpack_seo_noindex":false,"jetpack_post_was_ever_published":false,"_jetpack_newsletter_access":"","_jetpack_dont_email_post_to_subs":false,"_jetpack_newsletter_tier_id":0,"_jetpack_memberships_contains_paywalled_content":false,"_jetpack_memberships_contains_paid_content":false,"footnotes":"","jetpack_publicize_message":"","jetpack_publicize_feature_enabled":true,"jetpack_social_post_already_shared":true,"jetpack_social_options":{"image_generator_settings":{"template":"highway","default_image_id":0,"font":"","enabled":false},"version":2}},"categories":[1],"tags":[],"class_list":["post-40972","post","type-post","status-publish","format-standard","has-post-thumbnail","hentry","category-blog"],"jetpack_publicize_connections":[],"jetpack_featured_media_url":"https:\/\/i0.wp.com\/noticiasribeiraopreto.com.br\/wp-content\/uploads\/2024\/03\/como-voce-se-ve-daqui-a-5-anos.jpg?fit=1200%2C675&ssl=1","jetpack-related-posts":[{"id":37154,"url":"https:\/\/noticiasribeiraopreto.com.br\/index.php\/2024\/02\/14\/o-que-responder-em-uma-entrevista-de-emprego-sobre-o-futuro\/","url_meta":{"origin":40972,"position":0},"title":"O que responder em uma entrevista de emprego sobre o futuro","author":"noticiasribeiraopreto.com.br","date":"14 de February de 2024","format":false,"excerpt":"O que responder em uma entrevista de emprego? Essa d\u00favida \u00e9 muito comum a quem participa de processos seletivos. Afinal, existem diversas perguntas para as quais, se voc\u00ea n\u00e3o estiver preparado, n\u00e3o conseguir\u00e1 se destacar e conquistar a t\u00e3o sonhada vaga. Um dos questionamentos cruciais da entrevista \u00e9 a famosa:\u2026","rel":"","context":"In &quot;Blog&quot;","block_context":{"text":"Blog","link":"https:\/\/noticiasribeiraopreto.com.br\/index.php\/category\/blog\/"},"img":{"alt_text":"","src":"https:\/\/i0.wp.com\/noticiasribeiraopreto.com.br\/wp-content\/uploads\/2024\/02\/o-que-responder-em-uma-entrevista-de-emprego.jpg?fit=1200%2C675&ssl=1&resize=350%2C200","width":350,"height":200,"srcset":"https:\/\/i0.wp.com\/noticiasribeiraopreto.com.br\/wp-content\/uploads\/2024\/02\/o-que-responder-em-uma-entrevista-de-emprego.jpg?fit=1200%2C675&ssl=1&resize=350%2C200 1x, https:\/\/i0.wp.com\/noticiasribeiraopreto.com.br\/wp-content\/uploads\/2024\/02\/o-que-responder-em-uma-entrevista-de-emprego.jpg?fit=1200%2C675&ssl=1&resize=525%2C300 1.5x, https:\/\/i0.wp.com\/noticiasribeiraopreto.com.br\/wp-content\/uploads\/2024\/02\/o-que-responder-em-uma-entrevista-de-emprego.jpg?fit=1200%2C675&ssl=1&resize=700%2C400 2x, https:\/\/i0.wp.com\/noticiasribeiraopreto.com.br\/wp-content\/uploads\/2024\/02\/o-que-responder-em-uma-entrevista-de-emprego.jpg?fit=1200%2C675&ssl=1&resize=1050%2C600 3x"},"classes":[]},{"id":55677,"url":"https:\/\/noticiasribeiraopreto.com.br\/index.php\/2024\/08\/05\/saiba-como-se-apresentar-em-uma-entrevista-de-emprego\/","url_meta":{"origin":40972,"position":1},"title":"Saiba como se apresentar em uma entrevista de emprego","author":"noticiasribeiraopreto.com.br","date":"5 de August de 2024","format":false,"excerpt":"Para perder a ansiedade e mandar bem no processo seletivo, uma etapa importante \u00e9 saber como se apresentar em uma entrevista de emprego. Por isso, selecionamos algumas estrat\u00e9gias para voc\u00ea se sentir mais confort\u00e1vel e preparado para esse momento decisivo na busca por uma vaga de emprego. Continue a leitura\u2026","rel":"","context":"In &quot;Blog&quot;","block_context":{"text":"Blog","link":"https:\/\/noticiasribeiraopreto.com.br\/index.php\/category\/blog\/"},"img":{"alt_text":"","src":"https:\/\/i0.wp.com\/noticiasribeiraopreto.com.br\/wp-content\/uploads\/2024\/08\/Como-se-apresentar-em-uma-entrevista-de-emprego.png?fit=1200%2C675&ssl=1&resize=350%2C200","width":350,"height":200,"srcset":"https:\/\/i0.wp.com\/noticiasribeiraopreto.com.br\/wp-content\/uploads\/2024\/08\/Como-se-apresentar-em-uma-entrevista-de-emprego.png?fit=1200%2C675&ssl=1&resize=350%2C200 1x, https:\/\/i0.wp.com\/noticiasribeiraopreto.com.br\/wp-content\/uploads\/2024\/08\/Como-se-apresentar-em-uma-entrevista-de-emprego.png?fit=1200%2C675&ssl=1&resize=525%2C300 1.5x, https:\/\/i0.wp.com\/noticiasribeiraopreto.com.br\/wp-content\/uploads\/2024\/08\/Como-se-apresentar-em-uma-entrevista-de-emprego.png?fit=1200%2C675&ssl=1&resize=700%2C400 2x, https:\/\/i0.wp.com\/noticiasribeiraopreto.com.br\/wp-content\/uploads\/2024\/08\/Como-se-apresentar-em-uma-entrevista-de-emprego.png?fit=1200%2C675&ssl=1&resize=1050%2C600 3x"},"classes":[]},{"id":24153,"url":"https:\/\/noticiasribeiraopreto.com.br\/index.php\/2024\/01\/03\/entrevista-de-emprego-3-perguntas-que-podem-te-reprovar-meu-valor-digital\/","url_meta":{"origin":40972,"position":2},"title":"Entrevista de emprego: 3 perguntas que podem te reprovar &#8211; Meu Valor Digital","author":"noticiasribeiraopreto.com.br","date":"3 de January de 2024","format":false,"excerpt":"A entrevista de emprego \u00e9 um dos momentos mais felizes e tensos na vida de quem est\u00e1 buscando um trabalho, feliz por saber que foi chamado para entrevista e est\u00e1 avan\u00e7ando no processo seletivo, por\u00e9m, tenso por ser um momento crucial para sua contrata\u00e7\u00e3o. O recrutador utilizar\u00e1 algumas perguntas para\u2026","rel":"","context":"In &quot;Vagas de Emprego em Ribeir\u00e3o Preto-SP&quot;","block_context":{"text":"Vagas de Emprego em Ribeir\u00e3o Preto-SP","link":"https:\/\/noticiasribeiraopreto.com.br\/index.php\/category\/empregos-classificados-vagas-trabalho\/vagas-de-empregos-em-ribeirao-preto-regiao-brasil\/"},"img":{"alt_text":"","src":"https:\/\/i0.wp.com\/noticiasribeiraopreto.com.br\/wp-content\/uploads\/2024\/01\/Entrevista-de-emprego-1.jpg?fit=1200%2C773&ssl=1&resize=350%2C200","width":350,"height":200,"srcset":"https:\/\/i0.wp.com\/noticiasribeiraopreto.com.br\/wp-content\/uploads\/2024\/01\/Entrevista-de-emprego-1.jpg?fit=1200%2C773&ssl=1&resize=350%2C200 1x, https:\/\/i0.wp.com\/noticiasribeiraopreto.com.br\/wp-content\/uploads\/2024\/01\/Entrevista-de-emprego-1.jpg?fit=1200%2C773&ssl=1&resize=525%2C300 1.5x, https:\/\/i0.wp.com\/noticiasribeiraopreto.com.br\/wp-content\/uploads\/2024\/01\/Entrevista-de-emprego-1.jpg?fit=1200%2C773&ssl=1&resize=700%2C400 2x, https:\/\/i0.wp.com\/noticiasribeiraopreto.com.br\/wp-content\/uploads\/2024\/01\/Entrevista-de-emprego-1.jpg?fit=1200%2C773&ssl=1&resize=1050%2C600 3x"},"classes":[]},{"id":49101,"url":"https:\/\/noticiasribeiraopreto.com.br\/index.php\/2024\/05\/08\/descubra-tudo-o-que-voce-precisa-saber\/","url_meta":{"origin":40972,"position":3},"title":"descubra tudo o que voc\u00ea precisa saber","author":"noticiasribeiraopreto.com.br","date":"8 de May de 2024","format":false,"excerpt":"Ao longo do processo de recrutamento para uma vaga, o candidato passa por v\u00e1rias etapas: s\u00e3o testes, avalia\u00e7\u00f5es, conversas com o RH at\u00e9 chegar \u00e0 t\u00e3o temida entrevista com o gestor. Mas saiba que ela n\u00e3o tem nada de assustadora e a chave do sucesso \u00e9 se preparar. Desapegue da\u2026","rel":"","context":"In &quot;Blog&quot;","block_context":{"text":"Blog","link":"https:\/\/noticiasribeiraopreto.com.br\/index.php\/category\/blog\/"},"img":{"alt_text":"","src":"https:\/\/i0.wp.com\/noticiasribeiraopreto.com.br\/wp-content\/uploads\/2024\/05\/Entrevista-com-o-gestor.png?fit=1200%2C627&ssl=1&resize=350%2C200","width":350,"height":200,"srcset":"https:\/\/i0.wp.com\/noticiasribeiraopreto.com.br\/wp-content\/uploads\/2024\/05\/Entrevista-com-o-gestor.png?fit=1200%2C627&ssl=1&resize=350%2C200 1x, https:\/\/i0.wp.com\/noticiasribeiraopreto.com.br\/wp-content\/uploads\/2024\/05\/Entrevista-com-o-gestor.png?fit=1200%2C627&ssl=1&resize=525%2C300 1.5x, https:\/\/i0.wp.com\/noticiasribeiraopreto.com.br\/wp-content\/uploads\/2024\/05\/Entrevista-com-o-gestor.png?fit=1200%2C627&ssl=1&resize=700%2C400 2x, https:\/\/i0.wp.com\/noticiasribeiraopreto.com.br\/wp-content\/uploads\/2024\/05\/Entrevista-com-o-gestor.png?fit=1200%2C627&ssl=1&resize=1050%2C600 3x"},"classes":[]},{"id":4787,"url":"https:\/\/noticiasribeiraopreto.com.br\/index.php\/2023\/11\/22\/7-perguntas-que-voce-deve-fazer-aos-recrutadores-nas-entrevistas\/","url_meta":{"origin":40972,"position":4},"title":"7 perguntas que voc\u00ea deve fazer aos recrutadores nas entrevistas","author":"noticiasribeiraopreto.com.br","date":"22 de November de 2023","format":false,"excerpt":"Uma entrevista de emprego \u00e9 uma oportunidade de mostrar suas habilidades e compet\u00eancias para um poss\u00edvel empregador, mas tamb\u00e9m de conhecer melhor a empresa e o cargo que voc\u00ea est\u00e1 buscando. Por isso, \u00e9 importante que voc\u00ea n\u00e3o apenas responda \u00e0s perguntas dos recrutadores, mas tamb\u00e9m fa\u00e7a as suas pr\u00f3prias\u2026","rel":"","context":"In &quot;Variedades&quot;","block_context":{"text":"Variedades","link":"https:\/\/noticiasribeiraopreto.com.br\/index.php\/category\/variedades\/"},"img":{"alt_text":"","src":"https:\/\/i0.wp.com\/noticiasribeiraopreto.com.br\/wp-content\/uploads\/2023\/11\/7-perguntas-recrutadores.jpg?fit=1200%2C638&ssl=1&resize=350%2C200","width":350,"height":200,"srcset":"https:\/\/i0.wp.com\/noticiasribeiraopreto.com.br\/wp-content\/uploads\/2023\/11\/7-perguntas-recrutadores.jpg?fit=1200%2C638&ssl=1&resize=350%2C200 1x, https:\/\/i0.wp.com\/noticiasribeiraopreto.com.br\/wp-content\/uploads\/2023\/11\/7-perguntas-recrutadores.jpg?fit=1200%2C638&ssl=1&resize=525%2C300 1.5x, https:\/\/i0.wp.com\/noticiasribeiraopreto.com.br\/wp-content\/uploads\/2023\/11\/7-perguntas-recrutadores.jpg?fit=1200%2C638&ssl=1&resize=700%2C400 2x, https:\/\/i0.wp.com\/noticiasribeiraopreto.com.br\/wp-content\/uploads\/2023\/11\/7-perguntas-recrutadores.jpg?fit=1200%2C638&ssl=1&resize=1050%2C600 3x"},"classes":[]},{"id":16266,"url":"https:\/\/noticiasribeiraopreto.com.br\/index.php\/2023\/12\/15\/a-diferenca-entre-entrevista-online-e-presencial\/","url_meta":{"origin":40972,"position":5},"title":"A diferen\u00e7a entre entrevista online e presencial","author":"noticiasribeiraopreto.com.br","date":"15 de December de 2023","format":false,"excerpt":"Conversar com o recrutador durante a entrevista de emprego \u00e9 um dos momentos mais importantes no processo seletivo, independente do n\u00edvel profissional ou segmento de atua\u00e7\u00e3o. Por isso, se voc\u00ea est\u00e1 com d\u00favidas sobre qual a diferen\u00e7a entre a entrevista online e presencial, descubra a seguir as caracter\u00edsticas de cada\u2026","rel":"","context":"In &quot;Blog&quot;","block_context":{"text":"Blog","link":"https:\/\/noticiasribeiraopreto.com.br\/index.php\/category\/blog\/"},"img":{"alt_text":"","src":"https:\/\/i0.wp.com\/noticiasribeiraopreto.com.br\/wp-content\/uploads\/2023\/12\/diferenca-entre-entrevista-online-e-presencial.jpg?fit=1200%2C675&ssl=1&resize=350%2C200","width":350,"height":200,"srcset":"https:\/\/i0.wp.com\/noticiasribeiraopreto.com.br\/wp-content\/uploads\/2023\/12\/diferenca-entre-entrevista-online-e-presencial.jpg?fit=1200%2C675&ssl=1&resize=350%2C200 1x, https:\/\/i0.wp.com\/noticiasribeiraopreto.com.br\/wp-content\/uploads\/2023\/12\/diferenca-entre-entrevista-online-e-presencial.jpg?fit=1200%2C675&ssl=1&resize=525%2C300 1.5x, https:\/\/i0.wp.com\/noticiasribeiraopreto.com.br\/wp-content\/uploads\/2023\/12\/diferenca-entre-entrevista-online-e-presencial.jpg?fit=1200%2C675&ssl=1&resize=700%2C400 2x, https:\/\/i0.wp.com\/noticiasribeiraopreto.com.br\/wp-content\/uploads\/2023\/12\/diferenca-entre-entrevista-online-e-presencial.jpg?fit=1200%2C675&ssl=1&resize=1050%2C600 3x"},"classes":[]}],"jetpack_sharing_enabled":true,"jetpack_shortlink":"https:\/\/wp.me\/peQAOb-aEQ","_links":{"self":[{"href":"https:\/\/noticiasribeiraopreto.com.br\/index.php\/wp-json\/wp\/v2\/posts\/40972","targetHints":{"allow":["GET"]}}],"collection":[{"href":"https:\/\/noticiasribeiraopreto.com.br\/index.php\/wp-json\/wp\/v2\/posts"}],"about":[{"href":"https:\/\/noticiasribeiraopreto.com.br\/index.php\/wp-json\/wp\/v2\/types\/post"}],"author":[{"embeddable":true,"href":"https:\/\/noticiasribeiraopreto.com.br\/index.php\/wp-json\/wp\/v2\/users\/1"}],"replies":[{"embeddable":true,"href":"https:\/\/noticiasribeiraopreto.com.br\/index.php\/wp-json\/wp\/v2\/comments?post=40972"}],"version-history":[{"count":0,"href":"https:\/\/noticiasribeiraopreto.com.br\/index.php\/wp-json\/wp\/v2\/posts\/40972\/revisions"}],"wp:featuredmedia":[{"embeddable":true,"href":"https:\/\/noticiasribeiraopreto.com.br\/index.php\/wp-json\/wp\/v2\/media\/40973"}],"wp:attachment":[{"href":"https:\/\/noticiasribeiraopreto.com.br\/index.php\/wp-json\/wp\/v2\/media?parent=40972"}],"wp:term":[{"taxonomy":"category","embeddable":true,"href":"https:\/\/noticiasribeiraopreto.com.br\/index.php\/wp-json\/wp\/v2\/categories?post=40972"},{"taxonomy":"post_tag","embeddable":true,"href":"https:\/\/noticiasribeiraopreto.com.br\/index.php\/wp-json\/wp\/v2\/tags?post=40972"}],"curies":[{"name":"wp","href":"https:\/\/api.w.org\/{rel}","templated":true}]}}